{"id":82787,"date":"2024-05-07T20:45:00","date_gmt":"2024-05-08T00:45:00","guid":{"rendered":"https:\/\/lasprimeras.com.do\/?p=82787"},"modified":"2024-05-07T20:45:01","modified_gmt":"2024-05-08T00:45:01","slug":"fallece-dona-blasina-candelier-madre-del-general-bencosme-candelier","status":"publish","type":"post","link":"https:\/\/lasprimeras.com.do\/index.php\/2024\/05\/07\/fallece-dona-blasina-candelier-madre-del-general-bencosme-candelier\/","title":{"rendered":"Fallece Do\u00f1a Blasina Candelier, madre del general Bencosme Candelier"},"content":{"rendered":"\n<p>Santo Domingo, RD.- La tarde de este martes falleci\u00f3 la se\u00f1ora Blasina Candelier Rosado, madre del general retirado de la Polic\u00eda Nacional, Rafael Bencosme Candelier, exdirector de la Autoridad Metropolitana de Transporte (Amet).<\/p>\n\n\n\n<p>La se\u00f1ora Candelier Rosario, de 96 a\u00f1os de edad, muri\u00f3 luego de estar aquejada de salud y recib\u00eda atenciones m\u00e9dicas en un centro de salud.<\/p>\n\n\n\n<p>La familia Bencosme Candelier inform\u00f3 que sus restos ser\u00e1n velados en su casa natal en Licey La Vega, municipio de Col\u00f3n, este jueves en horas de la ma\u00f1ana y a las 2:00 de la tarde partir\u00e1n a darle cristiana sepultura en el cementerio de La Vega.<\/p>\n\n\n\n<p>Sus hijos Luz Mercedes, Lourdes, Rafael, Ana Antonia y Pedro, as\u00ed como sus nietos, amigos y conocidos, elevan sus plegarias y dan gracias a Dios por haber bendecido sus vidas.<\/p>\n\n\n\n<p>La se\u00f1ora Blasina ser\u00e1 recordada por su legado de amor y bondad hacia el pr\u00f3jimo.<\/p>\n","protected":false},"excerpt":{"rendered":"<p>Santo Domingo, RD.- La tarde de este martes falleci\u00f3 la se\u00f1ora Blasina Candelier Rosado, madre del general retirado de la Polic\u00eda Nacional, Rafael Bencosme Candelier, exdirector de la Autoridad Metropolitana&hellip;<\/p>\n","protected":false},"author":3,"featured_media":82788,"comment_status":"open","ping_status":"open","sticky":false,"template":"","format":"standard","meta":{"content-type":"","jetpack_post_was_ever_published":false,"_jetpack_newsletter_access":"","_jetpack_dont_email_post_to_subs":false,"_jetpack_newsletter_tier_id":0,"_jetpack_memberships_contains_paywalled_content":false,"_jetpack_memberships_contains_paid_content":false,"footnotes":""},"categories":[25],"tags":[1444],"class_list":["post-82787","post","type-post","status-publish","format-standard","has-post-thumbnail","hentry","category-portada","tag-general"],"jetpack_featured_media_url":"https:\/\/lasprimeras.com.do\/wp-content\/uploads\/2024\/05\/6a0c8a05-4f4b-48f5-a1d9-1ad180753c4a-7.webp","jetpack-related-posts":[{"id":77000,"url":"https:\/\/lasprimeras.com.do\/index.php\/2024\/02\/16\/exdirector-de-la-policia-nacional-denuncia-que-le-fue-retirada-su-seguridad\/","url_meta":{"origin":82787,"position":0},"title":"Exdirector de la Polic\u00eda Nacional, denuncia que le fue retirada su seguridad","author":"BIMARY DE JES\u00daS Matos","date":"16 de febrero de 2024","format":false,"excerpt":"Santo Domingo.-El Mayor General (R), Pedro de Jes\u00fas Candelier exdirector de la Polic\u00eda Nacional, denunci\u00f3 este viernes que le fue retirada su seguridad en franca violaci\u00f3n a la ley org\u00e1nica de la Polic\u00eda Nacional 590-16, que otorga a los exdirectores de la Polic\u00eda Nacional el derecho a una escolta personal.\u2026","rel":"","context":"En \u00abNACIONALES\u00bb","block_context":{"text":"NACIONALES","link":"https:\/\/lasprimeras.com.do\/index.php\/category\/nacionales\/"},"img":{"alt_text":"","src":"","width":0,"height":0},"classes":[]},{"id":109655,"url":"https:\/\/lasprimeras.com.do\/index.php\/2025\/09\/21\/leonel-fernandez-recibe-en-funglode-a-faride-raful-y-a-la-comision-de-reforma-policial\/","url_meta":{"origin":82787,"position":1},"title":"Leonel Fern\u00e1ndez recibe en Funglode a Faride Raful y a la Comisi\u00f3n de Reforma Policial","author":"Nelson Feliz","date":"21 de septiembre de 2025","format":false,"excerpt":"El expresidente y l\u00edder de Fuerza del Pueblo sostuvo un encuentro en el que se present\u00f3 el anteproyecto de ley de reforma policial. El presidente de la Fuerza del Pueblo y expresidente de la Rep\u00fablica, Leonel Fern\u00e1ndez, recibi\u00f3 en la sede de la Fundaci\u00f3n Global Democracia y Desarrollo (Funglode) a\u2026","rel":"","context":"En \u00abPOLITICA\u00bb","block_context":{"text":"POLITICA","link":"https:\/\/lasprimeras.com.do\/index.php\/category\/politica\/"},"img":{"alt_text":"","src":"","width":0,"height":0},"classes":[]},{"id":80407,"url":"https:\/\/lasprimeras.com.do\/index.php\/2024\/04\/08\/roban-de-la-residencia-de-gobernadora-de-espaillat-gallos-valorados-en-mas-de-100000-dolares\/","url_meta":{"origin":82787,"position":2},"title":"Roban de la residencia de gobernadora de Espaillat gallos valorados en m\u00e1s de 100,000 d\u00f3lares","author":"BIMARY DE JES\u00daS Matos","date":"8 de abril de 2024","format":false,"excerpt":"Espaillat.-Hombres fuertemente armados penetraron a la residencia de la gobernadora provincial de esta provincia, de donde se llevaron entre 28 a 30 gallos incluyendo padrotes, valorados en alrededor 10 millones de pesos, provenientes de la traba del esposo de la representante del Poder Ejecutivo Jos\u00e9 Gregorio Candelier (Piyo). Los ladrones\u2026","rel":"","context":"En \u00abNACIONALES\u00bb","block_context":{"text":"NACIONALES","link":"https:\/\/lasprimeras.com.do\/index.php\/category\/nacionales\/"},"img":{"alt_text":"","src":"https:\/\/i0.wp.com\/lasprimeras.com.do\/wp-content\/uploads\/2024\/04\/6a0c8a05-4f4b-48f5-a1d9-1ad180753c4a-9.jpg?resize=350%2C200&ssl=1","width":350,"height":200,"srcset":"https:\/\/i0.wp.com\/lasprimeras.com.do\/wp-content\/uploads\/2024\/04\/6a0c8a05-4f4b-48f5-a1d9-1ad180753c4a-9.jpg?resize=350%2C200&ssl=1 1x, https:\/\/i0.wp.com\/lasprimeras.com.do\/wp-content\/uploads\/2024\/04\/6a0c8a05-4f4b-48f5-a1d9-1ad180753c4a-9.jpg?resize=525%2C300&ssl=1 1.5x, https:\/\/i0.wp.com\/lasprimeras.com.do\/wp-content\/uploads\/2024\/04\/6a0c8a05-4f4b-48f5-a1d9-1ad180753c4a-9.jpg?resize=700%2C400&ssl=1 2x"},"classes":[]},{"id":119714,"url":"https:\/\/lasprimeras.com.do\/index.php\/2026\/01\/16\/itabaco-y-la-universidad-isa-inician-formacion-en-cultivo-de-tabaco\/","url_meta":{"origin":82787,"position":3},"title":"ITABACO y la Universidad ISA inician formaci\u00f3n en cultivo de tabaco","author":"Nelson Feliz","date":"16 de enero de 2026","format":false,"excerpt":"Intabaco","rel":"","context":"En \u00abNACIONALES\u00bb","block_context":{"text":"NACIONALES","link":"https:\/\/lasprimeras.com.do\/index.php\/category\/nacionales\/"},"img":{"alt_text":"","src":"https:\/\/i0.wp.com\/lasprimeras.com.do\/wp-content\/uploads\/2026\/01\/IMG-20260115-WA0201.jpg?resize=350%2C200&ssl=1","width":350,"height":200,"srcset":"https:\/\/i0.wp.com\/lasprimeras.com.do\/wp-content\/uploads\/2026\/01\/IMG-20260115-WA0201.jpg?resize=350%2C200&ssl=1 1x, https:\/\/i0.wp.com\/lasprimeras.com.do\/wp-content\/uploads\/2026\/01\/IMG-20260115-WA0201.jpg?resize=525%2C300&ssl=1 1.5x, https:\/\/i0.wp.com\/lasprimeras.com.do\/wp-content\/uploads\/2026\/01\/IMG-20260115-WA0201.jpg?resize=700%2C400&ssl=1 2x"},"classes":[]},{"id":57983,"url":"https:\/\/lasprimeras.com.do\/index.php\/2023\/08\/18\/en-moca-reconocen-general-alberto-then-por-su-labor-contra-el-delito-y-la-criminalidad\/","url_meta":{"origin":82787,"position":4},"title":"En Moca reconocen general Alberto Then por su labor contra el delito y la criminalidad","author":"Nelson Feliz","date":"18 de agosto de 2023","format":false,"excerpt":"-Intercambia impresiones sobre distintos temas relacionados con la seguridad ciudadana. Por Wilson P\u00e9rez El director general de la Polic\u00eda Nacional, mayor general Eduardo Alberto Then, recibi\u00f3 un reconocimiento de manos de las autoridades provinciales, empresarios y dirigentes comunitarios del municipio de Moca, provincia Espaillat, por su ardua labor para lograr\u2026","rel":"","context":"En \u00abMILITARES\u00bb","block_context":{"text":"MILITARES","link":"https:\/\/lasprimeras.com.do\/index.php\/category\/militares\/"},"img":{"alt_text":"Eduardo Alberto Then","src":"https:\/\/i0.wp.com\/lasprimeras.com.do\/wp-content\/uploads\/2023\/08\/Eduardo-Alberto-Then-1.jpg?resize=350%2C200&ssl=1","width":350,"height":200,"srcset":"https:\/\/i0.wp.com\/lasprimeras.com.do\/wp-content\/uploads\/2023\/08\/Eduardo-Alberto-Then-1.jpg?resize=350%2C200&ssl=1 1x, https:\/\/i0.wp.com\/lasprimeras.com.do\/wp-content\/uploads\/2023\/08\/Eduardo-Alberto-Then-1.jpg?resize=525%2C300&ssl=1 1.5x, https:\/\/i0.wp.com\/lasprimeras.com.do\/wp-content\/uploads\/2023\/08\/Eduardo-Alberto-Then-1.jpg?resize=700%2C400&ssl=1 2x"},"classes":[]},{"id":101916,"url":"https:\/\/lasprimeras.com.do\/index.php\/2025\/06\/29\/publican-formas-del-azar-antologia-poetica-de-jose-acosta\/","url_meta":{"origin":82787,"position":5},"title":"Publican formas del azar, antolog\u00eda po\u00e9tica de Jos\u00e9 Acosta","author":"Nelson Feliz","date":"29 de junio de 2025","format":false,"excerpt":"NUEVA YORK. La editorial Techo de Papel, con sede en Nueva York, ha publicado Formas del azar: Antolog\u00eda Po\u00e9tica Personal (1993\u20132018), del reconocido escritor dominicano Jos\u00e9 Acosta, ocho veces ganador del Premio Anual de Literatura de la Rep\u00fablica Dominicana, el m\u00e1s importante del pa\u00eds. La antolog\u00eda re\u00fane poemas seleccionados de\u2026","rel":"","context":"En \u00abENTRETENIMIENTO\u00bb","block_context":{"text":"ENTRETENIMIENTO","link":"https:\/\/lasprimeras.com.do\/index.php\/category\/entretenimiento\/"},"img":{"alt_text":"","src":"https:\/\/i0.wp.com\/lasprimeras.com.do\/wp-content\/uploads\/2025\/06\/Jose-Acosta.jpg?resize=350%2C200&ssl=1","width":350,"height":200,"srcset":"https:\/\/i0.wp.com\/lasprimeras.com.do\/wp-content\/uploads\/2025\/06\/Jose-Acosta.jpg?resize=350%2C200&ssl=1 1x, https:\/\/i0.wp.com\/lasprimeras.com.do\/wp-content\/uploads\/2025\/06\/Jose-Acosta.jpg?resize=525%2C300&ssl=1 1.5x, https:\/\/i0.wp.com\/lasprimeras.com.do\/wp-content\/uploads\/2025\/06\/Jose-Acosta.jpg?resize=700%2C400&ssl=1 2x"},"classes":[]}],"jetpack_sharing_enabled":true,"_links":{"self":[{"href":"https:\/\/lasprimeras.com.do\/index.php\/wp-json\/wp\/v2\/posts\/82787","targetHints":{"allow":["GET"]}}],"collection":[{"href":"https:\/\/lasprimeras.com.do\/index.php\/wp-json\/wp\/v2\/posts"}],"about":[{"href":"https:\/\/lasprimeras.com.do\/index.php\/wp-json\/wp\/v2\/types\/post"}],"author":[{"embeddable":true,"href":"https:\/\/lasprimeras.com.do\/index.php\/wp-json\/wp\/v2\/users\/3"}],"replies":[{"embeddable":true,"href":"https:\/\/lasprimeras.com.do\/index.php\/wp-json\/wp\/v2\/comments?post=82787"}],"version-history":[{"count":1,"href":"https:\/\/lasprimeras.com.do\/index.php\/wp-json\/wp\/v2\/posts\/82787\/revisions"}],"predecessor-version":[{"id":82789,"href":"https:\/\/lasprimeras.com.do\/index.php\/wp-json\/wp\/v2\/posts\/82787\/revisions\/82789"}],"wp:featuredmedia":[{"embeddable":true,"href":"https:\/\/lasprimeras.com.do\/index.php\/wp-json\/wp\/v2\/media\/82788"}],"wp:attachment":[{"href":"https:\/\/lasprimeras.com.do\/index.php\/wp-json\/wp\/v2\/media?parent=82787"}],"wp:term":[{"taxonomy":"category","embeddable":true,"href":"https:\/\/lasprimeras.com.do\/index.php\/wp-json\/wp\/v2\/categories?post=82787"},{"taxonomy":"post_tag","embeddable":true,"href":"https:\/\/lasprimeras.com.do\/index.php\/wp-json\/wp\/v2\/tags?post=82787"}],"curies":[{"name":"wp","href":"https:\/\/api.w.org\/{rel}","templated":true}]}}