{"id":82790,"date":"2024-05-07T21:27:11","date_gmt":"2024-05-08T01:27:11","guid":{"rendered":"https:\/\/lasprimeras.com.do\/?p=82790"},"modified":"2024-05-07T21:27:13","modified_gmt":"2024-05-08T01:27:13","slug":"comunicadores-8-0-respalda-propuesta-de-crear-red-nacional-de-tratamiento-para-jovenes-adictos","status":"publish","type":"post","link":"https:\/\/lasprimeras.com.do\/index.php\/2024\/05\/07\/comunicadores-8-0-respalda-propuesta-de-crear-red-nacional-de-tratamiento-para-jovenes-adictos\/","title":{"rendered":"Comunicadores 8.0 respalda propuesta de crear red nacional de tratamiento para j\u00f3venes adictos"},"content":{"rendered":"\n<p>Como atinada y oportuna, calific\u00f3 el Movimiento Comunicadores 8.0 Luis Abinader Presidente, la propuesta del mandatario de crear una red nacional de atenci\u00f3n a j\u00f3venes adictos a las drogas, a trav\u00e9s de una alianza p\u00fablico privada.<\/p>\n\n\n\n<p>En tal sentido, el coordinador nacional de la entidad, Nelson Guti\u00e9rrez, solicit\u00f3 a los legisladores apoyar esta iniciativa una vez llegue al Congreso Nacional, a fin de aprobar una normativa que cree las condiciones para una vida m\u00e1s digna de personas en esas condiciones y puedan ser rehabilitadas.<\/p>\n\n\n\n<p>Guti\u00e9rrez, destac\u00f3 adem\u00e1s, la importancia de trabajar en la parte preventiva a trav\u00e9s de la red que se creativa, lo que ayudar\u00eda a evitar que la juventud caiga en &#8220;los malos caminos&#8221; dijo.<\/p>\n\n\n\n<p>En ese sentido, Nelson Guti\u00e9rrez, tras ofrecer declaraciones a la prensa, frente al Congreso Nacional, solicit\u00f3 tanto a senadores como a diputados, que cuando sea depositada la pieza legislativa desde el Poder Ejecutivo, en torno a este importante tema, se le d\u00e9 un tratamiento de urgencia a fin de que sea aprobada a la mayor brevedad.<\/p>\n\n\n\n<p>Sobre el tema pol\u00edtico, al ser preguntado en torno a los resultados de las \u00faltimas encuestas, asegur\u00f3 que aunque la Mark Penn, es una encuestadora ser\u00eda y cinndecadas encuestando elecciones electorales, la misma se qued\u00f3 corta, al otorgar un 57% al presidente Abinader, quien asegur\u00f3 obtendr\u00e1 un triunfo en primera vuelta con m\u00e1s del 67% en las elecciones del 19 de mayo pr\u00f3ximo.<\/p>\n","protected":false},"excerpt":{"rendered":"<p>Como atinada y oportuna, calific\u00f3 el Movimiento Comunicadores 8.0 Luis Abinader Presidente, la propuesta del mandatario de crear una red nacional de atenci\u00f3n a j\u00f3venes adictos a las drogas, a&hellip;<\/p>\n","protected":false},"author":6,"featured_media":82791,"comment_status":"open","ping_status":"open","sticky":false,"template":"","format":"standard","meta":{"content-type":"","jetpack_post_was_ever_published":false,"_jetpack_newsletter_access":"","_jetpack_dont_email_post_to_subs":false,"_jetpack_newsletter_tier_id":0,"_jetpack_memberships_contains_paywalled_content":false,"_jetpack_memberships_contains_paid_content":false,"footnotes":""},"categories":[35,25],"tags":[12835,11556,3899,1274,12834,675],"class_list":["post-82790","post","type-post","status-publish","format-standard","has-post-thumbnail","hentry","category-nacionales","category-portada","tag-adictos","tag-comunicadores-8-0","tag-jovenes","tag-propuesta","tag-red-nacional","tag-tratamiento"],"jetpack_featured_media_url":"https:\/\/lasprimeras.com.do\/wp-content\/uploads\/2024\/05\/Nelson-Gutierrez-1.jpg","jetpack-related-posts":[{"id":82767,"url":"https:\/\/lasprimeras.com.do\/index.php\/2024\/05\/07\/comunicadores-8-0-luis-abinader-respalda-propuesta-de-crear-red-nacional-de-tratamiento-para-jovenes-adictos\/","url_meta":{"origin":82790,"position":0},"title":"Comunicadores 8.0 Luis Abinader respalda propuesta de crear red nacional de tratamiento para j\u00f3venes adictos","author":"BIMARY DE JES\u00daS Matos","date":"7 de mayo de 2024","format":false,"excerpt":"RD.- Comunicadores 8.0 Luis Abinader Presidente respalda propuesta de crear red nacional de tratamiento para j\u00f3venes adictos Al ser preguntado en torno a los resultados de las \u00faltimas encuestas, asegur\u00f3 que la Mark Penn, es una encuestadora seria y con decadas encuestando elecciones electorales; la misma se qued\u00f3 corta, al\u2026","rel":"","context":"En \u00abNACIONALES\u00bb","block_context":{"text":"NACIONALES","link":"https:\/\/lasprimeras.com.do\/index.php\/category\/nacionales\/"},"img":{"alt_text":"","src":"https:\/\/i0.wp.com\/lasprimeras.com.do\/wp-content\/uploads\/2024\/05\/IMG-20240507-WA0038.jpg?resize=350%2C200&ssl=1","width":350,"height":200,"srcset":"https:\/\/i0.wp.com\/lasprimeras.com.do\/wp-content\/uploads\/2024\/05\/IMG-20240507-WA0038.jpg?resize=350%2C200&ssl=1 1x, https:\/\/i0.wp.com\/lasprimeras.com.do\/wp-content\/uploads\/2024\/05\/IMG-20240507-WA0038.jpg?resize=525%2C300&ssl=1 1.5x, https:\/\/i0.wp.com\/lasprimeras.com.do\/wp-content\/uploads\/2024\/05\/IMG-20240507-WA0038.jpg?resize=700%2C400&ssl=1 2x, https:\/\/i0.wp.com\/lasprimeras.com.do\/wp-content\/uploads\/2024\/05\/IMG-20240507-WA0038.jpg?resize=1050%2C600&ssl=1 3x"},"classes":[]},{"id":86089,"url":"https:\/\/lasprimeras.com.do\/index.php\/2024\/07\/17\/comunicadores-8-0-respalda-reforma-a-la-constitucion-propuesta-por-el-presidente-abinader\/","url_meta":{"origin":82790,"position":1},"title":"Comunicadores 8.0 respalda reforma a la Constituci\u00f3n propuesta por el presidente Abinader","author":"Nelson Feliz","date":"17 de julio de 2024","format":false,"excerpt":"Asegura que la iniciativa viene a\u00a0 blindar la ley constitucional para evitar eventuales reformas antojadizas.\u00a0\u00a0\u00a0 Como un acto nacionalista, calific\u00f3 el Movimiento Comunicadores 8.0, la iniciativa del presidente Luis Abinader sobre la modificaci\u00f3n a la Constituci\u00f3n, con el prop\u00f3sito de profundizar los cambios que amerita el pa\u00eds y seguir impulsando\u2026","rel":"","context":"En \u00abNACIONALES\u00bb","block_context":{"text":"NACIONALES","link":"https:\/\/lasprimeras.com.do\/index.php\/category\/nacionales\/"},"img":{"alt_text":"","src":"https:\/\/i0.wp.com\/lasprimeras.com.do\/wp-content\/uploads\/2024\/07\/Nelson-Gutierrez-1.jpg?resize=350%2C200&ssl=1","width":350,"height":200,"srcset":"https:\/\/i0.wp.com\/lasprimeras.com.do\/wp-content\/uploads\/2024\/07\/Nelson-Gutierrez-1.jpg?resize=350%2C200&ssl=1 1x, https:\/\/i0.wp.com\/lasprimeras.com.do\/wp-content\/uploads\/2024\/07\/Nelson-Gutierrez-1.jpg?resize=525%2C300&ssl=1 1.5x, https:\/\/i0.wp.com\/lasprimeras.com.do\/wp-content\/uploads\/2024\/07\/Nelson-Gutierrez-1.jpg?resize=700%2C400&ssl=1 2x"},"classes":[]},{"id":73730,"url":"https:\/\/lasprimeras.com.do\/index.php\/2024\/01\/15\/comunicadores-8-0-se-suman-a-la-reeleccion-de-luis-abinader\/","url_meta":{"origin":82790,"position":2},"title":"Comunicadores 8.0 se suman a la reelecci\u00f3n de Luis Abinader","author":"Nelson Feliz","date":"15 de enero de 2024","format":false,"excerpt":"El Movimiento Comunicadores 8.0 continu\u00f3 su jornada de crecimiento, sumando periodistas, periodistas del \u00e1rea digital, comunicadores, locutores, reporteros gr\u00e1ficos, fot\u00f3grafos, productores de radio y televisi\u00f3n, editores, Disc Jockey y otros profesionales del \u00e1rea a nivel nacional, al proyecto de reelecci\u00f3n del presidente Luis Abinader 2024-2028. El Coordinador Nacional del proyecto,\u2026","rel":"","context":"En \u00abSin categor\u00eda\u00bb","block_context":{"text":"Sin categor\u00eda","link":"https:\/\/lasprimeras.com.do\/index.php\/category\/sin-categoria\/"},"img":{"alt_text":"Nelson Guti\u00e9rrez","src":"https:\/\/i0.wp.com\/lasprimeras.com.do\/wp-content\/uploads\/2024\/01\/Nelson-Gutierrez.jpg?resize=350%2C200&ssl=1","width":350,"height":200,"srcset":"https:\/\/i0.wp.com\/lasprimeras.com.do\/wp-content\/uploads\/2024\/01\/Nelson-Gutierrez.jpg?resize=350%2C200&ssl=1 1x, https:\/\/i0.wp.com\/lasprimeras.com.do\/wp-content\/uploads\/2024\/01\/Nelson-Gutierrez.jpg?resize=525%2C300&ssl=1 1.5x"},"classes":[]},{"id":83556,"url":"https:\/\/lasprimeras.com.do\/index.php\/2024\/05\/18\/comunicadores-8-0-designa-varias-comisiones-a-nivel-nacional\/","url_meta":{"origin":82790,"position":3},"title":"Comunicadores 8.0 designa varias comisiones a nivel nacional","author":"Nelson Feliz","date":"18 de mayo de 2024","format":false,"excerpt":"Estas comisiones fungir\u00e1n como veedoras de las votaciones. Las comisiones tienen instrucciones precisas del trabajo que deben realizar cada una en las diferentes demarcaciones geogr\u00e1ficas del pa\u00eds. El coordinador nacional del Movimiento Comunicadores 8.0, Nelson Guti\u00e9rrez, conform\u00f3 varias comisiones de miembros de la instituci\u00f3n que estar\u00e1n desplegados a nivel nacional,\u2026","rel":"","context":"En \u00abSin categor\u00eda\u00bb","block_context":{"text":"Sin categor\u00eda","link":"https:\/\/lasprimeras.com.do\/index.php\/category\/sin-categoria\/"},"img":{"alt_text":"","src":"https:\/\/i0.wp.com\/lasprimeras.com.do\/wp-content\/uploads\/2024\/05\/Comunicadores-8.0-1.jpg?resize=350%2C200&ssl=1","width":350,"height":200,"srcset":"https:\/\/i0.wp.com\/lasprimeras.com.do\/wp-content\/uploads\/2024\/05\/Comunicadores-8.0-1.jpg?resize=350%2C200&ssl=1 1x, https:\/\/i0.wp.com\/lasprimeras.com.do\/wp-content\/uploads\/2024\/05\/Comunicadores-8.0-1.jpg?resize=525%2C300&ssl=1 1.5x, https:\/\/i0.wp.com\/lasprimeras.com.do\/wp-content\/uploads\/2024\/05\/Comunicadores-8.0-1.jpg?resize=700%2C400&ssl=1 2x"},"classes":[]},{"id":81539,"url":"https:\/\/lasprimeras.com.do\/index.php\/2024\/04\/22\/movimiento-comunicadores-8-0-luis-abinader-continua-jornada-de-crecimiento-para-el-triunfo-de-luis-abinader\/","url_meta":{"origin":82790,"position":4},"title":"Movimiento Comunicadores 8.0 Luis Abinader  contin\u00faa jornada de crecimiento para el triunfo","author":"BIMARY DE JES\u00daS Matos","date":"22 de abril de 2024","format":false,"excerpt":"Santo Domingo, RD.- El Movimiento Comunicadores 8.0 Lu\u00eds Abinader presidente, contin\u00faa su jornada de afiliaci\u00f3n y crecimiento, con el prop\u00f3sito de aportar al triunfo en primera vuelta del mandatario, en las elecciones del 19 de mayo pr\u00f3ximo. Nelson Guti\u00e9rrez, coordinador nacional de la organizaci\u00f3n, asegur\u00f3 que un grupo de periodistas,\u2026","rel":"","context":"En \u00abSin categor\u00eda\u00bb","block_context":{"text":"Sin categor\u00eda","link":"https:\/\/lasprimeras.com.do\/index.php\/category\/sin-categoria\/"},"img":{"alt_text":"","src":"https:\/\/i0.wp.com\/lasprimeras.com.do\/wp-content\/uploads\/2024\/04\/IMG-20240422-WA0019.jpg?resize=350%2C200&ssl=1","width":350,"height":200,"srcset":"https:\/\/i0.wp.com\/lasprimeras.com.do\/wp-content\/uploads\/2024\/04\/IMG-20240422-WA0019.jpg?resize=350%2C200&ssl=1 1x, https:\/\/i0.wp.com\/lasprimeras.com.do\/wp-content\/uploads\/2024\/04\/IMG-20240422-WA0019.jpg?resize=525%2C300&ssl=1 1.5x, https:\/\/i0.wp.com\/lasprimeras.com.do\/wp-content\/uploads\/2024\/04\/IMG-20240422-WA0019.jpg?resize=700%2C400&ssl=1 2x, https:\/\/i0.wp.com\/lasprimeras.com.do\/wp-content\/uploads\/2024\/04\/IMG-20240422-WA0019.jpg?resize=1050%2C600&ssl=1 3x"},"classes":[]},{"id":75854,"url":"https:\/\/lasprimeras.com.do\/index.php\/2024\/02\/05\/comunicadores-8-0-de-apoyo-a-la-reeleccion-de-luis-abinader-respalda-candidatos-del-dn\/","url_meta":{"origin":82790,"position":5},"title":"Comunicadores 8.0 de apoyo a la reelecci\u00f3n de Luis Abinader respalda candidatos del DN","author":"Nelson Feliz","date":"5 de febrero de 2024","format":false,"excerpt":"El Movimiento Comunicadores 8.0 Luis Abinader Presidente, encabezado por Nelson Guti\u00e9rrez, se suma al coordinador de campa\u00f1a de la circunscripci\u00f3n #2 del Distrito Nacional, Venancio Alc\u00e1ntara, en respaldo a los candidatos de la capital Carolina Mej\u00eda, Alcaldesa, 4 a\u00f1os m\u00e1s. Alc\u00e1ntara, calific\u00f3 de \"Apote\u00f3sico\" y contundente el respaldo de los\u2026","rel":"","context":"En \u00abSin categor\u00eda\u00bb","block_context":{"text":"Sin categor\u00eda","link":"https:\/\/lasprimeras.com.do\/index.php\/category\/sin-categoria\/"},"img":{"alt_text":"Comunicadores 8.0","src":"https:\/\/i0.wp.com\/lasprimeras.com.do\/wp-content\/uploads\/2024\/02\/Comunicadores-8.0-1.jpg?resize=350%2C200&ssl=1","width":350,"height":200,"srcset":"https:\/\/i0.wp.com\/lasprimeras.com.do\/wp-content\/uploads\/2024\/02\/Comunicadores-8.0-1.jpg?resize=350%2C200&ssl=1 1x, https:\/\/i0.wp.com\/lasprimeras.com.do\/wp-content\/uploads\/2024\/02\/Comunicadores-8.0-1.jpg?resize=525%2C300&ssl=1 1.5x, https:\/\/i0.wp.com\/lasprimeras.com.do\/wp-content\/uploads\/2024\/02\/Comunicadores-8.0-1.jpg?resize=700%2C400&ssl=1 2x"},"classes":[]}],"jetpack_sharing_enabled":true,"_links":{"self":[{"href":"https:\/\/lasprimeras.com.do\/index.php\/wp-json\/wp\/v2\/posts\/82790","targetHints":{"allow":["GET"]}}],"collection":[{"href":"https:\/\/lasprimeras.com.do\/index.php\/wp-json\/wp\/v2\/posts"}],"about":[{"href":"https:\/\/lasprimeras.com.do\/index.php\/wp-json\/wp\/v2\/types\/post"}],"author":[{"embeddable":true,"href":"https:\/\/lasprimeras.com.do\/index.php\/wp-json\/wp\/v2\/users\/6"}],"replies":[{"embeddable":true,"href":"https:\/\/lasprimeras.com.do\/index.php\/wp-json\/wp\/v2\/comments?post=82790"}],"version-history":[{"count":1,"href":"https:\/\/lasprimeras.com.do\/index.php\/wp-json\/wp\/v2\/posts\/82790\/revisions"}],"predecessor-version":[{"id":82792,"href":"https:\/\/lasprimeras.com.do\/index.php\/wp-json\/wp\/v2\/posts\/82790\/revisions\/82792"}],"wp:featuredmedia":[{"embeddable":true,"href":"https:\/\/lasprimeras.com.do\/index.php\/wp-json\/wp\/v2\/media\/82791"}],"wp:attachment":[{"href":"https:\/\/lasprimeras.com.do\/index.php\/wp-json\/wp\/v2\/media?parent=82790"}],"wp:term":[{"taxonomy":"category","embeddable":true,"href":"https:\/\/lasprimeras.com.do\/index.php\/wp-json\/wp\/v2\/categories?post=82790"},{"taxonomy":"post_tag","embeddable":true,"href":"https:\/\/lasprimeras.com.do\/index.php\/wp-json\/wp\/v2\/tags?post=82790"}],"curies":[{"name":"wp","href":"https:\/\/api.w.org\/{rel}","templated":true}]}}