{"id":82793,"date":"2024-05-07T21:38:01","date_gmt":"2024-05-08T01:38:01","guid":{"rendered":"https:\/\/lasprimeras.com.do\/?p=82793"},"modified":"2024-05-07T21:38:03","modified_gmt":"2024-05-08T01:38:03","slug":"abinader-llega-a-washington-donde-recibira-reconocimiento-por-su-liderazgo-en-las-americas","status":"publish","type":"post","link":"https:\/\/lasprimeras.com.do\/index.php\/2024\/05\/07\/abinader-llega-a-washington-donde-recibira-reconocimiento-por-su-liderazgo-en-las-americas\/","title":{"rendered":"Abinader llega a Washington donde recibir\u00e1 reconocimiento por su liderazgo en las Am\u00e9ricas"},"content":{"rendered":"\n<p><strong>Mandatario hace pausa de 24 horas en su campa\u00f1a electoral. Regresar\u00e1 ma\u00f1ana.<\/strong><\/p>\n\n\n\n<p>El presidente Luis Abinader lleg\u00f3 a la 7:45 de esta noche a la ciudad de Washington DC, donde recibir\u00e1 el premio Chairman\u2019s Award for Leadership in the Americas y adem\u00e1s participar\u00e1 como orador en la 54 Conferencia Anual de Washington sobre las Am\u00e9ricas.<\/p>\n\n\n\n<p>La salida se produjo a las 4:00 de la tarde por la Base A\u00e9rea de San Isidro.<\/p>\n\n\n\n<p>El premio que recibir\u00e1 Abinader, es otorgado por el Consejo de las Am\u00e9ricas, el cual afirma que el l\u00edder dominicano ha trabajado para promover la seguridad regional, apoyar la democracia y luchar contra la corrupci\u00f3n desde que asumi\u00f3 la presidencia en el a\u00f1o 2020.<\/p>\n\n\n\n<p>El acto tendr\u00e1 lugar este mi\u00e9rcoles 8 de mayo en la sede de la Organizaci\u00f3n de Estados Americanos, OEA.<\/p>\n\n\n\n<p>El mandatario viaja acompa\u00f1ado de la primera dama, Raquel Arbaje; los ministros, de Relaciones Exteriores, Roberto \u00c1lvarez; de Hacienda, Jos\u00e9 Manuel Vicente; de Econom\u00eda, Pavel Isa; sus asistentes, Eilyn Beltr\u00e1n y Lourdes Herrera, el jefe del Cuerpo de Seguridad Presidencial (CUSEP), Jimmy Arias; Julio Eduardo D\u00edaz Sosa.<\/p>\n\n\n\n<p>Tambi\u00e9n, se unir\u00e1 a la delegaci\u00f3n la embajadora dominicana en Washington, Sonia Guzm\u00e1n; y el director de prensa del Presidente, Daniel Garc\u00eda Archibald.<\/p>\n\n\n\n<p>Este reconocimiento se otorga a funcionarios elegidos democr\u00e1ticamente que hayan demostrado un compromiso excepcional con el Hemisferio Oeste.<\/p>\n\n\n\n<p>El Chairman\u2019s Award for Leadership in the Americas se ha entregado en el pasado a otros l\u00edderes de la regi\u00f3n, entre ellos Luis Almagro, Secretario General de la Organizaci\u00f3n de Estados Americanos en 2022; Bill Cassidy, Senador de Estados Unidos en 2021; y Marco Rubio, Senador de Estados Unidos en 2019.<\/p>\n\n\n\n<p>La Conferencia Anual de Washington sobre las Am\u00e9ricas es el principal evento sobre la regi\u00f3n, en la que cada a\u00f1o funcionarios del m\u00e1s alto nivel hablan sobre temas cr\u00edticos como el comercio, la democracia, la energ\u00eda y m\u00e1s.<\/p>\n\n\n\n<p>Tambi\u00e9n ofrece a los participantes la oportunidad de interactuar con l\u00edderes empresariales y pol\u00edticos, miembros de la comunidad diplom\u00e1tica e invitados especiales de todo el hemisferio.<\/p>\n\n\n\n<p>El presidente Abinader y su comitiva estar\u00e1n de regreso este mi\u00e9rcoles.<\/p>\n","protected":false},"excerpt":{"rendered":"<p>Mandatario hace pausa de 24 horas en su campa\u00f1a electoral. Regresar\u00e1 ma\u00f1ana. El presidente Luis Abinader lleg\u00f3 a la 7:45 de esta noche a la ciudad de Washington DC, donde&hellip;<\/p>\n","protected":false},"author":6,"featured_media":82794,"comment_status":"open","ping_status":"open","sticky":false,"template":"","format":"standard","meta":{"content-type":"","jetpack_post_was_ever_published":false,"_jetpack_newsletter_access":"","_jetpack_dont_email_post_to_subs":false,"_jetpack_newsletter_tier_id":0,"_jetpack_memberships_contains_paywalled_content":false,"_jetpack_memberships_contains_paid_content":false,"footnotes":""},"categories":[35,25],"tags":[10287,1412,67,1563,3652],"class_list":["post-82793","post","type-post","status-publish","format-standard","has-post-thumbnail","hentry","category-nacionales","category-portada","tag-america","tag-liderazgo","tag-luis-abinader","tag-reconocimiento","tag-washington"],"jetpack_featured_media_url":"https:\/\/lasprimeras.com.do\/wp-content\/uploads\/2024\/05\/Luis-Abinader-12.jpg","jetpack-related-posts":[{"id":82694,"url":"https:\/\/lasprimeras.com.do\/index.php\/2024\/05\/06\/presidente-abinader-sera-reconocido-este-miercoles-por-su-liderazgo-en-las-americas\/","url_meta":{"origin":82793,"position":0},"title":"Presidente Abinader ser\u00e1 reconocido este mi\u00e9rcoles por su liderazgo en las Am\u00e9ricas","author":"BIMARY DE JES\u00daS Matos","date":"6 de mayo de 2024","format":false,"excerpt":"Santo Domingo. \u2013 El presidente Luis Abinader viajar\u00e1 esta semana a la ciudad de Washington donde recibir\u00e1 el premio Chairman\u2019s Award for Leadership in the Americas y adem\u00e1s participar\u00e1 como orador en la 54 Conferencia Anual de Washington sobre las Am\u00e9ricas. El premio es otorgado por el Consejo de las\u2026","rel":"","context":"En \u00abPORTADA\u00bb","block_context":{"text":"PORTADA","link":"https:\/\/lasprimeras.com.do\/index.php\/category\/portada\/"},"img":{"alt_text":"","src":"https:\/\/i0.wp.com\/lasprimeras.com.do\/wp-content\/uploads\/2024\/05\/6a0c8a05-4f4b-48f5-a1d9-1ad180753c4a-6.jpg?resize=350%2C200&ssl=1","width":350,"height":200,"srcset":"https:\/\/i0.wp.com\/lasprimeras.com.do\/wp-content\/uploads\/2024\/05\/6a0c8a05-4f4b-48f5-a1d9-1ad180753c4a-6.jpg?resize=350%2C200&ssl=1 1x, https:\/\/i0.wp.com\/lasprimeras.com.do\/wp-content\/uploads\/2024\/05\/6a0c8a05-4f4b-48f5-a1d9-1ad180753c4a-6.jpg?resize=525%2C300&ssl=1 1.5x, https:\/\/i0.wp.com\/lasprimeras.com.do\/wp-content\/uploads\/2024\/05\/6a0c8a05-4f4b-48f5-a1d9-1ad180753c4a-6.jpg?resize=700%2C400&ssl=1 2x, https:\/\/i0.wp.com\/lasprimeras.com.do\/wp-content\/uploads\/2024\/05\/6a0c8a05-4f4b-48f5-a1d9-1ad180753c4a-6.jpg?resize=1050%2C600&ssl=1 3x"},"classes":[]},{"id":98421,"url":"https:\/\/lasprimeras.com.do\/index.php\/2025\/05\/07\/abinader-sale-a-washington-para-reunion-con-el-secretario-de-estado-marco-rubio\/","url_meta":{"origin":82793,"position":1},"title":"Abinader sale a Washington para reuni\u00f3n con el Secretario de Estado Marco Rubio","author":"Nelson Feliz","date":"7 de mayo de 2025","format":false,"excerpt":"El mandatario tambi\u00e9n recibir\u00e1 el Premio Internacional al Liderazgo por parte del Instituto Congresual de Liderazgo Hispano (CHLI). El presidente Luis Abinader sali\u00f3 la ma\u00f1ana de este mi\u00e9rcoles a Washington, donde sostendr\u00e1 una reuni\u00f3n bilateral con el Secretario de Estado de los Estados Unidos de Am\u00e9rica, Marco Rubio. Asimismo, el\u2026","rel":"","context":"En \u00abNACIONALES\u00bb","block_context":{"text":"NACIONALES","link":"https:\/\/lasprimeras.com.do\/index.php\/category\/nacionales\/"},"img":{"alt_text":"","src":"https:\/\/i0.wp.com\/lasprimeras.com.do\/wp-content\/uploads\/2025\/05\/Luis-Abinader-1-1.jpg?resize=350%2C200&ssl=1","width":350,"height":200,"srcset":"https:\/\/i0.wp.com\/lasprimeras.com.do\/wp-content\/uploads\/2025\/05\/Luis-Abinader-1-1.jpg?resize=350%2C200&ssl=1 1x, https:\/\/i0.wp.com\/lasprimeras.com.do\/wp-content\/uploads\/2025\/05\/Luis-Abinader-1-1.jpg?resize=525%2C300&ssl=1 1.5x, https:\/\/i0.wp.com\/lasprimeras.com.do\/wp-content\/uploads\/2025\/05\/Luis-Abinader-1-1.jpg?resize=700%2C400&ssl=1 2x"},"classes":[]},{"id":77869,"url":"https:\/\/lasprimeras.com.do\/index.php\/2024\/02\/26\/abinader-encabezara-actividades-por-el-180-aniversario-de-la-independencia-nacional\/","url_meta":{"origin":82793,"position":2},"title":"Abinader encabezar\u00e1 actividades por el 180 aniversario de la Independencia Nacional","author":"Nelson Feliz","date":"26 de febrero de 2024","format":false,"excerpt":"El Presidente Luis Abinader encabezar\u00e1 este martes 27 de febrero, actividades con motivo de la celebraci\u00f3n del 180 aniversario de la Independencia Nacional. A las 10:00 de la ma\u00f1ana el mandatario llegar\u00e1 al Congreso Nacional donde presentar\u00e1, desde la Asamblea Nacional, las ejecutorias del pasado a\u00f1o de Gobierno. A su\u2026","rel":"","context":"En \u00abNACIONALES\u00bb","block_context":{"text":"NACIONALES","link":"https:\/\/lasprimeras.com.do\/index.php\/category\/nacionales\/"},"img":{"alt_text":"Luis Abinader","src":"https:\/\/i0.wp.com\/lasprimeras.com.do\/wp-content\/uploads\/2024\/02\/Luis-Abinader-5-1.jpg?resize=350%2C200&ssl=1","width":350,"height":200,"srcset":"https:\/\/i0.wp.com\/lasprimeras.com.do\/wp-content\/uploads\/2024\/02\/Luis-Abinader-5-1.jpg?resize=350%2C200&ssl=1 1x, https:\/\/i0.wp.com\/lasprimeras.com.do\/wp-content\/uploads\/2024\/02\/Luis-Abinader-5-1.jpg?resize=525%2C300&ssl=1 1.5x, https:\/\/i0.wp.com\/lasprimeras.com.do\/wp-content\/uploads\/2024\/02\/Luis-Abinader-5-1.jpg?resize=700%2C400&ssl=1 2x"},"classes":[]},{"id":88745,"url":"https:\/\/lasprimeras.com.do\/index.php\/2024\/09\/05\/sonia-guzman-resalta-liderazgo-internacional-del-presidente-luis-abinader-en-washington\/","url_meta":{"origin":82793,"position":3},"title":"Sonia Guzm\u00e1n resalta liderazgo internacional del presidente Luis Abinader en Washington","author":"Nelson Feliz","date":"5 de septiembre de 2024","format":false,"excerpt":"Washington, DC.- La embajadora dominicana en los Estados Unidos, Sonia Guzm\u00e1n, destac\u00f3 la relevancia de la pol\u00edtica efectuada por el presidente Luis Abinader para encaminar a la Rep\u00fablica Dominicana por un sendero de desarrollo colectivo, reforzando sus esfuerzos en aras de un gobierno transparente y probo, en una naci\u00f3n donde\u2026","rel":"","context":"En \u00abSin categor\u00eda\u00bb","block_context":{"text":"Sin categor\u00eda","link":"https:\/\/lasprimeras.com.do\/index.php\/category\/sin-categoria\/"},"img":{"alt_text":"","src":"https:\/\/i0.wp.com\/lasprimeras.com.do\/wp-content\/uploads\/2024\/09\/Sonia-Guzman-1.jpg?resize=350%2C200&ssl=1","width":350,"height":200,"srcset":"https:\/\/i0.wp.com\/lasprimeras.com.do\/wp-content\/uploads\/2024\/09\/Sonia-Guzman-1.jpg?resize=350%2C200&ssl=1 1x, https:\/\/i0.wp.com\/lasprimeras.com.do\/wp-content\/uploads\/2024\/09\/Sonia-Guzman-1.jpg?resize=525%2C300&ssl=1 1.5x, https:\/\/i0.wp.com\/lasprimeras.com.do\/wp-content\/uploads\/2024\/09\/Sonia-Guzman-1.jpg?resize=700%2C400&ssl=1 2x"},"classes":[]},{"id":98622,"url":"https:\/\/lasprimeras.com.do\/index.php\/2025\/05\/08\/abinader-retorna-al-pais-tras-reunion-bilateral-con-marco-rubio-en-washington\/","url_meta":{"origin":82793,"position":4},"title":"Abinader retorna al pa\u00eds tras reuni\u00f3n bilateral con Marco Rubio en Washington","author":"Nelson Feliz","date":"8 de mayo de 2025","format":false,"excerpt":"Mandatario tambi\u00e9n recibe reconocimiento del Instituto de Liderazgo Hispano del Congreso (CHLI) y trata situaci\u00f3n de Hait\u00ed y seguridad nacional con congresistas en Washington DC. El presidente Luis Abinader retorn\u00f3 al pa\u00eds este jueves a las 2:52 de la tarde, luego de concluir una visita oficial a Washington, donde sostuvo\u2026","rel":"","context":"En \u00abSin categor\u00eda\u00bb","block_context":{"text":"Sin categor\u00eda","link":"https:\/\/lasprimeras.com.do\/index.php\/category\/sin-categoria\/"},"img":{"alt_text":"Luis Abinader","src":"https:\/\/i0.wp.com\/lasprimeras.com.do\/wp-content\/uploads\/2025\/05\/Luis-Abinader-3.jpg?resize=350%2C200&ssl=1","width":350,"height":200,"srcset":"https:\/\/i0.wp.com\/lasprimeras.com.do\/wp-content\/uploads\/2025\/05\/Luis-Abinader-3.jpg?resize=350%2C200&ssl=1 1x, https:\/\/i0.wp.com\/lasprimeras.com.do\/wp-content\/uploads\/2025\/05\/Luis-Abinader-3.jpg?resize=525%2C300&ssl=1 1.5x, https:\/\/i0.wp.com\/lasprimeras.com.do\/wp-content\/uploads\/2025\/05\/Luis-Abinader-3.jpg?resize=700%2C400&ssl=1 2x"},"classes":[]},{"id":65695,"url":"https:\/\/lasprimeras.com.do\/index.php\/2023\/10\/30\/abinader-viajara-a-washington-este-miercoles-para-reunion-con-joe-biden\/","url_meta":{"origin":82793,"position":5},"title":"Abinader viajar\u00e1 a Washington este mi\u00e9rcoles para reuni\u00f3n con Joe Biden","author":"Nelson Feliz","date":"30 de octubre de 2023","format":false,"excerpt":"El mandatario regresar\u00e1 el pr\u00f3ximo viernes al pa\u00eds. El presidente Luis Abinader inform\u00f3 que viajar\u00e1 este mi\u00e9rcoles a Washington, capital de Estados Unidos, para cumplir con una invitaci\u00f3n del presidente de ese pa\u00eds, Joe Biden, en la cumbre Alianza para la Prosperidad Econ\u00f3mica en Las Am\u00e9ricas. En la agenda, el\u2026","rel":"","context":"En \u00abNACIONALES\u00bb","block_context":{"text":"NACIONALES","link":"https:\/\/lasprimeras.com.do\/index.php\/category\/nacionales\/"},"img":{"alt_text":"Luis Abinader","src":"https:\/\/i0.wp.com\/lasprimeras.com.do\/wp-content\/uploads\/2023\/07\/Luis-Abinader-viaja.jpg?resize=350%2C200&ssl=1","width":350,"height":200,"srcset":"https:\/\/i0.wp.com\/lasprimeras.com.do\/wp-content\/uploads\/2023\/07\/Luis-Abinader-viaja.jpg?resize=350%2C200&ssl=1 1x, https:\/\/i0.wp.com\/lasprimeras.com.do\/wp-content\/uploads\/2023\/07\/Luis-Abinader-viaja.jpg?resize=525%2C300&ssl=1 1.5x, https:\/\/i0.wp.com\/lasprimeras.com.do\/wp-content\/uploads\/2023\/07\/Luis-Abinader-viaja.jpg?resize=700%2C400&ssl=1 2x"},"classes":[]}],"jetpack_sharing_enabled":true,"_links":{"self":[{"href":"https:\/\/lasprimeras.com.do\/index.php\/wp-json\/wp\/v2\/posts\/82793","targetHints":{"allow":["GET"]}}],"collection":[{"href":"https:\/\/lasprimeras.com.do\/index.php\/wp-json\/wp\/v2\/posts"}],"about":[{"href":"https:\/\/lasprimeras.com.do\/index.php\/wp-json\/wp\/v2\/types\/post"}],"author":[{"embeddable":true,"href":"https:\/\/lasprimeras.com.do\/index.php\/wp-json\/wp\/v2\/users\/6"}],"replies":[{"embeddable":true,"href":"https:\/\/lasprimeras.com.do\/index.php\/wp-json\/wp\/v2\/comments?post=82793"}],"version-history":[{"count":1,"href":"https:\/\/lasprimeras.com.do\/index.php\/wp-json\/wp\/v2\/posts\/82793\/revisions"}],"predecessor-version":[{"id":82795,"href":"https:\/\/lasprimeras.com.do\/index.php\/wp-json\/wp\/v2\/posts\/82793\/revisions\/82795"}],"wp:featuredmedia":[{"embeddable":true,"href":"https:\/\/lasprimeras.com.do\/index.php\/wp-json\/wp\/v2\/media\/82794"}],"wp:attachment":[{"href":"https:\/\/lasprimeras.com.do\/index.php\/wp-json\/wp\/v2\/media?parent=82793"}],"wp:term":[{"taxonomy":"category","embeddable":true,"href":"https:\/\/lasprimeras.com.do\/index.php\/wp-json\/wp\/v2\/categories?post=82793"},{"taxonomy":"post_tag","embeddable":true,"href":"https:\/\/lasprimeras.com.do\/index.php\/wp-json\/wp\/v2\/tags?post=82793"}],"curies":[{"name":"wp","href":"https:\/\/api.w.org\/{rel}","templated":true}]}}