{"id":82796,"date":"2024-05-07T21:51:58","date_gmt":"2024-05-08T01:51:58","guid":{"rendered":"https:\/\/lasprimeras.com.do\/?p=82796"},"modified":"2024-05-07T21:52:00","modified_gmt":"2024-05-08T01:52:00","slug":"yomare-polanco-recibe-respaldo-total-de-profesionales-de-la-belleza-en-el-estado-ny","status":"publish","type":"post","link":"https:\/\/lasprimeras.com.do\/index.php\/2024\/05\/07\/yomare-polanco-recibe-respaldo-total-de-profesionales-de-la-belleza-en-el-estado-ny\/","title":{"rendered":"Yomare Polanco recibe respaldo total de\u00a0 profesionales de la belleza en el Estado NY"},"content":{"rendered":"\n<p><strong>NUEVA YORK. &#8211;<\/strong>El candidato a diputado en la circunscripci\u00f3n uno del exterior por el Partido Revolucionario Dominicano (PRD), Yomare Polanco, recibi\u00f3 el respaldo total de las profesionales de la belleza \u201cBeauty Parlor\u201d (saloneras, barberos, y estilistas) en una ceremonia especial celebrada en el centro de eventos \u201cEastwood Manor\u201d.<\/p>\n\n\n\n<p>Para las y los profesionales de la est\u00e9tica, cosmetolog\u00eda y \u00e1reas afines, en su rol de embellecedores, y seg\u00fan los miembros de la organizaci\u00f3n, para&nbsp; las&nbsp; elecciones del pr\u00f3ximo 19 de mayo.<\/p>\n\n\n\n<p>Est\u00e1n consientes de que votar en favor de Yomare Polanco es la correcta elecci\u00f3n, porque \u00e9l representa los mejores intereses del colectivo como&nbsp; diputado del exterior por la circunscripci\u00f3n 1 en los Estados Unidos por el Partido Revolucionario Dominicano ( PRD) en la casilla 4.<\/p>\n\n\n\n<p>Despu\u00e9s de prestar atenci\u00f3n a todas las propuestas de los candidatos a cargos legislativos por la C1 de ultramar, concluyeron que la mejor opci\u00f3n la representa el doctor Yomare Polanco por ser un hombre de Fe y propuestas en favor de la di\u00e1spora y la Rep\u00fablica dominicana, a quien definen como un ser humano extraordinario, de familia, defensor de la patria y respetuoso de la vida.<\/p>\n\n\n\n<p>&nbsp;\u201cEl doctor Polanco es un hombre de ciencia comprometido con la gente, defensor de la soberan\u00eda, de la seguridad nacional, y cree en el deporte, educaci\u00f3n, oportunidades de igualdad\u2026 es un ciudadano responsable, ejemplar y ser\u00e1 un digno congresista\u201d, dijeron en conjunto.<\/p>\n\n\n\n<p>La agrupaci\u00f3n de estilistas aprovech\u00f3 la ocasi\u00f3n para recomendar en la circunscripci\u00f3n 1 de exterior&nbsp; al candidato a diputado&nbsp; porque es lo que&nbsp; m\u00e1s les conviene a la comunidad dominicana fuera de su pa\u00eds, porque tienes propuestas claras en unos 14 puntos muy bien definidos.<\/p>\n\n\n\n<p>En la actividad se hizo p\u00fablica la recomendaci\u00f3n&nbsp; del tambi\u00e9n maestro de la m\u00fasica, destacando las miles de personas que laboran en los centros de belleza, que&nbsp; est\u00e1n orientando a sus familias, clientes, amigos&nbsp; y vecinos para que voten por lo que m\u00e1s le conviene a la di\u00e1spora, dejando a un lado los colores, e invitando a votar por una persona que ha demostrado con su hoja de vida lo que ha hache y continuar\u00e1 haciendo.<\/p>\n\n\n\n<p>En d\u00edas recientes, sectores de la industria del taxi, bodegueros, m\u00e9dicos, enfermeras, empresarios, emprendedores, miembros de la fe cristiana han fijado su postura y recomienden los dominicanos conscientes de votar plena confianza&nbsp; para llevar al Congreso Nacional Dominicano a quien&nbsp; mejor representen los intereses de los quisqueyanos&nbsp; que est\u00e1n en ultramar.<\/p>\n\n\n\n<p>El acto cont\u00f3 con la participaci\u00f3n del congresista federal, Adriano Espaillat, quien representa el distrito 13 y el asamble\u00edsta George \u00c1lvarez, a su vez del distrito 78 del Estado de Nueva York, quienes entregaron reconocimientos a un grupo de estilistas por sus contribuciones y aportes a la comunidad.<\/p>\n","protected":false},"excerpt":{"rendered":"<p>NUEVA YORK. &#8211;El candidato a diputado en la circunscripci\u00f3n uno del exterior por el Partido Revolucionario Dominicano (PRD), Yomare Polanco, recibi\u00f3 el respaldo total de las profesionales de la belleza&hellip;<\/p>\n","protected":false},"author":6,"featured_media":82797,"comment_status":"open","ping_status":"open","sticky":false,"template":"","format":"standard","meta":{"content-type":"","jetpack_post_was_ever_published":false,"_jetpack_newsletter_access":"","_jetpack_dont_email_post_to_subs":false,"_jetpack_newsletter_tier_id":0,"_jetpack_memberships_contains_paywalled_content":false,"_jetpack_memberships_contains_paid_content":false,"footnotes":""},"categories":[1],"tags":[746,1068,104,1884,681],"class_list":["post-82796","post","type-post","status-publish","format-standard","has-post-thumbnail","hentry","category-sin-categoria","tag-belleza","tag-estado","tag-nueva-york","tag-profesionales","tag-yomare-polanco"],"jetpack_featured_media_url":"https:\/\/lasprimeras.com.do\/wp-content\/uploads\/2024\/05\/Yomare-Polanco-1.jpg","jetpack-related-posts":[{"id":79465,"url":"https:\/\/lasprimeras.com.do\/index.php\/2024\/03\/27\/dr-yomare-polanco-recibe-apoyo-de-taxistas-de-nueva-york\/","url_meta":{"origin":82796,"position":0},"title":"Dr Yomare Polanco recibe apoyo de taxistas de Nueva York","author":"BIMARY DE JES\u00daS Matos","date":"27 de marzo de 2024","format":false,"excerpt":"NUEVA YORK. - El candidato a diputado de ultramar por la circunscripci\u00f3n 1, doctor Yomare Polanco, sostuvo un encuentro con taxistas de diferentes condados de esta ciudad, con quienes intercambi\u00f3 impresiones sobre situaciones de la cotidianidad de los trabajadores del volante. Durante un almuerzo en el Caridad Restaurant de El\u2026","rel":"","context":"En \u00abSin categor\u00eda\u00bb","block_context":{"text":"Sin categor\u00eda","link":"https:\/\/lasprimeras.com.do\/index.php\/category\/sin-categoria\/"},"img":{"alt_text":"","src":"https:\/\/i0.wp.com\/lasprimeras.com.do\/wp-content\/uploads\/2024\/03\/WhatsApp-Image-2024-03-27-at-1.05.47-PM.jpeg?resize=350%2C200&ssl=1","width":350,"height":200,"srcset":"https:\/\/i0.wp.com\/lasprimeras.com.do\/wp-content\/uploads\/2024\/03\/WhatsApp-Image-2024-03-27-at-1.05.47-PM.jpeg?resize=350%2C200&ssl=1 1x, https:\/\/i0.wp.com\/lasprimeras.com.do\/wp-content\/uploads\/2024\/03\/WhatsApp-Image-2024-03-27-at-1.05.47-PM.jpeg?resize=525%2C300&ssl=1 1.5x, https:\/\/i0.wp.com\/lasprimeras.com.do\/wp-content\/uploads\/2024\/03\/WhatsApp-Image-2024-03-27-at-1.05.47-PM.jpeg?resize=700%2C400&ssl=1 2x, https:\/\/i0.wp.com\/lasprimeras.com.do\/wp-content\/uploads\/2024\/03\/WhatsApp-Image-2024-03-27-at-1.05.47-PM.jpeg?resize=1050%2C600&ssl=1 3x"},"classes":[]},{"id":79563,"url":"https:\/\/lasprimeras.com.do\/index.php\/2024\/03\/28\/dr-yomare-polanco-recibe-apoyo-de-taxistas-de-nueva-york-2\/","url_meta":{"origin":82796,"position":1},"title":"Dr Yomare Polanco recibe apoyo de taxistas de Nueva York","author":"BIMARY DE JES\u00daS Matos","date":"28 de marzo de 2024","format":false,"excerpt":"NUEVA YORK. - El candidato a diputado de ultramar por la circunscripci\u00f3n 1, doctor Yomare Polanco, sostuvo un encuentro con taxistas de diferentes condados de esta ciudad, con quienes intercambi\u00f3 impresiones sobre situaciones de la cotidianidad de los trabajadores del volante. Durante un almuerzo en el Caridad Restaurant de El\u2026","rel":"","context":"En \u00abSin categor\u00eda\u00bb","block_context":{"text":"Sin categor\u00eda","link":"https:\/\/lasprimeras.com.do\/index.php\/category\/sin-categoria\/"},"img":{"alt_text":"","src":"https:\/\/i0.wp.com\/lasprimeras.com.do\/wp-content\/uploads\/2024\/03\/WhatsApp-Image-2024-03-28-at-9.26.25-AM.jpeg?resize=350%2C200&ssl=1","width":350,"height":200,"srcset":"https:\/\/i0.wp.com\/lasprimeras.com.do\/wp-content\/uploads\/2024\/03\/WhatsApp-Image-2024-03-28-at-9.26.25-AM.jpeg?resize=350%2C200&ssl=1 1x, https:\/\/i0.wp.com\/lasprimeras.com.do\/wp-content\/uploads\/2024\/03\/WhatsApp-Image-2024-03-28-at-9.26.25-AM.jpeg?resize=525%2C300&ssl=1 1.5x, https:\/\/i0.wp.com\/lasprimeras.com.do\/wp-content\/uploads\/2024\/03\/WhatsApp-Image-2024-03-28-at-9.26.25-AM.jpeg?resize=700%2C400&ssl=1 2x, https:\/\/i0.wp.com\/lasprimeras.com.do\/wp-content\/uploads\/2024\/03\/WhatsApp-Image-2024-03-28-at-9.26.25-AM.jpeg?resize=1050%2C600&ssl=1 3x, https:\/\/i0.wp.com\/lasprimeras.com.do\/wp-content\/uploads\/2024\/03\/WhatsApp-Image-2024-03-28-at-9.26.25-AM.jpeg?resize=1400%2C800&ssl=1 4x"},"classes":[]},{"id":80127,"url":"https:\/\/lasprimeras.com.do\/index.php\/2024\/04\/04\/yomare-polanco-confirma-su-participacion-en-foro-popular-que-organiza-el-comite-de-dominicanos-en-el-exterior-codex\/","url_meta":{"origin":82796,"position":2},"title":"Yomare Polanco confirma su participaci\u00f3n en Foro Popular que organiza el Comit\u00e9 de Dominicanos en el Exterior ( Codex)","author":"BIMARY DE JES\u00daS Matos","date":"4 de abril de 2024","format":false,"excerpt":"NUEVA YORK. - El candidato a diputado ultramar por el Partido Revolucionario Dominicano (PRD), doctor Yomare Polanco, confirm\u00f3 su participaci\u00f3n para la tarde en el Foro Popular que organiza el Comit\u00e9 de Dominicanos en el Exterior Codex que preside Maximo Padilla. As\u00ed lo inform\u00f3 su directora de comunicaciones, Jenny G\u00f3mez,\u2026","rel":"","context":"En \u00abNACIONALES\u00bb","block_context":{"text":"NACIONALES","link":"https:\/\/lasprimeras.com.do\/index.php\/category\/nacionales\/"},"img":{"alt_text":"","src":"https:\/\/i0.wp.com\/lasprimeras.com.do\/wp-content\/uploads\/2024\/04\/65f3a7703e1eb_jce2-1-3.webp?resize=350%2C200&ssl=1","width":350,"height":200,"srcset":"https:\/\/i0.wp.com\/lasprimeras.com.do\/wp-content\/uploads\/2024\/04\/65f3a7703e1eb_jce2-1-3.webp?resize=350%2C200&ssl=1 1x, https:\/\/i0.wp.com\/lasprimeras.com.do\/wp-content\/uploads\/2024\/04\/65f3a7703e1eb_jce2-1-3.webp?resize=525%2C300&ssl=1 1.5x, https:\/\/i0.wp.com\/lasprimeras.com.do\/wp-content\/uploads\/2024\/04\/65f3a7703e1eb_jce2-1-3.webp?resize=700%2C400&ssl=1 2x, https:\/\/i0.wp.com\/lasprimeras.com.do\/wp-content\/uploads\/2024\/04\/65f3a7703e1eb_jce2-1-3.webp?resize=1050%2C600&ssl=1 3x"},"classes":[]},{"id":54411,"url":"https:\/\/lasprimeras.com.do\/index.php\/2023\/07\/10\/ny-asegura-triunfo-lf-en-2024-mejorara-calidad-de-vida-de-los-dominicanos\/","url_meta":{"origin":82796,"position":3},"title":"NY: Asegura triunfo LF en 2024 mejorar\u00e1 calidad de vida de los dominicanos","author":"Nelson Feliz","date":"10 de julio de 2023","format":false,"excerpt":"Por Francis P\u00e9rez Con la llegada al poder de Leonel Fern\u00e1ndez en 2024 se crear\u00e1n las condiciones para que en Rep\u00fablica Dominicana se produzca una sustancial mejor\u00eda de la calidad de vida de los dominicanos, asegur\u00f3 el empresario y candidato a diputado del Partido Dem\u00f3crata Institucional (PDI), Yomare Polanco. \"Desde\u2026","rel":"","context":"En \u00abSin categor\u00eda\u00bb","block_context":{"text":"Sin categor\u00eda","link":"https:\/\/lasprimeras.com.do\/index.php\/category\/sin-categoria\/"},"img":{"alt_text":"Yomare Polanco","src":"https:\/\/i0.wp.com\/lasprimeras.com.do\/wp-content\/uploads\/2023\/07\/2-1.jpg?resize=350%2C200&ssl=1","width":350,"height":200,"srcset":"https:\/\/i0.wp.com\/lasprimeras.com.do\/wp-content\/uploads\/2023\/07\/2-1.jpg?resize=350%2C200&ssl=1 1x, https:\/\/i0.wp.com\/lasprimeras.com.do\/wp-content\/uploads\/2023\/07\/2-1.jpg?resize=525%2C300&ssl=1 1.5x, https:\/\/i0.wp.com\/lasprimeras.com.do\/wp-content\/uploads\/2023\/07\/2-1.jpg?resize=700%2C400&ssl=1 2x"},"classes":[]},{"id":78112,"url":"https:\/\/lasprimeras.com.do\/index.php\/2024\/02\/28\/polanco-inicia-en-new-jersey-encuentro-y-mano-a-mano-con-la-diaspora\/","url_meta":{"origin":82796,"position":4},"title":"Polanco inicia en New Jersey encuentro y mano a mano con la di\u00e1spora","author":"BIMARY DE JES\u00daS Matos","date":"28 de febrero de 2024","format":false,"excerpt":"New Jersey.-El doctor Yomare Polanco inici\u00f3 este lunes una serie de visitas y encuentros mano a mano en comunidades que concentran importante n\u00famero de dominicanos en la circunscripci\u00f3n n\u00famero uno del exterior. \u00c9l aspirante a diputado de ultramar por el Partido Republicano Dominicano accedi\u00f3 a invitaci\u00f3n de dirigentes comunitarios que\u2026","rel":"","context":"En \u00abSin categor\u00eda\u00bb","block_context":{"text":"Sin categor\u00eda","link":"https:\/\/lasprimeras.com.do\/index.php\/category\/sin-categoria\/"},"img":{"alt_text":"","src":"https:\/\/i0.wp.com\/lasprimeras.com.do\/wp-content\/uploads\/2024\/02\/IMG-20240228-WA0034.jpg?resize=350%2C200&ssl=1","width":350,"height":200,"srcset":"https:\/\/i0.wp.com\/lasprimeras.com.do\/wp-content\/uploads\/2024\/02\/IMG-20240228-WA0034.jpg?resize=350%2C200&ssl=1 1x, https:\/\/i0.wp.com\/lasprimeras.com.do\/wp-content\/uploads\/2024\/02\/IMG-20240228-WA0034.jpg?resize=525%2C300&ssl=1 1.5x, https:\/\/i0.wp.com\/lasprimeras.com.do\/wp-content\/uploads\/2024\/02\/IMG-20240228-WA0034.jpg?resize=700%2C400&ssl=1 2x, https:\/\/i0.wp.com\/lasprimeras.com.do\/wp-content\/uploads\/2024\/02\/IMG-20240228-WA0034.jpg?resize=1050%2C600&ssl=1 3x, https:\/\/i0.wp.com\/lasprimeras.com.do\/wp-content\/uploads\/2024\/02\/IMG-20240228-WA0034.jpg?resize=1400%2C800&ssl=1 4x"},"classes":[]},{"id":49928,"url":"https:\/\/lasprimeras.com.do\/index.php\/2023\/05\/15\/ismael-reyes-juramenta-a-yomare-polanco-como-nuevo-presidente-federal-del-pdi-en-estados-unidos\/","url_meta":{"origin":82796,"position":5},"title":"Ismael Reyes juramenta a Yomare Polanco como nuevo presidente federal del PDI en Estados Unidos","author":"prenxa100","date":"15 de mayo de 2023","format":false,"excerpt":"Santo Domingo, RD: El presidente del Partido Dem\u00f3crata Institucional(PDI), Ismael Reyes, jurament\u00f3 al exdirigente del Partido de la Liberaci\u00f3n Dominicana (PLD) y varias veces encargado del Sector Externo en Estados Unidos y Canad\u00e1 del partido morado, doctor Yomare Polanco, como Presidente Federal de esa organizaci\u00f3n pol\u00edtica en los Estados Unidos.\u2026","rel":"","context":"En \u00abPORTADA\u00bb","block_context":{"text":"PORTADA","link":"https:\/\/lasprimeras.com.do\/index.php\/category\/portada\/"},"img":{"alt_text":"","src":"","width":0,"height":0},"classes":[]}],"jetpack_sharing_enabled":true,"_links":{"self":[{"href":"https:\/\/lasprimeras.com.do\/index.php\/wp-json\/wp\/v2\/posts\/82796","targetHints":{"allow":["GET"]}}],"collection":[{"href":"https:\/\/lasprimeras.com.do\/index.php\/wp-json\/wp\/v2\/posts"}],"about":[{"href":"https:\/\/lasprimeras.com.do\/index.php\/wp-json\/wp\/v2\/types\/post"}],"author":[{"embeddable":true,"href":"https:\/\/lasprimeras.com.do\/index.php\/wp-json\/wp\/v2\/users\/6"}],"replies":[{"embeddable":true,"href":"https:\/\/lasprimeras.com.do\/index.php\/wp-json\/wp\/v2\/comments?post=82796"}],"version-history":[{"count":1,"href":"https:\/\/lasprimeras.com.do\/index.php\/wp-json\/wp\/v2\/posts\/82796\/revisions"}],"predecessor-version":[{"id":82798,"href":"https:\/\/lasprimeras.com.do\/index.php\/wp-json\/wp\/v2\/posts\/82796\/revisions\/82798"}],"wp:featuredmedia":[{"embeddable":true,"href":"https:\/\/lasprimeras.com.do\/index.php\/wp-json\/wp\/v2\/media\/82797"}],"wp:attachment":[{"href":"https:\/\/lasprimeras.com.do\/index.php\/wp-json\/wp\/v2\/media?parent=82796"}],"wp:term":[{"taxonomy":"category","embeddable":true,"href":"https:\/\/lasprimeras.com.do\/index.php\/wp-json\/wp\/v2\/categories?post=82796"},{"taxonomy":"post_tag","embeddable":true,"href":"https:\/\/lasprimeras.com.do\/index.php\/wp-json\/wp\/v2\/tags?post=82796"}],"curies":[{"name":"wp","href":"https:\/\/api.w.org\/{rel}","templated":true}]}}