{"id":82802,"date":"2024-05-07T22:14:30","date_gmt":"2024-05-08T02:14:30","guid":{"rendered":"https:\/\/lasprimeras.com.do\/?p=82802"},"modified":"2024-05-07T22:14:30","modified_gmt":"2024-05-08T02:14:30","slug":"congresista-dominicano-en-usa-valora-como-positiva-ampliar-cobertura-medica","status":"publish","type":"post","link":"https:\/\/lasprimeras.com.do\/index.php\/2024\/05\/07\/congresista-dominicano-en-usa-valora-como-positiva-ampliar-cobertura-medica\/","title":{"rendered":"Congresista dominicano en USA valora como positiva ampliar cobertura m\u00e9dica"},"content":{"rendered":"\n<p>Por Aquiles Rojas<\/p>\n\n\n\n<p>NEW YORK. -El legislador federal de origen dominicano, Adriano Espaillat, quien representa el distrito 13, aplaudi\u00f3 el esfuerzo de la Administraci\u00f3n que encabeza el presidente Joe Biden, para ampliar la cobertura de atenci\u00f3n m\u00e9dica asequible a los beneficiarios de la Acci\u00f3n Diferida para los llegados en la Infancia (DACA).<\/p>\n\n\n\n<p>\u201cLos Dreamers (So\u00f1adores) contribuyen a sus comunidades y a nuestra naci\u00f3n, la \u00fanica naci\u00f3n que muchos de ellos han conocido y han llamado hogar, y merecen atenci\u00f3n m\u00e9dica como todos nosotros\u201d, dijo el congresista Adriano Espaillat.<\/p>\n\n\n\n<p>\u201cFelicito a la Administraci\u00f3n Biden-Harris por este \u00faltimo esfuerzo para apoyar a las familias inmigrantes mediante la ampliaci\u00f3n de una cobertura de atenci\u00f3n m\u00e9dica asequible y de calidad a los beneficiarios de la Acci\u00f3n Diferida para los Llegados en la Infancia (DACA), agreg\u00f3.<\/p>\n\n\n\n<p>\u201cLos So\u00f1adores son nuestros seres queridos, nuestras enfermeras, maestros y propietarios de peque\u00f1as empresas, y el esfuerzo de hoy permitir\u00e1 a los beneficiarios elegibles de DACA inscribirse en la cobertura de la Ley de Cuidado de Salud a Bajo Precio por primera vez, ayudando a m\u00e1s de 100,000 j\u00f3venes a obtener seguro m\u00e9dico, incluidos 35,000 en Nueva York.<\/p>\n\n\n\n<p>Agrega, \u201cnuestro trabajo actual para apoyar a los So\u00f1adores tendr\u00e1 implicaciones profundas durante muchos a\u00f1os, manteniendo fuertes a nuestras comunidades y econom\u00edas locales\u201d.<\/p>\n\n\n\n<p>\u201cNunca renunciar\u00e9 a mi lucha para garantizar a los So\u00f1adores un estatus permanente y un camino hacia la ciudadan\u00eda y seguir\u00e9 comprometido a trabajar con el presidente Biden y mis colegas para proteger DACA y brindar a todos los j\u00f3venes inmigrantes las oportunidades y el apoyo que necesitan para tener \u00e9xito\u201d , finaliz\u00f3 el congresista Espaillat.<\/p>\n","protected":false},"excerpt":{"rendered":"<p>Por Aquiles Rojas NEW YORK. -El legislador federal de origen dominicano, Adriano Espaillat, quien representa el distrito 13, aplaudi\u00f3 el esfuerzo de la Administraci\u00f3n que encabeza el presidente Joe Biden,&hellip;<\/p>\n","protected":false},"author":6,"featured_media":82803,"comment_status":"open","ping_status":"open","sticky":false,"template":"","format":"standard","meta":{"content-type":"","jetpack_post_was_ever_published":false,"_jetpack_newsletter_access":"","_jetpack_dont_email_post_to_subs":false,"_jetpack_newsletter_tier_id":0,"_jetpack_memberships_contains_paywalled_content":false,"_jetpack_memberships_contains_paid_content":false,"footnotes":""},"categories":[1],"tags":[11654,5212,11655,364,2403,4670],"class_list":["post-82802","post","type-post","status-publish","format-standard","has-post-thumbnail","hentry","category-sin-categoria","tag-adriano-espaillat","tag-cobertura","tag-congresista","tag-dominicano","tag-medica","tag-usa"],"jetpack_featured_media_url":"https:\/\/lasprimeras.com.do\/wp-content\/uploads\/2024\/05\/Adriano-Espaillat.jpg","jetpack-related-posts":[{"id":76240,"url":"https:\/\/lasprimeras.com.do\/index.php\/2024\/02\/08\/congresista-adriano-espaillat-rd-y-ee-uu-firmaran-acuerdo-de-cielos-abiertos\/","url_meta":{"origin":82802,"position":0},"title":"Congresista Adriano Espaillat: \u201cRD y EE.UU. firmaran acuerdo de cielos abiertos\u201d","author":"Nelson Feliz","date":"8 de febrero de 2024","format":false,"excerpt":"\u00a0Espaillat dice ya era tiempo de que RD contara con alguien nominado para embajador. Califica como exitosa el encuentro \u201cDominicanos en el Capitolio\u201d. Washington, DC.\u00a0 El congresista Adriano Espaillat, representante del distrito 13 de Nueva York y de origen dominicano, afirm\u00f3 que las conversaciones entre el gobierno de la Rep\u00fablica\u2026","rel":"","context":"En \u00abPORTADA\u00bb","block_context":{"text":"PORTADA","link":"https:\/\/lasprimeras.com.do\/index.php\/category\/portada\/"},"img":{"alt_text":"Adriano Espaillat","src":"https:\/\/i0.wp.com\/lasprimeras.com.do\/wp-content\/uploads\/2024\/02\/Adriano-Espaillat.jpg?resize=350%2C200&ssl=1","width":350,"height":200,"srcset":"https:\/\/i0.wp.com\/lasprimeras.com.do\/wp-content\/uploads\/2024\/02\/Adriano-Espaillat.jpg?resize=350%2C200&ssl=1 1x, https:\/\/i0.wp.com\/lasprimeras.com.do\/wp-content\/uploads\/2024\/02\/Adriano-Espaillat.jpg?resize=525%2C300&ssl=1 1.5x, https:\/\/i0.wp.com\/lasprimeras.com.do\/wp-content\/uploads\/2024\/02\/Adriano-Espaillat.jpg?resize=700%2C400&ssl=1 2x"},"classes":[]},{"id":128125,"url":"https:\/\/lasprimeras.com.do\/index.php\/2026\/04\/20\/adriano-espaillat-impulsa-campana-en-el-alto-manhattan-junto-congresista-electa-analilia-mejia\/","url_meta":{"origin":82802,"position":1},"title":"Adriano Espaillat impulsa campa\u00f1a en el Alto Manhattan junto congresista electa Analilia Mej\u00eda","author":"Nelson Feliz","date":"20 de abril de 2026","format":false,"excerpt":"Por Ram\u00f3n Mercedes NUEVA YORK.- El congresista Adriano Espaillat (D-13) encabez\u00f3 este fin de semana un evento de campa\u00f1a en el vecindario de Hamilton Heights, en el Alto Manhattan, ante decenas de votantes, acompa\u00f1ado por la congresista electa de Nueva Jersey, Analilia Mej\u00eda. La actividad reuni\u00f3 a l\u00edderes comunitarios, funcionarios\u2026","rel":"","context":"En \u00abLA VOZ DE LA DIASPORA\u00bb","block_context":{"text":"LA VOZ DE LA DIASPORA","link":"https:\/\/lasprimeras.com.do\/index.php\/category\/la-voz-de-la-diaspora\/"},"img":{"alt_text":"","src":"https:\/\/i0.wp.com\/lasprimeras.com.do\/wp-content\/uploads\/2026\/04\/Parrafo-5-.-Visitan-congresista-Espaillat.jpg?resize=350%2C200&ssl=1","width":350,"height":200},"classes":[]},{"id":127887,"url":"https:\/\/lasprimeras.com.do\/index.php\/2026\/04\/17\/precohis-apoya-adriano-espaillat-para-un-nuevo-periodo-en-el-congreso-ee-uu\/","url_meta":{"origin":82802,"position":2},"title":"PreCoHis apoya Adriano Espaillat para un nuevo periodo en el Congreso EE. UU.","author":"Nelson Feliz","date":"17 de abril de 2026","format":false,"excerpt":"Por Ram\u00f3n Mercedes NUEVA YORK.- La direcci\u00f3n ejecutiva de la entidad Prensa & Comunidad Hispana (PreCoHis), que preside el autor de esta cr\u00f3nica, aprob\u00f3 respaldar al congresista Adriano Espaillat D-13 en las primarias dem\u00f3cratas a celebrarse el pr\u00f3ximo 23 de junio. Espaillat aspira a un nuevo per\u00edodo en el Congreso\u2026","rel":"","context":"En \u00abINTERNACIONALES\u00bb","block_context":{"text":"INTERNACIONALES","link":"https:\/\/lasprimeras.com.do\/index.php\/category\/sin-categoria\/internacionales\/"},"img":{"alt_text":"","src":"https:\/\/i0.wp.com\/lasprimeras.com.do\/wp-content\/uploads\/2026\/04\/IMG-20260417-WA0073.jpg?resize=350%2C200&ssl=1","width":350,"height":200,"srcset":"https:\/\/i0.wp.com\/lasprimeras.com.do\/wp-content\/uploads\/2026\/04\/IMG-20260417-WA0073.jpg?resize=350%2C200&ssl=1 1x, https:\/\/i0.wp.com\/lasprimeras.com.do\/wp-content\/uploads\/2026\/04\/IMG-20260417-WA0073.jpg?resize=525%2C300&ssl=1 1.5x"},"classes":[]},{"id":88594,"url":"https:\/\/lasprimeras.com.do\/index.php\/2024\/08\/31\/distribuiran-25-millones-para-apoyar-solicitantes-de-asilo-en-nueva-york\/","url_meta":{"origin":82802,"position":3},"title":"Distribuir\u00e1n $25 millones para apoyar solicitantes de asilo en Nueva York","author":"Nelson Feliz","date":"31 de agosto de 2024","format":false,"excerpt":"La iniciativa, encabezada por el legislador Adriano Espaillat para asignar fondos federales para ayudar a las familias migrantes en la ciudad de Nueva York y en las principales ciudades de la naci\u00f3n.\u00a0Por: Aquiles Rojas NUEVA YORK. \u00a0\u2013La Oficina de Aduanas y Protecci\u00f3n Fronteriza de los Estados Unidos y la Agencia\u2026","rel":"","context":"En \u00abECONOM\u00cdA\u00bb","block_context":{"text":"ECONOM\u00cdA","link":"https:\/\/lasprimeras.com.do\/index.php\/category\/economia\/"},"img":{"alt_text":"Adriano Espaillat","src":"https:\/\/i0.wp.com\/lasprimeras.com.do\/wp-content\/uploads\/2024\/04\/Adriano-Espaillat.jpeg?resize=350%2C200&ssl=1","width":350,"height":200,"srcset":"https:\/\/i0.wp.com\/lasprimeras.com.do\/wp-content\/uploads\/2024\/04\/Adriano-Espaillat.jpeg?resize=350%2C200&ssl=1 1x, https:\/\/i0.wp.com\/lasprimeras.com.do\/wp-content\/uploads\/2024\/04\/Adriano-Espaillat.jpeg?resize=525%2C300&ssl=1 1.5x, https:\/\/i0.wp.com\/lasprimeras.com.do\/wp-content\/uploads\/2024\/04\/Adriano-Espaillat.jpeg?resize=700%2C400&ssl=1 2x"},"classes":[]},{"id":117774,"url":"https:\/\/lasprimeras.com.do\/index.php\/2025\/12\/15\/mamdani-nombra-congresista-espaillat-y-otros-para-conectar-con-diversas-comunidades\/","url_meta":{"origin":82802,"position":4},"title":"Mamdani nombra congresista Espaillat y otros para conectar con diversas comunidades","author":"Nelson Feliz","date":"15 de diciembre de 2025","format":false,"excerpt":"Por Ram\u00f3n Mercedes NUEVA YORK.- El alcalde electo en esta ciudad, Zohran Mamdani, quien asumir\u00e1 el cargo el pr\u00f3ximo 1 de enero, nombr\u00f3 al congresista Adriano Espaillat (D-13) en su Comit\u00e9 Asesor, con el objetivo de servir de enlace entre la nueva Alcald\u00eda y las diversas comunidades, as\u00ed como para\u2026","rel":"","context":"En \u00abINTERNACIONALES\u00bb","block_context":{"text":"INTERNACIONALES","link":"https:\/\/lasprimeras.com.do\/index.php\/category\/sin-categoria\/internacionales\/"},"img":{"alt_text":"","src":"https:\/\/i0.wp.com\/lasprimeras.com.do\/wp-content\/uploads\/2025\/12\/Zohran-Mamdani-2.jpeg?resize=350%2C200&ssl=1","width":350,"height":200,"srcset":"https:\/\/i0.wp.com\/lasprimeras.com.do\/wp-content\/uploads\/2025\/12\/Zohran-Mamdani-2.jpeg?resize=350%2C200&ssl=1 1x, https:\/\/i0.wp.com\/lasprimeras.com.do\/wp-content\/uploads\/2025\/12\/Zohran-Mamdani-2.jpeg?resize=525%2C300&ssl=1 1.5x"},"classes":[]},{"id":114474,"url":"https:\/\/lasprimeras.com.do\/index.php\/2025\/11\/14\/congreso-usa-reconoce-dr-angel-la-paz-por-su-trayectoria-en-salud-y-periodistica-en-nyc\/","url_meta":{"origin":82802,"position":5},"title":"Congreso USA reconoce Dr. \u00c1ngel La Paz por su trayectoria en salud y period\u00edstica en NYC","author":"Nelson Feliz","date":"14 de noviembre de 2025","format":false,"excerpt":"Por Ram\u00f3n Mercedes NUEVA YORK.- El Congreso de los Estados Unidos reconoci\u00f3 a trav\u00e9s del congresista Adriano Espaillat al m\u00e9dico riosanjuanero \u00c1ngel Arismendy La Paz, por su trayectoria y aporte a la comunidad neoyorquina a trav\u00e9s de su profesi\u00f3n como m\u00e9dico y su accionar period\u00edstico como director de Costaverdedr.com \u201cCONSIDERANDO:\u2026","rel":"","context":"En \u00abLA VOZ DE LA DIASPORA\u00bb","block_context":{"text":"LA VOZ DE LA DIASPORA","link":"https:\/\/lasprimeras.com.do\/index.php\/category\/la-voz-de-la-diaspora\/"},"img":{"alt_text":"","src":"https:\/\/i0.wp.com\/lasprimeras.com.do\/wp-content\/uploads\/2025\/11\/WhatsApp-Image-2025-11-14-at-8.14.06-AM.jpeg?resize=350%2C200&ssl=1","width":350,"height":200,"srcset":"https:\/\/i0.wp.com\/lasprimeras.com.do\/wp-content\/uploads\/2025\/11\/WhatsApp-Image-2025-11-14-at-8.14.06-AM.jpeg?resize=350%2C200&ssl=1 1x, https:\/\/i0.wp.com\/lasprimeras.com.do\/wp-content\/uploads\/2025\/11\/WhatsApp-Image-2025-11-14-at-8.14.06-AM.jpeg?resize=525%2C300&ssl=1 1.5x"},"classes":[]}],"jetpack_sharing_enabled":true,"_links":{"self":[{"href":"https:\/\/lasprimeras.com.do\/index.php\/wp-json\/wp\/v2\/posts\/82802","targetHints":{"allow":["GET"]}}],"collection":[{"href":"https:\/\/lasprimeras.com.do\/index.php\/wp-json\/wp\/v2\/posts"}],"about":[{"href":"https:\/\/lasprimeras.com.do\/index.php\/wp-json\/wp\/v2\/types\/post"}],"author":[{"embeddable":true,"href":"https:\/\/lasprimeras.com.do\/index.php\/wp-json\/wp\/v2\/users\/6"}],"replies":[{"embeddable":true,"href":"https:\/\/lasprimeras.com.do\/index.php\/wp-json\/wp\/v2\/comments?post=82802"}],"version-history":[{"count":1,"href":"https:\/\/lasprimeras.com.do\/index.php\/wp-json\/wp\/v2\/posts\/82802\/revisions"}],"predecessor-version":[{"id":82804,"href":"https:\/\/lasprimeras.com.do\/index.php\/wp-json\/wp\/v2\/posts\/82802\/revisions\/82804"}],"wp:featuredmedia":[{"embeddable":true,"href":"https:\/\/lasprimeras.com.do\/index.php\/wp-json\/wp\/v2\/media\/82803"}],"wp:attachment":[{"href":"https:\/\/lasprimeras.com.do\/index.php\/wp-json\/wp\/v2\/media?parent=82802"}],"wp:term":[{"taxonomy":"category","embeddable":true,"href":"https:\/\/lasprimeras.com.do\/index.php\/wp-json\/wp\/v2\/categories?post=82802"},{"taxonomy":"post_tag","embeddable":true,"href":"https:\/\/lasprimeras.com.do\/index.php\/wp-json\/wp\/v2\/tags?post=82802"}],"curies":[{"name":"wp","href":"https:\/\/api.w.org\/{rel}","templated":true}]}}