{"id":82808,"date":"2024-05-07T23:04:28","date_gmt":"2024-05-08T03:04:28","guid":{"rendered":"https:\/\/lasprimeras.com.do\/?p=82808"},"modified":"2024-05-07T23:04:29","modified_gmt":"2024-05-08T03:04:29","slug":"senado-y-oei-firman-acuerdo-para-capacitar-nuevos-senadores-y-formar-a-sus-colaboradores","status":"publish","type":"post","link":"https:\/\/lasprimeras.com.do\/index.php\/2024\/05\/07\/senado-y-oei-firman-acuerdo-para-capacitar-nuevos-senadores-y-formar-a-sus-colaboradores\/","title":{"rendered":"Senado y OEI firman acuerdo para capacitar nuevos senadores y formar a sus colaboradores"},"content":{"rendered":"\n<p>El Senado de la Rep\u00fablica y la Organizaci\u00f3n de los Estados Iberoamericanos para la Educaci\u00f3n, la Ciencia y la Cultura (OEI), firmaron un acuerdo para desarrollar iniciativas de fortalecimiento y asesoramiento t\u00e9cnico en \u00e1reas como democracia, derechos humanos, educaci\u00f3n, ciencia y cultura, para la capacitaci\u00f3n de los nuevos legisladores y formaci\u00f3n a los colaboradores de la C\u00e1mara Alta.<\/p>\n\n\n\n<p>El convenio fue rubricado este martes por el presidente del Senado, Ricardo de los Santos y Mariano Jabonero (a trav\u00e9s de la plataforma Zoom), presidente de la OEI, durante un acto celebrado en el auditorio de la sede legislativa, con la presencia de Catalina And\u00fajar, representante en el pa\u00eds del organismo internacional.<\/p>\n\n\n\n<p>El presidente Ricardo de los Santos destac\u00f3 la importancia de la firma del convenio que servir\u00e1 para fortalecer los conocimientos de los legisladores y colaboradores del Senado de la Rep\u00fablica en t\u00e9cnica legislativa y administraci\u00f3n parlamentaria.<\/p>\n\n\n\n<p>\u201cEstamos inmersos en un proceso electoral, por lo que es sumamente importante que inmediatamente concluya el mismo, los legisladores que resulten ganadores, podamos brindarle un acompa\u00f1amiento para la capacitaci\u00f3n en t\u00e9cnicas legislativas y administraci\u00f3n parlamentaria. Con acuerdos como estos, nosotros seguimos apostando a un mejor Senado, un mejor Congreso Nacional y a una mejor Rep\u00fablica Dominicana\u201d, subray\u00f3 el representante de S\u00e1nchez Ram\u00edrez.<\/p>\n\n\n\n<p>De los Santos sostuvo que \u201ccon la firma de este cuerdo con la OEI lo que buscamos es seguir mejorando en nuestra calidad legislativa y trazar estrategias para acercar el pa\u00eds en ese marco legislativo que se adapte a los nuevos tiempos\u201d.<\/p>\n\n\n\n<p>En su participaci\u00f3n de forma virtual, el presidente de la OEI, Mariano Jabonero extern\u00f3 su agradecimiento al presidente del Senado, Ricardo de los Santos, por la confianza depositada en el organismo que dirige.<\/p>\n\n\n\n<p>\u201cGracias, primero al Senado de la Rep\u00fablica y luego a su presidente Ricardo de los Santos, porque siempre ha manifestado y depositado su confianza en la OEI. Nosotros desde esta instituci\u00f3n podemos proveer de capacitaci\u00f3n y formaci\u00f3n a los nuevos legisladores que junto con los ya veteranos recibir\u00e1n estos conocimientos y podremos ayudarlos para que su labor sea m\u00e1s eficaz. Para nosotros es un privilegio poder ofrecer este servicio a la Rep\u00fablica Dominicana a trav\u00e9s de uno de los poderes b\u00e1sicos de su democracia\u201d, precis\u00f3.<\/p>\n\n\n\n<p>En tanto, la representante de la OEI en el pa\u00eds, Catalina And\u00fajar dijo que \u201cde esta instituci\u00f3n reiteramos nuestro compromiso con este acuerdo y con su implementaci\u00f3n. A partir de esta firma se van a elaborar protocolos espec\u00edficos a partir de un trabajo conjunto para ir operativizando este convenio de acuerdo a las acciones priorizadas por el Senado y de inter\u00e9s com\u00fan\u201d.<\/p>\n\n\n\n<p>El convenio tiene como objetivo aunar esfuerzos entre las partes para la realizaci\u00f3n de un trabajo de colaboraci\u00f3n dirigido al fortalecimiento institucional y el asesoramiento t\u00e9cnico especializado para apoyar al di\u00e1logo y a la toma de decisiones basadas en evidencias.<\/p>\n\n\n\n<p>En la actividad particip\u00f3 el senador por la provincia de Monte Plata, Len\u00edn Valdez, la asesora y exministra de Educaci\u00f3n, Jacqueline Malag\u00f3n, asi como funcionarios y colaboradores del Senado de la Rep\u00fablica.<\/p>\n","protected":false},"excerpt":{"rendered":"<p>El Senado de la Rep\u00fablica y la Organizaci\u00f3n de los Estados Iberoamericanos para la Educaci\u00f3n, la Ciencia y la Cultura (OEI), firmaron un acuerdo para desarrollar iniciativas de fortalecimiento y&hellip;<\/p>\n","protected":false},"author":6,"featured_media":82809,"comment_status":"open","ping_status":"open","sticky":false,"template":"","format":"standard","meta":{"content-type":"","jetpack_post_was_ever_published":false,"_jetpack_newsletter_access":"","_jetpack_dont_email_post_to_subs":false,"_jetpack_newsletter_tier_id":0,"_jetpack_memberships_contains_paywalled_content":false,"_jetpack_memberships_contains_paid_content":false,"footnotes":""},"categories":[35,25],"tags":[521,12839,3092,12838,413,3300],"class_list":["post-82808","post","type-post","status-publish","format-standard","has-post-thumbnail","hentry","category-nacionales","category-portada","tag-acuerdo","tag-capacitar","tag-colaboradores","tag-oei","tag-senado","tag-senadores"],"jetpack_featured_media_url":"https:\/\/lasprimeras.com.do\/wp-content\/uploads\/2024\/05\/Ricardo-de-los-Santos-y-Mariano-Jabonero-1.jpg","jetpack-related-posts":[{"id":80731,"url":"https:\/\/lasprimeras.com.do\/index.php\/2024\/04\/11\/senado-realiza-panel-sobre-inteligencia-artificial-para-fomentar-la-innovacion-y-competitividad-tecnologica\/","url_meta":{"origin":82808,"position":0},"title":"Senado realiza panel sobre Inteligencia Artificial para fomentar la innovaci\u00f3n y competitividad tecnol\u00f3gica","author":"BIMARY DE JES\u00daS Matos","date":"11 de abril de 2024","format":false,"excerpt":"SANTO DOMINGO. - El presidente del Senado, Ricardo de los Santos, encabez\u00f3 este jueves el panel \u201cInnovaci\u00f3n Legislativa en la Era Digital: un di\u00e1logo sobre Inteligencia Artificial\u201d, en el que cinco (5) expositores y sus relatores abordaron los temas de desarrollo, importancia, aplicaci\u00f3n y protecci\u00f3n de datos en la Inteligencia\u2026","rel":"","context":"En \u00abNACIONALES\u00bb","block_context":{"text":"NACIONALES","link":"https:\/\/lasprimeras.com.do\/index.php\/category\/nacionales\/"},"img":{"alt_text":"","src":"https:\/\/i0.wp.com\/lasprimeras.com.do\/wp-content\/uploads\/2024\/04\/IMG-20240411-WA0023.jpg?resize=350%2C200&ssl=1","width":350,"height":200,"srcset":"https:\/\/i0.wp.com\/lasprimeras.com.do\/wp-content\/uploads\/2024\/04\/IMG-20240411-WA0023.jpg?resize=350%2C200&ssl=1 1x, https:\/\/i0.wp.com\/lasprimeras.com.do\/wp-content\/uploads\/2024\/04\/IMG-20240411-WA0023.jpg?resize=525%2C300&ssl=1 1.5x, https:\/\/i0.wp.com\/lasprimeras.com.do\/wp-content\/uploads\/2024\/04\/IMG-20240411-WA0023.jpg?resize=700%2C400&ssl=1 2x, https:\/\/i0.wp.com\/lasprimeras.com.do\/wp-content\/uploads\/2024\/04\/IMG-20240411-WA0023.jpg?resize=1050%2C600&ssl=1 3x, https:\/\/i0.wp.com\/lasprimeras.com.do\/wp-content\/uploads\/2024\/04\/IMG-20240411-WA0023.jpg?resize=1400%2C800&ssl=1 4x"},"classes":[]},{"id":60771,"url":"https:\/\/lasprimeras.com.do\/index.php\/2023\/09\/18\/senado-firma-acuerdo-con-la-universidad-castilla-la-marcha-para-formacion-educativa\/","url_meta":{"origin":82808,"position":1},"title":"Senado firma acuerdo con la Universidad Castilla-La Marcha para formaci\u00f3n educativa","author":"Nelson Feliz","date":"18 de septiembre de 2023","format":false,"excerpt":"\u00a0El acuerdo permitir\u00e1 a senadores, funcionarios y colaboradores\u00a0 de la C\u00e1mara Alta, realizar maestr\u00edas de derecho constitucional y derecho p\u00fablico, de manera presencial. El presidente del Senado de la Rep\u00fablica, Ricardo De los Santos,\u00a0 firm\u00f3 un acuerdo de colaboraci\u00f3n con representantes de la Universidad de Castilla-La Mancha (UCLM), para ofrecer\u2026","rel":"","context":"En \u00abNACIONALES\u00bb","block_context":{"text":"NACIONALES","link":"https:\/\/lasprimeras.com.do\/index.php\/category\/nacionales\/"},"img":{"alt_text":"","src":"https:\/\/i0.wp.com\/lasprimeras.com.do\/wp-content\/uploads\/2023\/09\/senado-1-1.jpg?resize=350%2C200&ssl=1","width":350,"height":200,"srcset":"https:\/\/i0.wp.com\/lasprimeras.com.do\/wp-content\/uploads\/2023\/09\/senado-1-1.jpg?resize=350%2C200&ssl=1 1x, https:\/\/i0.wp.com\/lasprimeras.com.do\/wp-content\/uploads\/2023\/09\/senado-1-1.jpg?resize=525%2C300&ssl=1 1.5x, https:\/\/i0.wp.com\/lasprimeras.com.do\/wp-content\/uploads\/2023\/09\/senado-1-1.jpg?resize=700%2C400&ssl=1 2x"},"classes":[]},{"id":90886,"url":"https:\/\/lasprimeras.com.do\/index.php\/2024\/11\/02\/adp-aclara-que-el-proceso-contra-el-minerd-y-la-oei-esta-activo-y-vigente-ante-el-tsa\/","url_meta":{"origin":82808,"position":2},"title":"ADP aclara que el proceso contra el MINERD y la OEI esta activo y vigente ante el TSA","author":"Nelson Feliz","date":"2 de noviembre de 2024","format":false,"excerpt":"La Asociaci\u00f3n Dominicana de Profesores (ADP) precis\u00f3 hoy que el Tribunal Superior Administrativo (TSA) no ha rechazado el recurso incoado por el sindicato magisterial, sino que el proceso judicial est\u00e1 vigente y activo en el TSA. La ADP demand\u00f3 la licitud y la trasparencia del proceso de contrataci\u00f3n para la\u2026","rel":"","context":"En \u00abNACIONALES\u00bb","block_context":{"text":"NACIONALES","link":"https:\/\/lasprimeras.com.do\/index.php\/category\/nacionales\/"},"img":{"alt_text":"","src":"https:\/\/i0.wp.com\/lasprimeras.com.do\/wp-content\/uploads\/2024\/11\/ADP-1.jpg?resize=350%2C200&ssl=1","width":350,"height":200,"srcset":"https:\/\/i0.wp.com\/lasprimeras.com.do\/wp-content\/uploads\/2024\/11\/ADP-1.jpg?resize=350%2C200&ssl=1 1x, https:\/\/i0.wp.com\/lasprimeras.com.do\/wp-content\/uploads\/2024\/11\/ADP-1.jpg?resize=525%2C300&ssl=1 1.5x, https:\/\/i0.wp.com\/lasprimeras.com.do\/wp-content\/uploads\/2024\/11\/ADP-1.jpg?resize=700%2C400&ssl=1 2x"},"classes":[]},{"id":102792,"url":"https:\/\/lasprimeras.com.do\/index.php\/2025\/07\/08\/senado-e-infotep-formalizan-acuerdo-para-robustecer-la-formacion-institucional\/","url_meta":{"origin":82808,"position":3},"title":"Senado e INFOTEP formalizan acuerdo para robustecer la formaci\u00f3n institucional","author":"Nelson Feliz","date":"8 de julio de 2025","format":false,"excerpt":"\u2022La C\u00e1mara Alta y el \u00f3rgano rector de la formaci\u00f3n t\u00e9cnico profesional unen esfuerzos para capacitar a senadores y su personal en \u00e1reas estrat\u00e9gicas. El Senado de la Rep\u00fablica y el Instituto Nacional de Formaci\u00f3n T\u00e9cnico Profesional (INFOTEP) firmaron un acuerdo de colaboraci\u00f3n interinstitucional dirigido a los legisladores y colaboradores\u2026","rel":"","context":"En \u00abNACIONALES\u00bb","block_context":{"text":"NACIONALES","link":"https:\/\/lasprimeras.com.do\/index.php\/category\/nacionales\/"},"img":{"alt_text":"","src":"https:\/\/i0.wp.com\/lasprimeras.com.do\/wp-content\/uploads\/2025\/07\/Ricardo-de-los-Santos-y-Rafael-Santos-Badia-1.jpg?resize=350%2C200&ssl=1","width":350,"height":200,"srcset":"https:\/\/i0.wp.com\/lasprimeras.com.do\/wp-content\/uploads\/2025\/07\/Ricardo-de-los-Santos-y-Rafael-Santos-Badia-1.jpg?resize=350%2C200&ssl=1 1x, https:\/\/i0.wp.com\/lasprimeras.com.do\/wp-content\/uploads\/2025\/07\/Ricardo-de-los-Santos-y-Rafael-Santos-Badia-1.jpg?resize=525%2C300&ssl=1 1.5x, https:\/\/i0.wp.com\/lasprimeras.com.do\/wp-content\/uploads\/2025\/07\/Ricardo-de-los-Santos-y-Rafael-Santos-Badia-1.jpg?resize=700%2C400&ssl=1 2x"},"classes":[]},{"id":85995,"url":"https:\/\/lasprimeras.com.do\/index.php\/2024\/07\/14\/ricardo-de-los-santos-desafio-poder-legislativo-es-administrar-con-humildad-y-respaldo-popular\/","url_meta":{"origin":82808,"position":4},"title":"Ricardo de los Santos: Desaf\u00edo Poder Legislativo es administrar con humildad y respaldo popular","author":"Nelson Feliz","date":"14 de julio de 2024","format":false,"excerpt":"El\u00a0 presidente del Senado de la Rep\u00fablica, Ricardo de los Santos, consider\u00f3 que el principal desaf\u00edo de los legisladores que se juramentar\u00e1n el pr\u00f3ximo 16 de agosto,\u00a0 es saber administrar con humildad el amplio apoyo popular obtenido en las urnas por el Partido Revolucionario Moderno (PRM). \u201cSi no sabemos administrar\u2026","rel":"","context":"En \u00abPORTADA\u00bb","block_context":{"text":"PORTADA","link":"https:\/\/lasprimeras.com.do\/index.php\/category\/portada\/"},"img":{"alt_text":"Ricardo de los Santos","src":"https:\/\/i0.wp.com\/lasprimeras.com.do\/wp-content\/uploads\/2024\/07\/Ricardo-de-los-Santos-3.jpg?resize=350%2C200&ssl=1","width":350,"height":200,"srcset":"https:\/\/i0.wp.com\/lasprimeras.com.do\/wp-content\/uploads\/2024\/07\/Ricardo-de-los-Santos-3.jpg?resize=350%2C200&ssl=1 1x, https:\/\/i0.wp.com\/lasprimeras.com.do\/wp-content\/uploads\/2024\/07\/Ricardo-de-los-Santos-3.jpg?resize=525%2C300&ssl=1 1.5x, https:\/\/i0.wp.com\/lasprimeras.com.do\/wp-content\/uploads\/2024\/07\/Ricardo-de-los-Santos-3.jpg?resize=700%2C400&ssl=1 2x"},"classes":[]},{"id":85227,"url":"https:\/\/lasprimeras.com.do\/index.php\/2024\/06\/25\/museo-memorial-gana-el-premio-iberoamericano-de-educacion-en-derechos-humanos-de-la-oei\/","url_meta":{"origin":82808,"position":5},"title":"Museo Memorial gana el Premio Iberoamericano de Educaci\u00f3n en Derechos Humanos de la OEI","author":"Nelson Feliz","date":"25 de junio de 2024","format":false,"excerpt":"LA INSTITUCI\u00d3N RECIBI\u00d3 LA V EDICI\u00d3N DEL PREMIO POR SU CONTRIBUCI\u00d3N A LA EDUCACI\u00d3N NO FORMAL EN LA PROMOCI\u00d3N DE LOS DDHH Y LOS VALORES DEMOCR\u00c1TICOS. El Museo Memorial de la Resistencia Dominicana recibi\u00f3 la V edici\u00f3n nacional del Premio Iberoamericano de Educaci\u00f3n en Derechos Humanos \u201c\u00d3scar Arnulfo Romero\u201d que\u2026","rel":"","context":"En \u00abNACIONALES\u00bb","block_context":{"text":"NACIONALES","link":"https:\/\/lasprimeras.com.do\/index.php\/category\/nacionales\/"},"img":{"alt_text":"Museo Memorial","src":"https:\/\/i0.wp.com\/lasprimeras.com.do\/wp-content\/uploads\/2024\/06\/Museo-Memorial-1.jpg?resize=350%2C200&ssl=1","width":350,"height":200,"srcset":"https:\/\/i0.wp.com\/lasprimeras.com.do\/wp-content\/uploads\/2024\/06\/Museo-Memorial-1.jpg?resize=350%2C200&ssl=1 1x, https:\/\/i0.wp.com\/lasprimeras.com.do\/wp-content\/uploads\/2024\/06\/Museo-Memorial-1.jpg?resize=525%2C300&ssl=1 1.5x"},"classes":[]}],"jetpack_sharing_enabled":true,"_links":{"self":[{"href":"https:\/\/lasprimeras.com.do\/index.php\/wp-json\/wp\/v2\/posts\/82808","targetHints":{"allow":["GET"]}}],"collection":[{"href":"https:\/\/lasprimeras.com.do\/index.php\/wp-json\/wp\/v2\/posts"}],"about":[{"href":"https:\/\/lasprimeras.com.do\/index.php\/wp-json\/wp\/v2\/types\/post"}],"author":[{"embeddable":true,"href":"https:\/\/lasprimeras.com.do\/index.php\/wp-json\/wp\/v2\/users\/6"}],"replies":[{"embeddable":true,"href":"https:\/\/lasprimeras.com.do\/index.php\/wp-json\/wp\/v2\/comments?post=82808"}],"version-history":[{"count":1,"href":"https:\/\/lasprimeras.com.do\/index.php\/wp-json\/wp\/v2\/posts\/82808\/revisions"}],"predecessor-version":[{"id":82810,"href":"https:\/\/lasprimeras.com.do\/index.php\/wp-json\/wp\/v2\/posts\/82808\/revisions\/82810"}],"wp:featuredmedia":[{"embeddable":true,"href":"https:\/\/lasprimeras.com.do\/index.php\/wp-json\/wp\/v2\/media\/82809"}],"wp:attachment":[{"href":"https:\/\/lasprimeras.com.do\/index.php\/wp-json\/wp\/v2\/media?parent=82808"}],"wp:term":[{"taxonomy":"category","embeddable":true,"href":"https:\/\/lasprimeras.com.do\/index.php\/wp-json\/wp\/v2\/categories?post=82808"},{"taxonomy":"post_tag","embeddable":true,"href":"https:\/\/lasprimeras.com.do\/index.php\/wp-json\/wp\/v2\/tags?post=82808"}],"curies":[{"name":"wp","href":"https:\/\/api.w.org\/{rel}","templated":true}]}}