{"id":82817,"date":"2024-05-07T23:33:25","date_gmt":"2024-05-08T03:33:25","guid":{"rendered":"https:\/\/lasprimeras.com.do\/?p=82817"},"modified":"2024-05-07T23:33:27","modified_gmt":"2024-05-08T03:33:27","slug":"candidato-a-senador-de-barahona-llama-a-tomar-medidas-para-prevenir-el-dengue","status":"publish","type":"post","link":"https:\/\/lasprimeras.com.do\/index.php\/2024\/05\/07\/candidato-a-senador-de-barahona-llama-a-tomar-medidas-para-prevenir-el-dengue\/","title":{"rendered":"Candidato a senador de Barahona llama a tomar medidas para prevenir el dengue"},"content":{"rendered":"\n<p>El senador y candidato de la Alianza Rescate RD, Jos\u00e9 del Castillo Savi\u00f1\u00f3n, llam\u00f3 a la poblaci\u00f3n a tomar las medidas de prevenci\u00f3n para evitar la propagaci\u00f3n del mosquito Aedes Aegypti, transmisor del dengue.<br><br>El congresista sure\u00f1o indic\u00f3 que lo m\u00e1s importante es eliminar en sus respectivas viviendas los criaderos del mosquito Aedes Aegypti transmisor del dengue, como son latas viejas, charcos, aguas estancadas, neum\u00e1ticos inservibles y pozos de agua.<\/p>\n\n\n\n<p>&#8220;Ahora que est\u00e1 lloviendo en el pa\u00eds y se acerca la temporada cicl\u00f3nica es fundamental que la poblaci\u00f3n est\u00e9 informada sobre la prevenci\u00f3n del dengue, tomar medidas preventivas, como eliminar los criaderos de mosquitos, usar repelente y mantener limpios los espacios&#8221;, subray\u00f3.<\/p>\n\n\n\n<p>Del Castillo Savi\u00f1\u00f3n, expres\u00f3 que el dengue es una enfermedad viral caracterizada por fiebres altas, dolores de cabeza, musculares y de las articulaciones, por lo que entiende que la ciudadan\u00eda debe escuchar e implementar, las medidas de prevenci\u00f3n recomendadas por las autoridades.<\/p>\n\n\n\n<p>Manifest\u00f3 que las personas que se sientan con s\u00edntomas de la enfermedad, deben acudir r\u00e1pidamente al m\u00e9dico y as\u00ed se evita cualquier reacci\u00f3n secundaria.<\/p>\n","protected":false},"excerpt":{"rendered":"<p>El senador y candidato de la Alianza Rescate RD, Jos\u00e9 del Castillo Savi\u00f1\u00f3n, llam\u00f3 a la poblaci\u00f3n a tomar las medidas de prevenci\u00f3n para evitar la propagaci\u00f3n del mosquito Aedes&hellip;<\/p>\n","protected":false},"author":6,"featured_media":82818,"comment_status":"open","ping_status":"open","sticky":false,"template":"","format":"standard","meta":{"content-type":"","jetpack_post_was_ever_published":false,"_jetpack_newsletter_access":"","_jetpack_dont_email_post_to_subs":false,"_jetpack_newsletter_tier_id":0,"_jetpack_memberships_contains_paywalled_content":false,"_jetpack_memberships_contains_paid_content":false,"footnotes":""},"categories":[1],"tags":[1526,458,5785,1186,1172,1101],"class_list":["post-82817","post","type-post","status-publish","format-standard","has-post-thumbnail","hentry","category-sin-categoria","tag-candidato","tag-dengue","tag-jose-del-castillo","tag-medidas","tag-prevenir","tag-senador"],"jetpack_featured_media_url":"https:\/\/lasprimeras.com.do\/wp-content\/uploads\/2024\/05\/Jose-del-Castillo-Savinon.jpg","jetpack-related-posts":[{"id":115777,"url":"https:\/\/lasprimeras.com.do\/index.php\/2025\/11\/25\/ministerio-de-salud-refuerza-vigilancia-epidemiologica-ante-circulacion-de-chikungunya-en-cuba\/","url_meta":{"origin":82817,"position":0},"title":"Ministerio de Salud refuerza vigilancia epidemiol\u00f3gica ante circulaci\u00f3n de chikungunya en Cuba","author":"Nelson Feliz","date":"25 de noviembre de 2025","format":false,"excerpt":"El Ministerio de Salud, inform\u00f3 que ha intensificado las acciones de vigilancia epidemiol\u00f3gica y control de vectores en todo el territorio nacional, como parte de la estrategia permanente de prevenci\u00f3n y respuesta ante el brote de chikungunya reportado en Cuba y otros pa\u00edses del Caribe. La instituci\u00f3n explic\u00f3 que estas\u2026","rel":"","context":"En \u00abSALUD\u00bb","block_context":{"text":"SALUD","link":"https:\/\/lasprimeras.com.do\/index.php\/category\/salud\/"},"img":{"alt_text":"","src":"https:\/\/i0.wp.com\/lasprimeras.com.do\/wp-content\/uploads\/2025\/11\/chikungunya-1.jpg?resize=350%2C200&ssl=1","width":350,"height":200,"srcset":"https:\/\/i0.wp.com\/lasprimeras.com.do\/wp-content\/uploads\/2025\/11\/chikungunya-1.jpg?resize=350%2C200&ssl=1 1x, https:\/\/i0.wp.com\/lasprimeras.com.do\/wp-content\/uploads\/2025\/11\/chikungunya-1.jpg?resize=525%2C300&ssl=1 1.5x, https:\/\/i0.wp.com\/lasprimeras.com.do\/wp-content\/uploads\/2025\/11\/chikungunya-1.jpg?resize=700%2C400&ssl=1 2x"},"classes":[]},{"id":64812,"url":"https:\/\/lasprimeras.com.do\/index.php\/2023\/10\/23\/ministro-de-defensa-y-miembros-de-cesmet-se-integran-a-jornada-contra-el-dengue\/","url_meta":{"origin":82817,"position":1},"title":"Ministro de Defensa y miembros de CESMET se integran a jornada contra el dengue","author":"Nelson Feliz","date":"23 de octubre de 2023","format":false,"excerpt":"Por Martin Restituyo El Ministro de Defensa, Teniente General Carlos Luciano D\u00edaz Morfa realiz\u00f3 una gran jornada de acci\u00f3n preventiva contra el Dengue, dirigida para combatir la reproducci\u00f3n del mosquito \"Aedes aegypti\" que transmite la enfermedad. Tambi\u00e9n, los miembros del Cuerpo Especializado para la Seguridad del Metro y Telef\u00e9rico de\u2026","rel":"","context":"En \u00abNACIONALES\u00bb","block_context":{"text":"NACIONALES","link":"https:\/\/lasprimeras.com.do\/index.php\/category\/nacionales\/"},"img":{"alt_text":"jornada","src":"https:\/\/i0.wp.com\/lasprimeras.com.do\/wp-content\/uploads\/2023\/10\/jornada-1.jpg?resize=350%2C200&ssl=1","width":350,"height":200,"srcset":"https:\/\/i0.wp.com\/lasprimeras.com.do\/wp-content\/uploads\/2023\/10\/jornada-1.jpg?resize=350%2C200&ssl=1 1x, https:\/\/i0.wp.com\/lasprimeras.com.do\/wp-content\/uploads\/2023\/10\/jornada-1.jpg?resize=525%2C300&ssl=1 1.5x, https:\/\/i0.wp.com\/lasprimeras.com.do\/wp-content\/uploads\/2023\/10\/jornada-1.jpg?resize=700%2C400&ssl=1 2x"},"classes":[]},{"id":64803,"url":"https:\/\/lasprimeras.com.do\/index.php\/2023\/10\/23\/idoppril-fumiga-areas-de-sus-oficinas-en-todo-el-pais-para-atacar-el-mosquito-provoca-el-dengue\/","url_meta":{"origin":82817,"position":2},"title":"IDOPPRIL fumiga \u00e1reas de sus oficinas en todo el pa\u00eds, para atacar el mosquito provoca el dengue","author":"Nelson Feliz","date":"23 de octubre de 2023","format":false,"excerpt":"L\u00f3pez Sol\u00eds encabez\u00f3 la jornada de fumigaci\u00f3n llevada a cabo durante todo el fin de semana en las oficinas y, en los espacios y zonas cercanas a la instituci\u00f3n. Por Martin Restituyo Una intensa jornada de fumigaci\u00f3n fue llevada por el Instituto Dominicano de Prevenci\u00f3n y Protecci\u00f3n de Riesgos Laborales\u2026","rel":"","context":"En \u00abECONOM\u00cdA\u00bb","block_context":{"text":"ECONOM\u00cdA","link":"https:\/\/lasprimeras.com.do\/index.php\/category\/economia\/"},"img":{"alt_text":"IDOPPRIL","src":"https:\/\/i0.wp.com\/lasprimeras.com.do\/wp-content\/uploads\/2023\/10\/IDOPPRIL.jpg?resize=350%2C200&ssl=1","width":350,"height":200,"srcset":"https:\/\/i0.wp.com\/lasprimeras.com.do\/wp-content\/uploads\/2023\/10\/IDOPPRIL.jpg?resize=350%2C200&ssl=1 1x, https:\/\/i0.wp.com\/lasprimeras.com.do\/wp-content\/uploads\/2023\/10\/IDOPPRIL.jpg?resize=525%2C300&ssl=1 1.5x, https:\/\/i0.wp.com\/lasprimeras.com.do\/wp-content\/uploads\/2023\/10\/IDOPPRIL.jpg?resize=700%2C400&ssl=1 2x"},"classes":[]},{"id":64548,"url":"https:\/\/lasprimeras.com.do\/index.php\/2023\/10\/20\/el-coe-lanzara-este-sabado-mas-de-27000-personas-para-operativos-contra-el-dengue\/","url_meta":{"origin":82817,"position":3},"title":"El COE lanzar\u00e1 este s\u00e1bado m\u00e1s de 27,000 personas para operativos contra el dengue","author":"Nelson Feliz","date":"20 de octubre de 2023","format":false,"excerpt":"Las jornadas del COE contra el dengue ser\u00e1n a partir de las 7:00 de la ma\u00f1ana en el Gran Santo Domingo, San Crist\u00f3bal, San Pedro, La Romana, Barahona, Montecristi, Peravia y Monte Plata. El Centro de Operaciones de Emergencia (COE) lanzar\u00e1 este s\u00e1bado 21 de octubre un ej\u00e9rcito de 27,375\u2026","rel":"","context":"En \u00abNACIONALES\u00bb","block_context":{"text":"NACIONALES","link":"https:\/\/lasprimeras.com.do\/index.php\/category\/nacionales\/"},"img":{"alt_text":"coe","src":"https:\/\/i0.wp.com\/lasprimeras.com.do\/wp-content\/uploads\/2023\/08\/coe.jpg?resize=350%2C200&ssl=1","width":350,"height":200,"srcset":"https:\/\/i0.wp.com\/lasprimeras.com.do\/wp-content\/uploads\/2023\/08\/coe.jpg?resize=350%2C200&ssl=1 1x, https:\/\/i0.wp.com\/lasprimeras.com.do\/wp-content\/uploads\/2023\/08\/coe.jpg?resize=525%2C300&ssl=1 1.5x, https:\/\/i0.wp.com\/lasprimeras.com.do\/wp-content\/uploads\/2023\/08\/coe.jpg?resize=700%2C400&ssl=1 2x"},"classes":[]},{"id":60715,"url":"https:\/\/lasprimeras.com.do\/index.php\/2023\/09\/18\/tony-marte-realiza-operativo-de-fumigacion-para-erradicar-dengue-en-sdn\/","url_meta":{"origin":82817,"position":4},"title":"Tony Marte realiza operativo de fumigaci\u00f3n para erradicar dengue en SDN","author":"Nelson Feliz","date":"18 de septiembre de 2023","format":false,"excerpt":"El aspirante a alcalde del municipio Santo Domingo Norte, por el Partido Primero la Gente (PPG), Tony Marte, realiz\u00f3 un extenso operativo de fumigaci\u00f3n y limpieza en Sabana Perdida, para salvaguardar la salud de sus mun\u00edcipes y evitar la propagaci\u00f3n del dengue que mantiene preocupados a padres ante el aumento\u2026","rel":"","context":"En \u00abPORTADA\u00bb","block_context":{"text":"PORTADA","link":"https:\/\/lasprimeras.com.do\/index.php\/category\/portada\/"},"img":{"alt_text":"Tony Marte","src":"https:\/\/i0.wp.com\/lasprimeras.com.do\/wp-content\/uploads\/2023\/09\/Tony-Marte-1.jpg?resize=350%2C200&ssl=1","width":350,"height":200,"srcset":"https:\/\/i0.wp.com\/lasprimeras.com.do\/wp-content\/uploads\/2023\/09\/Tony-Marte-1.jpg?resize=350%2C200&ssl=1 1x, https:\/\/i0.wp.com\/lasprimeras.com.do\/wp-content\/uploads\/2023\/09\/Tony-Marte-1.jpg?resize=525%2C300&ssl=1 1.5x"},"classes":[]},{"id":51969,"url":"https:\/\/lasprimeras.com.do\/index.php\/2023\/06\/05\/luis-el-gallo-propone-fumigacion-contra-el-dengue-y-uso-de-mascarillas-prevencion-covid\/","url_meta":{"origin":82817,"position":5},"title":"Luis \u201cEl Gallo\u201d propone fumigaci\u00f3n contra el dengue, y uso de mascarillas prevenci\u00f3n Covid","author":"prenxa100","date":"5 de junio de 2023","format":false,"excerpt":"El presidente de la Uni\u00f3n Dem\u00f3crata Cristiana -UDC-, Luis Acosta Moreta, Luis \u201cEl Gallo\u201d, propuso hoy al ministerio de Salud P\u00fablica que inicie un programa nacional de fumigaci\u00f3n y limpieza para prevenir el dengue, y active una campa\u00f1a educativa para que se utilicen las mascarillas por el Covid 19. Apunt\u00f3\u2026","rel":"","context":"En \u00abNACIONALES\u00bb","block_context":{"text":"NACIONALES","link":"https:\/\/lasprimeras.com.do\/index.php\/category\/nacionales\/"},"img":{"alt_text":"","src":"","width":0,"height":0},"classes":[]}],"jetpack_sharing_enabled":true,"_links":{"self":[{"href":"https:\/\/lasprimeras.com.do\/index.php\/wp-json\/wp\/v2\/posts\/82817","targetHints":{"allow":["GET"]}}],"collection":[{"href":"https:\/\/lasprimeras.com.do\/index.php\/wp-json\/wp\/v2\/posts"}],"about":[{"href":"https:\/\/lasprimeras.com.do\/index.php\/wp-json\/wp\/v2\/types\/post"}],"author":[{"embeddable":true,"href":"https:\/\/lasprimeras.com.do\/index.php\/wp-json\/wp\/v2\/users\/6"}],"replies":[{"embeddable":true,"href":"https:\/\/lasprimeras.com.do\/index.php\/wp-json\/wp\/v2\/comments?post=82817"}],"version-history":[{"count":1,"href":"https:\/\/lasprimeras.com.do\/index.php\/wp-json\/wp\/v2\/posts\/82817\/revisions"}],"predecessor-version":[{"id":82819,"href":"https:\/\/lasprimeras.com.do\/index.php\/wp-json\/wp\/v2\/posts\/82817\/revisions\/82819"}],"wp:featuredmedia":[{"embeddable":true,"href":"https:\/\/lasprimeras.com.do\/index.php\/wp-json\/wp\/v2\/media\/82818"}],"wp:attachment":[{"href":"https:\/\/lasprimeras.com.do\/index.php\/wp-json\/wp\/v2\/media?parent=82817"}],"wp:term":[{"taxonomy":"category","embeddable":true,"href":"https:\/\/lasprimeras.com.do\/index.php\/wp-json\/wp\/v2\/categories?post=82817"},{"taxonomy":"post_tag","embeddable":true,"href":"https:\/\/lasprimeras.com.do\/index.php\/wp-json\/wp\/v2\/tags?post=82817"}],"curies":[{"name":"wp","href":"https:\/\/api.w.org\/{rel}","templated":true}]}}