{"id":82823,"date":"2024-05-07T23:46:19","date_gmt":"2024-05-08T03:46:19","guid":{"rendered":"https:\/\/lasprimeras.com.do\/?p=82823"},"modified":"2024-05-07T23:46:20","modified_gmt":"2024-05-08T03:46:20","slug":"moradores-de-cancino-adentro-denuncian-escasez-de-agua","status":"publish","type":"post","link":"https:\/\/lasprimeras.com.do\/index.php\/2024\/05\/07\/moradores-de-cancino-adentro-denuncian-escasez-de-agua\/","title":{"rendered":"Moradores de Cancino Adentro denuncian escasez de agua"},"content":{"rendered":"\n<p>Moradores del sector de Los Mina, denunciaron que atraviesan por una crisis en el suministro de agua potable, debido a que la misma llega muy pocas veces al mes y solo a una parte del sector.<\/p>\n\n\n\n<p>Seg\u00fan las quejas de los moradores, el mayor problema persiste en la calle cuarta del referido sector, cuyos habitantes aseguran estar \u201ccansados de reportar que no les llega agua y que la CAASD env\u00eden brigadas para hacer un bulto y no resolver el problema\u201d.<\/p>\n\n\n\n<p>Los vecinos del lugar denunciaron que no encuentran agua ni para ba\u00f1arse, porque se mantienen secas las cisternas por la cantidad de d\u00edas que no env\u00edan el preciado l\u00edquido.<\/p>\n\n\n\n<p>Ivelisse Valenzuela refiri\u00f3, que pese a que en el sector existen dos acueductos, el viejo y el nuevo por inaugurar, de ninguna de los dos han podido recibir agua en los \u00faltimos 15 d\u00edas.<\/p>\n\n\n\n<p>\u201cEstamos cansados de reportar a la CAASD, la crisis existente en el sector donde el agua tarda hasta 15 d\u00edas sin el servicio y cuando llega solo es a una parte del sector\u201d dijo.<\/p>\n\n\n\n<p>En iguales t\u00e9rminos se refiri\u00f3 Agustina Rodr\u00edguez, quien relat\u00f3 que la deficiencia que registra el suministro del l\u00edquido en esa demarcaci\u00f3n, se debe a que quienes est\u00e1n a cargo de abrir la llave, solo lo hacen a media, por lo que no sube a algunas partes del sector.<\/p>\n\n\n\n<p>\u201cTodos saben que existe una mancuerna con los que venden agua en la zona y es por ello que la llave no la abren como deben abrirla y por eso no nos llega el agua, lo que nos obliga a tener que comprar camiones para abastecer nuestras cisternas\u201d dijo.<\/p>\n","protected":false},"excerpt":{"rendered":"<p>Moradores del sector de Los Mina, denunciaron que atraviesan por una crisis en el suministro de agua potable, debido a que la misma llega muy pocas veces al mes y&hellip;<\/p>\n","protected":false},"author":6,"featured_media":82824,"comment_status":"open","ping_status":"open","sticky":false,"template":"","format":"standard","meta":{"content-type":"","jetpack_post_was_ever_published":false,"_jetpack_newsletter_access":"","_jetpack_dont_email_post_to_subs":false,"_jetpack_newsletter_tier_id":0,"_jetpack_memberships_contains_paywalled_content":false,"_jetpack_memberships_contains_paid_content":false,"footnotes":""},"categories":[35],"tags":[9783,12847,2931],"class_list":["post-82823","post","type-post","status-publish","format-standard","has-post-thumbnail","hentry","category-nacionales","tag-cancino-adentro","tag-escasez-de-agua","tag-moradores"],"jetpack_featured_media_url":"https:\/\/lasprimeras.com.do\/wp-content\/uploads\/2024\/05\/AguaEklyA.jpeg","jetpack-related-posts":[{"id":93465,"url":"https:\/\/lasprimeras.com.do\/index.php\/2025\/02\/09\/denuncian-sector-cancino-adentro-lleva-mas-de-tres-semanas-sin-servicio-de-agua\/","url_meta":{"origin":82823,"position":0},"title":"Denuncian sector Cancino Adentro lleva m\u00e1s de tres semanas sin servicio de agua","author":"Nelson Feliz","date":"9 de febrero de 2025","format":false,"excerpt":"Moradores del sector Cancino Adentro perteneciente al municipio Santo Domingo Este solicitaron de la Corporaci\u00f3n del Acueducto y Alcantarillado de Santo Domingo (CAASD), que restablezca el servicio de agua a diversos sectores que llevan varias semanas sin el preciado l\u00edquido. Algunos moradores se ven obligados a trasladarse a otros lugares,\u2026","rel":"","context":"En \u00abNACIONALES\u00bb","block_context":{"text":"NACIONALES","link":"https:\/\/lasprimeras.com.do\/index.php\/category\/nacionales\/"},"img":{"alt_text":"","src":"https:\/\/i0.wp.com\/lasprimeras.com.do\/wp-content\/uploads\/2025\/02\/Cancino-Adentro-1.jpg?resize=350%2C200&ssl=1","width":350,"height":200,"srcset":"https:\/\/i0.wp.com\/lasprimeras.com.do\/wp-content\/uploads\/2025\/02\/Cancino-Adentro-1.jpg?resize=350%2C200&ssl=1 1x, https:\/\/i0.wp.com\/lasprimeras.com.do\/wp-content\/uploads\/2025\/02\/Cancino-Adentro-1.jpg?resize=525%2C300&ssl=1 1.5x, https:\/\/i0.wp.com\/lasprimeras.com.do\/wp-content\/uploads\/2025\/02\/Cancino-Adentro-1.jpg?resize=700%2C400&ssl=1 2x"},"classes":[]},{"id":106582,"url":"https:\/\/lasprimeras.com.do\/index.php\/2025\/08\/17\/en-cancino-adentro-reina-el-miedo-ante-posibles-inundaciones-por-el-huracan-erin\/","url_meta":{"origin":82823,"position":1},"title":"En Cancino Adentro reina el miedo ante posibles inundaciones por el hurac\u00e1n Erin","author":"Nelson Feliz","date":"17 de agosto de 2025","format":false,"excerpt":"Un sentimiento de angustia colectiva se respira en Cancino Adentro, donde decenas de familias viven horas de incertidumbre ante la amenaza de inundaciones provocadas por el hurac\u00e1n Erin y las intensas lluvias que se esperan en los pr\u00f3ximos d\u00edas. Los moradores de esta zona vulnerable, ubicada en la periferia del\u2026","rel":"","context":"En \u00abNACIONALES\u00bb","block_context":{"text":"NACIONALES","link":"https:\/\/lasprimeras.com.do\/index.php\/category\/nacionales\/"},"img":{"alt_text":"","src":"https:\/\/i0.wp.com\/lasprimeras.com.do\/wp-content\/uploads\/2025\/08\/INUNDACIONES.jpg?resize=350%2C200&ssl=1","width":350,"height":200,"srcset":"https:\/\/i0.wp.com\/lasprimeras.com.do\/wp-content\/uploads\/2025\/08\/INUNDACIONES.jpg?resize=350%2C200&ssl=1 1x, https:\/\/i0.wp.com\/lasprimeras.com.do\/wp-content\/uploads\/2025\/08\/INUNDACIONES.jpg?resize=525%2C300&ssl=1 1.5x, https:\/\/i0.wp.com\/lasprimeras.com.do\/wp-content\/uploads\/2025\/08\/INUNDACIONES.jpg?resize=700%2C400&ssl=1 2x"},"classes":[]},{"id":68448,"url":"https:\/\/lasprimeras.com.do\/index.php\/2023\/11\/24\/moradores-de-cancino-adentro-intentan-volver-a-la-normalidad-tras-inundaciones\/","url_meta":{"origin":82823,"position":2},"title":"Moradores de Cancino Adentro intentan volver a la normalidad tras inundaciones","author":"Nelson Feliz","date":"24 de noviembre de 2023","format":false,"excerpt":"Viviani Veras Vicente, quien es una de los tantos afectados del sector, que producto de las torrenciales lluvias registradas el pasado fin de semana en el pa\u00eds, qued\u00f3 en la intemperie, tras perderlo pr\u00e1cticamente todo, luego de que la corriente de agua se llevara todos sus ajuares del hogar. A\u2026","rel":"","context":"En \u00abNACIONALES\u00bb","block_context":{"text":"NACIONALES","link":"https:\/\/lasprimeras.com.do\/index.php\/category\/nacionales\/"},"img":{"alt_text":"Viviani Veras Vicente","src":"https:\/\/i0.wp.com\/lasprimeras.com.do\/wp-content\/uploads\/2023\/11\/Vivianni163852.jpg?resize=350%2C200&ssl=1","width":350,"height":200,"srcset":"https:\/\/i0.wp.com\/lasprimeras.com.do\/wp-content\/uploads\/2023\/11\/Vivianni163852.jpg?resize=350%2C200&ssl=1 1x, https:\/\/i0.wp.com\/lasprimeras.com.do\/wp-content\/uploads\/2023\/11\/Vivianni163852.jpg?resize=525%2C300&ssl=1 1.5x, https:\/\/i0.wp.com\/lasprimeras.com.do\/wp-content\/uploads\/2023\/11\/Vivianni163852.jpg?resize=700%2C400&ssl=1 2x"},"classes":[]},{"id":80392,"url":"https:\/\/lasprimeras.com.do\/index.php\/2024\/04\/08\/piden-agua-al-presidente-abinader-en-el-hipodromo-v-centenario\/","url_meta":{"origin":82823,"position":3},"title":"Piden agua al presidente Abinader en el Hip\u00f3dromo V Centenario","author":"BIMARY DE JES\u00daS Matos","date":"8 de abril de 2024","format":false,"excerpt":"Santo Domingo.-Comunitarios del residencial Invi-Dorex,\u00a0 en el Hip\u00f3dromo V Centenario,\u00a0 del municipio Santo Domingo Este solicitaron la intervenci\u00f3n del presidente de la Rep\u00fablica Dominicana,\u00a0 Luis Abinader,\u00a0 para que las autoridades de la Corporaci\u00f3n de Acueductos y Alcantarillados de Santo Domingo (CAASD), env\u00ede el agua al sector.\u00a0 Los comunitarios organizados en\u2026","rel":"","context":"En \u00abNACIONALES\u00bb","block_context":{"text":"NACIONALES","link":"https:\/\/lasprimeras.com.do\/index.php\/category\/nacionales\/"},"img":{"alt_text":"","src":"https:\/\/i0.wp.com\/lasprimeras.com.do\/wp-content\/uploads\/2024\/04\/WhatsApp-Image-2024-04-08-at-7.28.04-AM.jpeg?resize=350%2C200&ssl=1","width":350,"height":200,"srcset":"https:\/\/i0.wp.com\/lasprimeras.com.do\/wp-content\/uploads\/2024\/04\/WhatsApp-Image-2024-04-08-at-7.28.04-AM.jpeg?resize=350%2C200&ssl=1 1x, https:\/\/i0.wp.com\/lasprimeras.com.do\/wp-content\/uploads\/2024\/04\/WhatsApp-Image-2024-04-08-at-7.28.04-AM.jpeg?resize=525%2C300&ssl=1 1.5x"},"classes":[]},{"id":49453,"url":"https:\/\/lasprimeras.com.do\/index.php\/2023\/05\/11\/huelga-por-falta-de-agua-en-pedro-brand\/","url_meta":{"origin":82823,"position":4},"title":"Huelga por falta de agua en Pedro Brand","author":"prenxa100","date":"11 de mayo de 2023","format":false,"excerpt":"Pedro Brand.-.Los habitantes del sector La Avena del municipio Pedro Brand, ubicado en el km 28 de la autopista Duarte, han decidido tomar medidas dr\u00e1sticas ante la falta de agua potable que afecta a todo el municipio desde hace varios meses. Desde tempranas horas de la ma\u00f1ana de ayer mi\u00e9rcoles,\u2026","rel":"","context":"En \u00abNACIONALES\u00bb","block_context":{"text":"NACIONALES","link":"https:\/\/lasprimeras.com.do\/index.php\/category\/nacionales\/"},"img":{"alt_text":"","src":"","width":0,"height":0},"classes":[]},{"id":103319,"url":"https:\/\/lasprimeras.com.do\/index.php\/2025\/07\/14\/moradores-de-las-palmas-sdo-se-identifican-con-el-pld\/","url_meta":{"origin":82823,"position":5},"title":"Moradores de las Palmas se identifican con el PLD","author":"Nelson Feliz","date":"14 de julio de 2025","format":false,"excerpt":"El PLD en el municipio Santo Domingo Oeste recibe en sus filas comerciantes y peque\u00f1os empresarios provenientes de otros partidos. El Partido de la Liberaci\u00f3n Dominicana (PLD) en el municipio Santo Domingo Oeste jurament\u00f3 en un acto realizado el pasado fin de semana comerciantes y peque\u00f1os empresarios, provenientes de otras\u2026","rel":"","context":"En \u00abPOLITICA\u00bb","block_context":{"text":"POLITICA","link":"https:\/\/lasprimeras.com.do\/index.php\/category\/politica\/"},"img":{"alt_text":"","src":"https:\/\/i0.wp.com\/lasprimeras.com.do\/wp-content\/uploads\/2025\/07\/dirigentes.jpg?resize=350%2C200&ssl=1","width":350,"height":200,"srcset":"https:\/\/i0.wp.com\/lasprimeras.com.do\/wp-content\/uploads\/2025\/07\/dirigentes.jpg?resize=350%2C200&ssl=1 1x, https:\/\/i0.wp.com\/lasprimeras.com.do\/wp-content\/uploads\/2025\/07\/dirigentes.jpg?resize=525%2C300&ssl=1 1.5x, https:\/\/i0.wp.com\/lasprimeras.com.do\/wp-content\/uploads\/2025\/07\/dirigentes.jpg?resize=700%2C400&ssl=1 2x"},"classes":[]}],"jetpack_sharing_enabled":true,"_links":{"self":[{"href":"https:\/\/lasprimeras.com.do\/index.php\/wp-json\/wp\/v2\/posts\/82823","targetHints":{"allow":["GET"]}}],"collection":[{"href":"https:\/\/lasprimeras.com.do\/index.php\/wp-json\/wp\/v2\/posts"}],"about":[{"href":"https:\/\/lasprimeras.com.do\/index.php\/wp-json\/wp\/v2\/types\/post"}],"author":[{"embeddable":true,"href":"https:\/\/lasprimeras.com.do\/index.php\/wp-json\/wp\/v2\/users\/6"}],"replies":[{"embeddable":true,"href":"https:\/\/lasprimeras.com.do\/index.php\/wp-json\/wp\/v2\/comments?post=82823"}],"version-history":[{"count":1,"href":"https:\/\/lasprimeras.com.do\/index.php\/wp-json\/wp\/v2\/posts\/82823\/revisions"}],"predecessor-version":[{"id":82825,"href":"https:\/\/lasprimeras.com.do\/index.php\/wp-json\/wp\/v2\/posts\/82823\/revisions\/82825"}],"wp:featuredmedia":[{"embeddable":true,"href":"https:\/\/lasprimeras.com.do\/index.php\/wp-json\/wp\/v2\/media\/82824"}],"wp:attachment":[{"href":"https:\/\/lasprimeras.com.do\/index.php\/wp-json\/wp\/v2\/media?parent=82823"}],"wp:term":[{"taxonomy":"category","embeddable":true,"href":"https:\/\/lasprimeras.com.do\/index.php\/wp-json\/wp\/v2\/categories?post=82823"},{"taxonomy":"post_tag","embeddable":true,"href":"https:\/\/lasprimeras.com.do\/index.php\/wp-json\/wp\/v2\/tags?post=82823"}],"curies":[{"name":"wp","href":"https:\/\/api.w.org\/{rel}","templated":true}]}}