{"id":82835,"date":"2024-05-08T07:27:11","date_gmt":"2024-05-08T11:27:11","guid":{"rendered":"https:\/\/lasprimeras.com.do\/?p=82835"},"modified":"2024-05-08T07:27:12","modified_gmt":"2024-05-08T11:27:12","slug":"adp-y-educacion-reanudan-hoy-dialogo-debatir-acuerdo","status":"publish","type":"post","link":"https:\/\/lasprimeras.com.do\/index.php\/2024\/05\/08\/adp-y-educacion-reanudan-hoy-dialogo-debatir-acuerdo\/","title":{"rendered":"ADP y Educaci\u00f3n reanudan hoy di\u00e1logo debatir acuerdo"},"content":{"rendered":"\n<p>Santo Domingo.. La Asociaci\u00f3n Dominicana de Profesores (ADP) y el Ministerio de Educaci\u00f3n reanudan hoy a las 10:30 a. m. el di\u00e1logo tras el comp\u00e1s de espera de 72 horas dado por el gremio magisterial para que se cumpla con el acuerdo integral firmado en junio del 2021 y que fue ratificado y ampliado en el 2023.<\/p>\n\n\n\n<p>El gremio tiene pautada una serie de paros en distintos puntos del pa\u00eds.<\/p>\n\n\n\n<p>\u201cSon veinte puntos, que tiene el acuerdo, vamos dispuestos a que se haga un balance y llevamos propuestas para que una comisi\u00f3n le ponga un cronograma de cumplimiento para que el magisterio y la sociedad dejemos de vivir esta zozobra\u201d, adelant\u00f3 Eduardo Hidalgo, presidente de la ADP.<\/p>\n\n\n\n<p>Insisti\u00f3 en que de esa reuni\u00f3n debe salir la voluntad firme de intervenir las plantas f\u00edsicas de las escuelas y que estas sean espacios dignos para el aprendizaje.<\/p>\n\n\n\n<p>El lunes una comitiva de ex presidentes de la ADP encabezada por Enrique de Le\u00f3n visit\u00f3 el Minerd para mediar en el conflicto que genera p\u00e9rdidas y retraso al calendario escolar.<\/p>\n","protected":false},"excerpt":{"rendered":"<p>Santo Domingo.. La Asociaci\u00f3n Dominicana de Profesores (ADP) y el Ministerio de Educaci\u00f3n reanudan hoy a las 10:30 a. m. el di\u00e1logo tras el comp\u00e1s de espera de 72 horas&hellip;<\/p>\n","protected":false},"author":3,"featured_media":82836,"comment_status":"open","ping_status":"open","sticky":false,"template":"","format":"standard","meta":{"content-type":"","jetpack_post_was_ever_published":false,"_jetpack_newsletter_access":"","_jetpack_dont_email_post_to_subs":false,"_jetpack_newsletter_tier_id":0,"_jetpack_memberships_contains_paywalled_content":false,"_jetpack_memberships_contains_paid_content":false,"footnotes":""},"categories":[25],"tags":[882],"class_list":["post-82835","post","type-post","status-publish","format-standard","has-post-thumbnail","hentry","category-portada","tag-adp"],"jetpack_featured_media_url":"https:\/\/lasprimeras.com.do\/wp-content\/uploads\/2024\/05\/6a0c8a05-4f4b-48f5-a1d9-1ad180753c4a-10.jpg","jetpack-related-posts":[{"id":108099,"url":"https:\/\/lasprimeras.com.do\/index.php\/2025\/09\/03\/la-paralizacion-de-docencia-de-la-adp-contradice-acuerdos-firmados-con-el-ministerio-de-educacion\/","url_meta":{"origin":82835,"position":0},"title":"La paralizaci\u00f3n de docencia de la ADP contradice acuerdos firmados con el Ministerio de Educaci\u00f3n","author":"Nelson Feliz","date":"3 de septiembre de 2025","format":false,"excerpt":"El gremio dice que la huelga es un proceso natural de los sindicatos. Los paros de docencia por parte de la Asociaci\u00f3n Dominicana de Profesores (ADP) han sido una herramienta utilizada con frecuencia por el gremio en sus constantes protestas en busca de beneficios o en reclamos de situaciones que\u2026","rel":"","context":"En \u00abNACIONALES\u00bb","block_context":{"text":"NACIONALES","link":"https:\/\/lasprimeras.com.do\/index.php\/category\/nacionales\/"},"img":{"alt_text":"Estudiantes","src":"https:\/\/i0.wp.com\/lasprimeras.com.do\/wp-content\/uploads\/2023\/07\/Estudiantes.jpg?resize=350%2C200&ssl=1","width":350,"height":200,"srcset":"https:\/\/i0.wp.com\/lasprimeras.com.do\/wp-content\/uploads\/2023\/07\/Estudiantes.jpg?resize=350%2C200&ssl=1 1x, https:\/\/i0.wp.com\/lasprimeras.com.do\/wp-content\/uploads\/2023\/07\/Estudiantes.jpg?resize=525%2C300&ssl=1 1.5x, https:\/\/i0.wp.com\/lasprimeras.com.do\/wp-content\/uploads\/2023\/07\/Estudiantes.jpg?resize=700%2C400&ssl=1 2x"},"classes":[]},{"id":54633,"url":"https:\/\/lasprimeras.com.do\/index.php\/2023\/07\/12\/gobierno-y-adp-anunciaran-gran-acuerdo-en-favor-de-la-educacion-dominicana\/","url_meta":{"origin":82835,"position":1},"title":"Gobierno y ADP anunciar\u00e1n &#8220;gran acuerdo&#8221; en favor de la educaci\u00f3n dominicana","author":"Nelson Feliz","date":"12 de julio de 2023","format":false,"excerpt":"Las partes socializaron 10 puntos sobre la educaci\u00f3n y condici\u00f3n de los docentes. Tras varias reuniones en las que se debat\u00edan 10 puntos claves, el Ministerio de Educaci\u00f3n (Minerd) y la Asociaci\u00f3n Dominicana de Profesores (ADP) arribaron la tarde de este mi\u00e9rcoles a un \"gran acuerdo\" con el objetivo de\u2026","rel":"","context":"En \u00abNACIONALES\u00bb","block_context":{"text":"NACIONALES","link":"https:\/\/lasprimeras.com.do\/index.php\/category\/nacionales\/"},"img":{"alt_text":"Presidente de la Asociaci\u00f3n Dominicana de Profesores (ADP), Eduardo Hidalgo.","src":"https:\/\/i0.wp.com\/lasprimeras.com.do\/wp-content\/uploads\/2023\/06\/Eduardo-Hidalgo.jpeg?resize=350%2C200&ssl=1","width":350,"height":200,"srcset":"https:\/\/i0.wp.com\/lasprimeras.com.do\/wp-content\/uploads\/2023\/06\/Eduardo-Hidalgo.jpeg?resize=350%2C200&ssl=1 1x, https:\/\/i0.wp.com\/lasprimeras.com.do\/wp-content\/uploads\/2023\/06\/Eduardo-Hidalgo.jpeg?resize=525%2C300&ssl=1 1.5x, https:\/\/i0.wp.com\/lasprimeras.com.do\/wp-content\/uploads\/2023\/06\/Eduardo-Hidalgo.jpeg?resize=700%2C400&ssl=1 2x"},"classes":[]},{"id":82900,"url":"https:\/\/lasprimeras.com.do\/index.php\/2024\/05\/08\/educacion-y-adp-llegan-acuerdo-que-incluye-aumento-de-salarios\/","url_meta":{"origin":82835,"position":2},"title":"Educaci\u00f3n y ADP llegan acuerdo que incluye aumento de salarios","author":"Nelson Feliz","date":"8 de mayo de 2024","format":false,"excerpt":"El Ministerio de Educaci\u00f3n y la Asociaci\u00f3n Dominicana de Profesores (ADP) alcanzaron este mi\u00e9rcoles un acuerdo de varios puntos, entre los que se incluye un aumento salarial para los docentes. As\u00ed lo inform\u00f3 Enrique de Le\u00f3n, quien form\u00f3 parte de una comisi\u00f3n de expresidentes del gremio que se reuni\u00f3 con\u2026","rel":"","context":"En \u00abECONOM\u00cdA\u00bb","block_context":{"text":"ECONOM\u00cdA","link":"https:\/\/lasprimeras.com.do\/index.php\/category\/economia\/"},"img":{"alt_text":"","src":"https:\/\/i0.wp.com\/lasprimeras.com.do\/wp-content\/uploads\/2024\/05\/ADP-Y-EDUCACION.jpeg?resize=350%2C200&ssl=1","width":350,"height":200,"srcset":"https:\/\/i0.wp.com\/lasprimeras.com.do\/wp-content\/uploads\/2024\/05\/ADP-Y-EDUCACION.jpeg?resize=350%2C200&ssl=1 1x, https:\/\/i0.wp.com\/lasprimeras.com.do\/wp-content\/uploads\/2024\/05\/ADP-Y-EDUCACION.jpeg?resize=525%2C300&ssl=1 1.5x, https:\/\/i0.wp.com\/lasprimeras.com.do\/wp-content\/uploads\/2024\/05\/ADP-Y-EDUCACION.jpeg?resize=700%2C400&ssl=1 2x, https:\/\/i0.wp.com\/lasprimeras.com.do\/wp-content\/uploads\/2024\/05\/ADP-Y-EDUCACION.jpeg?resize=1050%2C600&ssl=1 3x, https:\/\/i0.wp.com\/lasprimeras.com.do\/wp-content\/uploads\/2024\/05\/ADP-Y-EDUCACION.jpeg?resize=1400%2C800&ssl=1 4x"},"classes":[]},{"id":80189,"url":"https:\/\/lasprimeras.com.do\/index.php\/2024\/04\/05\/gobierno-plantea-un-aumento-de-4-a-7-del-salario-de-20-que-espera-adp\/","url_meta":{"origin":82835,"position":3},"title":"Gobierno plantea un aumento de 4 a 7 % del salario, de 20 que espera ADP","author":"BIMARY DE JES\u00daS Matos","date":"5 de abril de 2024","format":false,"excerpt":"Santo Domingo.-Tras una revisi\u00f3n exhaustiva sobre la disponibilidad presupuestaria que maneja el Ministerio de Educaci\u00f3n, este le ofert\u00f3 un incremento salarial de un 4 a un 7 por ciento al sector magisterial de un 20 que plantea a la Asociaci\u00f3n Dominicana de Profesores (ADP). El tema qued\u00f3 para ser discutido\u2026","rel":"","context":"En \u00abPORTADA\u00bb","block_context":{"text":"PORTADA","link":"https:\/\/lasprimeras.com.do\/index.php\/category\/portada\/"},"img":{"alt_text":"","src":"https:\/\/i0.wp.com\/lasprimeras.com.do\/wp-content\/uploads\/2024\/04\/4_Nacionales_5_1p01.jpg?resize=350%2C200&ssl=1","width":350,"height":200,"srcset":"https:\/\/i0.wp.com\/lasprimeras.com.do\/wp-content\/uploads\/2024\/04\/4_Nacionales_5_1p01.jpg?resize=350%2C200&ssl=1 1x, https:\/\/i0.wp.com\/lasprimeras.com.do\/wp-content\/uploads\/2024\/04\/4_Nacionales_5_1p01.jpg?resize=525%2C300&ssl=1 1.5x, https:\/\/i0.wp.com\/lasprimeras.com.do\/wp-content\/uploads\/2024\/04\/4_Nacionales_5_1p01.jpg?resize=700%2C400&ssl=1 2x, https:\/\/i0.wp.com\/lasprimeras.com.do\/wp-content\/uploads\/2024\/04\/4_Nacionales_5_1p01.jpg?resize=1050%2C600&ssl=1 3x, https:\/\/i0.wp.com\/lasprimeras.com.do\/wp-content\/uploads\/2024\/04\/4_Nacionales_5_1p01.jpg?resize=1400%2C800&ssl=1 4x"},"classes":[]},{"id":124987,"url":"https:\/\/lasprimeras.com.do\/index.php\/2026\/03\/18\/adp-realiza-primer-%c2%a8congreso-pedagogico%c2%a8-en-la-romana\/","url_meta":{"origin":82835,"position":4},"title":"ADP realiza primer \u00a8Congreso Pedag\u00f3gico\u00a8 en La Romana","author":"Nelson Feliz","date":"18 de marzo de 2026","format":false,"excerpt":"La Asociaci\u00f3n Dominicana de Profesores (ADP) imparti\u00f3 este mi\u00e9rcoles a los docentes del pa\u00eds a participar en un congreso pedag\u00f3gico bajo el tema: La Educaci\u00f3n Dominica, pensada desde el magisterio* el marco de las juntas pedag\u00f3gicas que se desarrollan en la jornada de hoy La iniciativa gener\u00f3 diversas opiniones entre\u2026","rel":"","context":"En \u00abNACIONALES\u00bb","block_context":{"text":"NACIONALES","link":"https:\/\/lasprimeras.com.do\/index.php\/category\/nacionales\/"},"img":{"alt_text":"","src":"https:\/\/i0.wp.com\/lasprimeras.com.do\/wp-content\/uploads\/2026\/03\/Profesores.jpg?resize=350%2C200&ssl=1","width":350,"height":200,"srcset":"https:\/\/i0.wp.com\/lasprimeras.com.do\/wp-content\/uploads\/2026\/03\/Profesores.jpg?resize=350%2C200&ssl=1 1x, https:\/\/i0.wp.com\/lasprimeras.com.do\/wp-content\/uploads\/2026\/03\/Profesores.jpg?resize=525%2C300&ssl=1 1.5x, https:\/\/i0.wp.com\/lasprimeras.com.do\/wp-content\/uploads\/2026\/03\/Profesores.jpg?resize=700%2C400&ssl=1 2x"},"classes":[]},{"id":109943,"url":"https:\/\/lasprimeras.com.do\/index.php\/2025\/09\/23\/adp-defiende-la-educacion-publica-y-el-derecho-de-los-estudiantes\/","url_meta":{"origin":82835,"position":5},"title":"ADP defiende la educaci\u00f3n p\u00fablica y el derecho de los estudiantes","author":"Nelson Feliz","date":"23 de septiembre de 2025","format":false,"excerpt":"La ADP alza su voz frente a: La corrupci\u00f3n. La privatizaci\u00f3n. El abandono del sistema educativo. Los graves problemas educativos. Y propone medidas para enfrentar la crisis educativa. \u201cEl 10% de los estudiantes inscritos en escuelas p\u00fablicas no pudieron iniciar clases el 25 de agosto por falta de condiciones m\u00ednimas,\u2026","rel":"","context":"En \u00abNACIONALES\u00bb","block_context":{"text":"NACIONALES","link":"https:\/\/lasprimeras.com.do\/index.php\/category\/nacionales\/"},"img":{"alt_text":"","src":"https:\/\/i0.wp.com\/lasprimeras.com.do\/wp-content\/uploads\/2025\/09\/ADP-1.jpg?resize=350%2C200&ssl=1","width":350,"height":200,"srcset":"https:\/\/i0.wp.com\/lasprimeras.com.do\/wp-content\/uploads\/2025\/09\/ADP-1.jpg?resize=350%2C200&ssl=1 1x, https:\/\/i0.wp.com\/lasprimeras.com.do\/wp-content\/uploads\/2025\/09\/ADP-1.jpg?resize=525%2C300&ssl=1 1.5x, https:\/\/i0.wp.com\/lasprimeras.com.do\/wp-content\/uploads\/2025\/09\/ADP-1.jpg?resize=700%2C400&ssl=1 2x"},"classes":[]}],"jetpack_sharing_enabled":true,"_links":{"self":[{"href":"https:\/\/lasprimeras.com.do\/index.php\/wp-json\/wp\/v2\/posts\/82835","targetHints":{"allow":["GET"]}}],"collection":[{"href":"https:\/\/lasprimeras.com.do\/index.php\/wp-json\/wp\/v2\/posts"}],"about":[{"href":"https:\/\/lasprimeras.com.do\/index.php\/wp-json\/wp\/v2\/types\/post"}],"author":[{"embeddable":true,"href":"https:\/\/lasprimeras.com.do\/index.php\/wp-json\/wp\/v2\/users\/3"}],"replies":[{"embeddable":true,"href":"https:\/\/lasprimeras.com.do\/index.php\/wp-json\/wp\/v2\/comments?post=82835"}],"version-history":[{"count":1,"href":"https:\/\/lasprimeras.com.do\/index.php\/wp-json\/wp\/v2\/posts\/82835\/revisions"}],"predecessor-version":[{"id":82837,"href":"https:\/\/lasprimeras.com.do\/index.php\/wp-json\/wp\/v2\/posts\/82835\/revisions\/82837"}],"wp:featuredmedia":[{"embeddable":true,"href":"https:\/\/lasprimeras.com.do\/index.php\/wp-json\/wp\/v2\/media\/82836"}],"wp:attachment":[{"href":"https:\/\/lasprimeras.com.do\/index.php\/wp-json\/wp\/v2\/media?parent=82835"}],"wp:term":[{"taxonomy":"category","embeddable":true,"href":"https:\/\/lasprimeras.com.do\/index.php\/wp-json\/wp\/v2\/categories?post=82835"},{"taxonomy":"post_tag","embeddable":true,"href":"https:\/\/lasprimeras.com.do\/index.php\/wp-json\/wp\/v2\/tags?post=82835"}],"curies":[{"name":"wp","href":"https:\/\/api.w.org\/{rel}","templated":true}]}}