{"id":82838,"date":"2024-05-08T07:32:26","date_gmt":"2024-05-08T11:32:26","guid":{"rendered":"https:\/\/lasprimeras.com.do\/?p=82838"},"modified":"2024-05-08T07:32:28","modified_gmt":"2024-05-08T11:32:28","slug":"rafael-paz-queda-fuera-de-la-boleta-de-la-fuerza-del-pueblo-incluyen-selinee-mendez","status":"publish","type":"post","link":"https:\/\/lasprimeras.com.do\/index.php\/2024\/05\/08\/rafael-paz-queda-fuera-de-la-boleta-de-la-fuerza-del-pueblo-incluyen-selinee-mendez\/","title":{"rendered":"Rafael Paz queda fuera de la boleta de la Fuerza del Pueblo; incluyen Selin\u00e9e M\u00e9ndez"},"content":{"rendered":"\n<p>RD.-Rafael Paz qued\u00f3 fuera de la boleta de los candidatos a diputados por la circunscripci\u00f3n 1 del Distrito Nacional por el partido Fuerza del Pueblo.<\/p>\n\n\n\n<p>En cambio, la Junta Central Electoral si incluy\u00f3 a Selin\u00e9e M\u00e9ndez en la boleta reorganizada de candidatos a diputados por la organizaci\u00f3n pol\u00edtica.<\/p>\n\n\n\n<p>La boleta qued\u00f3 integrada en el siguiente orden: Andy Robert Morales, Francisco Jos\u00e9 Guill\u00e9n Blandino, Robert Enmanuel Mart\u00ednez Amparo, Fanny Selin\u00e9e M\u00e9ndez Simon\u00f3, Rosa Margarita Feliciano Rodr\u00edguez y Katiuska Morel Alc\u00e1ntara.<\/p>\n\n\n\n<p>El pleno de la Junta Central Electoral consider\u00f3 que la sentencia del Tribunal Superior Electoral 0307\/2024 la posici\u00f3n propuesta de candidaturas tiene que ser ocupada por Selin\u00e9e M\u00e9ndez por haber recibido la mayor votaci\u00f3n promedio en las dos encuestas en que fue medida junto a Margarita Feliciano.<\/p>\n\n\n\n<p>Asimismo reconoci\u00f3 la candidatura de Margarita Feliciano y Katiuska Morel siendo que esta \u00faltima remiti\u00f3 una comunicaci\u00f3n a este \u00f3rgano en fecha de 1 de mayo en la que indic\u00f3 que esta no hab\u00eda presentado renuncia a la posici\u00f3n por la que se postula.<\/p>\n","protected":false},"excerpt":{"rendered":"<p>RD.-Rafael Paz qued\u00f3 fuera de la boleta de los candidatos a diputados por la circunscripci\u00f3n 1 del Distrito Nacional por el partido Fuerza del Pueblo. En cambio, la Junta Central&hellip;<\/p>\n","protected":false},"author":3,"featured_media":82839,"comment_status":"open","ping_status":"open","sticky":false,"template":"","format":"standard","meta":{"content-type":"","jetpack_post_was_ever_published":false,"_jetpack_newsletter_access":"","_jetpack_dont_email_post_to_subs":false,"_jetpack_newsletter_tier_id":0,"_jetpack_memberships_contains_paywalled_content":false,"_jetpack_memberships_contains_paid_content":false,"footnotes":""},"categories":[1],"tags":[7210],"class_list":["post-82838","post","type-post","status-publish","format-standard","has-post-thumbnail","hentry","category-sin-categoria","tag-rafael-paz"],"jetpack_featured_media_url":"https:\/\/lasprimeras.com.do\/wp-content\/uploads\/2024\/05\/6a0c8a05-4f4b-48f5-a1d9-1ad180753c4a-9.webp","jetpack-related-posts":[{"id":101429,"url":"https:\/\/lasprimeras.com.do\/index.php\/2025\/06\/20\/selinee-mendez-somete-proyecto-insta-ensenanza-obligatoria-de-la-constitucion-en-todos-los-centros-educativos\/","url_meta":{"origin":82838,"position":0},"title":"Selin\u00e9e M\u00e9ndez somete proyecto insta ense\u00f1anza obligatoria de la Constituci\u00f3n en todos los centros educativos","author":"Nelson Feliz","date":"20 de junio de 2025","format":false,"excerpt":"La diputada de la Fuerza del Pueblo, Selin\u00e9e M\u00e9ndez, someti\u00f3 ante la C\u00e1mara de Diputados un proyecto de resoluci\u00f3n que solicita al Ministerio de Educaci\u00f3n de la Rep\u00fablica Dominicana fortalecer la ense\u00f1anza de la Constituci\u00f3n en todos los niveles del sistema educativo nacional. La iniciativa legislativa reconoce la importancia de\u2026","rel":"","context":"En \u00abPOLITICA\u00bb","block_context":{"text":"POLITICA","link":"https:\/\/lasprimeras.com.do\/index.php\/category\/politica\/"},"img":{"alt_text":"","src":"https:\/\/i0.wp.com\/lasprimeras.com.do\/wp-content\/uploads\/2025\/06\/Selinee-Mendez.jpg?resize=350%2C200&ssl=1","width":350,"height":200,"srcset":"https:\/\/i0.wp.com\/lasprimeras.com.do\/wp-content\/uploads\/2025\/06\/Selinee-Mendez.jpg?resize=350%2C200&ssl=1 1x, https:\/\/i0.wp.com\/lasprimeras.com.do\/wp-content\/uploads\/2025\/06\/Selinee-Mendez.jpg?resize=525%2C300&ssl=1 1.5x, https:\/\/i0.wp.com\/lasprimeras.com.do\/wp-content\/uploads\/2025\/06\/Selinee-Mendez.jpg?resize=700%2C400&ssl=1 2x"},"classes":[]},{"id":83052,"url":"https:\/\/lasprimeras.com.do\/index.php\/2024\/05\/10\/rafael-alburquerque-declina-dos-cargos-en-fuerza-del-pueblo-y-los-ocupara-rafael-paz\/","url_meta":{"origin":82838,"position":1},"title":"Rafael Alburquerque declina dos cargos en Fuerza del Pueblo y los ocupar\u00e1 Rafael Paz","author":"Nelson Feliz","date":"10 de mayo de 2024","format":false,"excerpt":"Rafael Paz asume desde este viernes la posici\u00f3n de presidente del Distrito Nacional del partido Fuerza del Pueblo, as\u00ed como coordinador de campa\u00f1a en la misma demarcaci\u00f3n. El pol\u00edtico qued\u00f3 fuera de la boleta electoral luego de que el Tribunal Superior Electoral (TSE) excluyera su candidatura a diputado por la\u2026","rel":"","context":"En \u00abPORTADA\u00bb","block_context":{"text":"PORTADA","link":"https:\/\/lasprimeras.com.do\/index.php\/category\/portada\/"},"img":{"alt_text":"Rafael Alburquerque","src":"https:\/\/i0.wp.com\/lasprimeras.com.do\/wp-content\/uploads\/2024\/05\/Rafael-Alburquerque.jpg?resize=350%2C200&ssl=1","width":350,"height":200},"classes":[]},{"id":117407,"url":"https:\/\/lasprimeras.com.do\/index.php\/2025\/12\/10\/selinee-mendez-denuncia-es-victima-de-chantaje-a-traves-de-las-redes-sociales\/","url_meta":{"origin":82838,"position":2},"title":"Selin\u00e9e M\u00e9ndez denuncia es v\u00edctima de chantaje a trav\u00e9s de las redes sociales","author":"Nelson Feliz","date":"10 de diciembre de 2025","format":false,"excerpt":"Anuncia someter\u00e1 a acci\u00f3n judicial por difamaci\u00f3n y denuncia le quieren cobrar entre 10 y 50 mil d\u00f3lares para borrar publicaciones. La diputada Selin\u00e9e M\u00e9ndez, representante del Distrito Nacional por la Fuerza del Pueblo, anunci\u00f3 que someter\u00e1 a la justicia a una persona que \u2014seg\u00fan afirm\u00f3\u2014 la difam\u00f3 a trav\u00e9s\u2026","rel":"","context":"En \u00abPOLITICA\u00bb","block_context":{"text":"POLITICA","link":"https:\/\/lasprimeras.com.do\/index.php\/category\/politica\/"},"img":{"alt_text":"","src":"https:\/\/i0.wp.com\/lasprimeras.com.do\/wp-content\/uploads\/2025\/06\/Selinee-Mendez.jpg?resize=350%2C200&ssl=1","width":350,"height":200,"srcset":"https:\/\/i0.wp.com\/lasprimeras.com.do\/wp-content\/uploads\/2025\/06\/Selinee-Mendez.jpg?resize=350%2C200&ssl=1 1x, https:\/\/i0.wp.com\/lasprimeras.com.do\/wp-content\/uploads\/2025\/06\/Selinee-Mendez.jpg?resize=525%2C300&ssl=1 1.5x, https:\/\/i0.wp.com\/lasprimeras.com.do\/wp-content\/uploads\/2025\/06\/Selinee-Mendez.jpg?resize=700%2C400&ssl=1 2x"},"classes":[]},{"id":109669,"url":"https:\/\/lasprimeras.com.do\/index.php\/2025\/09\/21\/selinee-mendez-lamenta-colapso-y-la-presunta-malversacion-de-fondos-del-senasa\/","url_meta":{"origin":82838,"position":3},"title":"Selinee M\u00e9ndez lamenta colapso y la presunta malversaci\u00f3n de fondos del SeNaSa","author":"Nelson Feliz","date":"21 de septiembre de 2025","format":false,"excerpt":"NUEVA JERSEY. \u2013 La diputada de la Fuerza del Pueblo (FP), Selinee M\u00e9ndez, lament\u00f3 la dif\u00edcil situaci\u00f3n por la que atraviesa el Seguro Nacional de Salud (SeNaSa) en la Rep\u00fablica Dominicana, asegurando que la instituci\u00f3n se encuentra al borde del colapso debido a una gesti\u00f3n cuestionada y a la presunta\u2026","rel":"","context":"En \u00abPOLITICA\u00bb","block_context":{"text":"POLITICA","link":"https:\/\/lasprimeras.com.do\/index.php\/category\/politica\/"},"img":{"alt_text":"Selin\u00e9e M\u00e9ndez","src":"https:\/\/i0.wp.com\/lasprimeras.com.do\/wp-content\/uploads\/2025\/07\/Selinee-Mendez.jpg?resize=350%2C200&ssl=1","width":350,"height":200,"srcset":"https:\/\/i0.wp.com\/lasprimeras.com.do\/wp-content\/uploads\/2025\/07\/Selinee-Mendez.jpg?resize=350%2C200&ssl=1 1x, https:\/\/i0.wp.com\/lasprimeras.com.do\/wp-content\/uploads\/2025\/07\/Selinee-Mendez.jpg?resize=525%2C300&ssl=1 1.5x, https:\/\/i0.wp.com\/lasprimeras.com.do\/wp-content\/uploads\/2025\/07\/Selinee-Mendez.jpg?resize=700%2C400&ssl=1 2x"},"classes":[]},{"id":103541,"url":"https:\/\/lasprimeras.com.do\/index.php\/2025\/07\/16\/selinee-mendez-denuncia-colapso-silencioso-del-sistema-educativo-publico\/","url_meta":{"origin":82838,"position":4},"title":"Selin\u00e9e M\u00e9ndez denuncia colapso silencioso del sistema educativo p\u00fablico","author":"Nelson Feliz","date":"16 de julio de 2025","format":false,"excerpt":"\u201cEstamos ante una emergencia nacional\u201d expres\u00f3 la diputada M\u00e9ndez. La diputada de la circunscripci\u00f3n No. 1, del Distrito Nacional por el Partido Fuerza del Pueblo, Selin\u00e9e M\u00e9ndez, denunci\u00f3 en el d\u00eda de hoy el colapso silencioso del sistema educativo p\u00fablico del pa\u00eds. La legisladora al referirse a los resultados de\u2026","rel":"","context":"En \u00abPOLITICA\u00bb","block_context":{"text":"POLITICA","link":"https:\/\/lasprimeras.com.do\/index.php\/category\/politica\/"},"img":{"alt_text":"Selin\u00e9e M\u00e9ndez","src":"https:\/\/i0.wp.com\/lasprimeras.com.do\/wp-content\/uploads\/2025\/07\/Selinee-Mendez.jpg?resize=350%2C200&ssl=1","width":350,"height":200,"srcset":"https:\/\/i0.wp.com\/lasprimeras.com.do\/wp-content\/uploads\/2025\/07\/Selinee-Mendez.jpg?resize=350%2C200&ssl=1 1x, https:\/\/i0.wp.com\/lasprimeras.com.do\/wp-content\/uploads\/2025\/07\/Selinee-Mendez.jpg?resize=525%2C300&ssl=1 1.5x, https:\/\/i0.wp.com\/lasprimeras.com.do\/wp-content\/uploads\/2025\/07\/Selinee-Mendez.jpg?resize=700%2C400&ssl=1 2x"},"classes":[]},{"id":104133,"url":"https:\/\/lasprimeras.com.do\/index.php\/2025\/07\/21\/selinee-mendez-el-gobierno-de-abinader-se-quemo-en-educacion\/","url_meta":{"origin":82838,"position":5},"title":"Selin\u00e9e M\u00e9ndez: \u201cEl Gobierno de Abinader se quem\u00f3 en Educaci\u00f3n\u201d","author":"Nelson Feliz","date":"21 de julio de 2025","format":false,"excerpt":"La diputada del Partido Fuerza del Pueblo (FP), Selin\u00e9e M\u00e9ndez, critic\u00f3 fuertemente la gesti\u00f3n del presidente Luis Abinader en materia educativa, asegurando que el sistema ha colapsado \u201csilenciosamente y que el gobierno \u201cse ha quemado\u201d tras, cinco a\u00f1os de gobierno, el Ejecutivo ha fracasado en garantizar el derecho a la\u2026","rel":"","context":"En \u00abPOLITICA\u00bb","block_context":{"text":"POLITICA","link":"https:\/\/lasprimeras.com.do\/index.php\/category\/politica\/"},"img":{"alt_text":"Selin\u00e9e M\u00e9ndez","src":"https:\/\/i0.wp.com\/lasprimeras.com.do\/wp-content\/uploads\/2025\/07\/Selinee-Mendez-1.jpg?resize=350%2C200&ssl=1","width":350,"height":200,"srcset":"https:\/\/i0.wp.com\/lasprimeras.com.do\/wp-content\/uploads\/2025\/07\/Selinee-Mendez-1.jpg?resize=350%2C200&ssl=1 1x, https:\/\/i0.wp.com\/lasprimeras.com.do\/wp-content\/uploads\/2025\/07\/Selinee-Mendez-1.jpg?resize=525%2C300&ssl=1 1.5x, https:\/\/i0.wp.com\/lasprimeras.com.do\/wp-content\/uploads\/2025\/07\/Selinee-Mendez-1.jpg?resize=700%2C400&ssl=1 2x"},"classes":[]}],"jetpack_sharing_enabled":true,"_links":{"self":[{"href":"https:\/\/lasprimeras.com.do\/index.php\/wp-json\/wp\/v2\/posts\/82838","targetHints":{"allow":["GET"]}}],"collection":[{"href":"https:\/\/lasprimeras.com.do\/index.php\/wp-json\/wp\/v2\/posts"}],"about":[{"href":"https:\/\/lasprimeras.com.do\/index.php\/wp-json\/wp\/v2\/types\/post"}],"author":[{"embeddable":true,"href":"https:\/\/lasprimeras.com.do\/index.php\/wp-json\/wp\/v2\/users\/3"}],"replies":[{"embeddable":true,"href":"https:\/\/lasprimeras.com.do\/index.php\/wp-json\/wp\/v2\/comments?post=82838"}],"version-history":[{"count":1,"href":"https:\/\/lasprimeras.com.do\/index.php\/wp-json\/wp\/v2\/posts\/82838\/revisions"}],"predecessor-version":[{"id":82840,"href":"https:\/\/lasprimeras.com.do\/index.php\/wp-json\/wp\/v2\/posts\/82838\/revisions\/82840"}],"wp:featuredmedia":[{"embeddable":true,"href":"https:\/\/lasprimeras.com.do\/index.php\/wp-json\/wp\/v2\/media\/82839"}],"wp:attachment":[{"href":"https:\/\/lasprimeras.com.do\/index.php\/wp-json\/wp\/v2\/media?parent=82838"}],"wp:term":[{"taxonomy":"category","embeddable":true,"href":"https:\/\/lasprimeras.com.do\/index.php\/wp-json\/wp\/v2\/categories?post=82838"},{"taxonomy":"post_tag","embeddable":true,"href":"https:\/\/lasprimeras.com.do\/index.php\/wp-json\/wp\/v2\/tags?post=82838"}],"curies":[{"name":"wp","href":"https:\/\/api.w.org\/{rel}","templated":true}]}}