{"id":82846,"date":"2024-05-08T10:17:49","date_gmt":"2024-05-08T14:17:49","guid":{"rendered":"https:\/\/lasprimeras.com.do\/?p=82846"},"modified":"2024-05-08T10:17:51","modified_gmt":"2024-05-08T14:17:51","slug":"luis-el-gallo-pide-unificacion-de-gobierno-y-sector-empresarial","status":"publish","type":"post","link":"https:\/\/lasprimeras.com.do\/index.php\/2024\/05\/08\/luis-el-gallo-pide-unificacion-de-gobierno-y-sector-empresarial\/","title":{"rendered":"Luis \u201cEl Gallo\u201d pide unificaci\u00f3n de gobierno y sector empresarial"},"content":{"rendered":"\n<p>RD.-El presidente de la Uni\u00f3n Dem\u00f3crata Cristiana -UDC-, Luis Acosta Moreta, Luis \u201cEl Gallo\u201d, se\u00f1al\u00f3 que la soluci\u00f3n a los problemas de miseria, de hambre y exclusiones de los barrios pobres, est\u00e1 en la conformaci\u00f3n de una gran alianza operativa entre el gobierno y el sector privado.<\/p>\n\n\n\n<p>A\u00f1adi\u00f3 que el sector privado se tiene que unificarse en torno al trabajo del presidente Luis Abinader para mejorar las condiciones de vida en los barrios que tradicionalmente solo han conocido la miseria extrema.<\/p>\n\n\n\n<p>Agreg\u00f3 el gobierno tiene su parte importante y resolutiva en ir en auxilio de los barrios, pero el sector privado no se puede cruzar de brazos, y dejar de forma graciosa que otros solucionen un grave problema de exclusi\u00f3n, que podr\u00eda traer inestabilidad al pa\u00eds.<\/p>\n\n\n\n<p>Los inversiones tienen que comenzar a generar empleos, en ayudar a los chiriperos, buhoneros y micro-empresarios, en facilitarles cr\u00e9dito monetaria, y en el suministro de las mercanc\u00edas que hacen falta para vender en su comunidad.<\/p>\n\n\n\n<p>Explic\u00f3 que no puede mantenerse la indiferencia de una parte del empresariado, que le deja todo el gobierno, pero ellos son los m\u00e1s favorecidos con mejorar el nivel de vida en los barrios, porque de all\u00ed es que sale la mayor\u00eda de sus empleados.<\/p>\n\n\n\n<p>Destac\u00f3 los grandes esfuerzos que hace el presidente Luis Abinader para llevar el pan diario a cada dominicano, y que pueda tener acceso a la seguridad y ayuda social, mientras se sientan la bases par aumentar la carpeta de empleos de salario m\u00ednimo.<\/p>\n\n\n\n<p>Dijo hoy que hay que llevar las realizaciones y las esperanzas al coraz\u00f3n de los barrios marginados, que tienen plena confianza en las ejecutorias del presidente Abinader, para lograr su progreso colectivo.<\/p>\n\n\n\n<p>Resalt\u00f3 que la UDC da su respaldo en la boleta 20 al presidente Abinader, porque este sintoniza con el problema de los m\u00e1s necesitados, de los hijos del fango, de los que se acuestan sin comer, de los que tienen problemas cuando van a un centro m\u00e9dico.<\/p>\n\n\n\n<p>Destac\u00f3 que todos esos males que trae la exclusi\u00f3n social vienen de viejo, y no pueden ser cerrados de golpe y portazo, sino que hay que trabajarlos con mucho tiempo y dedicaci\u00f3n, y eso es lo que se est\u00e1 haciendo desde el gobierno.<\/p>\n\n\n\n<p>Luis \u201cEl Gallo\u201d dijo que su compromiso es con los pobres, y no importa donde se encuentre, ni el cargo que tenga, nunca las puerta del partido o la burocracia estar\u00e1n cerradas para los que llegan vestidos en ropa de paca, y sudorosos porque viajaron en una voladora.<\/p>\n","protected":false},"excerpt":{"rendered":"<p>RD.-El presidente de la Uni\u00f3n Dem\u00f3crata Cristiana -UDC-, Luis Acosta Moreta, Luis \u201cEl Gallo\u201d, se\u00f1al\u00f3 que la soluci\u00f3n a los problemas de miseria, de hambre y exclusiones de los barrios&hellip;<\/p>\n","protected":false},"author":3,"featured_media":82847,"comment_status":"open","ping_status":"open","sticky":false,"template":"","format":"standard","meta":{"content-type":"","jetpack_post_was_ever_published":false,"_jetpack_newsletter_access":"","_jetpack_dont_email_post_to_subs":false,"_jetpack_newsletter_tier_id":0,"_jetpack_memberships_contains_paywalled_content":false,"_jetpack_memberships_contains_paid_content":false,"footnotes":""},"categories":[1],"tags":[1208],"class_list":["post-82846","post","type-post","status-publish","format-standard","has-post-thumbnail","hentry","category-sin-categoria","tag-luis-el-gallo"],"jetpack_featured_media_url":"https:\/\/lasprimeras.com.do\/wp-content\/uploads\/2024\/05\/IMG-20240508-WA0058.jpg","jetpack-related-posts":[{"id":120393,"url":"https:\/\/lasprimeras.com.do\/index.php\/2026\/01\/23\/luis-el-gallo-destaca-presidente-abinader-trabaja-para-acabar-con-la-miseria-y-la-corrupcion\/","url_meta":{"origin":82846,"position":0},"title":"Luis \u201cEl Gallo\u201d destaca presidente Abinader trabaja para acabar con la miseria y la corrupci\u00f3n","author":"Nelson Feliz","date":"23 de enero de 2026","format":false,"excerpt":"El l\u00edder de la Uni\u00f3n Dem\u00f3crata Cristiana \u2013UDC-, Luis Acosta Moreta, Luis \u201cEl Gallo\u201d, consider\u00f3 hoy que el presidente Luis Abinader est\u00e1 trabajando a tiempo completo para acabar con la marginalidad social, y mejorar los niveles de vida de la poblaci\u00f3n. Asimismo, se\u00f1al\u00f3 que el mandatario ha dicho en varias\u2026","rel":"","context":"En \u00abPOLITICA\u00bb","block_context":{"text":"POLITICA","link":"https:\/\/lasprimeras.com.do\/index.php\/category\/politica\/"},"img":{"alt_text":"Luis Acosta Moreta","src":"https:\/\/i0.wp.com\/lasprimeras.com.do\/wp-content\/uploads\/2025\/06\/Luis-Acosta-Moreta-1.jpg?resize=350%2C200&ssl=1","width":350,"height":200,"srcset":"https:\/\/i0.wp.com\/lasprimeras.com.do\/wp-content\/uploads\/2025\/06\/Luis-Acosta-Moreta-1.jpg?resize=350%2C200&ssl=1 1x, https:\/\/i0.wp.com\/lasprimeras.com.do\/wp-content\/uploads\/2025\/06\/Luis-Acosta-Moreta-1.jpg?resize=525%2C300&ssl=1 1.5x, https:\/\/i0.wp.com\/lasprimeras.com.do\/wp-content\/uploads\/2025\/06\/Luis-Acosta-Moreta-1.jpg?resize=700%2C400&ssl=1 2x"},"classes":[]},{"id":110091,"url":"https:\/\/lasprimeras.com.do\/index.php\/2025\/09\/25\/udc-respalda-a-presidente-abinader-al-pedir-comunidad-internacional-acuda-en-auxilio-de-haiti\/","url_meta":{"origin":82846,"position":1},"title":"UDC respalda a presidente Abinader, al pedir comunidad internacional acuda en auxilio de Hait\u00ed","author":"Nelson Feliz","date":"25 de septiembre de 2025","format":false,"excerpt":"El presidente de la Uni\u00f3n Dem\u00f3crata Cristiana \u2013UDC-, Luis Acosta Moreta, Luis \u201cEl Gallo\u201d salud\u00f3 y apoy\u00f3 hoy los pronunciamientos hechos por el presidente Luis Abinader de que una fuerza multinacional es la que debe buscar la paz y la soluci\u00f3n de los problemas haitianos. Tambi\u00e9n se\u00f1al\u00f3 como trascendente la\u2026","rel":"","context":"En \u00abPOLITICA\u00bb","block_context":{"text":"POLITICA","link":"https:\/\/lasprimeras.com.do\/index.php\/category\/politica\/"},"img":{"alt_text":"","src":"https:\/\/i0.wp.com\/lasprimeras.com.do\/wp-content\/uploads\/2025\/09\/Luis-Abinader-3-1.jpg?resize=350%2C200&ssl=1","width":350,"height":200,"srcset":"https:\/\/i0.wp.com\/lasprimeras.com.do\/wp-content\/uploads\/2025\/09\/Luis-Abinader-3-1.jpg?resize=350%2C200&ssl=1 1x, https:\/\/i0.wp.com\/lasprimeras.com.do\/wp-content\/uploads\/2025\/09\/Luis-Abinader-3-1.jpg?resize=525%2C300&ssl=1 1.5x, https:\/\/i0.wp.com\/lasprimeras.com.do\/wp-content\/uploads\/2025\/09\/Luis-Abinader-3-1.jpg?resize=700%2C400&ssl=1 2x"},"classes":[]},{"id":107104,"url":"https:\/\/lasprimeras.com.do\/index.php\/2025\/08\/22\/luis-el-gallo-reparte-libros-y-mascotas-proclama-el-ano-escolar-de-la-disciplina-y-los-valores-patrios\/","url_meta":{"origin":82846,"position":2},"title":"Luis \u201cEl Gallo\u201d reparte libros y mascotas; proclama el A\u00f1o Escolar de la Disciplina y los Valores Patrios","author":"Nelson Feliz","date":"22 de agosto de 2025","format":false,"excerpt":"El presidente de la Uni\u00f3n Dem\u00f3crata Cristiana (UDC), Luis Acosta Moreta, Luis \u201cEl Gallo\u201d, encabez\u00f3 jornadas de entrega de libros y \u00fatiles escolares a ni\u00f1os y ni\u00f1as de los barrios m\u00e1s pobres del Gran Santo Domingo, incluyendo Villas Agr\u00edcolas, San Carlos, El T\u00fanel de Capotillo, La 42, La Ci\u00e9naga, Cristo\u2026","rel":"","context":"En \u00abPOLITICA\u00bb","block_context":{"text":"POLITICA","link":"https:\/\/lasprimeras.com.do\/index.php\/category\/politica\/"},"img":{"alt_text":"","src":"https:\/\/i0.wp.com\/lasprimeras.com.do\/wp-content\/uploads\/2025\/08\/GALLO-1.jpg?resize=350%2C200&ssl=1","width":350,"height":200,"srcset":"https:\/\/i0.wp.com\/lasprimeras.com.do\/wp-content\/uploads\/2025\/08\/GALLO-1.jpg?resize=350%2C200&ssl=1 1x, https:\/\/i0.wp.com\/lasprimeras.com.do\/wp-content\/uploads\/2025\/08\/GALLO-1.jpg?resize=525%2C300&ssl=1 1.5x, https:\/\/i0.wp.com\/lasprimeras.com.do\/wp-content\/uploads\/2025\/08\/GALLO-1.jpg?resize=700%2C400&ssl=1 2x"},"classes":[]},{"id":76542,"url":"https:\/\/lasprimeras.com.do\/index.php\/2024\/02\/12\/luis-el-gallo-advierte-desarrollo-se-logra-eliminando-cordones-de-miseria\/","url_meta":{"origin":82846,"position":3},"title":"Luis \u201cEl Gallo\u201d advierte desarrollo se logra eliminando cordones de miseria","author":"Nelson Feliz","date":"12 de febrero de 2024","format":false,"excerpt":"Acosta Moreta participa en caravanas con presidente Luis Abinader. El presidente de la Uni\u00f3n Dem\u00f3crata Cristiana -UDC-, Luis Acosta Moreta, Luis \u201cEl Gallo\u201d, dijo hoy que para lograr el desarrollo dominicano, se necesita trabajar para eliminar los cordones de miseria, y la exclusi\u00f3n que impide que miles de j\u00f3venes estudien\u2026","rel":"","context":"En \u00abPORTADA\u00bb","block_context":{"text":"PORTADA","link":"https:\/\/lasprimeras.com.do\/index.php\/category\/portada\/"},"img":{"alt_text":"Luis Acosta Moreta","src":"https:\/\/i0.wp.com\/lasprimeras.com.do\/wp-content\/uploads\/2024\/02\/Luis-Acosta-Moreta.jpg?resize=350%2C200&ssl=1","width":350,"height":200,"srcset":"https:\/\/i0.wp.com\/lasprimeras.com.do\/wp-content\/uploads\/2024\/02\/Luis-Acosta-Moreta.jpg?resize=350%2C200&ssl=1 1x, https:\/\/i0.wp.com\/lasprimeras.com.do\/wp-content\/uploads\/2024\/02\/Luis-Acosta-Moreta.jpg?resize=525%2C300&ssl=1 1.5x, https:\/\/i0.wp.com\/lasprimeras.com.do\/wp-content\/uploads\/2024\/02\/Luis-Acosta-Moreta.jpg?resize=700%2C400&ssl=1 2x"},"classes":[]},{"id":111557,"url":"https:\/\/lasprimeras.com.do\/index.php\/2025\/10\/10\/el-sector-privado-y-el-gobierno-deben-aunar-esfuerzos-para-mejorar-niveles-de-vida-de-los-pobres\/","url_meta":{"origin":82846,"position":4},"title":"El sector privado y el gobierno deben aunar esfuerzos para mejorar niveles de vida de los pobres","author":"Nelson Feliz","date":"10 de octubre de 2025","format":false,"excerpt":"El presidente de la Uni\u00f3n Dem\u00f3crata Cristiana \u2013UDC-, Luis Acosta Moreta, Luis \u201cEl Gallo\u201d, dijo hoy que se deben tomar medidas inmediatas para mejorar la econom\u00eda de los grupos excluidos de la poblaci\u00f3n, sobre todo en lo que se refiere a la comida. Asever\u00f3 que las \u00faltimas estad\u00edsticas de los\u2026","rel":"","context":"En \u00abPOLITICA\u00bb","block_context":{"text":"POLITICA","link":"https:\/\/lasprimeras.com.do\/index.php\/category\/politica\/"},"img":{"alt_text":"Luis Acosta Moreta","src":"https:\/\/i0.wp.com\/lasprimeras.com.do\/wp-content\/uploads\/2025\/07\/Luis-Acosta-Moreta.png?resize=350%2C200&ssl=1","width":350,"height":200},"classes":[]},{"id":51142,"url":"https:\/\/lasprimeras.com.do\/index.php\/2023\/05\/28\/luis-el-gallo-beneficia-miles-de-madres-pobres-en-operativos-comunitarios\/","url_meta":{"origin":82846,"position":5},"title":"Luis \u201cEl Gallo\u201d beneficia miles de madres pobres en operativos comunitarios","author":"prenxa100","date":"28 de mayo de 2023","format":false,"excerpt":"Santo Domingo.-.Miles de madres residentes en barrios populares fueron agasajadas y recibieron regalos en un gran operativo comunitario del D\u00eda de las Madres, organizado a nivel nacional por Luis Acosta Moreta, Luis \u201cEl Gallo\u201d, presidente de la Uni\u00f3n Dem\u00f3crata Cristiana \u2013UDC-. En los encuentros del D\u00eda de las Madres de\u2026","rel":"","context":"En \u00abSin categor\u00eda\u00bb","block_context":{"text":"Sin categor\u00eda","link":"https:\/\/lasprimeras.com.do\/index.php\/category\/sin-categoria\/"},"img":{"alt_text":"","src":"","width":0,"height":0},"classes":[]}],"jetpack_sharing_enabled":true,"_links":{"self":[{"href":"https:\/\/lasprimeras.com.do\/index.php\/wp-json\/wp\/v2\/posts\/82846","targetHints":{"allow":["GET"]}}],"collection":[{"href":"https:\/\/lasprimeras.com.do\/index.php\/wp-json\/wp\/v2\/posts"}],"about":[{"href":"https:\/\/lasprimeras.com.do\/index.php\/wp-json\/wp\/v2\/types\/post"}],"author":[{"embeddable":true,"href":"https:\/\/lasprimeras.com.do\/index.php\/wp-json\/wp\/v2\/users\/3"}],"replies":[{"embeddable":true,"href":"https:\/\/lasprimeras.com.do\/index.php\/wp-json\/wp\/v2\/comments?post=82846"}],"version-history":[{"count":1,"href":"https:\/\/lasprimeras.com.do\/index.php\/wp-json\/wp\/v2\/posts\/82846\/revisions"}],"predecessor-version":[{"id":82848,"href":"https:\/\/lasprimeras.com.do\/index.php\/wp-json\/wp\/v2\/posts\/82846\/revisions\/82848"}],"wp:featuredmedia":[{"embeddable":true,"href":"https:\/\/lasprimeras.com.do\/index.php\/wp-json\/wp\/v2\/media\/82847"}],"wp:attachment":[{"href":"https:\/\/lasprimeras.com.do\/index.php\/wp-json\/wp\/v2\/media?parent=82846"}],"wp:term":[{"taxonomy":"category","embeddable":true,"href":"https:\/\/lasprimeras.com.do\/index.php\/wp-json\/wp\/v2\/categories?post=82846"},{"taxonomy":"post_tag","embeddable":true,"href":"https:\/\/lasprimeras.com.do\/index.php\/wp-json\/wp\/v2\/tags?post=82846"}],"curies":[{"name":"wp","href":"https:\/\/api.w.org\/{rel}","templated":true}]}}