{"id":82860,"date":"2024-05-08T18:34:07","date_gmt":"2024-05-08T22:34:07","guid":{"rendered":"https:\/\/lasprimeras.com.do\/?p=82860"},"modified":"2024-05-08T18:34:08","modified_gmt":"2024-05-08T22:34:08","slug":"iglesia-catolica-exhorta-a-sus-feligreses-en-la-circ-3-a-votar-por-joselito-feliz","status":"publish","type":"post","link":"https:\/\/lasprimeras.com.do\/index.php\/2024\/05\/08\/iglesia-catolica-exhorta-a-sus-feligreses-en-la-circ-3-a-votar-por-joselito-feliz\/","title":{"rendered":"Iglesia Cat\u00f3lica exhorta a sus feligreses en la Circ. 3 a votar por Joselito Feliz"},"content":{"rendered":"\n<p>La Iglesia Cat\u00f3lica ha instruido a sus fieles en la Circunscripci\u00f3n 3 a respaldar la candidatura de Joselito Feliz en las pr\u00f3ximas elecciones, destacando su compromiso con valores fundamentales y principios morales.<\/p>\n\n\n\n<p>El respaldo de la Iglesia Cat\u00f3lica hacia Joselito Feliz se fundamenta en su firme defensa del derecho a la vida desde la concepci\u00f3n, as\u00ed como en su postura contraria a la promoci\u00f3n de la ideolog\u00eda de g\u00e9nero y la agenda LGBT.<\/p>\n\n\n\n<p>Feliz se ha destacado por su compromiso con la protecci\u00f3n de la familia y los valores tradicionales, en consonancia con la ense\u00f1anza de la Iglesia.<\/p>\n\n\n\n<p>Adem\u00e1s, Joselito Feliz ha demostrado un claro compromiso con la defensa de la soberan\u00eda y la seguridad nacional, valores que resuenan con la comunidad cat\u00f3lica en la Circunscripci\u00f3n 3. Su posici\u00f3n en este sentido ha sido elogiada por l\u00edderes religiosos y feligreses por igual.<\/p>\n\n\n\n<p>Otro punto destacado de la plataforma de Joselito Feliz es su defensa del derecho de los padres sobre la educaci\u00f3n de sus hijos, incluyendo el derecho a la disciplina. Esta postura refleja los principios de libertad y autonom\u00eda familiar, que son fundamentales para la Iglesia Cat\u00f3lica.<\/p>\n\n\n\n<p>En resumen, la Iglesia Cat\u00f3lica ha instado a sus feligreses en la Circunscripci\u00f3n 3 a respaldar a Joselito Feliz en las pr\u00f3ximas elecciones, reconociendo su compromiso con valores morales, principios familiares y la defensa de la soberan\u00eda nacional.<\/p>\n","protected":false},"excerpt":{"rendered":"<p>La Iglesia Cat\u00f3lica ha instruido a sus fieles en la Circunscripci\u00f3n 3 a respaldar la candidatura de Joselito Feliz en las pr\u00f3ximas elecciones, destacando su compromiso con valores fundamentales y&hellip;<\/p>\n","protected":false},"author":2,"featured_media":77721,"comment_status":"open","ping_status":"open","sticky":false,"template":"","format":"standard","meta":{"content-type":"","jetpack_post_was_ever_published":false,"_jetpack_newsletter_access":"","_jetpack_dont_email_post_to_subs":false,"_jetpack_newsletter_tier_id":0,"_jetpack_memberships_contains_paywalled_content":false,"_jetpack_memberships_contains_paid_content":false,"footnotes":""},"categories":[25],"tags":[6735,7483,8640,6676],"class_list":["post-82860","post","type-post","status-publish","format-standard","has-post-thumbnail","hentry","category-portada","tag-feligreses","tag-iglesia-catolica","tag-joselito-feliz","tag-votar"],"jetpack_featured_media_url":"https:\/\/lasprimeras.com.do\/wp-content\/uploads\/2024\/02\/Joselito-Feliz.jpg","jetpack-related-posts":[{"id":109653,"url":"https:\/\/lasprimeras.com.do\/index.php\/2025\/09\/21\/joselito-feliz-denuncia-que-acueducto-de-haina-inaugurado-con-una-inversion-de-rd420-millones-no-funciona\/","url_meta":{"origin":82860,"position":0},"title":"Joselito Feliz denuncia que acueducto de Haina, inaugurado con una inversi\u00f3n de RD$420 millones, no funciona","author":"Nelson Feliz","date":"21 de septiembre de 2025","format":false,"excerpt":"El comunicador Joselito Feliz denunci\u00f3 que el acueducto inaugurado en Haina en el a\u00f1o 2023, con una inversi\u00f3n de 420 millones de pesos, no est\u00e1 en funcionamiento, a pesar de haber sido presentado como una soluci\u00f3n definitiva al problema del agua potable en la zona. Durante su intervenci\u00f3n en el\u2026","rel":"","context":"En \u00abECONOM\u00cdA\u00bb","block_context":{"text":"ECONOM\u00cdA","link":"https:\/\/lasprimeras.com.do\/index.php\/category\/economia\/"},"img":{"alt_text":"Joselito Feliz","src":"https:\/\/i0.wp.com\/lasprimeras.com.do\/wp-content\/uploads\/2024\/07\/Joselito-Feliz.jpg?resize=350%2C200&ssl=1","width":350,"height":200,"srcset":"https:\/\/i0.wp.com\/lasprimeras.com.do\/wp-content\/uploads\/2024\/07\/Joselito-Feliz.jpg?resize=350%2C200&ssl=1 1x, https:\/\/i0.wp.com\/lasprimeras.com.do\/wp-content\/uploads\/2024\/07\/Joselito-Feliz.jpg?resize=525%2C300&ssl=1 1.5x, https:\/\/i0.wp.com\/lasprimeras.com.do\/wp-content\/uploads\/2024\/07\/Joselito-Feliz.jpg?resize=700%2C400&ssl=1 2x"},"classes":[]},{"id":82764,"url":"https:\/\/lasprimeras.com.do\/index.php\/2024\/05\/07\/iglesia-catolica-recomienda-votar-por-la-diputada-dulce-rojas-en-sdn-por-defender-el-derecho-a-la-vida\/","url_meta":{"origin":82860,"position":1},"title":"Iglesia Cat\u00f3lica recomienda votar por la diputada Dulce Rojas en SDN por defender el derecho a la vida","author":"BIMARY DE JES\u00daS Matos","date":"7 de mayo de 2024","format":false,"excerpt":"Santo Domingo, RD. - La Iglesia Cat\u00f3lica dominicana recomend\u00f3 a sus feligreses en Santo Domingo Norte (SDN) a votar por la diputada y candidata a la misma posici\u00f3n, Dulce Rojas, en las elecciones presidenciales y congresuales del pr\u00f3ximo 19 de mayo. En un documento de 66 p\u00e1ginas, la Arquidi\u00f3cesis de\u2026","rel":"","context":"En \u00abSin categor\u00eda\u00bb","block_context":{"text":"Sin categor\u00eda","link":"https:\/\/lasprimeras.com.do\/index.php\/category\/sin-categoria\/"},"img":{"alt_text":"","src":"https:\/\/i0.wp.com\/lasprimeras.com.do\/wp-content\/uploads\/2024\/05\/IMG-20240507-WA0030.jpg?resize=350%2C200&ssl=1","width":350,"height":200,"srcset":"https:\/\/i0.wp.com\/lasprimeras.com.do\/wp-content\/uploads\/2024\/05\/IMG-20240507-WA0030.jpg?resize=350%2C200&ssl=1 1x, https:\/\/i0.wp.com\/lasprimeras.com.do\/wp-content\/uploads\/2024\/05\/IMG-20240507-WA0030.jpg?resize=525%2C300&ssl=1 1.5x, https:\/\/i0.wp.com\/lasprimeras.com.do\/wp-content\/uploads\/2024\/05\/IMG-20240507-WA0030.jpg?resize=700%2C400&ssl=1 2x, https:\/\/i0.wp.com\/lasprimeras.com.do\/wp-content\/uploads\/2024\/05\/IMG-20240507-WA0030.jpg?resize=1050%2C600&ssl=1 3x, https:\/\/i0.wp.com\/lasprimeras.com.do\/wp-content\/uploads\/2024\/05\/IMG-20240507-WA0030.jpg?resize=1400%2C800&ssl=1 4x"},"classes":[]},{"id":126581,"url":"https:\/\/lasprimeras.com.do\/index.php\/2026\/04\/03\/por-que-en-la-iglesia-catolica-besan-y-adoran-una-la-cruz-el-viernes-santo\/","url_meta":{"origin":82860,"position":2},"title":"\u00bfPor qu\u00e9 en la Iglesia cat\u00f3lica besan y adoran una la cruz el Viernes Santo?","author":"Nelson Feliz","date":"3 de abril de 2026","format":false,"excerpt":"Durante todo el Viernes Santo, la Iglesia cat\u00f3lica invita a todos sus feligreses a mantener posturas de reflexi\u00f3n, de recogimiento y silencio, para acompa\u00f1ar a Jes\u00fas que sufre por los pecados del mundo. El Viernes Santo en la Iglesia cat\u00f3lica pasan muchas cosas: no se celebra eucar\u00edstica, no se consagra\u2026","rel":"","context":"En \u00abHISTORIA\u00bb","block_context":{"text":"HISTORIA","link":"https:\/\/lasprimeras.com.do\/index.php\/category\/historia\/"},"img":{"alt_text":"","src":"https:\/\/i0.wp.com\/lasprimeras.com.do\/wp-content\/uploads\/2026\/04\/Jesus-en-la-cruz.jpeg?resize=350%2C200&ssl=1","width":350,"height":200,"srcset":"https:\/\/i0.wp.com\/lasprimeras.com.do\/wp-content\/uploads\/2026\/04\/Jesus-en-la-cruz.jpeg?resize=350%2C200&ssl=1 1x, https:\/\/i0.wp.com\/lasprimeras.com.do\/wp-content\/uploads\/2026\/04\/Jesus-en-la-cruz.jpeg?resize=525%2C300&ssl=1 1.5x, https:\/\/i0.wp.com\/lasprimeras.com.do\/wp-content\/uploads\/2026\/04\/Jesus-en-la-cruz.jpeg?resize=700%2C400&ssl=1 2x"},"classes":[]},{"id":83218,"url":"https:\/\/lasprimeras.com.do\/index.php\/2024\/05\/10\/iglesia-catolica-manda-a-votar-por-sugey-garcia\/","url_meta":{"origin":82860,"position":3},"title":"Iglesia cat\u00f3lica manda a votar por Sugey Garc\u00eda","author":"Nelson Feliz","date":"10 de mayo de 2024","format":false,"excerpt":"La Iglesia cat\u00f3lica dominicana invit\u00f3 a votar por la candidata\u00a0 a Diputada por el Municipio Santo Domingo Norte, Sugey Garc\u00eda, por entenderla id\u00f3nea al escenario actual, seg\u00fan expresa un documento de la Arquidi\u00f3cesis de Santo Domingo. La depuraci\u00f3n de candidatos hecha por el cuerpo eclesi\u00e1stico induce al voto sobre su\u2026","rel":"","context":"En \u00abSin categor\u00eda\u00bb","block_context":{"text":"Sin categor\u00eda","link":"https:\/\/lasprimeras.com.do\/index.php\/category\/sin-categoria\/"},"img":{"alt_text":"Sugey Garc\u00eda","src":"https:\/\/i0.wp.com\/lasprimeras.com.do\/wp-content\/uploads\/2024\/05\/Sugey-Garcia.jpg?resize=350%2C200&ssl=1","width":350,"height":200,"srcset":"https:\/\/i0.wp.com\/lasprimeras.com.do\/wp-content\/uploads\/2024\/05\/Sugey-Garcia.jpg?resize=350%2C200&ssl=1 1x, https:\/\/i0.wp.com\/lasprimeras.com.do\/wp-content\/uploads\/2024\/05\/Sugey-Garcia.jpg?resize=525%2C300&ssl=1 1.5x, https:\/\/i0.wp.com\/lasprimeras.com.do\/wp-content\/uploads\/2024\/05\/Sugey-Garcia.jpg?resize=700%2C400&ssl=1 2x"},"classes":[]},{"id":98695,"url":"https:\/\/lasprimeras.com.do\/index.php\/2025\/05\/11\/luis-el-gallo-emplaza-a-la-iglesia-catolica-hablar-con-claridad-sobre-la-crisis-haitiana\/","url_meta":{"origin":82860,"position":4},"title":"Luis \u201cEl Gallo\u201d emplaza a la iglesia cat\u00f3lica hablar con claridad sobre la crisis haitiana","author":"Nelson Feliz","date":"11 de mayo de 2025","format":false,"excerpt":"El presidente de la Uni\u00f3n Dem\u00f3crata Cristiana \u2013UDC-, Luis Acosta Moreta, Luis \u201cEl Gallo\u201d, demostr\u00f3 hoy que la iglesia cat\u00f3lica debe hablar con claridad sobre su papel y opini\u00f3n en la crisis haitiana, en especial sobre los indocumentados. Indic\u00f3 que voceros de la iglesia tienen una pr\u00e9dica que da la\u2026","rel":"","context":"En \u00abPOLITICA\u00bb","block_context":{"text":"POLITICA","link":"https:\/\/lasprimeras.com.do\/index.php\/category\/politica\/"},"img":{"alt_text":"Luis Acosta Moreta","src":"https:\/\/i0.wp.com\/lasprimeras.com.do\/wp-content\/uploads\/2025\/05\/Luis-Acosta-Moreta-1.jpg?resize=350%2C200&ssl=1","width":350,"height":200,"srcset":"https:\/\/i0.wp.com\/lasprimeras.com.do\/wp-content\/uploads\/2025\/05\/Luis-Acosta-Moreta-1.jpg?resize=350%2C200&ssl=1 1x, https:\/\/i0.wp.com\/lasprimeras.com.do\/wp-content\/uploads\/2025\/05\/Luis-Acosta-Moreta-1.jpg?resize=525%2C300&ssl=1 1.5x, https:\/\/i0.wp.com\/lasprimeras.com.do\/wp-content\/uploads\/2025\/05\/Luis-Acosta-Moreta-1.jpg?resize=700%2C400&ssl=1 2x"},"classes":[]},{"id":77720,"url":"https:\/\/lasprimeras.com.do\/index.php\/2024\/02\/24\/joselito-feliz-sugiere-a-lideres-locales\/","url_meta":{"origin":82860,"position":5},"title":"Joselito Feliz sugiere a l\u00edderes locales","author":"Nelson Feliz","date":"24 de febrero de 2024","format":false,"excerpt":"Tras el \u00faltimo proceso electoral, cuyos resultados no fueron favorables para nuestra organizaci\u00f3n y l\u00edderes locales, he recibido sugerencias en dos direcciones: Recomendaciones para que me retire de mis aspiraciones a diputado. Incentivos para que contin\u00fae avanzando en mi candidatura. Quiero comunicar a mis colegas, amigos y colaboradores que he\u2026","rel":"","context":"En \u00abOPINI\u00d3N\u00bb","block_context":{"text":"OPINI\u00d3N","link":"https:\/\/lasprimeras.com.do\/index.php\/category\/opinion\/"},"img":{"alt_text":"Joselito Feliz","src":"https:\/\/i0.wp.com\/lasprimeras.com.do\/wp-content\/uploads\/2024\/02\/Joselito-Feliz.jpg?resize=350%2C200&ssl=1","width":350,"height":200,"srcset":"https:\/\/i0.wp.com\/lasprimeras.com.do\/wp-content\/uploads\/2024\/02\/Joselito-Feliz.jpg?resize=350%2C200&ssl=1 1x, https:\/\/i0.wp.com\/lasprimeras.com.do\/wp-content\/uploads\/2024\/02\/Joselito-Feliz.jpg?resize=525%2C300&ssl=1 1.5x, https:\/\/i0.wp.com\/lasprimeras.com.do\/wp-content\/uploads\/2024\/02\/Joselito-Feliz.jpg?resize=700%2C400&ssl=1 2x"},"classes":[]}],"jetpack_sharing_enabled":true,"_links":{"self":[{"href":"https:\/\/lasprimeras.com.do\/index.php\/wp-json\/wp\/v2\/posts\/82860","targetHints":{"allow":["GET"]}}],"collection":[{"href":"https:\/\/lasprimeras.com.do\/index.php\/wp-json\/wp\/v2\/posts"}],"about":[{"href":"https:\/\/lasprimeras.com.do\/index.php\/wp-json\/wp\/v2\/types\/post"}],"author":[{"embeddable":true,"href":"https:\/\/lasprimeras.com.do\/index.php\/wp-json\/wp\/v2\/users\/2"}],"replies":[{"embeddable":true,"href":"https:\/\/lasprimeras.com.do\/index.php\/wp-json\/wp\/v2\/comments?post=82860"}],"version-history":[{"count":1,"href":"https:\/\/lasprimeras.com.do\/index.php\/wp-json\/wp\/v2\/posts\/82860\/revisions"}],"predecessor-version":[{"id":82861,"href":"https:\/\/lasprimeras.com.do\/index.php\/wp-json\/wp\/v2\/posts\/82860\/revisions\/82861"}],"wp:featuredmedia":[{"embeddable":true,"href":"https:\/\/lasprimeras.com.do\/index.php\/wp-json\/wp\/v2\/media\/77721"}],"wp:attachment":[{"href":"https:\/\/lasprimeras.com.do\/index.php\/wp-json\/wp\/v2\/media?parent=82860"}],"wp:term":[{"taxonomy":"category","embeddable":true,"href":"https:\/\/lasprimeras.com.do\/index.php\/wp-json\/wp\/v2\/categories?post=82860"},{"taxonomy":"post_tag","embeddable":true,"href":"https:\/\/lasprimeras.com.do\/index.php\/wp-json\/wp\/v2\/tags?post=82860"}],"curies":[{"name":"wp","href":"https:\/\/api.w.org\/{rel}","templated":true}]}}