{"id":82865,"date":"2024-05-08T18:53:31","date_gmt":"2024-05-08T22:53:31","guid":{"rendered":"https:\/\/lasprimeras.com.do\/?p=82865"},"modified":"2024-05-08T18:53:32","modified_gmt":"2024-05-08T22:53:32","slug":"celebran-encuentro-en-apoyo-a-candidata-a-diputada-liz-mieses","status":"publish","type":"post","link":"https:\/\/lasprimeras.com.do\/index.php\/2024\/05\/08\/celebran-encuentro-en-apoyo-a-candidata-a-diputada-liz-mieses\/","title":{"rendered":"Celebran encuentro en apoyo a candidata a diputada Liz Mieses"},"content":{"rendered":"\n<p>La ciudad capital fue testigo de un vibrante encuentro social en apoyo a Liz Mieses, candidata a diputada por la circunscripci\u00f3n uno, en el distrito nacional, en representaci\u00f3n del Partido Revolucionario Moderno (PRM).<\/p>\n\n\n\n<p>El evento, celebrado en Punto y Corcho, congreg\u00f3 a un nutrido grupo de mujeres de distintas esferas sociales de la ciudad Capital, en respaldo a la visi\u00f3n y el compromiso de Liz Mieses con su comunidad y el pa\u00eds en su conjunto.<\/p>\n\n\n\n<p>Durante el encuentro, se destacaron los valores de integridad, servicio y progreso que Mieses representa, as\u00ed como su enfoque en abordar las necesidades reales de los ciudadanos dominicanos.<\/p>\n\n\n\n<p>Asimismo, se subray\u00f3 la importancia de esta candidatura para fortalecer la representaci\u00f3n democr\u00e1tica en la circunscripci\u00f3n uno, promoviendo un cambio positivo y efectivo en el \u00e1mbito legislativo.<\/p>\n\n\n\n<p>La energ\u00eda y el respaldo expresados en este encuentro reflejan el s\u00f3lido apoyo que Liz Mieses contin\u00faa recibiendo en su camino hacia la representaci\u00f3n pol\u00edtica, as\u00ed como el compromiso de la ciudadan\u00eda con la construcci\u00f3n de un futuro m\u00e1s justo y pr\u00f3spero para todos.<\/p>\n\n\n\n<p>El compartir social fue organizado por Laura Ram\u00edrez Bison\u00f3, y su hija, In\u00e9s Mar\u00eda Berg\u00e9s, y cont\u00f3 con la presencia de Deborah Karter, reconocida estilista y asesora de imagen; Yasmina Marra, empresaria Healt &amp; Wellness; Annie Felipe; Luisiana Mi\u00f1oso de Mej\u00eda, presidenta el movimiento Rodando con Luis, y la comunicadora Laura P\u00e9rez Rojas, entre otras notables mujeres del \u00e1mbito pol\u00edtico y social.<\/p>\n","protected":false},"excerpt":{"rendered":"<p>La ciudad capital fue testigo de un vibrante encuentro social en apoyo a Liz Mieses, candidata a diputada por la circunscripci\u00f3n uno, en el distrito nacional, en representaci\u00f3n del Partido&hellip;<\/p>\n","protected":false},"author":2,"featured_media":82866,"comment_status":"open","ping_status":"open","sticky":false,"template":"","format":"standard","meta":{"content-type":"","jetpack_post_was_ever_published":false,"_jetpack_newsletter_access":"","_jetpack_dont_email_post_to_subs":false,"_jetpack_newsletter_tier_id":0,"_jetpack_memberships_contains_paywalled_content":false,"_jetpack_memberships_contains_paid_content":false,"footnotes":""},"categories":[25],"tags":[3205,1195,995,2086,12848,557],"class_list":["post-82865","post","type-post","status-publish","format-standard","has-post-thumbnail","hentry","category-portada","tag-candidata","tag-celebran","tag-diputada","tag-encuentro","tag-liz-mieses","tag-social"],"jetpack_featured_media_url":"https:\/\/lasprimeras.com.do\/wp-content\/uploads\/2024\/05\/Liz-Mieses-1.jpg","jetpack-related-posts":[{"id":114880,"url":"https:\/\/lasprimeras.com.do\/index.php\/2025\/11\/17\/carolina-presenta-una-transformacion-social-la-ciudad-que-respira\/","url_meta":{"origin":82865,"position":0},"title":"Carolina presenta una transformaci\u00f3n social: &#8220;La Ciudad que Respira&#8221;","author":"Nelson Feliz","date":"17 de noviembre de 2025","format":false,"excerpt":"Destaca los m\u00e1s de 200 espacios p\u00fablicos entregados durante su gesti\u00f3n Carolina Mej\u00eda encabez\u00f3 la presentaci\u00f3n de la transformaci\u00f3n social \"La Ciudad que Respira\", en la que se destacan los m\u00e1s de 200 espacios p\u00fablicos que ha construido y remozado la Alcald\u00eda del Distrito Nacional en su gesti\u00f3n. Durante la\u2026","rel":"","context":"En \u00abPOLITICA\u00bb","block_context":{"text":"POLITICA","link":"https:\/\/lasprimeras.com.do\/index.php\/category\/politica\/"},"img":{"alt_text":"","src":"https:\/\/i0.wp.com\/lasprimeras.com.do\/wp-content\/uploads\/2025\/11\/Carolina-Mejia.jpg?resize=350%2C200&ssl=1","width":350,"height":200,"srcset":"https:\/\/i0.wp.com\/lasprimeras.com.do\/wp-content\/uploads\/2025\/11\/Carolina-Mejia.jpg?resize=350%2C200&ssl=1 1x, https:\/\/i0.wp.com\/lasprimeras.com.do\/wp-content\/uploads\/2025\/11\/Carolina-Mejia.jpg?resize=525%2C300&ssl=1 1.5x, https:\/\/i0.wp.com\/lasprimeras.com.do\/wp-content\/uploads\/2025\/11\/Carolina-Mejia.jpg?resize=700%2C400&ssl=1 2x"},"classes":[]},{"id":125975,"url":"https:\/\/lasprimeras.com.do\/index.php\/2026\/03\/28\/voces-que-inspiran-un-panel-que-eleva-conecta-y-transforma\/","url_meta":{"origin":82865,"position":1},"title":"Voces que Inspiran: un panel que eleva, conecta y transforma","author":"Nelson Feliz","date":"28 de marzo de 2026","format":false,"excerpt":"Con el prop\u00f3sito de visibilizar historias aut\u00e9nticas, fortalecer el liderazgo femenino y generar espacios de conexi\u00f3n genuina, se llev\u00f3 a cabo el panel \u201cVoces que Inspiran\u201d, una iniciativa liderada por su fundadora, Laura Ram\u00edrez Bison\u00f3. El encuentro reuni\u00f3 a destacadas mujeres cuyas trayectorias reflejan determinaci\u00f3n, resiliencia y compromiso con la\u2026","rel":"","context":"En \u00abNACIONALES\u00bb","block_context":{"text":"NACIONALES","link":"https:\/\/lasprimeras.com.do\/index.php\/category\/nacionales\/"},"img":{"alt_text":"","src":"https:\/\/i0.wp.com\/lasprimeras.com.do\/wp-content\/uploads\/2026\/03\/voces.jpg?resize=350%2C200&ssl=1","width":350,"height":200,"srcset":"https:\/\/i0.wp.com\/lasprimeras.com.do\/wp-content\/uploads\/2026\/03\/voces.jpg?resize=350%2C200&ssl=1 1x, https:\/\/i0.wp.com\/lasprimeras.com.do\/wp-content\/uploads\/2026\/03\/voces.jpg?resize=525%2C300&ssl=1 1.5x, https:\/\/i0.wp.com\/lasprimeras.com.do\/wp-content\/uploads\/2026\/03\/voces.jpg?resize=700%2C400&ssl=1 2x, https:\/\/i0.wp.com\/lasprimeras.com.do\/wp-content\/uploads\/2026\/03\/voces.jpg?resize=1050%2C600&ssl=1 3x, https:\/\/i0.wp.com\/lasprimeras.com.do\/wp-content\/uploads\/2026\/03\/voces.jpg?resize=1400%2C800&ssl=1 4x"},"classes":[]},{"id":127252,"url":"https:\/\/lasprimeras.com.do\/index.php\/2026\/04\/09\/presidente-abinader-conversa-con-estudiantes-universitariossobre-educacion\/","url_meta":{"origin":82865,"position":2},"title":"Presidente Abinader conversa con estudiantes universitariossobre educaci\u00f3n","author":"Nelson Feliz","date":"9 de abril de 2026","format":false,"excerpt":"Destaca que en seis a\u00f1os de gobierno ha trabajado para fortalecer la institucionalidad y la independencia del Ministerio P\u00fablico, mejorar indicadores sociales y calidad de vida El presidente Luis Abinader particip\u00f3 en un conversatorio pol\u00edtico con estudiantes universitarios, afianzando la cercan\u00eda y motivaci\u00f3n hacia la poblaci\u00f3n joven para que contin\u00faen\u2026","rel":"","context":"En \u00abNACIONALES\u00bb","block_context":{"text":"NACIONALES","link":"https:\/\/lasprimeras.com.do\/index.php\/category\/nacionales\/"},"img":{"alt_text":"","src":"https:\/\/i0.wp.com\/lasprimeras.com.do\/wp-content\/uploads\/2026\/04\/Luis-Abinader-1.jpg?resize=350%2C200&ssl=1","width":350,"height":200,"srcset":"https:\/\/i0.wp.com\/lasprimeras.com.do\/wp-content\/uploads\/2026\/04\/Luis-Abinader-1.jpg?resize=350%2C200&ssl=1 1x, https:\/\/i0.wp.com\/lasprimeras.com.do\/wp-content\/uploads\/2026\/04\/Luis-Abinader-1.jpg?resize=525%2C300&ssl=1 1.5x, https:\/\/i0.wp.com\/lasprimeras.com.do\/wp-content\/uploads\/2026\/04\/Luis-Abinader-1.jpg?resize=700%2C400&ssl=1 2x"},"classes":[]},{"id":83230,"url":"https:\/\/lasprimeras.com.do\/index.php\/2024\/05\/11\/francisca-jaquez-recibe-el-apoyo-de-alexander-liz\/","url_meta":{"origin":82865,"position":3},"title":"Francisca J\u00e1quez recibe el apoyo de Alexander Liz","author":"Nelson Feliz","date":"11 de mayo de 2024","format":false,"excerpt":"El ex - candidato a diputado por el oficialista Partido Revolucionario Moderno (PRM), Alexander Liz, manifest\u00f3 su apoyo a la candidata a diputada por la circunscripci\u00f3n 3 del Distrito Nacional, Francisca J\u00e1quez, cuya candidatura la inscribi\u00f3 el partido tras dejar fuera a Liz por la cuota de g\u00e9nero. Tras recibir\u2026","rel":"","context":"En \u00abSin categor\u00eda\u00bb","block_context":{"text":"Sin categor\u00eda","link":"https:\/\/lasprimeras.com.do\/index.php\/category\/sin-categoria\/"},"img":{"alt_text":"Francisca J\u00e1quez y Alexander Liz","src":"https:\/\/i0.wp.com\/lasprimeras.com.do\/wp-content\/uploads\/2024\/05\/Francisca-Jaquez-y-Alexander-Liz.jpg?resize=350%2C200&ssl=1","width":350,"height":200,"srcset":"https:\/\/i0.wp.com\/lasprimeras.com.do\/wp-content\/uploads\/2024\/05\/Francisca-Jaquez-y-Alexander-Liz.jpg?resize=350%2C200&ssl=1 1x, https:\/\/i0.wp.com\/lasprimeras.com.do\/wp-content\/uploads\/2024\/05\/Francisca-Jaquez-y-Alexander-Liz.jpg?resize=525%2C300&ssl=1 1.5x, https:\/\/i0.wp.com\/lasprimeras.com.do\/wp-content\/uploads\/2024\/05\/Francisca-Jaquez-y-Alexander-Liz.jpg?resize=700%2C400&ssl=1 2x"},"classes":[]},{"id":124026,"url":"https:\/\/lasprimeras.com.do\/index.php\/2026\/03\/07\/lideres-respaldan-a-carolina-en-el-dia-internacional-de-la-mujer\/","url_meta":{"origin":82865,"position":4},"title":"L\u00edderes respaldan a Carolina en el D\u00eda Internacional de la Mujer","author":"Nelson Feliz","date":"7 de marzo de 2026","format":false,"excerpt":"La alcaldesa del Distrito Nacional y precandidata presidencial del Partido Revolucionario Moderno (PRM), Carolina Mej\u00eda recibi\u00f3 este fin de semana el respaldo de cientos de l\u00edderes comunitarias, profesionales y dirigentes pol\u00edticas de las 32 provincias del pa\u00eds en un multitudinario encuentro, donde \u00e9stas reafirmaron su compromiso de continuar fortaleciendo el\u2026","rel":"","context":"En \u00abPOLITICA\u00bb","block_context":{"text":"POLITICA","link":"https:\/\/lasprimeras.com.do\/index.php\/category\/politica\/"},"img":{"alt_text":"","src":"https:\/\/i0.wp.com\/lasprimeras.com.do\/wp-content\/uploads\/2026\/03\/Carolina-Mejia-1.jpg?resize=350%2C200&ssl=1","width":350,"height":200,"srcset":"https:\/\/i0.wp.com\/lasprimeras.com.do\/wp-content\/uploads\/2026\/03\/Carolina-Mejia-1.jpg?resize=350%2C200&ssl=1 1x, https:\/\/i0.wp.com\/lasprimeras.com.do\/wp-content\/uploads\/2026\/03\/Carolina-Mejia-1.jpg?resize=525%2C300&ssl=1 1.5x, https:\/\/i0.wp.com\/lasprimeras.com.do\/wp-content\/uploads\/2026\/03\/Carolina-Mejia-1.jpg?resize=700%2C400&ssl=1 2x"},"classes":[]},{"id":103938,"url":"https:\/\/lasprimeras.com.do\/index.php\/2025\/07\/20\/inabie-entrega-utileria-escolar-en-el-distrito-15-03-y-lleva-servicios-de-salud\/","url_meta":{"origin":82865,"position":5},"title":"INABIE entrega utiler\u00eda escolar en el Distrito 15-03 y lleva servicios de salud","author":"Nelson Feliz","date":"20 de julio de 2025","format":false,"excerpt":"El instituto de bienestar entreg\u00f3 20,593 kits escolares en 52 centros beneficiarios del programa de Utiler\u00eda Escolar. El Instituto Nacional de Bienestar Estudiantil (INABIE) complet\u00f3 este s\u00e1bado la entrega de 20,593 kits escolares para el Distrito Educativo 15-03 durante una nueva jornada de \u201cEl Gobierno en las Provincias\u201d en el\u2026","rel":"","context":"En \u00abNACIONALES\u00bb","block_context":{"text":"NACIONALES","link":"https:\/\/lasprimeras.com.do\/index.php\/category\/nacionales\/"},"img":{"alt_text":"","src":"https:\/\/i0.wp.com\/lasprimeras.com.do\/wp-content\/uploads\/2025\/07\/SALUD.jpg?resize=350%2C200&ssl=1","width":350,"height":200,"srcset":"https:\/\/i0.wp.com\/lasprimeras.com.do\/wp-content\/uploads\/2025\/07\/SALUD.jpg?resize=350%2C200&ssl=1 1x, https:\/\/i0.wp.com\/lasprimeras.com.do\/wp-content\/uploads\/2025\/07\/SALUD.jpg?resize=525%2C300&ssl=1 1.5x, https:\/\/i0.wp.com\/lasprimeras.com.do\/wp-content\/uploads\/2025\/07\/SALUD.jpg?resize=700%2C400&ssl=1 2x"},"classes":[]}],"jetpack_sharing_enabled":true,"_links":{"self":[{"href":"https:\/\/lasprimeras.com.do\/index.php\/wp-json\/wp\/v2\/posts\/82865","targetHints":{"allow":["GET"]}}],"collection":[{"href":"https:\/\/lasprimeras.com.do\/index.php\/wp-json\/wp\/v2\/posts"}],"about":[{"href":"https:\/\/lasprimeras.com.do\/index.php\/wp-json\/wp\/v2\/types\/post"}],"author":[{"embeddable":true,"href":"https:\/\/lasprimeras.com.do\/index.php\/wp-json\/wp\/v2\/users\/2"}],"replies":[{"embeddable":true,"href":"https:\/\/lasprimeras.com.do\/index.php\/wp-json\/wp\/v2\/comments?post=82865"}],"version-history":[{"count":1,"href":"https:\/\/lasprimeras.com.do\/index.php\/wp-json\/wp\/v2\/posts\/82865\/revisions"}],"predecessor-version":[{"id":82867,"href":"https:\/\/lasprimeras.com.do\/index.php\/wp-json\/wp\/v2\/posts\/82865\/revisions\/82867"}],"wp:featuredmedia":[{"embeddable":true,"href":"https:\/\/lasprimeras.com.do\/index.php\/wp-json\/wp\/v2\/media\/82866"}],"wp:attachment":[{"href":"https:\/\/lasprimeras.com.do\/index.php\/wp-json\/wp\/v2\/media?parent=82865"}],"wp:term":[{"taxonomy":"category","embeddable":true,"href":"https:\/\/lasprimeras.com.do\/index.php\/wp-json\/wp\/v2\/categories?post=82865"},{"taxonomy":"post_tag","embeddable":true,"href":"https:\/\/lasprimeras.com.do\/index.php\/wp-json\/wp\/v2\/tags?post=82865"}],"curies":[{"name":"wp","href":"https:\/\/api.w.org\/{rel}","templated":true}]}}