{"id":82868,"date":"2024-05-08T19:11:10","date_gmt":"2024-05-08T23:11:10","guid":{"rendered":"https:\/\/lasprimeras.com.do\/?p=82868"},"modified":"2024-05-08T19:11:10","modified_gmt":"2024-05-08T23:11:10","slug":"movimiento-balagueristas-autenticos-apoya-a-aspirante-a-diputado-en-santo-domingo","status":"publish","type":"post","link":"https:\/\/lasprimeras.com.do\/index.php\/2024\/05\/08\/movimiento-balagueristas-autenticos-apoya-a-aspirante-a-diputado-en-santo-domingo\/","title":{"rendered":"Movimiento Balagueristas Aut\u00e9nticos apoya a aspirante a diputado en Santo Domingo"},"content":{"rendered":"\n<p>El Movimiento Nacional Balagueristas Aut\u00e9nticos, presidido por Modesto Guzm\u00e1n, manifest\u00f3 apoyo al aspirante a diputado por el Partido Revolucionario Moderno en la circunscripci\u00f3n n\u00famero 3 de Santo Domingo Este, Juan Jos\u00e9 Rojas.<\/p>\n\n\n\n<p>La actividad, que cont\u00f3 con la presencia de decenas de dirigentes pol\u00edticos y simpatizantes, fue coordinada por la presidenta nacional del Movimiento Voy al M\u00edo del PRM, Ninoska Batista.<\/p>\n\n\n\n<p>El presidente del movimiento, que apoya la candidatura presidencial de Luis Abinader, manifest\u00f3 su emoci\u00f3n al motivar a votar por el aspirante a legislador.<\/p>\n\n\n\n<p>&#8220;Es que hay que servir a nuestro pa\u00eds, a nuestra gente que necesita de una pol\u00edtica responsable&#8221;, dijo Modesto.<\/p>\n\n\n\n<p>De su lado, el aspirante a congresista de Santo Domingo en la C\u00e1mara de Diputados, Juan Jos\u00e9 Rojas, agradeci\u00f3 el apoyo dado por el Movimiento Nacional Balagueristas Aut\u00e9nticos.<\/p>\n\n\n\n<p>&#8220;Quiero agradecer al Movimiento Nacional Balagueristas Aut\u00e9nticos, y a su presidente Modesto Guzm\u00e1n, por el respaldo a nuestra candidatura; agradezco la distinci\u00f3n de este tan importante pol\u00edtico&#8221;, dijo el tambi\u00e9n miembro del Comit\u00e9 Nacional del PRM.<\/p>\n\n\n\n<p>Juan Jos\u00e9 Rojas le garantiz\u00f3 a Modesto Guzm\u00e1n continuar trabajando y cosechando frutos en beneficio de la colectividad.<\/p>\n","protected":false},"excerpt":{"rendered":"<p>El Movimiento Nacional Balagueristas Aut\u00e9nticos, presidido por Modesto Guzm\u00e1n, manifest\u00f3 apoyo al aspirante a diputado por el Partido Revolucionario Moderno en la circunscripci\u00f3n n\u00famero 3 de Santo Domingo Este, Juan&hellip;<\/p>\n","protected":false},"author":2,"featured_media":82869,"comment_status":"open","ping_status":"open","sticky":false,"template":"","format":"standard","meta":{"content-type":"","jetpack_post_was_ever_published":false,"_jetpack_newsletter_access":"","_jetpack_dont_email_post_to_subs":false,"_jetpack_newsletter_tier_id":0,"_jetpack_memberships_contains_paywalled_content":false,"_jetpack_memberships_contains_paid_content":false,"footnotes":""},"categories":[1],"tags":[186,12849,12850,78,8779,34,806],"class_list":["post-82868","post","type-post","status-publish","format-standard","has-post-thumbnail","hentry","category-sin-categoria","tag-aspirante","tag-autenticos","tag-balagueristas","tag-diputado","tag-modesto-guzman","tag-movimiento","tag-santo-domingo"],"jetpack_featured_media_url":"https:\/\/lasprimeras.com.do\/wp-content\/uploads\/2024\/05\/Modesto-Guzman-1.jpg","jetpack-related-posts":[{"id":87125,"url":"https:\/\/lasprimeras.com.do\/index.php\/2024\/08\/07\/modesto-guzman-pondera-gestion-del-presidente-abinader-en-la-lucha-contra-el-hambre\/","url_meta":{"origin":82868,"position":0},"title":"Modesto Guzm\u00e1n pondera gesti\u00f3n del Presidente Abinader en la lucha contra el hambre","author":"Nelson Feliz","date":"7 de agosto de 2024","format":false,"excerpt":"El presidente del Movimiento Balagueristas Aut\u00e9nticos, Modesto Guzm\u00e1n, ponder\u00f3 la gesti\u00f3n del presidente Luis Abinader en su ardua lucha contra el hambre en la Rep\u00fablica Dominicana. Destac\u00f3 este lunes que de acuerdo a la FAO, la subalimentaci\u00f3n se redujo en el pa\u00eds en un 55%, lo que afirma significa, que\u2026","rel":"","context":"En \u00abPORTADA\u00bb","block_context":{"text":"PORTADA","link":"https:\/\/lasprimeras.com.do\/index.php\/category\/portada\/"},"img":{"alt_text":"Modesto Guzm\u00e1n","src":"https:\/\/i0.wp.com\/lasprimeras.com.do\/wp-content\/uploads\/2024\/08\/Modesto-Guzman.jpg?resize=350%2C200&ssl=1","width":350,"height":200,"srcset":"https:\/\/i0.wp.com\/lasprimeras.com.do\/wp-content\/uploads\/2024\/08\/Modesto-Guzman.jpg?resize=350%2C200&ssl=1 1x, https:\/\/i0.wp.com\/lasprimeras.com.do\/wp-content\/uploads\/2024\/08\/Modesto-Guzman.jpg?resize=525%2C300&ssl=1 1.5x"},"classes":[]},{"id":64705,"url":"https:\/\/lasprimeras.com.do\/index.php\/2023\/10\/22\/modesto-guzman-advierte-alianzas-puede-llevar-al-fraccionamiento-de-partidos\/","url_meta":{"origin":82868,"position":1},"title":"Modesto Guzm\u00e1n advierte alianzas puede llevar al fraccionamiento de partidos","author":"Nelson Feliz","date":"22 de octubre de 2023","format":false,"excerpt":"El presidente del Movimiento Nacional Balaguerista Aut\u00e9ntico,Modesto Guzm\u00e1n,advirti\u00f3 que aunque las alianzas son m\u00e9todos que, para juicio de muchos pueden significar el fortalecimiento de uno o varios partidos de cara a unas elecciones pol\u00edticas, este proceso puede resultar en el fraccionamiento de las organizaciones debido a que puede crear recelos\u2026","rel":"","context":"En \u00abSin categor\u00eda\u00bb","block_context":{"text":"Sin categor\u00eda","link":"https:\/\/lasprimeras.com.do\/index.php\/category\/sin-categoria\/"},"img":{"alt_text":"Modesto Guzman","src":"https:\/\/i0.wp.com\/lasprimeras.com.do\/wp-content\/uploads\/2023\/10\/Modesto-Guzman.jpg?resize=350%2C200&ssl=1","width":350,"height":200,"srcset":"https:\/\/i0.wp.com\/lasprimeras.com.do\/wp-content\/uploads\/2023\/10\/Modesto-Guzman.jpg?resize=350%2C200&ssl=1 1x, https:\/\/i0.wp.com\/lasprimeras.com.do\/wp-content\/uploads\/2023\/10\/Modesto-Guzman.jpg?resize=525%2C300&ssl=1 1.5x, https:\/\/i0.wp.com\/lasprimeras.com.do\/wp-content\/uploads\/2023\/10\/Modesto-Guzman.jpg?resize=700%2C400&ssl=1 2x"},"classes":[]},{"id":53058,"url":"https:\/\/lasprimeras.com.do\/index.php\/2023\/06\/23\/umi-apoya-a-victor-pavon-como-su-candidato-a-diputado-sdn\/","url_meta":{"origin":82868,"position":2},"title":"UMI apoya a V\u00edctor Pav\u00f3n como su candidato a diputado SDN","author":"Nelson Feliz","date":"23 de junio de 2023","format":false,"excerpt":"Autor Francis P\u00e9rez Una asamblea de delegados de la Unidad de Movimientos Independientes(UMI) decidi\u00f3 escoger a unanimidad al licenciado V\u00edctor Pav\u00f3n como su candidato a diputado por Santo Domingo Norte. \u201cNuestra organizaci\u00f3n apoya las aspiraciones a diputado de V\u00edctor Pav\u00f3n, porque entendemos que, con \u00e9l en la C\u00e1mara de Diputados,\u2026","rel":"","context":"En \u00abSin categor\u00eda\u00bb","block_context":{"text":"Sin categor\u00eda","link":"https:\/\/lasprimeras.com.do\/index.php\/category\/sin-categoria\/"},"img":{"alt_text":"Unidad de Movimientos Independientes","src":"https:\/\/i0.wp.com\/lasprimeras.com.do\/wp-content\/uploads\/2023\/06\/UMI.jpg?resize=350%2C200&ssl=1","width":350,"height":200,"srcset":"https:\/\/i0.wp.com\/lasprimeras.com.do\/wp-content\/uploads\/2023\/06\/UMI.jpg?resize=350%2C200&ssl=1 1x, https:\/\/i0.wp.com\/lasprimeras.com.do\/wp-content\/uploads\/2023\/06\/UMI.jpg?resize=525%2C300&ssl=1 1.5x, https:\/\/i0.wp.com\/lasprimeras.com.do\/wp-content\/uploads\/2023\/06\/UMI.jpg?resize=700%2C400&ssl=1 2x"},"classes":[]},{"id":74748,"url":"https:\/\/lasprimeras.com.do\/index.php\/2024\/01\/26\/juramentan-decenas-en-prm-con-movimiento-conmigo-somos-3\/","url_meta":{"origin":82868,"position":3},"title":"Juramentan decenas en PRM con movimiento \u201cConmigo Somos 3\u201d","author":"BIMARY DE JES\u00daS Matos","date":"26 de enero de 2024","format":false,"excerpt":"SANTO DOMINGO. \u2013 El vicepresidente del Partido Revolucionario Moderno (PRM), Eddy Olivares, jurament\u00f3 a decenas de personas en la zona norte del municipio Ban\u00ed, provincia Peravia, en un acto realizado para presentar el movimiento pol\u00edtico \u201cConmigo Somos 3\u201d. El mismo tuvo lugar en apoyo a la candidatura de Luis Abinader\u2026","rel":"","context":"En \u00abSin categor\u00eda\u00bb","block_context":{"text":"Sin categor\u00eda","link":"https:\/\/lasprimeras.com.do\/index.php\/category\/sin-categoria\/"},"img":{"alt_text":"","src":"https:\/\/i0.wp.com\/lasprimeras.com.do\/wp-content\/uploads\/2024\/01\/WhatsApp-Image-2024-01-25-at-2.06.08-PM-4.jpeg?resize=350%2C200&ssl=1","width":350,"height":200,"srcset":"https:\/\/i0.wp.com\/lasprimeras.com.do\/wp-content\/uploads\/2024\/01\/WhatsApp-Image-2024-01-25-at-2.06.08-PM-4.jpeg?resize=350%2C200&ssl=1 1x, https:\/\/i0.wp.com\/lasprimeras.com.do\/wp-content\/uploads\/2024\/01\/WhatsApp-Image-2024-01-25-at-2.06.08-PM-4.jpeg?resize=525%2C300&ssl=1 1.5x"},"classes":[]},{"id":64502,"url":"https:\/\/lasprimeras.com.do\/index.php\/2023\/10\/20\/aspirante-a-diputada-denuncia-supuestas-irregularidades-en-encuesta-prm\/","url_meta":{"origin":82868,"position":4},"title":"Aspirante a diputada denuncia supuestas irregularidades en encuesta PRM","author":"BIMARY DE JES\u00daS Matos","date":"20 de octubre de 2023","format":false,"excerpt":"SANTO DOMINGO.\u2013 La aspirante a diputada por La Romana Dayna Manzano De Los Santos, denunci\u00f3 este viernes las supuestas irregularidades en la encuesta en la que fueron escogidos los candidatos a senadores, diputados, alcaldes y directores de juntas municipales del PRM para las elecciones 2024. Al participar en la entrevista\u2026","rel":"","context":"En \u00abSin categor\u00eda\u00bb","block_context":{"text":"Sin categor\u00eda","link":"https:\/\/lasprimeras.com.do\/index.php\/category\/sin-categoria\/"},"img":{"alt_text":"","src":"","width":0,"height":0},"classes":[]},{"id":56479,"url":"https:\/\/lasprimeras.com.do\/index.php\/2023\/08\/02\/periodista-jhonatan-liriano-lanza-sus-aspiraciones-a-diputado-en-sde\/","url_meta":{"origin":82868,"position":5},"title":"Periodista Jhonatan Liriano lanza sus aspiraciones a diputado en SDE","author":"Nelson Feliz","date":"2 de agosto de 2023","format":false,"excerpt":"El periodista Jhonatan Liriano lanz\u00f3 este martes su precandidatura a diputado por la circunscripci\u00f3n 3 del municipio Santo Domingo Este, siendo el primer y \u00fanico aspirante en esa demarcaci\u00f3n por el Partido Revolucionario Moderno (PRM). De inmediato inici\u00f3 su campa\u00f1a hacia el Congreso Nacional presentando propuestas claras y precisas de\u2026","rel":"","context":"En \u00abSin categor\u00eda\u00bb","block_context":{"text":"Sin categor\u00eda","link":"https:\/\/lasprimeras.com.do\/index.php\/category\/sin-categoria\/"},"img":{"alt_text":"Jhonatan Liriano","src":"https:\/\/i0.wp.com\/lasprimeras.com.do\/wp-content\/uploads\/2023\/08\/Jhonatan-Liriano.jpg?resize=350%2C200&ssl=1","width":350,"height":200,"srcset":"https:\/\/i0.wp.com\/lasprimeras.com.do\/wp-content\/uploads\/2023\/08\/Jhonatan-Liriano.jpg?resize=350%2C200&ssl=1 1x, https:\/\/i0.wp.com\/lasprimeras.com.do\/wp-content\/uploads\/2023\/08\/Jhonatan-Liriano.jpg?resize=525%2C300&ssl=1 1.5x, https:\/\/i0.wp.com\/lasprimeras.com.do\/wp-content\/uploads\/2023\/08\/Jhonatan-Liriano.jpg?resize=700%2C400&ssl=1 2x"},"classes":[]}],"jetpack_sharing_enabled":true,"_links":{"self":[{"href":"https:\/\/lasprimeras.com.do\/index.php\/wp-json\/wp\/v2\/posts\/82868","targetHints":{"allow":["GET"]}}],"collection":[{"href":"https:\/\/lasprimeras.com.do\/index.php\/wp-json\/wp\/v2\/posts"}],"about":[{"href":"https:\/\/lasprimeras.com.do\/index.php\/wp-json\/wp\/v2\/types\/post"}],"author":[{"embeddable":true,"href":"https:\/\/lasprimeras.com.do\/index.php\/wp-json\/wp\/v2\/users\/2"}],"replies":[{"embeddable":true,"href":"https:\/\/lasprimeras.com.do\/index.php\/wp-json\/wp\/v2\/comments?post=82868"}],"version-history":[{"count":1,"href":"https:\/\/lasprimeras.com.do\/index.php\/wp-json\/wp\/v2\/posts\/82868\/revisions"}],"predecessor-version":[{"id":82870,"href":"https:\/\/lasprimeras.com.do\/index.php\/wp-json\/wp\/v2\/posts\/82868\/revisions\/82870"}],"wp:featuredmedia":[{"embeddable":true,"href":"https:\/\/lasprimeras.com.do\/index.php\/wp-json\/wp\/v2\/media\/82869"}],"wp:attachment":[{"href":"https:\/\/lasprimeras.com.do\/index.php\/wp-json\/wp\/v2\/media?parent=82868"}],"wp:term":[{"taxonomy":"category","embeddable":true,"href":"https:\/\/lasprimeras.com.do\/index.php\/wp-json\/wp\/v2\/categories?post=82868"},{"taxonomy":"post_tag","embeddable":true,"href":"https:\/\/lasprimeras.com.do\/index.php\/wp-json\/wp\/v2\/tags?post=82868"}],"curies":[{"name":"wp","href":"https:\/\/api.w.org\/{rel}","templated":true}]}}