{"id":82875,"date":"2024-05-08T20:06:11","date_gmt":"2024-05-09T00:06:11","guid":{"rendered":"https:\/\/lasprimeras.com.do\/?p=82875"},"modified":"2024-05-08T20:06:12","modified_gmt":"2024-05-09T00:06:12","slug":"arrestan-sospechosos-del-homicidio-de-luis-alberto-pacheco-en-estados-unidos","status":"publish","type":"post","link":"https:\/\/lasprimeras.com.do\/index.php\/2024\/05\/08\/arrestan-sospechosos-del-homicidio-de-luis-alberto-pacheco-en-estados-unidos\/","title":{"rendered":"Arrestan sospechosos del homicidio de Luis alberto Pacheco en Estados Unidos"},"content":{"rendered":"\n<p>La Polic\u00eda de Houston, Texas, arrest\u00f3 a los sospechosos del homicidio a tiros de Luis Alfredo Pacheco, hijo de Alfredo Pacheco, presidente de la C\u00e1mara de Diputados, el pasado primero de abril.<\/p>\n\n\n\n<p>Los detenidos son Hern\u00e1n Torres, Sr. de 50 a\u00f1os, Hern\u00e1n Torres, Jr. de 25 a\u00f1os, y Hernando Torres de 19 a\u00f1os, a quienes se les acusa de asesinato en el Tribunal Estatal de Distrito 338.<\/p>\n\n\n\n<p>Una investigaci\u00f3n preliminar y evidencia en la escena revelaron que las dos v\u00edctimas, junto con otros dos hombres, salieron de la tienda y se subieron a una camioneta negra. En ese momento, un Dodge Charger plateado y un Mercedes Benz plateado se acercaron al SUV.<\/p>\n\n\n\n<p>Dos hombres descendieron del Dodge, mientras que uno lo hizo del Mercedes Benz, y los tres abrieron fuego contra la camioneta. Posteriormente, los sospechosos huyeron en el Charger y el Mercedes.<\/p>\n\n\n\n<p>Las fotograf\u00edas de vigilancia de los sospechosos, descritos en ese momento \u00fanicamente como hombres hispanos adultos vestidos de blanco, y de los veh\u00edculos fueron difundidas al p\u00fablico el 2 de abril.<\/p>\n\n\n\n<p>Investigaciones adicionales identificaron a los Torres como los sospechosos en este caso. El lunes 6 de mayo, el Equipo de Supresi\u00f3n del Crimen de la Divisi\u00f3n de Patrulla Gessner Sur del HPD, junto con agentes de la Administraci\u00f3n de Control de Drogas (DEA) y los Alguaciles Federales, arrestaron a Hern\u00e1n Torres, Jr. y Hernando Torres sin incidentes.<\/p>\n\n\n\n<p>Un tercer sospechoso, Hern\u00e1n Torres, Sr., est\u00e1 detenido en Filadelfia, Pensilvania, por cargos no relacionados. Actualmente est\u00e1 esperando su extradici\u00f3n al condado de Harris. Se adjunta a este comunicado de prensa una fotograf\u00eda de la reserva del condado de Harris de 2022.<\/p>\n","protected":false},"excerpt":{"rendered":"<p>La Polic\u00eda de Houston, Texas, arrest\u00f3 a los sospechosos del homicidio a tiros de Luis Alfredo Pacheco, hijo de Alfredo Pacheco, presidente de la C\u00e1mara de Diputados, el pasado primero&hellip;<\/p>\n","protected":false},"author":2,"featured_media":82876,"comment_status":"open","ping_status":"open","sticky":false,"template":"","format":"standard","meta":{"content-type":"","jetpack_post_was_ever_published":false,"_jetpack_newsletter_access":"","_jetpack_dont_email_post_to_subs":false,"_jetpack_newsletter_tier_id":0,"_jetpack_memberships_contains_paywalled_content":false,"_jetpack_memberships_contains_paid_content":false,"footnotes":""},"categories":[1],"tags":[399,98,492,12851,9309],"class_list":["post-82875","post","type-post","status-publish","format-standard","has-post-thumbnail","hentry","category-sin-categoria","tag-arrestan","tag-estados-unidos","tag-homicidio","tag-luis-alberto-pacheco","tag-sospechosos"],"jetpack_featured_media_url":"https:\/\/lasprimeras.com.do\/wp-content\/uploads\/2024\/05\/Presos.jpg","jetpack-related-posts":[{"id":79989,"url":"https:\/\/lasprimeras.com.do\/index.php\/2024\/04\/02\/policia-de-houston-publica-imagenes-de-sospechosos-de-tiroteo-en-houston-donde-murio-hijo-de-pacheco\/","url_meta":{"origin":82875,"position":0},"title":"Polic\u00eda de Houston publica im\u00e1genes de sospechosos de tiroteo en Houston donde muri\u00f3 hijo de Pacheco","author":"BIMARY DE JES\u00daS Matos","date":"2 de abril de 2024","format":false,"excerpt":"Texas.-La Polic\u00eda de Houston Texas public\u00f3 en su cuenta de Twitter las fotograf\u00edas de tres de las cuatro personas investigadas por el tiroteo en donde muri\u00f3 el hijo del presidente de la C\u00e1mara de Diputados, Alfredo Pacheco. En las im\u00e1genes se puede apreciar que los hombres ten\u00edan en su poder\u2026","rel":"","context":"En \u00abSin categor\u00eda\u00bb","block_context":{"text":"Sin categor\u00eda","link":"https:\/\/lasprimeras.com.do\/index.php\/category\/sin-categoria\/"},"img":{"alt_text":"","src":"https:\/\/i0.wp.com\/lasprimeras.com.do\/wp-content\/uploads\/2024\/04\/WhatsApp-Image-2024-01-26-at-12.10.49-PM-3.jpeg?resize=350%2C200&ssl=1","width":350,"height":200,"srcset":"https:\/\/i0.wp.com\/lasprimeras.com.do\/wp-content\/uploads\/2024\/04\/WhatsApp-Image-2024-01-26-at-12.10.49-PM-3.jpeg?resize=350%2C200&ssl=1 1x, https:\/\/i0.wp.com\/lasprimeras.com.do\/wp-content\/uploads\/2024\/04\/WhatsApp-Image-2024-01-26-at-12.10.49-PM-3.jpeg?resize=525%2C300&ssl=1 1.5x, https:\/\/i0.wp.com\/lasprimeras.com.do\/wp-content\/uploads\/2024\/04\/WhatsApp-Image-2024-01-26-at-12.10.49-PM-3.jpeg?resize=700%2C400&ssl=1 2x"},"classes":[]},{"id":79980,"url":"https:\/\/lasprimeras.com.do\/index.php\/2024\/04\/02\/hijo-de-alfredo-pacheco-muere-en-medio-de-balacera-en-houston\/","url_meta":{"origin":82875,"position":1},"title":"Hijo de Alfredo Pacheco muere en medio de balacera en Houston","author":"BIMARY DE JES\u00daS Matos","date":"2 de abril de 2024","format":false,"excerpt":"Santo Domingo.-Luis Alfredo Pacheco, hijo del presidente de la C\u00e1mara de Diputados, Alfredo Pacheco, result\u00f3 muerto en medio de un tiroteo en Houston, Estados Unidos, as\u00ed lo inform\u00f3 este martes Julio Mart\u00ednez Pozo \u00abA esa informaci\u00f3n hay que agregarles que entre los heridos y fallecidos esta un hijo de Alfredo\u2026","rel":"","context":"En \u00abPORTADA\u00bb","block_context":{"text":"PORTADA","link":"https:\/\/lasprimeras.com.do\/index.php\/category\/portada\/"},"img":{"alt_text":"","src":"https:\/\/i0.wp.com\/lasprimeras.com.do\/wp-content\/uploads\/2024\/04\/WhatsApp-Image-2024-01-26-at-12.10.49-PM.webp?resize=350%2C200&ssl=1","width":350,"height":200,"srcset":"https:\/\/i0.wp.com\/lasprimeras.com.do\/wp-content\/uploads\/2024\/04\/WhatsApp-Image-2024-01-26-at-12.10.49-PM.webp?resize=350%2C200&ssl=1 1x, https:\/\/i0.wp.com\/lasprimeras.com.do\/wp-content\/uploads\/2024\/04\/WhatsApp-Image-2024-01-26-at-12.10.49-PM.webp?resize=525%2C300&ssl=1 1.5x"},"classes":[]},{"id":80046,"url":"https:\/\/lasprimeras.com.do\/index.php\/2024\/04\/03\/personalidades-se-solidarizan-con-pacheco-y-del-castillo-por-muerte-de-sus-hijos\/","url_meta":{"origin":82875,"position":2},"title":"Personalidades se solidarizan con Pacheco y Del Castillo por muerte de sus hijos","author":"BIMARY DE JES\u00daS Matos","date":"3 de abril de 2024","format":false,"excerpt":"Santo Domingo.- Varias personalidades se han solidarizado este martes con el presidente de la C\u00e1mara de Diputados, Alfredo Pacheco, y el senador por la provincia Barahona, Jos\u00e9 del Castillo Savi\u00f1\u00f3n por el fallecimiento de sus hijos en diferentes circunstancias. La muerte de Luis Alfredo Pacheco, de 34 a\u00f1os, se produjo\u2026","rel":"","context":"En \u00abPORTADA\u00bb","block_context":{"text":"PORTADA","link":"https:\/\/lasprimeras.com.do\/index.php\/category\/portada\/"},"img":{"alt_text":"","src":"https:\/\/i0.wp.com\/lasprimeras.com.do\/wp-content\/uploads\/2024\/04\/65f3a7703e1eb_jce2-1-1.webp?resize=350%2C200&ssl=1","width":350,"height":200,"srcset":"https:\/\/i0.wp.com\/lasprimeras.com.do\/wp-content\/uploads\/2024\/04\/65f3a7703e1eb_jce2-1-1.webp?resize=350%2C200&ssl=1 1x, https:\/\/i0.wp.com\/lasprimeras.com.do\/wp-content\/uploads\/2024\/04\/65f3a7703e1eb_jce2-1-1.webp?resize=525%2C300&ssl=1 1.5x, https:\/\/i0.wp.com\/lasprimeras.com.do\/wp-content\/uploads\/2024\/04\/65f3a7703e1eb_jce2-1-1.webp?resize=700%2C400&ssl=1 2x, https:\/\/i0.wp.com\/lasprimeras.com.do\/wp-content\/uploads\/2024\/04\/65f3a7703e1eb_jce2-1-1.webp?resize=1050%2C600&ssl=1 3x"},"classes":[]},{"id":56989,"url":"https:\/\/lasprimeras.com.do\/index.php\/2023\/08\/07\/capturan-hombre-en-moca-buscado-por-el-homicidio-de-dos-personas-en-cotui\/","url_meta":{"origin":82875,"position":3},"title":"Capturan hombre en Moca buscado por el homicidio de dos personas en Cotu\u00ed","author":"Nelson Feliz","date":"7 de agosto de 2023","format":false,"excerpt":"Se le se\u00f1ala como el responsable de \u00a0asesinato contra su expareja y la actual pareja de esta. Miembros de la Polic\u00eda Nacional en Moca arrestan sujeto que era activamente buscado por el hecho ocurrido en fecha 31-03-2023, donde resultaron fallecidos los nombrados Geraldine Altagracia Jimenez Carrion y Ruben Mena Agramonte,\u2026","rel":"","context":"En \u00abMILITARES\u00bb","block_context":{"text":"MILITARES","link":"https:\/\/lasprimeras.com.do\/index.php\/category\/militares\/"},"img":{"alt_text":"PRESO","src":"https:\/\/i0.wp.com\/lasprimeras.com.do\/wp-content\/uploads\/2023\/08\/PRESO.jpg?resize=350%2C200&ssl=1","width":350,"height":200,"srcset":"https:\/\/i0.wp.com\/lasprimeras.com.do\/wp-content\/uploads\/2023\/08\/PRESO.jpg?resize=350%2C200&ssl=1 1x, https:\/\/i0.wp.com\/lasprimeras.com.do\/wp-content\/uploads\/2023\/08\/PRESO.jpg?resize=525%2C300&ssl=1 1.5x, https:\/\/i0.wp.com\/lasprimeras.com.do\/wp-content\/uploads\/2023\/08\/PRESO.jpg?resize=700%2C400&ssl=1 2x"},"classes":[]},{"id":81010,"url":"https:\/\/lasprimeras.com.do\/index.php\/2024\/04\/16\/pacheco-sepulta-a-su-hijo-luis-alfredo-rojas-con-un-emotivo-adios\/","url_meta":{"origin":82875,"position":4},"title":"Pacheco sepulta a su hijo Luis Alfredo Rojas con un emotivo adi\u00f3s","author":"BIMARY DE JES\u00daS Matos","date":"16 de abril de 2024","format":false,"excerpt":"\u201cDios me ha dado el valor para estar parado, aqu\u00ed, para despedir a mi amado hijo, Luis Alfredo\u201d, declar\u00f3 el presidente de la C\u00e1mara de Diputados al sepultar el cad\u00e1ver del hijo que le asesinaron en Houston. La ceremonia fue ayer, con familiares y amigos, en la ciudad de Nueva\u2026","rel":"","context":"En \u00abSin categor\u00eda\u00bb","block_context":{"text":"Sin categor\u00eda","link":"https:\/\/lasprimeras.com.do\/index.php\/category\/sin-categoria\/"},"img":{"alt_text":"","src":"https:\/\/i0.wp.com\/lasprimeras.com.do\/wp-content\/uploads\/2024\/04\/imagen-abel-mar-focus-0.28-0.1-896-504.webp?resize=350%2C200&ssl=1","width":350,"height":200,"srcset":"https:\/\/i0.wp.com\/lasprimeras.com.do\/wp-content\/uploads\/2024\/04\/imagen-abel-mar-focus-0.28-0.1-896-504.webp?resize=350%2C200&ssl=1 1x, https:\/\/i0.wp.com\/lasprimeras.com.do\/wp-content\/uploads\/2024\/04\/imagen-abel-mar-focus-0.28-0.1-896-504.webp?resize=525%2C300&ssl=1 1.5x, https:\/\/i0.wp.com\/lasprimeras.com.do\/wp-content\/uploads\/2024\/04\/imagen-abel-mar-focus-0.28-0.1-896-504.webp?resize=700%2C400&ssl=1 2x"},"classes":[]},{"id":103903,"url":"https:\/\/lasprimeras.com.do\/index.php\/2025\/07\/20\/alfredo-pacheco-lidera-preferencias-para-secretaria-general-prm\/","url_meta":{"origin":82875,"position":5},"title":"Alfredo Pacheco lidera preferencias para Secretar\u00eda General PRM","author":"Nelson Feliz","date":"20 de julio de 2025","format":false,"excerpt":"El actual presidente de la C\u00e1mara de Diputados, Alfredo Pacheco, se posiciona como el favorito para asumir la secretar\u00eda general del Partido Revolucionario Moderno (PRM), seg\u00fan una reciente encuesta realizada por la firma ACD Media. En un primer escenario consultando a la poblaci\u00f3n general, el 42.2% manifest\u00f3 preferencia por Pacheco,\u2026","rel":"","context":"En \u00abPOLITICA\u00bb","block_context":{"text":"POLITICA","link":"https:\/\/lasprimeras.com.do\/index.php\/category\/politica\/"},"img":{"alt_text":"Presidente de la C\u00e1mara de Diputados, Alfredo Pacheco. Foto: Diputados v\u00eda Twitter.","src":"https:\/\/i0.wp.com\/lasprimeras.com.do\/wp-content\/uploads\/2024\/08\/Alfredo-Pacheco.jpeg?resize=350%2C200&ssl=1","width":350,"height":200,"srcset":"https:\/\/i0.wp.com\/lasprimeras.com.do\/wp-content\/uploads\/2024\/08\/Alfredo-Pacheco.jpeg?resize=350%2C200&ssl=1 1x, https:\/\/i0.wp.com\/lasprimeras.com.do\/wp-content\/uploads\/2024\/08\/Alfredo-Pacheco.jpeg?resize=525%2C300&ssl=1 1.5x, https:\/\/i0.wp.com\/lasprimeras.com.do\/wp-content\/uploads\/2024\/08\/Alfredo-Pacheco.jpeg?resize=700%2C400&ssl=1 2x"},"classes":[]}],"jetpack_sharing_enabled":true,"_links":{"self":[{"href":"https:\/\/lasprimeras.com.do\/index.php\/wp-json\/wp\/v2\/posts\/82875","targetHints":{"allow":["GET"]}}],"collection":[{"href":"https:\/\/lasprimeras.com.do\/index.php\/wp-json\/wp\/v2\/posts"}],"about":[{"href":"https:\/\/lasprimeras.com.do\/index.php\/wp-json\/wp\/v2\/types\/post"}],"author":[{"embeddable":true,"href":"https:\/\/lasprimeras.com.do\/index.php\/wp-json\/wp\/v2\/users\/2"}],"replies":[{"embeddable":true,"href":"https:\/\/lasprimeras.com.do\/index.php\/wp-json\/wp\/v2\/comments?post=82875"}],"version-history":[{"count":1,"href":"https:\/\/lasprimeras.com.do\/index.php\/wp-json\/wp\/v2\/posts\/82875\/revisions"}],"predecessor-version":[{"id":82877,"href":"https:\/\/lasprimeras.com.do\/index.php\/wp-json\/wp\/v2\/posts\/82875\/revisions\/82877"}],"wp:featuredmedia":[{"embeddable":true,"href":"https:\/\/lasprimeras.com.do\/index.php\/wp-json\/wp\/v2\/media\/82876"}],"wp:attachment":[{"href":"https:\/\/lasprimeras.com.do\/index.php\/wp-json\/wp\/v2\/media?parent=82875"}],"wp:term":[{"taxonomy":"category","embeddable":true,"href":"https:\/\/lasprimeras.com.do\/index.php\/wp-json\/wp\/v2\/categories?post=82875"},{"taxonomy":"post_tag","embeddable":true,"href":"https:\/\/lasprimeras.com.do\/index.php\/wp-json\/wp\/v2\/tags?post=82875"}],"curies":[{"name":"wp","href":"https:\/\/api.w.org\/{rel}","templated":true}]}}