{"id":82881,"date":"2024-05-08T21:12:00","date_gmt":"2024-05-09T01:12:00","guid":{"rendered":"https:\/\/lasprimeras.com.do\/?p=82881"},"modified":"2024-05-08T21:12:02","modified_gmt":"2024-05-09T01:12:02","slug":"abel-a-acoprovi-desde-el-gobierno-seremos-los-principales-aliados-del-sector-construccion-video","status":"publish","type":"post","link":"https:\/\/lasprimeras.com.do\/index.php\/2024\/05\/08\/abel-a-acoprovi-desde-el-gobierno-seremos-los-principales-aliados-del-sector-construccion-video\/","title":{"rendered":"Abel a ACOPROVI: \u00abDesde el Gobierno seremos los principales aliados del sector construcci\u00f3n\u00bb | Video"},"content":{"rendered":"\n<p>El candidato presidencial del Partido de la Liberaci\u00f3n Dominicana (PLD), Abel Mart\u00ednez, garantiz\u00f3 a los desarrolladores de viviendas en el pa\u00eds que, desde el Gobierno, ser\u00e1 su principal aliado.<\/p>\n\n\n\n<p>Durante un encuentro con directivos de la Asociaci\u00f3n Dominicana de Constructores y Promotores de Viviendas (Acoprovi), Abel Mart\u00ednez present\u00f3 las pol\u00edticas p\u00fablicas que desarrollar\u00e1 su Gobierno en beneficio del sector.<\/p>\n\n\n\n<p>Las iniciativas presentadas por el candidato presidencial del PLD coincidieron con exactitud con las necesidades y prioridades que plantearon los directivos del gremio.<\/p>\n\n\n\n<p>Las pol\u00edticas para el impulso del sector, que se desprenden del Programa de Gobierno de Abel Mart\u00ednez, fueron presentadas por el coordinador general del Gabinete T\u00e9cnico de la Campa\u00f1a, el exministro de Econom\u00eda, Juan Ariel Jim\u00e9nez, vicepresidente del PLD.<\/p>\n\n\n\n<p>Estas pol\u00edticas giran en torno a la Ley de Alquileres, la culminaci\u00f3n de metas de vivienda, la creaci\u00f3n de una ventanilla \u00fanica para reducir tiempo en los tr\u00e1mites y un r\u00e9gimen de seguridad social en el sector.<\/p>\n\n\n\n<p>De igual modo, normativas municipales y de densidad, mejora en las condiciones de los trabajadores, la construcci\u00f3n de una escuela nacional de formaci\u00f3n t\u00e9cnica y la implementaci\u00f3n de bonos para viviendas de bajo costo.<\/p>\n\n\n\n<p>Al destacar que en el pasado Gobierno del PLD, la construcci\u00f3n de viviendas tuvo un apoyo y desarrollo incuestionables, los directivos de Acoprovi valoraron la visi\u00f3n de Abel Mart\u00ednez y su compromiso con impulsar el sector.<\/p>\n\n\n\n<p>Resaltaron la construcci\u00f3n de Ciudad Juan Bosch y otros importantes proyectos habitacionales que contaron con el pleno apoyo y voluntad pol\u00edtica de los gobiernos del PLD (2012-2020).<\/p>\n\n\n\n<p>En ese sentido, Abel Mart\u00ednez, al reiterar su compromiso, les record\u00f3 el impresionante desarrollo que tuvo Santiago de los Caballeros en los \u00faltimos ocho a\u00f1os en materia inmobiliaria, por las pol\u00edticas de apoyo al sector que impuls\u00f3 desde la Alcald\u00eda.<\/p>\n\n\n\n<p>\u00abUstedes pueden tener la certeza de que desde el Gobierno seremos los primeros en apoyarlos. De hecho, estaremos empuj\u00e1ndolos\u00bb, declar\u00f3 el l\u00edder pol\u00edtico.<\/p>\n\n\n\n<p>Acompa\u00f1aron a Abel Mart\u00ednez, adem\u00e1s de Juan Ariel Jim\u00e9nez, el coordinador de Gabinete, Johnny Pujols, y los coordinadores general y operativo del Sector Externo, Edwin Espinal y Orlando Tejeda.<\/p>\n\n\n\n<p>De igual modo, Roberto Rodr\u00edguez Marchena, coordinador general de Comunicaciones, y Julio Pimemtel, coordinador operativo.<\/p>\n\n\n\n<p>Por Acoprovi estuvieron Annerys Mel\u00e9ndez, presidenta; Carlos Hern\u00e1ndez, secretario, y Luis Joel Torres, miembro de la directiva.<\/p>\n\n\n\n<p>Tambi\u00e9n los pasados presidentes y actuales asesores, H\u00e9ctor Bret\u00f3n, Jaime Gonz\u00e1lez y Ferm\u00edn Acosta. Asimismo, representantes del Banco BHD.<\/p>\n\n\n\n<figure class=\"wp-block-embed is-type-rich is-provider-twitter wp-block-embed-twitter\"><div class=\"wp-block-embed__wrapper\">\n<div class=\"embed-twitter\"><blockquote class=\"twitter-tweet\" data-width=\"500\" data-dnt=\"true\"><p lang=\"es\" dir=\"ltr\">Abel a ACOPROVI: &quot;Desde el Gobierno seremos los principales aliados del sector construcci\u00f3n&quot;. <a href=\"https:\/\/t.co\/JGqbGZNEv4\">pic.twitter.com\/JGqbGZNEv4<\/a><\/p>&mdash; PLD (@PLDenlinea) <a href=\"https:\/\/twitter.com\/PLDenlinea\/status\/1787909863651054024?ref_src=twsrc%5Etfw\">May 7, 2024<\/a><\/blockquote><script async src=\"https:\/\/platform.twitter.com\/widgets.js\" charset=\"utf-8\"><\/script><\/div>\n<\/div><\/figure>\n","protected":false},"excerpt":{"rendered":"<p>El candidato presidencial del Partido de la Liberaci\u00f3n Dominicana (PLD), Abel Mart\u00ednez, garantiz\u00f3 a los desarrolladores de viviendas en el pa\u00eds que, desde el Gobierno, ser\u00e1 su principal aliado. Durante&hellip;<\/p>\n","protected":false},"author":2,"featured_media":82882,"comment_status":"open","ping_status":"open","sticky":false,"template":"","format":"standard","meta":{"content-type":"","jetpack_post_was_ever_published":false,"_jetpack_newsletter_access":"","_jetpack_dont_email_post_to_subs":false,"_jetpack_newsletter_tier_id":0,"_jetpack_memberships_contains_paywalled_content":false,"_jetpack_memberships_contains_paid_content":false,"footnotes":""},"categories":[25],"tags":[822,920,970,171,469,12853,1857],"class_list":["post-82881","post","type-post","status-publish","format-standard","has-post-thumbnail","hentry","category-portada","tag-abel-martinez","tag-acoprovi","tag-construccion","tag-gobierno","tag-sector","tag-seremos","tag-video"],"jetpack_featured_media_url":"https:\/\/lasprimeras.com.do\/wp-content\/uploads\/2024\/05\/Abel-Martinez-2.jpeg","jetpack-related-posts":[{"id":109804,"url":"https:\/\/lasprimeras.com.do\/index.php\/2025\/09\/20\/abel-martinez-el-hoyo-corrupto-en-senasa-solo-es-equiparable-al-hoyo-ineficiente-del-sector-electrico\/","url_meta":{"origin":82881,"position":0},"title":"Abel Mart\u00ednez: \u201cEl hoyo corrupto en SENASA\u201d solo es equiparable al hoyo ineficiente del sector el\u00e9ctrico","author":"Nelson Feliz","date":"20 de septiembre de 2025","format":false,"excerpt":"El miembro del Comit\u00e9 Pol\u00edtico del Partido de la Liberaci\u00f3n Dominicana (PLD), Abel Mart\u00ednez, calific\u00f3 como un verdadero abismo de corrupci\u00f3n el esc\u00e1ndalo en SENASA, se\u00f1alando que ese \u201choyo criminal contra el erario\u201d solo puede compararse con el \u201choyo ineficiente y sin fondo\u201d del sector el\u00e9ctrico dominicano. Mart\u00ednez demand\u00f3 que\u2026","rel":"","context":"En \u00abPOLITICA\u00bb","block_context":{"text":"POLITICA","link":"https:\/\/lasprimeras.com.do\/index.php\/category\/politica\/"},"img":{"alt_text":"","src":"https:\/\/i0.wp.com\/lasprimeras.com.do\/wp-content\/uploads\/2025\/09\/Abel-Martinez.jpg?resize=350%2C200&ssl=1","width":350,"height":200,"srcset":"https:\/\/i0.wp.com\/lasprimeras.com.do\/wp-content\/uploads\/2025\/09\/Abel-Martinez.jpg?resize=350%2C200&ssl=1 1x, https:\/\/i0.wp.com\/lasprimeras.com.do\/wp-content\/uploads\/2025\/09\/Abel-Martinez.jpg?resize=525%2C300&ssl=1 1.5x, https:\/\/i0.wp.com\/lasprimeras.com.do\/wp-content\/uploads\/2025\/09\/Abel-Martinez.jpg?resize=700%2C400&ssl=1 2x"},"classes":[]},{"id":104762,"url":"https:\/\/lasprimeras.com.do\/index.php\/2025\/07\/27\/abel-martinez-dice-sera-proclamado-candidato-presidencial-en-2027\/","url_meta":{"origin":82881,"position":1},"title":"Abel Mart\u00ednez dice ser\u00e1 proclamado candidato presidencial en 2027","author":"Nelson Feliz","date":"27 de julio de 2025","format":false,"excerpt":"En un encuentro con l\u00edderes del Partido de la Liberaci\u00f3n Dominicana (PLD), dirigentes comunitarios y ciudadanos comprometidos, Abel Mart\u00ednez reafirm\u00f3 su determinaci\u00f3n de trabajar por un \u00abnuevo comienzo\u00bb para la Rep\u00fablica Dominicana. El exalcalde de Santiago estuvo acompa\u00f1ado por su esposa, la comunicadora Nahiony Reyes. Anunci\u00f3 que en 2027 ser\u00e1\u2026","rel":"","context":"En \u00abPOLITICA\u00bb","block_context":{"text":"POLITICA","link":"https:\/\/lasprimeras.com.do\/index.php\/category\/politica\/"},"img":{"alt_text":"Abel Mart\u00ednez","src":"https:\/\/i0.wp.com\/lasprimeras.com.do\/wp-content\/uploads\/2024\/05\/Abel-Martinez-4.jpg?resize=350%2C200&ssl=1","width":350,"height":200,"srcset":"https:\/\/i0.wp.com\/lasprimeras.com.do\/wp-content\/uploads\/2024\/05\/Abel-Martinez-4.jpg?resize=350%2C200&ssl=1 1x, https:\/\/i0.wp.com\/lasprimeras.com.do\/wp-content\/uploads\/2024\/05\/Abel-Martinez-4.jpg?resize=525%2C300&ssl=1 1.5x, https:\/\/i0.wp.com\/lasprimeras.com.do\/wp-content\/uploads\/2024\/05\/Abel-Martinez-4.jpg?resize=700%2C400&ssl=1 2x"},"classes":[]},{"id":102677,"url":"https:\/\/lasprimeras.com.do\/index.php\/2025\/07\/07\/abel-martinez-afirma-que-el-gobierno-volvio-a-bajar-la-guardia-en-la-frontera\/","url_meta":{"origin":82881,"position":2},"title":"Abel Mart\u00ednez afirma que el Gobierno volvi\u00f3 a bajar la guardia en la frontera","author":"Nelson Feliz","date":"7 de julio de 2025","format":false,"excerpt":"Mart\u00ednez dice el negocio de las mafias sigue vivo en la frontera. El miembro del Comit\u00e9 Politico del Partido de la Liberaci\u00f3n Dominicana(PLD) Abel Mart\u00ednez, se pronunci\u00f3 nuevamente sobre la problem\u00e1tica de la falta de controles migratorios reales. Mart\u00ednez, asegur\u00f3 que, aunque el gobierno dominicano anunci\u00f3 con entusiasmo una serie\u2026","rel":"","context":"En \u00abPOLITICA\u00bb","block_context":{"text":"POLITICA","link":"https:\/\/lasprimeras.com.do\/index.php\/category\/politica\/"},"img":{"alt_text":"","src":"https:\/\/i0.wp.com\/lasprimeras.com.do\/wp-content\/uploads\/2025\/07\/abel.jpg?resize=350%2C200&ssl=1","width":350,"height":200,"srcset":"https:\/\/i0.wp.com\/lasprimeras.com.do\/wp-content\/uploads\/2025\/07\/abel.jpg?resize=350%2C200&ssl=1 1x, https:\/\/i0.wp.com\/lasprimeras.com.do\/wp-content\/uploads\/2025\/07\/abel.jpg?resize=525%2C300&ssl=1 1.5x, https:\/\/i0.wp.com\/lasprimeras.com.do\/wp-content\/uploads\/2025\/07\/abel.jpg?resize=700%2C400&ssl=1 2x"},"classes":[]},{"id":111705,"url":"https:\/\/lasprimeras.com.do\/index.php\/2025\/10\/12\/abel-martinez-este-gobierno-llego-como-el-cambio-y-va-a-salir-como-el-fallo\/","url_meta":{"origin":82881,"position":3},"title":"Abel Mart\u00ednez: \u201cEste gobierno lleg\u00f3 como \u201cel cambio\u201d y va a salir como \u201cel fallo\u201d","author":"Nelson Feliz","date":"12 de octubre de 2025","format":false,"excerpt":"El miembro del Comit\u00e9 Politico del Partido de la Liberaci\u00f3n Dominicana (PLD), Abel Martinez, lament\u00f3 la dif\u00edcil situaci\u00f3n que enfrenta el pueblo dominicano como consecuencia de las malas ejecutorias de un gobierno ineficaz e indolente que, se visti\u00f3 de cambio y ha resultado un gran fallo, llevando al pa\u00eds por\u2026","rel":"","context":"En \u00abPOLITICA\u00bb","block_context":{"text":"POLITICA","link":"https:\/\/lasprimeras.com.do\/index.php\/category\/politica\/"},"img":{"alt_text":"","src":"https:\/\/i0.wp.com\/lasprimeras.com.do\/wp-content\/uploads\/2025\/10\/Abel-Martinez-1-1.jpg?resize=350%2C200&ssl=1","width":350,"height":200,"srcset":"https:\/\/i0.wp.com\/lasprimeras.com.do\/wp-content\/uploads\/2025\/10\/Abel-Martinez-1-1.jpg?resize=350%2C200&ssl=1 1x, https:\/\/i0.wp.com\/lasprimeras.com.do\/wp-content\/uploads\/2025\/10\/Abel-Martinez-1-1.jpg?resize=525%2C300&ssl=1 1.5x, https:\/\/i0.wp.com\/lasprimeras.com.do\/wp-content\/uploads\/2025\/10\/Abel-Martinez-1-1.jpg?resize=700%2C400&ssl=1 2x"},"classes":[]},{"id":103787,"url":"https:\/\/lasprimeras.com.do\/index.php\/2025\/07\/18\/abel-martinez-el-gobierno-esta-legalizando-su-propia-ineficacia-con-fideicomisos\/","url_meta":{"origin":82881,"position":4},"title":"Abel Mart\u00ednez: \u201cEl Gobierno est\u00e1 legalizando su propia ineficacia con fideicomisos\u201d","author":"Nelson Feliz","date":"18 de julio de 2025","format":false,"excerpt":"El miembro del Comit\u00e9 Pol\u00edtico del Partido de la Liberaci\u00f3n Dominicana (PLD) , Abel Mart\u00ednez, cuestion\u00f3 con firmeza la proliferaci\u00f3n de fideicomisos p\u00fablico-privados que, seg\u00fan se\u00f1al\u00f3, se han convertido en \u201cuna v\u00eda sutil pero peligrosa de privatizaci\u00f3n encubierta\u201d y justificaci\u00f3n de la inoperancia del gobierno central. \u201cCada vez que el\u2026","rel":"","context":"En \u00abPOLITICA\u00bb","block_context":{"text":"POLITICA","link":"https:\/\/lasprimeras.com.do\/index.php\/category\/politica\/"},"img":{"alt_text":"","src":"https:\/\/i0.wp.com\/lasprimeras.com.do\/wp-content\/uploads\/2025\/03\/abel-Martinez.jpg?resize=350%2C200&ssl=1","width":350,"height":200},"classes":[]},{"id":121192,"url":"https:\/\/lasprimeras.com.do\/index.php\/2026\/02\/02\/abel-martinez-sugiere-fortalecer-unidad-y-garantizar-competitividad-del-pld-rumbo-a-2028\/","url_meta":{"origin":82881,"position":5},"title":"Abel Mart\u00ednez sugiere fortalecer unidad y garantizar competitividad del PLD rumbo a 2028","author":"Nelson Feliz","date":"2 de febrero de 2026","format":false,"excerpt":"El excandidato presidencial del Partido de la Liberaci\u00f3n Dominicana (PLD), Abel Mart\u00ednez, plante\u00f3 una propuesta pol\u00edtica orientada a preservar la unidad interna del Partido y colocarlo en condiciones reales de competitividad de cara a las elecciones de 2028, apelando a la madurez, la armon\u00eda y la visi\u00f3n estrat\u00e9gica. Mart\u00ednez explic\u00f3\u2026","rel":"","context":"En \u00abPOLITICA\u00bb","block_context":{"text":"POLITICA","link":"https:\/\/lasprimeras.com.do\/index.php\/category\/politica\/"},"img":{"alt_text":"Abel Mart\u00ednez","src":"https:\/\/i0.wp.com\/lasprimeras.com.do\/wp-content\/uploads\/2025\/12\/Abel-Martinez-1.jpg?resize=350%2C200&ssl=1","width":350,"height":200,"srcset":"https:\/\/i0.wp.com\/lasprimeras.com.do\/wp-content\/uploads\/2025\/12\/Abel-Martinez-1.jpg?resize=350%2C200&ssl=1 1x, https:\/\/i0.wp.com\/lasprimeras.com.do\/wp-content\/uploads\/2025\/12\/Abel-Martinez-1.jpg?resize=525%2C300&ssl=1 1.5x, https:\/\/i0.wp.com\/lasprimeras.com.do\/wp-content\/uploads\/2025\/12\/Abel-Martinez-1.jpg?resize=700%2C400&ssl=1 2x"},"classes":[]}],"jetpack_sharing_enabled":true,"_links":{"self":[{"href":"https:\/\/lasprimeras.com.do\/index.php\/wp-json\/wp\/v2\/posts\/82881","targetHints":{"allow":["GET"]}}],"collection":[{"href":"https:\/\/lasprimeras.com.do\/index.php\/wp-json\/wp\/v2\/posts"}],"about":[{"href":"https:\/\/lasprimeras.com.do\/index.php\/wp-json\/wp\/v2\/types\/post"}],"author":[{"embeddable":true,"href":"https:\/\/lasprimeras.com.do\/index.php\/wp-json\/wp\/v2\/users\/2"}],"replies":[{"embeddable":true,"href":"https:\/\/lasprimeras.com.do\/index.php\/wp-json\/wp\/v2\/comments?post=82881"}],"version-history":[{"count":1,"href":"https:\/\/lasprimeras.com.do\/index.php\/wp-json\/wp\/v2\/posts\/82881\/revisions"}],"predecessor-version":[{"id":82883,"href":"https:\/\/lasprimeras.com.do\/index.php\/wp-json\/wp\/v2\/posts\/82881\/revisions\/82883"}],"wp:featuredmedia":[{"embeddable":true,"href":"https:\/\/lasprimeras.com.do\/index.php\/wp-json\/wp\/v2\/media\/82882"}],"wp:attachment":[{"href":"https:\/\/lasprimeras.com.do\/index.php\/wp-json\/wp\/v2\/media?parent=82881"}],"wp:term":[{"taxonomy":"category","embeddable":true,"href":"https:\/\/lasprimeras.com.do\/index.php\/wp-json\/wp\/v2\/categories?post=82881"},{"taxonomy":"post_tag","embeddable":true,"href":"https:\/\/lasprimeras.com.do\/index.php\/wp-json\/wp\/v2\/tags?post=82881"}],"curies":[{"name":"wp","href":"https:\/\/api.w.org\/{rel}","templated":true}]}}