{"id":82892,"date":"2024-05-08T22:20:04","date_gmt":"2024-05-09T02:20:04","guid":{"rendered":"https:\/\/lasprimeras.com.do\/?p=82892"},"modified":"2024-05-08T22:20:05","modified_gmt":"2024-05-09T02:20:05","slug":"miembros-preventivos-de-azua-capturan-a-hombre-dedicado-a-carreras-clandestinas","status":"publish","type":"post","link":"https:\/\/lasprimeras.com.do\/index.php\/2024\/05\/08\/miembros-preventivos-de-azua-capturan-a-hombre-dedicado-a-carreras-clandestinas\/","title":{"rendered":"Miembros preventivos de Azua capturan a hombre dedicado a carreras clandestinas"},"content":{"rendered":"\n<p>Por F\u00e9lix Julio Ram\u00edrez<\/p>\n\n\n\n<p>Miembros preventivos de Azua, adscritos a la Direcci\u00f3n Regional Sur Central, lograron capturar y conducir a la casa de guardia del destacamento P.N. Amiama G\u00f3mez a un individuo dedicado a la realizaci\u00f3n de carreras clandestinas en distintas zonas.<\/p>\n\n\n\n<p>El detenido, identificado como Robinson Jos\u00e9 Ram\u00edrez N\u00fa\u00f1ez, de 38 a\u00f1os y residente en Sabana Yegua, Azua, fue interceptado mientras conduc\u00eda una motocicleta de marca Z3000, color rojo, sin placa visible, con chasis LXAPCM4A9JC000575.<\/p>\n\n\n\n<p>El arresto se produjo luego de ser sorprendido participando en una carrera clandestina en la carretera S\u00e1nchez, pr\u00f3ximo a la entrada de T\u00e1bara Arriba. Se prev\u00e9 que sea remitido al comandante del departamento de Azua para continuar con el proceso legal correspondiente.<\/p>\n\n\n\n<p>Esta detenci\u00f3n representa un importante golpe contra las actividades ilegales que ponen en peligro la seguridad vial y la tranquilidad de la comunidad.<\/p>\n\n\n\n<p>Las autoridades locales destacaron el trabajo conjunto y la dedicaci\u00f3n de los miembros preventivos en la constante lucha contra este tipo de delitos, reafirmando su compromiso con el mantenimiento del orden y la seguridad ciudadana en la regi\u00f3n.<\/p>\n\n\n\n<p>Se insta a la poblaci\u00f3n a colaborar con las autoridades reportando cualquier actividad sospechosa relacionada con carreras clandestinas u otras pr\u00e1cticas ilegales que pongan en riesgo la integridad de las personas y el buen funcionamiento de la v\u00eda p\u00fablica.<\/p>\n","protected":false},"excerpt":{"rendered":"<p>Por F\u00e9lix Julio Ram\u00edrez Miembros preventivos de Azua, adscritos a la Direcci\u00f3n Regional Sur Central, lograron capturar y conducir a la casa de guardia del destacamento P.N. Amiama G\u00f3mez a&hellip;<\/p>\n","protected":false},"author":2,"featured_media":82896,"comment_status":"open","ping_status":"open","sticky":false,"template":"","format":"standard","meta":{"content-type":"","jetpack_post_was_ever_published":false,"_jetpack_newsletter_access":"","_jetpack_dont_email_post_to_subs":false,"_jetpack_newsletter_tier_id":0,"_jetpack_memberships_contains_paywalled_content":false,"_jetpack_memberships_contains_paid_content":false,"footnotes":""},"categories":[3057],"tags":[1296,2346,3288,46],"class_list":["post-82892","post","type-post","status-publish","format-standard","has-post-thumbnail","hentry","category-militares","tag-azua","tag-carreras","tag-clandestinas","tag-hombre"],"jetpack_featured_media_url":"https:\/\/lasprimeras.com.do\/wp-content\/uploads\/2024\/05\/PN-Azua.jpg","jetpack-related-posts":[{"id":52290,"url":"https:\/\/lasprimeras.com.do\/index.php\/2023\/06\/08\/san-cristobaldesmantelan-estructura-organizadora-de-carreras-clandestinas-de-motocicletas\/","url_meta":{"origin":82892,"position":0},"title":"San Crist\u00f3bal:Desmantelan estructura organizadora de carreras clandestinas de motocicletas","author":"prenxa100","date":"8 de junio de 2023","format":false,"excerpt":"Miembros policiales, adscritos a la Subdirecci\u00f3n de Investigaci\u00f3n (DICRIM), junto a agentes de Prevenci\u00f3n de la Direcci\u00f3n Regional San Crist\u00f3bal, desmantelaron una estructura dedicada a la organizaci\u00f3n de carreras clandestinas en motocicletas. Mediante un amplio operativo realizados en el municipio de San Gregorio de Nigua, fueron retenidas un total 28\u2026","rel":"","context":"En \u00abMILITARES\u00bb","block_context":{"text":"MILITARES","link":"https:\/\/lasprimeras.com.do\/index.php\/category\/militares\/"},"img":{"alt_text":"","src":"","width":0,"height":0},"classes":[]},{"id":88828,"url":"https:\/\/lasprimeras.com.do\/index.php\/2024\/09\/07\/detienen-estudiantes-que-realizaban-carreras-clandestinas-en-higuey\/","url_meta":{"origin":82892,"position":1},"title":"Detienen estudiantes que realizaban carreras clandestinas en Hig\u00fcey","author":"Nelson Feliz","date":"7 de septiembre de 2024","format":false,"excerpt":"La Direcci\u00f3n General de Seguridad de Tr\u00e1nsito y Transporte Terrestre (DIGESETT), detuvo a dos estudiantes que se dedicaban a realizar carreras clandestinas en el municipio de Hig\u00fcey. Los estudiantes aprovechaban la hora de salida del Liceo Secundario Geraldo Jansen, para realizar la carrera clandestina y calibrar las motocicletas que utilizaban\u2026","rel":"","context":"En \u00abNACIONALES\u00bb","block_context":{"text":"NACIONALES","link":"https:\/\/lasprimeras.com.do\/index.php\/category\/nacionales\/"},"img":{"alt_text":"","src":"https:\/\/i0.wp.com\/lasprimeras.com.do\/wp-content\/uploads\/2024\/09\/motos-1.jpg?resize=350%2C200&ssl=1","width":350,"height":200,"srcset":"https:\/\/i0.wp.com\/lasprimeras.com.do\/wp-content\/uploads\/2024\/09\/motos-1.jpg?resize=350%2C200&ssl=1 1x, https:\/\/i0.wp.com\/lasprimeras.com.do\/wp-content\/uploads\/2024\/09\/motos-1.jpg?resize=525%2C300&ssl=1 1.5x"},"classes":[]},{"id":78735,"url":"https:\/\/lasprimeras.com.do\/index.php\/2024\/03\/19\/pn-destruye-motocicletas-retenidas-durante-carreras-clandestinas-en-barahona\/","url_meta":{"origin":82892,"position":2},"title":"PN destruye motocicletas retenidas durante carreras clandestinas en Barahona","author":"Nelson Feliz","date":"19 de marzo de 2024","format":false,"excerpt":"Miembros policiales adscritos a la Direcci\u00f3n Regional Sur destruyeron dos motocicletas modificadas, en momentos en que individuos intentaban llevar a cabo carreras clandestinas en las afueras de Barahona. Dicha direcci\u00f3n inform\u00f3 que continuar\u00e1n tomando medidas en\u00e9rgicas y ejemplares contra este delito. Advirtieron a todas aquellas personas que sean sorprendidas en\u2026","rel":"","context":"En \u00abMILITARES\u00bb","block_context":{"text":"MILITARES","link":"https:\/\/lasprimeras.com.do\/index.php\/category\/militares\/"},"img":{"alt_text":"","src":"https:\/\/i0.wp.com\/lasprimeras.com.do\/wp-content\/uploads\/2024\/03\/MOTOS.jpg?resize=350%2C200&ssl=1","width":350,"height":200,"srcset":"https:\/\/i0.wp.com\/lasprimeras.com.do\/wp-content\/uploads\/2024\/03\/MOTOS.jpg?resize=350%2C200&ssl=1 1x, https:\/\/i0.wp.com\/lasprimeras.com.do\/wp-content\/uploads\/2024\/03\/MOTOS.jpg?resize=525%2C300&ssl=1 1.5x, https:\/\/i0.wp.com\/lasprimeras.com.do\/wp-content\/uploads\/2024\/03\/MOTOS.jpg?resize=700%2C400&ssl=1 2x"},"classes":[]},{"id":79360,"url":"https:\/\/lasprimeras.com.do\/index.php\/2024\/03\/26\/retienen-dos-motocicletas-y-una-pasola-por-carreras-clandestinas\/","url_meta":{"origin":82892,"position":3},"title":"Retienen dos motocicletas y una pasola por carreras clandestinas","author":"BIMARY DE JES\u00daS Matos","date":"26 de marzo de 2024","format":false,"excerpt":"Martin Restituyo Santo Domingo.-Retienen dos motocicletas y una passola modificada donde se dispon\u00edan a realizar carreras clandestinas A trav\u00e9s del departamento de Inteligencia Vial de la Direcci\u00f3n General de Seguridad de Tr\u00e1nsito y Transporte Terrestres (DIGESETT) y en coordinaci\u00f3n con la Polic\u00eda Preventiva, fueron retenidas dos motocicletas y una pasola\u2026","rel":"","context":"En \u00abNACIONALES\u00bb","block_context":{"text":"NACIONALES","link":"https:\/\/lasprimeras.com.do\/index.php\/category\/nacionales\/"},"img":{"alt_text":"","src":"https:\/\/i0.wp.com\/lasprimeras.com.do\/wp-content\/uploads\/2024\/03\/IMG-20240326-WA0013.jpg?resize=350%2C200&ssl=1","width":350,"height":200,"srcset":"https:\/\/i0.wp.com\/lasprimeras.com.do\/wp-content\/uploads\/2024\/03\/IMG-20240326-WA0013.jpg?resize=350%2C200&ssl=1 1x, https:\/\/i0.wp.com\/lasprimeras.com.do\/wp-content\/uploads\/2024\/03\/IMG-20240326-WA0013.jpg?resize=525%2C300&ssl=1 1.5x, https:\/\/i0.wp.com\/lasprimeras.com.do\/wp-content\/uploads\/2024\/03\/IMG-20240326-WA0013.jpg?resize=700%2C400&ssl=1 2x"},"classes":[]},{"id":85255,"url":"https:\/\/lasprimeras.com.do\/index.php\/2024\/06\/26\/digesett-realiza-operativo-contra-las-carreras-clandestinas\/","url_meta":{"origin":82892,"position":4},"title":"DIGESETT realiza operativo contra las carreras clandestinas","author":"Nelson Feliz","date":"26 de junio de 2024","format":false,"excerpt":"Retiene14 motocicletas fueron retenidas.\u00a0 La Direcci\u00f3n General de Seguridad de Tr\u00e1nsito y Transporte Terrestre (DIGESETT) llev\u00f3 a cabo un operativo donde logr\u00f3 la retenci\u00f3n de 14 motocicletas que realizaban carreras clandestinas, en franca violaci\u00f3n a los art\u00edculos 267 y 220, de la Ley 63-17 en la zona Navarrete-Santiago de los\u2026","rel":"","context":"En \u00abNACIONALES\u00bb","block_context":{"text":"NACIONALES","link":"https:\/\/lasprimeras.com.do\/index.php\/category\/nacionales\/"},"img":{"alt_text":"motocicletas","src":"https:\/\/i0.wp.com\/lasprimeras.com.do\/wp-content\/uploads\/2024\/06\/motocicletas.jpg?resize=350%2C200&ssl=1","width":350,"height":200},"classes":[]},{"id":60308,"url":"https:\/\/lasprimeras.com.do\/index.php\/2023\/09\/13\/migracion-apresa-otro-vehiculo-con-13-haitianos-ilegales-en-el-15-de-azua\/","url_meta":{"origin":82892,"position":5},"title":"Migraci\u00f3n apresa otro veh\u00edculo con 13 haitianos ilegales en el 15 de Azua","author":"Nelson Feliz","date":"13 de septiembre de 2023","format":false,"excerpt":"Por Martin Restituyo Durante los operativos simult\u00e1neos que lleva a cabo la Direcci\u00f3n General de Migraci\u00f3n (DGM), fueron arrestados otros 13 nacionales haitianos ilegales, en el interior de una Jeepeta a la altura del kil\u00f3metro 15 de Azua, en direcci\u00f3n hacia Santo Domingo. Los extranjeros indocumentados fueron 13, los que\u2026","rel":"","context":"En \u00abNACIONALES\u00bb","block_context":{"text":"NACIONALES","link":"https:\/\/lasprimeras.com.do\/index.php\/category\/nacionales\/"},"img":{"alt_text":"haitianos","src":"https:\/\/i0.wp.com\/lasprimeras.com.do\/wp-content\/uploads\/2023\/09\/haitianos.jpg?resize=350%2C200&ssl=1","width":350,"height":200,"srcset":"https:\/\/i0.wp.com\/lasprimeras.com.do\/wp-content\/uploads\/2023\/09\/haitianos.jpg?resize=350%2C200&ssl=1 1x, https:\/\/i0.wp.com\/lasprimeras.com.do\/wp-content\/uploads\/2023\/09\/haitianos.jpg?resize=525%2C300&ssl=1 1.5x, https:\/\/i0.wp.com\/lasprimeras.com.do\/wp-content\/uploads\/2023\/09\/haitianos.jpg?resize=700%2C400&ssl=1 2x"},"classes":[]}],"jetpack_sharing_enabled":true,"_links":{"self":[{"href":"https:\/\/lasprimeras.com.do\/index.php\/wp-json\/wp\/v2\/posts\/82892","targetHints":{"allow":["GET"]}}],"collection":[{"href":"https:\/\/lasprimeras.com.do\/index.php\/wp-json\/wp\/v2\/posts"}],"about":[{"href":"https:\/\/lasprimeras.com.do\/index.php\/wp-json\/wp\/v2\/types\/post"}],"author":[{"embeddable":true,"href":"https:\/\/lasprimeras.com.do\/index.php\/wp-json\/wp\/v2\/users\/2"}],"replies":[{"embeddable":true,"href":"https:\/\/lasprimeras.com.do\/index.php\/wp-json\/wp\/v2\/comments?post=82892"}],"version-history":[{"count":1,"href":"https:\/\/lasprimeras.com.do\/index.php\/wp-json\/wp\/v2\/posts\/82892\/revisions"}],"predecessor-version":[{"id":82897,"href":"https:\/\/lasprimeras.com.do\/index.php\/wp-json\/wp\/v2\/posts\/82892\/revisions\/82897"}],"wp:featuredmedia":[{"embeddable":true,"href":"https:\/\/lasprimeras.com.do\/index.php\/wp-json\/wp\/v2\/media\/82896"}],"wp:attachment":[{"href":"https:\/\/lasprimeras.com.do\/index.php\/wp-json\/wp\/v2\/media?parent=82892"}],"wp:term":[{"taxonomy":"category","embeddable":true,"href":"https:\/\/lasprimeras.com.do\/index.php\/wp-json\/wp\/v2\/categories?post=82892"},{"taxonomy":"post_tag","embeddable":true,"href":"https:\/\/lasprimeras.com.do\/index.php\/wp-json\/wp\/v2\/tags?post=82892"}],"curies":[{"name":"wp","href":"https:\/\/api.w.org\/{rel}","templated":true}]}}