{"id":82893,"date":"2024-05-08T22:16:03","date_gmt":"2024-05-09T02:16:03","guid":{"rendered":"https:\/\/lasprimeras.com.do\/?p=82893"},"modified":"2024-05-08T22:16:04","modified_gmt":"2024-05-09T02:16:04","slug":"autoridades-visitaran-familias-afectadas-por-lluvias-en-varias-provincias-del-pais","status":"publish","type":"post","link":"https:\/\/lasprimeras.com.do\/index.php\/2024\/05\/08\/autoridades-visitaran-familias-afectadas-por-lluvias-en-varias-provincias-del-pais\/","title":{"rendered":"Autoridades visitar\u00e1n familias afectadas por lluvias en varias provincias del pa\u00eds"},"content":{"rendered":"\n<p>Santo Domingo-. El ministro administrativo de la Presidencia, Igor Rodr\u00edguez, visitar\u00e1 en horas de la tarde de este mi\u00e9rcoles el Bajo Yuna, La Vega y Puerto Plata.<\/p>\n\n\n\n<p>El Plan de Asistencia Social de la Presidencia estar\u00e1 entregando raciones de alimentos, ser\u00e1n instaladas cocinas m\u00f3viles de los Comedores Econ\u00f3micos para los alimentos cocidos, INESPRE distribuir\u00e1 sus productos y tambi\u00e9n se entregar\u00e1n enseres.<\/p>\n\n\n\n<p>\u201cEl presidente Luis Abinader nos ha pedido que se le brinde una respuesta lo antes posible a las familias afectadas, en esa direcci\u00f3n hemos coordinado los trabajos porque ahora lo m\u00e1s importante es devolver a la normalidad a las familias afectadas\u201d, dijo Igor.<\/p>\n\n\n\n<p>Estas entregas ser\u00e1n distribuidas en coordinaci\u00f3n con la gobernaci\u00f3n provincial, juntas de vecinos y los l\u00edderes religiosos.<\/p>\n\n\n\n<p>Rodr\u00edguez tambi\u00e9n tiene en agenda visitar ma\u00f1ana las provincias, Santiago Rodr\u00edguez y Monte Cristi para continuar con el proceso de asistencia.<\/p>\n\n\n\n<p>El mayor general Juan Manuel M\u00e9ndez en su informe del COE, reporta adem\u00e1s da\u00f1os en carreteras, puentes, acueductos y centros educativos por las inundaciones.<\/p>\n\n\n\n<p>Luego de recibir un informe del Centro de Operaciones de Emergencia (COE), donde detalla los da\u00f1os ocasionados en varias provincias por las lluvias que se presentan a ra\u00edz del paso de una vaguada, el gobierno continuar\u00e1 asistiendo a las familias afectadas y trabajar\u00e1 las estructuras que presentan da\u00f1os.<\/p>\n","protected":false},"excerpt":{"rendered":"<p>Santo Domingo-. El ministro administrativo de la Presidencia, Igor Rodr\u00edguez, visitar\u00e1 en horas de la tarde de este mi\u00e9rcoles el Bajo Yuna, La Vega y Puerto Plata. El Plan de&hellip;<\/p>\n","protected":false},"author":3,"featured_media":82894,"comment_status":"open","ping_status":"open","sticky":false,"template":"","format":"standard","meta":{"content-type":"","jetpack_post_was_ever_published":false,"_jetpack_newsletter_access":"","_jetpack_dont_email_post_to_subs":false,"_jetpack_newsletter_tier_id":0,"_jetpack_memberships_contains_paywalled_content":false,"_jetpack_memberships_contains_paid_content":false,"footnotes":""},"categories":[25],"tags":[2130],"class_list":["post-82893","post","type-post","status-publish","format-standard","has-post-thumbnail","hentry","category-portada","tag-lluvias"],"jetpack_featured_media_url":"https:\/\/lasprimeras.com.do\/wp-content\/uploads\/2024\/05\/Diseno-sin-titulo-3.webp","jetpack-related-posts":[{"id":74478,"url":"https:\/\/lasprimeras.com.do\/index.php\/2024\/01\/23\/gobierno-entrega-raciones-y-enseres-a-familias-afectadas-por-lluvias-en-montecristi\/","url_meta":{"origin":82893,"position":0},"title":"Gobierno entrega raciones y enseres a familias afectadas por lluvias en Montecristi","author":"Nelson Feliz","date":"23 de enero de 2024","format":false,"excerpt":"472 casas fueron afectadas y m\u00e1s de 2,300 personas desplazadas en San Fernando de Montecristi. El ministro Administrativo de la Presidencia (interino), Igor Rodr\u00edguez Dur\u00e1n, visit\u00f3 la provincia de Montecristi para continuar con las ayudas a las familias afectadas por las presipitaciones del domingo y el lunes. El proceso se\u2026","rel":"","context":"En \u00abNACIONALES\u00bb","block_context":{"text":"NACIONALES","link":"https:\/\/lasprimeras.com.do\/index.php\/category\/nacionales\/"},"img":{"alt_text":"Igor Rodr\u00edguez","src":"https:\/\/i0.wp.com\/lasprimeras.com.do\/wp-content\/uploads\/2024\/01\/Igor-Rodriguez.jpg?resize=350%2C200&ssl=1","width":350,"height":200,"srcset":"https:\/\/i0.wp.com\/lasprimeras.com.do\/wp-content\/uploads\/2024\/01\/Igor-Rodriguez.jpg?resize=350%2C200&ssl=1 1x, https:\/\/i0.wp.com\/lasprimeras.com.do\/wp-content\/uploads\/2024\/01\/Igor-Rodriguez.jpg?resize=525%2C300&ssl=1 1.5x, https:\/\/i0.wp.com\/lasprimeras.com.do\/wp-content\/uploads\/2024\/01\/Igor-Rodriguez.jpg?resize=700%2C400&ssl=1 2x"},"classes":[]},{"id":82172,"url":"https:\/\/lasprimeras.com.do\/index.php\/2024\/04\/29\/gobierno-entrega-ayudas-a-afectados-por-las-lluvias-en-puerto-plata\/","url_meta":{"origin":82893,"position":1},"title":"Gobierno entrega ayudas a afectados por las lluvias en Puerto Plata","author":"Nelson Feliz","date":"29 de abril de 2024","format":false,"excerpt":"Junto a las autoridades locales visitaron los municipios Villa Montellano, Imbert y el distrito municipal Y\u00e1sica Arriba. El ministro administrativo de la Presidencia, Igor Rodr\u00edguez Dur\u00e1n, se encuentra en Puerto Plata desde ayer para hacer entrega de m\u00e1s ayudas a las familias afectadas por el paso de una vaguada sobre\u2026","rel":"","context":"En \u00abNACIONALES\u00bb","block_context":{"text":"NACIONALES","link":"https:\/\/lasprimeras.com.do\/index.php\/category\/nacionales\/"},"img":{"alt_text":"Igor Rodr\u00edguez Dur\u00e1n","src":"https:\/\/i0.wp.com\/lasprimeras.com.do\/wp-content\/uploads\/2024\/04\/ayudas.jpg?resize=350%2C200&ssl=1","width":350,"height":200,"srcset":"https:\/\/i0.wp.com\/lasprimeras.com.do\/wp-content\/uploads\/2024\/04\/ayudas.jpg?resize=350%2C200&ssl=1 1x, https:\/\/i0.wp.com\/lasprimeras.com.do\/wp-content\/uploads\/2024\/04\/ayudas.jpg?resize=525%2C300&ssl=1 1.5x"},"classes":[]},{"id":82586,"url":"https:\/\/lasprimeras.com.do\/index.php\/2024\/05\/05\/igor-rodriguez-regresa-con-mas-ayudas-a-los-ciruelos-y-los-rieles-de-san-marcos-en-puerto-plata\/","url_meta":{"origin":82893,"position":2},"title":"Igor Rodr\u00edguez regresa con m\u00e1s ayudas a Los Ciruelos y Los Rieles de San Marcos en Puerto Plata","author":"Esteffany Vargas","date":"5 de mayo de 2024","format":false,"excerpt":"En horas de la madrugada mientras se reportaban intensas lluvias visit\u00f3 las comunidades afectadas para realizar junto a las autoridades un levantamiento de los da\u00f1os. El ministro administrativo de la Presidencia, Igor Rodr\u00edguez visito las zonas afectadas por las lluvias en las comunidades de Los Ciruelos y Los Rieles de\u2026","rel":"","context":"En \u00abNACIONALES\u00bb","block_context":{"text":"NACIONALES","link":"https:\/\/lasprimeras.com.do\/index.php\/category\/nacionales\/"},"img":{"alt_text":"Igor Rodr\u00edguez","src":"https:\/\/i0.wp.com\/lasprimeras.com.do\/wp-content\/uploads\/2024\/05\/Igor-Rodriguez-1.jpg?resize=350%2C200&ssl=1","width":350,"height":200,"srcset":"https:\/\/i0.wp.com\/lasprimeras.com.do\/wp-content\/uploads\/2024\/05\/Igor-Rodriguez-1.jpg?resize=350%2C200&ssl=1 1x, https:\/\/i0.wp.com\/lasprimeras.com.do\/wp-content\/uploads\/2024\/05\/Igor-Rodriguez-1.jpg?resize=525%2C300&ssl=1 1.5x"},"classes":[]},{"id":83083,"url":"https:\/\/lasprimeras.com.do\/index.php\/2024\/05\/11\/gobierno-lleva-ayudas-a-familias-afectadas-por-lluvias\/","url_meta":{"origin":82893,"position":3},"title":"Gobierno lleva ayudas a familias afectadas por lluvias","author":"BIMARY DE JES\u00daS Matos","date":"11 de mayo de 2024","format":false,"excerpt":"Saman\u00e1.- Las familias que resultaron afectas por las lluvias acaecidas el pasado fin de semana recibieron este viernes ayudas otorgadas por instituciones gubernamentales. El ministro administrativo de la Presidencia, Igor Rodr\u00edguez Dur\u00e1n, viaj\u00f3 este viernes a los municipios de Nagua e Imbert, y los distritos municipales Las Galeras y Veragua.\u2026","rel":"","context":"En \u00abPORTADA\u00bb","block_context":{"text":"PORTADA","link":"https:\/\/lasprimeras.com.do\/index.php\/category\/portada\/"},"img":{"alt_text":"","src":"https:\/\/i0.wp.com\/lasprimeras.com.do\/wp-content\/uploads\/2024\/05\/homicidio-exdirector-de-pn-impactado-por-muerte-a-tiros-de-su-tio-focus-min0.43-0.39-608-342.webp?resize=350%2C200&ssl=1","width":350,"height":200,"srcset":"https:\/\/i0.wp.com\/lasprimeras.com.do\/wp-content\/uploads\/2024\/05\/homicidio-exdirector-de-pn-impactado-por-muerte-a-tiros-de-su-tio-focus-min0.43-0.39-608-342.webp?resize=350%2C200&ssl=1 1x, https:\/\/i0.wp.com\/lasprimeras.com.do\/wp-content\/uploads\/2024\/05\/homicidio-exdirector-de-pn-impactado-por-muerte-a-tiros-de-su-tio-focus-min0.43-0.39-608-342.webp?resize=525%2C300&ssl=1 1.5x, https:\/\/i0.wp.com\/lasprimeras.com.do\/wp-content\/uploads\/2024\/05\/homicidio-exdirector-de-pn-impactado-por-muerte-a-tiros-de-su-tio-focus-min0.43-0.39-608-342.webp?resize=700%2C400&ssl=1 2x, https:\/\/i0.wp.com\/lasprimeras.com.do\/wp-content\/uploads\/2024\/05\/homicidio-exdirector-de-pn-impactado-por-muerte-a-tiros-de-su-tio-focus-min0.43-0.39-608-342.webp?resize=1050%2C600&ssl=1 3x, https:\/\/i0.wp.com\/lasprimeras.com.do\/wp-content\/uploads\/2024\/05\/homicidio-exdirector-de-pn-impactado-por-muerte-a-tiros-de-su-tio-focus-min0.43-0.39-608-342.webp?resize=1400%2C800&ssl=1 4x"},"classes":[]},{"id":81176,"url":"https:\/\/lasprimeras.com.do\/index.php\/2024\/04\/17\/gobierno-inicia-distribucion-de-ayudas-a-familias-afectadas-por-las-lluvias-en-samana-y-puerto-plata\/","url_meta":{"origin":82893,"position":4},"title":"Gobierno inicia distribuci\u00f3n de ayudas a familias afectadas por las lluvias en Saman\u00e1 y Puerto Plata","author":"BIMARY DE JES\u00daS Matos","date":"17 de abril de 2024","format":false,"excerpt":"Puerto Plata. - El Ministro Administrativo de la Presidencia, Igor Rodr\u00edguez Dur\u00e1n, visit\u00f3 este mi\u00e9rcoles las zonas afectadas en las provincias de Saman\u00e1 y Puerto Plata para iniciar a distribuir las ayudas a las familias afectadas por la vaguada que desde el pasado lunes ha generado cantidades extraordinarias de lluvia.\u2026","rel":"","context":"En \u00abNACIONALES\u00bb","block_context":{"text":"NACIONALES","link":"https:\/\/lasprimeras.com.do\/index.php\/category\/nacionales\/"},"img":{"alt_text":"","src":"https:\/\/i0.wp.com\/lasprimeras.com.do\/wp-content\/uploads\/2024\/04\/IMG-20240417-WA0029.jpg?resize=350%2C200&ssl=1","width":350,"height":200,"srcset":"https:\/\/i0.wp.com\/lasprimeras.com.do\/wp-content\/uploads\/2024\/04\/IMG-20240417-WA0029.jpg?resize=350%2C200&ssl=1 1x, https:\/\/i0.wp.com\/lasprimeras.com.do\/wp-content\/uploads\/2024\/04\/IMG-20240417-WA0029.jpg?resize=525%2C300&ssl=1 1.5x, https:\/\/i0.wp.com\/lasprimeras.com.do\/wp-content\/uploads\/2024\/04\/IMG-20240417-WA0029.jpg?resize=700%2C400&ssl=1 2x, https:\/\/i0.wp.com\/lasprimeras.com.do\/wp-content\/uploads\/2024\/04\/IMG-20240417-WA0029.jpg?resize=1050%2C600&ssl=1 3x, https:\/\/i0.wp.com\/lasprimeras.com.do\/wp-content\/uploads\/2024\/04\/IMG-20240417-WA0029.jpg?resize=1400%2C800&ssl=1 4x"},"classes":[]},{"id":67926,"url":"https:\/\/lasprimeras.com.do\/index.php\/2023\/11\/20\/ministro-paliza-atender-familias-afectadas-sin-mirar-colores-partidarios\/","url_meta":{"origin":82893,"position":5},"title":"Ministro Paliza: &#8220;Atender familias afectadas sin mirar colores partidarios&#8221;","author":"Nelson Feliz","date":"20 de noviembre de 2023","format":false,"excerpt":"Hoy visitaron los sectores de Arroyo Bonito, Bella Colina y Los Rieles de Santo Domingo Oeste. El ministro Administrativo de la Presidencia, Jos\u00e9 Ignacio Paliza visit\u00f3 hoy el centro de acopio de Santo Domingo Oeste, desde donde se atender\u00e1n a las familias afectadas por las lluvias del fin de semana\u2026","rel":"","context":"En \u00abNACIONALES\u00bb","block_context":{"text":"NACIONALES","link":"https:\/\/lasprimeras.com.do\/index.php\/category\/nacionales\/"},"img":{"alt_text":"Jos\u00e9 Ignacio Paliza","src":"https:\/\/i0.wp.com\/lasprimeras.com.do\/wp-content\/uploads\/2023\/11\/Jose-Ignacio-Paliza-1.jpg?resize=350%2C200&ssl=1","width":350,"height":200,"srcset":"https:\/\/i0.wp.com\/lasprimeras.com.do\/wp-content\/uploads\/2023\/11\/Jose-Ignacio-Paliza-1.jpg?resize=350%2C200&ssl=1 1x, https:\/\/i0.wp.com\/lasprimeras.com.do\/wp-content\/uploads\/2023\/11\/Jose-Ignacio-Paliza-1.jpg?resize=525%2C300&ssl=1 1.5x, https:\/\/i0.wp.com\/lasprimeras.com.do\/wp-content\/uploads\/2023\/11\/Jose-Ignacio-Paliza-1.jpg?resize=700%2C400&ssl=1 2x"},"classes":[]}],"jetpack_sharing_enabled":true,"_links":{"self":[{"href":"https:\/\/lasprimeras.com.do\/index.php\/wp-json\/wp\/v2\/posts\/82893","targetHints":{"allow":["GET"]}}],"collection":[{"href":"https:\/\/lasprimeras.com.do\/index.php\/wp-json\/wp\/v2\/posts"}],"about":[{"href":"https:\/\/lasprimeras.com.do\/index.php\/wp-json\/wp\/v2\/types\/post"}],"author":[{"embeddable":true,"href":"https:\/\/lasprimeras.com.do\/index.php\/wp-json\/wp\/v2\/users\/3"}],"replies":[{"embeddable":true,"href":"https:\/\/lasprimeras.com.do\/index.php\/wp-json\/wp\/v2\/comments?post=82893"}],"version-history":[{"count":1,"href":"https:\/\/lasprimeras.com.do\/index.php\/wp-json\/wp\/v2\/posts\/82893\/revisions"}],"predecessor-version":[{"id":82895,"href":"https:\/\/lasprimeras.com.do\/index.php\/wp-json\/wp\/v2\/posts\/82893\/revisions\/82895"}],"wp:featuredmedia":[{"embeddable":true,"href":"https:\/\/lasprimeras.com.do\/index.php\/wp-json\/wp\/v2\/media\/82894"}],"wp:attachment":[{"href":"https:\/\/lasprimeras.com.do\/index.php\/wp-json\/wp\/v2\/media?parent=82893"}],"wp:term":[{"taxonomy":"category","embeddable":true,"href":"https:\/\/lasprimeras.com.do\/index.php\/wp-json\/wp\/v2\/categories?post=82893"},{"taxonomy":"post_tag","embeddable":true,"href":"https:\/\/lasprimeras.com.do\/index.php\/wp-json\/wp\/v2\/tags?post=82893"}],"curies":[{"name":"wp","href":"https:\/\/api.w.org\/{rel}","templated":true}]}}