{"id":82900,"date":"2024-05-08T22:41:35","date_gmt":"2024-05-09T02:41:35","guid":{"rendered":"https:\/\/lasprimeras.com.do\/?p=82900"},"modified":"2024-05-08T22:41:36","modified_gmt":"2024-05-09T02:41:36","slug":"educacion-y-adp-llegan-acuerdo-que-incluye-aumento-de-salarios","status":"publish","type":"post","link":"https:\/\/lasprimeras.com.do\/index.php\/2024\/05\/08\/educacion-y-adp-llegan-acuerdo-que-incluye-aumento-de-salarios\/","title":{"rendered":"Educaci\u00f3n y ADP llegan acuerdo que incluye aumento de salarios"},"content":{"rendered":"\n<p class=\"wp-block-paragraph\">El Ministerio de Educaci\u00f3n y la Asociaci\u00f3n Dominicana de Profesores (ADP) alcanzaron este mi\u00e9rcoles un acuerdo de varios puntos, entre los que se incluye un aumento salarial para los docentes.<\/p>\n\n\n\n<p class=\"wp-block-paragraph\">As\u00ed lo inform\u00f3 Enrique de Le\u00f3n, quien form\u00f3 parte de una comisi\u00f3n de expresidentes del gremio que se reuni\u00f3 con el ministro de Educaci\u00f3n, \u00c1ngel Hern\u00e1ndez, el presidente de la ADP, Eduardo Hidalgo, y el defensor del Pueblo, Pablo Ulloa.<\/p>\n\n\n\n<p class=\"wp-block-paragraph\">\u00abEl aumento de salarios no se puede anunciar porque en este momento el ministro tiene que consultar a sus superiores, y la ADP tiene que consultar a su comit\u00e9 ejecutivo, porque aqu\u00ed solamente estaba presente una comisi\u00f3n, dijo De Le\u00f3n a los medios.<\/p>\n\n\n\n<p class=\"wp-block-paragraph\">Dentro de los puntos acordados figuran la mejora de los aprendizajes con los diferentes programas que tiene el ministerio.<\/p>\n\n\n\n<p class=\"wp-block-paragraph\">Tambi\u00e9n se lleg\u00f3 a acuerdos en temas como los pensionados de la ADP, hospitales para el sindicato, infraestructura de las escuelas y la evaluaci\u00f3n docente.<\/p>\n\n\n\n<p class=\"wp-block-paragraph\">Sobre los paros de docencia, Ulloa dijo que Hidalgo consultar\u00e1 con su comit\u00e9 ejecutivo para determinar qu\u00e9 se har\u00e1.<\/p>\n\n\n\n<p class=\"wp-block-paragraph\">\u00abMa\u00f1ana, posiblemente, se realice otra reuni\u00f3n de la comisi\u00f3n a los fines de ver la consulta del ministro y la consulta del presidente de la ADP\u00bb, explic\u00f3 Ulloa.<\/p>\n\n\n\n<p class=\"wp-block-paragraph\">Ulloa manifest\u00f3 que luego de las elecciones los encuentros entre ambas instituciones se realizar\u00e1n con m\u00e1s frecuencia.<\/p>\n\n\n\n<p class=\"wp-block-paragraph\">\u00abTenemos un cronograma con todos los puntos que estamos hablando y no solo va abarcar este espacio sino las vacaciones entre otras cosas\u00bb, precis\u00f3 el funcionario.<\/p>\n\n\n\n<p class=\"wp-block-paragraph\">La ADP ha estado realizando paros escalonados en varios puntos del pa\u00eds, en rechazo al aumento de un 8 % a los salarios de los maestros dispuesto por del Ministerio de Educaci\u00f3n. Los docentes reclaman un incremento de un 20 %.<\/p>\n\n\n\n<p class=\"wp-block-paragraph\">El presidente Luis Abinader se pregunt\u00f3, recientemente, porqu\u00e9 los maestros realizaban sus reclamos a pocos d\u00edas de las elecciones.EFE<\/p>\n","protected":false},"excerpt":{"rendered":"<p>El Ministerio de Educaci\u00f3n y la Asociaci\u00f3n Dominicana de Profesores (ADP) alcanzaron este mi\u00e9rcoles un acuerdo de varios puntos, entre los que se incluye un aumento salarial para los docentes.&hellip;<\/p>\n","protected":false},"author":2,"featured_media":82901,"comment_status":"open","ping_status":"open","sticky":false,"template":"","format":"standard","meta":{"content-type":"","_jetpack_newsletter_access":"","_jetpack_dont_email_post_to_subs":false,"_jetpack_newsletter_tier_id":0,"_jetpack_memberships_contains_paywalled_content":false,"_jetpack_feature_clip_id":0,"_jetpack_memberships_contains_paid_content":false,"footnotes":"","jetpack_post_was_ever_published":false},"categories":[39],"tags":[521,882,292,893,9004],"class_list":["post-82900","post","type-post","status-publish","format-standard","has-post-thumbnail","hentry","category-economia","tag-acuerdo","tag-adp","tag-aumento","tag-educacion","tag-salarios"],"jetpack-related-posts":[{"id":49206,"url":"https:\/\/lasprimeras.com.do\/index.php\/2023\/05\/09\/adp-espera-segundo-aumento-salarial-pactado-en-2021\/","url_meta":{"origin":82900,"position":0},"title":"ADP espera segundo aumento salarial pactado en 2021","author":"prenxa100","date":"9 de mayo de 2023","format":false,"excerpt":"SANTO DOMINGO.-.La Asociaci\u00f3n Dominicana de Profesores (ADP) espera que el segundo aumento salarial pactado en 2021 con el Ministerio de Educaci\u00f3n -con el presidente Luis Abinader como testigo- se aplique en este a\u00f1o, tal como fue acordado. Este fue uno de los puntos tratados en una reuni\u00f3n del Comit\u00e9 Ejecutivo\u2026","rel":"","context":"En \u00abECONOM\u00cdA\u00bb","block_context":{"text":"ECONOM\u00cdA","link":"https:\/\/lasprimeras.com.do\/index.php\/category\/economia\/"},"img":{"alt_text":"","src":"","width":0,"height":0},"classes":[]},{"id":80189,"url":"https:\/\/lasprimeras.com.do\/index.php\/2024\/04\/05\/gobierno-plantea-un-aumento-de-4-a-7-del-salario-de-20-que-espera-adp\/","url_meta":{"origin":82900,"position":1},"title":"Gobierno plantea un aumento de 4 a 7 % del salario, de 20 que espera ADP","author":"BIMARY DE JES\u00daS Matos","date":"5 de abril de 2024","format":false,"excerpt":"Santo Domingo.-Tras una revisi\u00f3n exhaustiva sobre la disponibilidad presupuestaria que maneja el Ministerio de Educaci\u00f3n, este le ofert\u00f3 un incremento salarial de un 4 a un 7 por ciento al sector magisterial de un 20 que plantea a la Asociaci\u00f3n Dominicana de Profesores (ADP). El tema qued\u00f3 para ser discutido\u2026","rel":"","context":"En \u00abPORTADA\u00bb","block_context":{"text":"PORTADA","link":"https:\/\/lasprimeras.com.do\/index.php\/category\/portada\/"},"img":{"alt_text":"","src":"https:\/\/i0.wp.com\/lasprimeras.com.do\/wp-content\/uploads\/2024\/04\/4_Nacionales_5_1p01.jpg?resize=350%2C200&ssl=1","width":350,"height":200,"srcset":"https:\/\/i0.wp.com\/lasprimeras.com.do\/wp-content\/uploads\/2024\/04\/4_Nacionales_5_1p01.jpg?resize=350%2C200&ssl=1 1x, https:\/\/i0.wp.com\/lasprimeras.com.do\/wp-content\/uploads\/2024\/04\/4_Nacionales_5_1p01.jpg?resize=525%2C300&ssl=1 1.5x, https:\/\/i0.wp.com\/lasprimeras.com.do\/wp-content\/uploads\/2024\/04\/4_Nacionales_5_1p01.jpg?resize=700%2C400&ssl=1 2x, https:\/\/i0.wp.com\/lasprimeras.com.do\/wp-content\/uploads\/2024\/04\/4_Nacionales_5_1p01.jpg?resize=1050%2C600&ssl=1 3x, https:\/\/i0.wp.com\/lasprimeras.com.do\/wp-content\/uploads\/2024\/04\/4_Nacionales_5_1p01.jpg?resize=1400%2C800&ssl=1 4x"},"classes":[]},{"id":82457,"url":"https:\/\/lasprimeras.com.do\/index.php\/2024\/05\/03\/minerd-aumenta-8-a-maestros-adp-exige-20\/","url_meta":{"origin":82900,"position":2},"title":"Minerd aumenta 8% a maestros; ADP exige 20%","author":"BIMARY DE JES\u00daS Matos","date":"3 de mayo de 2024","format":false,"excerpt":"Los recientes paros de docencia, marchas y amenazas de nuevas paralizaciones a nivel nacional por parte de la Asociaci\u00f3n Dominicana de Profesores (ADP) para exigir el aumento de un 20 % salarial, pusieron r\u00e1pido al Ministerio de Educaci\u00f3n, que ayer respondi\u00f3 con un incremento de un 8% al salario base\u2026","rel":"","context":"En \u00abPORTADA\u00bb","block_context":{"text":"PORTADA","link":"https:\/\/lasprimeras.com.do\/index.php\/category\/portada\/"},"img":{"alt_text":"","src":"https:\/\/i0.wp.com\/lasprimeras.com.do\/wp-content\/uploads\/2024\/05\/Diseno-sin-titulo-2.webp?resize=350%2C200&ssl=1","width":350,"height":200,"srcset":"https:\/\/i0.wp.com\/lasprimeras.com.do\/wp-content\/uploads\/2024\/05\/Diseno-sin-titulo-2.webp?resize=350%2C200&ssl=1 1x, https:\/\/i0.wp.com\/lasprimeras.com.do\/wp-content\/uploads\/2024\/05\/Diseno-sin-titulo-2.webp?resize=525%2C300&ssl=1 1.5x, https:\/\/i0.wp.com\/lasprimeras.com.do\/wp-content\/uploads\/2024\/05\/Diseno-sin-titulo-2.webp?resize=700%2C400&ssl=1 2x"},"classes":[]},{"id":54633,"url":"https:\/\/lasprimeras.com.do\/index.php\/2023\/07\/12\/gobierno-y-adp-anunciaran-gran-acuerdo-en-favor-de-la-educacion-dominicana\/","url_meta":{"origin":82900,"position":3},"title":"Gobierno y ADP anunciar\u00e1n &#8220;gran acuerdo&#8221; en favor de la educaci\u00f3n dominicana","author":"Nelson Feliz","date":"12 de julio de 2023","format":false,"excerpt":"Las partes socializaron 10 puntos sobre la educaci\u00f3n y condici\u00f3n de los docentes. Tras varias reuniones en las que se debat\u00edan 10 puntos claves, el Ministerio de Educaci\u00f3n (Minerd) y la Asociaci\u00f3n Dominicana de Profesores (ADP) arribaron la tarde de este mi\u00e9rcoles a un \"gran acuerdo\" con el objetivo de\u2026","rel":"","context":"En \u00abNACIONALES\u00bb","block_context":{"text":"NACIONALES","link":"https:\/\/lasprimeras.com.do\/index.php\/category\/nacionales\/"},"img":{"alt_text":"Presidente de la Asociaci\u00f3n Dominicana de Profesores (ADP), Eduardo Hidalgo.","src":"https:\/\/i0.wp.com\/lasprimeras.com.do\/wp-content\/uploads\/2023\/06\/Eduardo-Hidalgo.jpeg?resize=350%2C200&ssl=1","width":350,"height":200,"srcset":"https:\/\/i0.wp.com\/lasprimeras.com.do\/wp-content\/uploads\/2023\/06\/Eduardo-Hidalgo.jpeg?resize=350%2C200&ssl=1 1x, https:\/\/i0.wp.com\/lasprimeras.com.do\/wp-content\/uploads\/2023\/06\/Eduardo-Hidalgo.jpeg?resize=525%2C300&ssl=1 1.5x, https:\/\/i0.wp.com\/lasprimeras.com.do\/wp-content\/uploads\/2023\/06\/Eduardo-Hidalgo.jpeg?resize=700%2C400&ssl=1 2x"},"classes":[]},{"id":134350,"url":"https:\/\/lasprimeras.com.do\/index.php\/2026\/07\/09\/adp-pide-se-publique-notas-de-maestros-examinado-en-la-evaluacion-de-desempeno-docente\/","url_meta":{"origin":82900,"position":4},"title":"ADP pide se publique notas de maestros examinado en la Evaluaci\u00f3n de Desempe\u00f1o Docente","author":"Nelson Feliz","date":"9 de julio de 2026","format":false,"excerpt":"Tambi\u00e9n exigi\u00f3 que las autoridades anuncien el pago de los incentivos derivados de la EDD y del retroactivo, conforme al acuerdo suscrito entre ambas partes. Santo Domingo.-La Asociaci\u00f3n Dominicana de Profesores (ADP) pidi\u00f3 al Ministerio de Educaci\u00f3n la publicaci\u00f3n inmediata de las calificaciones definitivas de la Evaluaci\u00f3n de Desempe\u00f1o Docente.\u2026","rel":"","context":"En \u00abNACIONALES\u00bb","block_context":{"text":"NACIONALES","link":"https:\/\/lasprimeras.com.do\/index.php\/category\/nacionales\/"},"img":{"alt_text":"","src":"https:\/\/i0.wp.com\/lasprimeras.com.do\/wp-content\/uploads\/2025\/11\/ADP.jpg?resize=350%2C200&ssl=1","width":350,"height":200,"srcset":"https:\/\/i0.wp.com\/lasprimeras.com.do\/wp-content\/uploads\/2025\/11\/ADP.jpg?resize=350%2C200&ssl=1 1x, https:\/\/i0.wp.com\/lasprimeras.com.do\/wp-content\/uploads\/2025\/11\/ADP.jpg?resize=525%2C300&ssl=1 1.5x, https:\/\/i0.wp.com\/lasprimeras.com.do\/wp-content\/uploads\/2025\/11\/ADP.jpg?resize=700%2C400&ssl=1 2x"},"classes":[]},{"id":82922,"url":"https:\/\/lasprimeras.com.do\/index.php\/2024\/05\/09\/minerd-lleva-a-un-10-el-aumento-salarial-de-los-maestros\/","url_meta":{"origin":82900,"position":5},"title":"Minerd lleva a un 10% el aumento salarial de los maestros","author":"BIMARY DE JES\u00daS Matos","date":"9 de mayo de 2024","format":false,"excerpt":"Santo Domingo. El Ministerio de Educaci\u00f3n (Minerd) elev\u00f3 este mi\u00e9rcoles un 2 % adicional a la aplicaci\u00f3n del incremento salarial de un 8% que hab\u00eda dispuesto para los maestros. El aumento del 10 % que los maestros recibir\u00e1n sobre su salario base, ser\u00e1 a partir del mes de junio del\u2026","rel":"","context":"En \u00abPORTADA\u00bb","block_context":{"text":"PORTADA","link":"https:\/\/lasprimeras.com.do\/index.php\/category\/portada\/"},"img":{"alt_text":"","src":"https:\/\/i0.wp.com\/lasprimeras.com.do\/wp-content\/uploads\/2024\/05\/ADP-Y-EDUCACION.jpeg?resize=350%2C200&ssl=1","width":350,"height":200,"srcset":"https:\/\/i0.wp.com\/lasprimeras.com.do\/wp-content\/uploads\/2024\/05\/ADP-Y-EDUCACION.jpeg?resize=350%2C200&ssl=1 1x, https:\/\/i0.wp.com\/lasprimeras.com.do\/wp-content\/uploads\/2024\/05\/ADP-Y-EDUCACION.jpeg?resize=525%2C300&ssl=1 1.5x, https:\/\/i0.wp.com\/lasprimeras.com.do\/wp-content\/uploads\/2024\/05\/ADP-Y-EDUCACION.jpeg?resize=700%2C400&ssl=1 2x, https:\/\/i0.wp.com\/lasprimeras.com.do\/wp-content\/uploads\/2024\/05\/ADP-Y-EDUCACION.jpeg?resize=1050%2C600&ssl=1 3x, https:\/\/i0.wp.com\/lasprimeras.com.do\/wp-content\/uploads\/2024\/05\/ADP-Y-EDUCACION.jpeg?resize=1400%2C800&ssl=1 4x"},"classes":[]}],"jetpack_sharing_enabled":true,"jetpack_featured_media_url":"https:\/\/lasprimeras.com.do\/wp-content\/uploads\/2024\/05\/ADP-Y-EDUCACION.jpeg","_links":{"self":[{"href":"https:\/\/lasprimeras.com.do\/index.php\/wp-json\/wp\/v2\/posts\/82900","targetHints":{"allow":["GET"]}}],"collection":[{"href":"https:\/\/lasprimeras.com.do\/index.php\/wp-json\/wp\/v2\/posts"}],"about":[{"href":"https:\/\/lasprimeras.com.do\/index.php\/wp-json\/wp\/v2\/types\/post"}],"author":[{"embeddable":true,"href":"https:\/\/lasprimeras.com.do\/index.php\/wp-json\/wp\/v2\/users\/2"}],"replies":[{"embeddable":true,"href":"https:\/\/lasprimeras.com.do\/index.php\/wp-json\/wp\/v2\/comments?post=82900"}],"version-history":[{"count":1,"href":"https:\/\/lasprimeras.com.do\/index.php\/wp-json\/wp\/v2\/posts\/82900\/revisions"}],"predecessor-version":[{"id":82902,"href":"https:\/\/lasprimeras.com.do\/index.php\/wp-json\/wp\/v2\/posts\/82900\/revisions\/82902"}],"wp:featuredmedia":[{"embeddable":true,"href":"https:\/\/lasprimeras.com.do\/index.php\/wp-json\/wp\/v2\/media\/82901"}],"wp:attachment":[{"href":"https:\/\/lasprimeras.com.do\/index.php\/wp-json\/wp\/v2\/media?parent=82900"}],"wp:term":[{"taxonomy":"category","embeddable":true,"href":"https:\/\/lasprimeras.com.do\/index.php\/wp-json\/wp\/v2\/categories?post=82900"},{"taxonomy":"post_tag","embeddable":true,"href":"https:\/\/lasprimeras.com.do\/index.php\/wp-json\/wp\/v2\/tags?post=82900"}],"curies":[{"name":"wp","href":"https:\/\/api.w.org\/{rel}","templated":true}]}}