{"id":82919,"date":"2024-05-09T07:15:02","date_gmt":"2024-05-09T11:15:02","guid":{"rendered":"https:\/\/lasprimeras.com.do\/?p=82919"},"modified":"2024-05-09T07:15:04","modified_gmt":"2024-05-09T11:15:04","slug":"claudia-sheinbaum-es-favorita-para-el-electorado-joven-en-mexico","status":"publish","type":"post","link":"https:\/\/lasprimeras.com.do\/index.php\/2024\/05\/09\/claudia-sheinbaum-es-favorita-para-el-electorado-joven-en-mexico\/","title":{"rendered":"Claudia Sheinbaum es favorita para el electorado joven en M\u00e9xico"},"content":{"rendered":"\n<p>Ciudad de M\u00e9xico.- El 65 de los j\u00f3venes de M\u00e9xico votar\u00eda por la candidata presidencial de la coalici\u00f3n Sigamos Haciendo Historia, Claudia Sheinbaum, de acuerdo con un simulacro electoral divulgado hoy.<\/p>\n\n\n\n<p>De cara a las presidenciales del pr\u00f3ximo 2 de junio, este martes se llev\u00f3 a cabo un ejercicio democr\u00e1tico organizado por estudiantes de las 32 entidades federativas del pa\u00eds.<\/p>\n\n\n\n<p>Participaron m\u00e1s de 300 mil universitarios en m\u00e1s de 400 planteles, y los resultados fueron calificados de contundentes al reflejar que Sheinbaum gan\u00f3 con el 65 por ciento de votos de la juventud.<\/p>\n\n\n\n<p>De acuerdo con el partido Morena que integra la coalici\u00f3n que lleva a Sheinbaum como presidenciable, el simulacro refleja la tendencia de la totalidad de las encuestas en el pa\u00eds, que la dan como ganadora.<\/p>\n\n\n\n<p>En tanto, Jorge \u00c1lvarez, de Movimiento Ciudadano, alcanz\u00f3 el 22,2 por ciento de las preferencias y X\u00f3chitl G\u00e1lvez, de Fuerza y Coraz\u00f3n por M\u00e9xico, coalici\u00f3n electoral formada por los tradicionales Partido Acci\u00f3n Nacional, el Partido Revolucionario Institucional y el Partido de la Revoluci\u00f3n Democr\u00e1tica, obtuvo el 7,7 por ciento de los votos.<\/p>\n\n\n\n<p>Los universitarios est\u00e1n con nosotros! En todos los ejercicios realizados en distintas universidades de nuestra Ciudad, arrasamos en las elecciones, expres\u00f3 Clara Brugada Molina, candidata a jefa de Gobierno de la Ciudad de M\u00e9xico.<\/p>\n\n\n\n<p>\u00abCon nosotros la juventud tendr\u00e1 m\u00e1s y mejores oportunidades de desarrollo, con becas de transporte, apoyo econ\u00f3mico a partir de los 25 a\u00f1os y un programa de vivienda, entre otras\u00bb, destac\u00f3.<\/p>\n\n\n\n<p>De acuerdo con el Instituto Nacional Electoral, 100 millones 33 mil 50 ciudadanos est\u00e1n convocados para votar el 2 de junio pr\u00f3ximo.<\/p>\n\n\n\n<p>Ese d\u00eda, elegir\u00e1n al presidente de la Rep\u00fablica, 128 senadur\u00edas, 500 diputaciones federales, ocho gobernaturas, una jefatura de gobierno, 31 congresos locales, mil 580 ayuntamientos, 16 alcald\u00edas y 24 Juntas municipales.<\/p>\n","protected":false},"excerpt":{"rendered":"<p>Ciudad de M\u00e9xico.- El 65 de los j\u00f3venes de M\u00e9xico votar\u00eda por la candidata presidencial de la coalici\u00f3n Sigamos Haciendo Historia, Claudia Sheinbaum, de acuerdo con un simulacro electoral divulgado&hellip;<\/p>\n","protected":false},"author":3,"featured_media":82920,"comment_status":"open","ping_status":"open","sticky":false,"template":"","format":"standard","meta":{"content-type":"","jetpack_post_was_ever_published":false,"_jetpack_newsletter_access":"","_jetpack_dont_email_post_to_subs":false,"_jetpack_newsletter_tier_id":0,"_jetpack_memberships_contains_paywalled_content":false,"_jetpack_memberships_contains_paid_content":false,"footnotes":""},"categories":[1],"tags":[3205],"class_list":["post-82919","post","type-post","status-publish","format-standard","has-post-thumbnail","hentry","category-sin-categoria","tag-candidata"],"jetpack_featured_media_url":"https:\/\/lasprimeras.com.do\/wp-content\/uploads\/2024\/05\/65f3a7703e1eb_jce2-1-3.jpg","jetpack-related-posts":[{"id":81101,"url":"https:\/\/lasprimeras.com.do\/index.php\/2024\/04\/17\/mexico-candidata-claudia-sheinbaum-favorita-presidencia\/","url_meta":{"origin":82919,"position":0},"title":"MEXICO: Candidata Claudia Sheinbaum favorita presidencia","author":"BIMARY DE JES\u00daS Matos","date":"17 de abril de 2024","format":false,"excerpt":"Ciudad de M\u00e9xico.- La candidata presidencial de la coalici\u00f3n Sigamos Haciendo Historia, Claudia Sheinbaum, mantiene su liderazgo para ocupar la presidencia de M\u00e9xico, revel\u00f3 hoy la m\u00e1s reciente encuesta de Rubrum. De acuerdo con el sondeo de esta consultora especializada en medir y analizar los procesos electorales y realizar estudios\u2026","rel":"","context":"En \u00abSin categor\u00eda\u00bb","block_context":{"text":"Sin categor\u00eda","link":"https:\/\/lasprimeras.com.do\/index.php\/category\/sin-categoria\/"},"img":{"alt_text":"","src":"https:\/\/i0.wp.com\/lasprimeras.com.do\/wp-content\/uploads\/2024\/04\/Captura-de-pantalla-2024-04-14-155210-2.jpg?resize=350%2C200&ssl=1","width":350,"height":200,"srcset":"https:\/\/i0.wp.com\/lasprimeras.com.do\/wp-content\/uploads\/2024\/04\/Captura-de-pantalla-2024-04-14-155210-2.jpg?resize=350%2C200&ssl=1 1x, https:\/\/i0.wp.com\/lasprimeras.com.do\/wp-content\/uploads\/2024\/04\/Captura-de-pantalla-2024-04-14-155210-2.jpg?resize=525%2C300&ssl=1 1.5x, https:\/\/i0.wp.com\/lasprimeras.com.do\/wp-content\/uploads\/2024\/04\/Captura-de-pantalla-2024-04-14-155210-2.jpg?resize=700%2C400&ssl=1 2x"},"classes":[]},{"id":84177,"url":"https:\/\/lasprimeras.com.do\/index.php\/2024\/06\/03\/mexico-elige-a-claudia-sheinbaum-como-su-primera-mujer-presidenta\/","url_meta":{"origin":82919,"position":1},"title":"M\u00e9xico elige a Claudia Sheinbaum como su primera mujer presidenta","author":"Nelson Feliz","date":"3 de junio de 2024","format":false,"excerpt":"POR MAR\u00cdA VERZA Y MARK STEVENSON CIUDAD DE M\u00c9XICO (AP) \u2014 La futura ganadora presidencial de M\u00e9xico, Claudia Sheinbaum, se convertir\u00e1 en la primera mujer presidenta en los 200 a\u00f1os de historia del pa\u00eds. \u201cMe convertir\u00e9 en la primera mujer presidenta de M\u00e9xico\u201d, dijo Sheinbaum con una sonrisa, hablando en\u2026","rel":"","context":"En \u00abPORTADA\u00bb","block_context":{"text":"PORTADA","link":"https:\/\/lasprimeras.com.do\/index.php\/category\/portada\/"},"img":{"alt_text":"Claudia Sheinbaum","src":"https:\/\/i0.wp.com\/lasprimeras.com.do\/wp-content\/uploads\/2024\/06\/Claudia-Sheinbaum.jpg?resize=350%2C200&ssl=1","width":350,"height":200,"srcset":"https:\/\/i0.wp.com\/lasprimeras.com.do\/wp-content\/uploads\/2024\/06\/Claudia-Sheinbaum.jpg?resize=350%2C200&ssl=1 1x, https:\/\/i0.wp.com\/lasprimeras.com.do\/wp-content\/uploads\/2024\/06\/Claudia-Sheinbaum.jpg?resize=525%2C300&ssl=1 1.5x, https:\/\/i0.wp.com\/lasprimeras.com.do\/wp-content\/uploads\/2024\/06\/Claudia-Sheinbaum.jpg?resize=700%2C400&ssl=1 2x, https:\/\/i0.wp.com\/lasprimeras.com.do\/wp-content\/uploads\/2024\/06\/Claudia-Sheinbaum.jpg?resize=1050%2C600&ssl=1 3x"},"classes":[]},{"id":84194,"url":"https:\/\/lasprimeras.com.do\/index.php\/2024\/06\/03\/mexico-ya-no-se-escribe-con-m-de-machismo-que-le-espera-al-pais-con-claudia-sheinbaum-al-mando\/","url_meta":{"origin":82919,"position":2},"title":"&#8220;M\u00e9xico ya no se escribe con M de machismo&#8221;, \u00bfqu\u00e9 le espera al pa\u00eds con Claudia Sheinbaum al mando?","author":"Nelson Feliz","date":"3 de junio de 2024","format":false,"excerpt":"Las mujeres adem\u00e1s son mayor\u00eda en el Congreso, tras una reforma constitucional hace 10 a\u00f1os que garantiz\u00f3 una cuota de 50% en las candidatura. M\u00e9xico,AFP.-.\"M\u00e9xico ya no se escribe con M de machismo (\u2026) se escribe con M de madre y M de mujer\", dijo hace un a\u00f1o Claudia Sheinbaum.\u2026","rel":"","context":"En \u00abSin categor\u00eda\u00bb","block_context":{"text":"Sin categor\u00eda","link":"https:\/\/lasprimeras.com.do\/index.php\/category\/sin-categoria\/"},"img":{"alt_text":"Claudia Sheinbaum Pardo, nueva presidenta de M\u00e9xico","src":"https:\/\/i0.wp.com\/lasprimeras.com.do\/wp-content\/uploads\/2024\/06\/Claudia-Sheinbaum-Pardo-nueva-presidenta-de-Mexico.jpeg?resize=350%2C200&ssl=1","width":350,"height":200,"srcset":"https:\/\/i0.wp.com\/lasprimeras.com.do\/wp-content\/uploads\/2024\/06\/Claudia-Sheinbaum-Pardo-nueva-presidenta-de-Mexico.jpeg?resize=350%2C200&ssl=1 1x, https:\/\/i0.wp.com\/lasprimeras.com.do\/wp-content\/uploads\/2024\/06\/Claudia-Sheinbaum-Pardo-nueva-presidenta-de-Mexico.jpeg?resize=525%2C300&ssl=1 1.5x, https:\/\/i0.wp.com\/lasprimeras.com.do\/wp-content\/uploads\/2024\/06\/Claudia-Sheinbaum-Pardo-nueva-presidenta-de-Mexico.jpeg?resize=700%2C400&ssl=1 2x"},"classes":[]},{"id":84180,"url":"https:\/\/lasprimeras.com.do\/index.php\/2024\/06\/03\/un-cientifico-un-izquierdista-y-exalcalde-de-la-ciudad-de-mexico\/","url_meta":{"origin":82919,"position":3},"title":"Un cient\u00edfico, un izquierdista y exalcalde de la Ciudad de M\u00e9xico","author":"Nelson Feliz","date":"3 de junio de 2024","format":false,"excerpt":"\u00bfQui\u00e9n es Claudia Sheinbaum? POR CHRISTOPHER SHERMAN CIUDAD DE M\u00c9XICO (AP) \u2014 Claudia Sheinbaum, quien ser\u00e1 la primera mujer l\u00edder de M\u00e9xico en los m\u00e1s de 200 a\u00f1os de independencia del pa\u00eds, lleg\u00f3 a la presidencia prometiendo continuidad. La ex alcaldesa de Ciudad de M\u00e9xico, de 61 a\u00f1os y izquierdista\u2026","rel":"","context":"En \u00abSin categor\u00eda\u00bb","block_context":{"text":"Sin categor\u00eda","link":"https:\/\/lasprimeras.com.do\/index.php\/category\/sin-categoria\/"},"img":{"alt_text":"Claudia Sheinbaum","src":"https:\/\/i0.wp.com\/lasprimeras.com.do\/wp-content\/uploads\/2024\/06\/Claudia-Sheinbaum-1.jpg?resize=350%2C200&ssl=1","width":350,"height":200,"srcset":"https:\/\/i0.wp.com\/lasprimeras.com.do\/wp-content\/uploads\/2024\/06\/Claudia-Sheinbaum-1.jpg?resize=350%2C200&ssl=1 1x, https:\/\/i0.wp.com\/lasprimeras.com.do\/wp-content\/uploads\/2024\/06\/Claudia-Sheinbaum-1.jpg?resize=525%2C300&ssl=1 1.5x, https:\/\/i0.wp.com\/lasprimeras.com.do\/wp-content\/uploads\/2024\/06\/Claudia-Sheinbaum-1.jpg?resize=700%2C400&ssl=1 2x"},"classes":[]},{"id":91351,"url":"https:\/\/lasprimeras.com.do\/index.php\/2024\/11\/18\/sheinbaum-y-petro-refuerzan-los-lazos-bilaterales-entre-mexico-y-colombia-en-el-g20\/","url_meta":{"origin":82919,"position":4},"title":"Sheinbaum y Petro refuerzan los lazos bilaterales entre M\u00e9xico y Colombia en el G20","author":"Nelson Feliz","date":"18 de noviembre de 2024","format":false,"excerpt":"R\u00edo de Janeiro, (EFE).- La presidenta de M\u00e9xico, Claudia Sheinbaum, sostuvo este lunes una reuni\u00f3n bilateral con su hom\u00f3logo colombiano, Gustavo Petro, en el marco de la Cumbre de L\u00edderes del G20, celebrada en Brasil. Este encuentro representa la segunda reuni\u00f3n bilateral entre ambos mandatarios desde que Sheinbaum asumi\u00f3 la\u2026","rel":"","context":"En \u00abINTERNACIONALES\u00bb","block_context":{"text":"INTERNACIONALES","link":"https:\/\/lasprimeras.com.do\/index.php\/category\/sin-categoria\/internacionales\/"},"img":{"alt_text":"Claudia Sheinbaum y Gustavo Petro","src":"https:\/\/i0.wp.com\/lasprimeras.com.do\/wp-content\/uploads\/2024\/11\/Claudia-Sheinbaum-y-Gustavo-Petro.jpg?resize=350%2C200&ssl=1","width":350,"height":200,"srcset":"https:\/\/i0.wp.com\/lasprimeras.com.do\/wp-content\/uploads\/2024\/11\/Claudia-Sheinbaum-y-Gustavo-Petro.jpg?resize=350%2C200&ssl=1 1x, https:\/\/i0.wp.com\/lasprimeras.com.do\/wp-content\/uploads\/2024\/11\/Claudia-Sheinbaum-y-Gustavo-Petro.jpg?resize=525%2C300&ssl=1 1.5x, https:\/\/i0.wp.com\/lasprimeras.com.do\/wp-content\/uploads\/2024\/11\/Claudia-Sheinbaum-y-Gustavo-Petro.jpg?resize=700%2C400&ssl=1 2x"},"classes":[]},{"id":89587,"url":"https:\/\/lasprimeras.com.do\/index.php\/2024\/09\/29\/andres-oppenheimer-nueva-presidenta-de-mexico-envia-senales-preocupantes-opinion\/","url_meta":{"origin":82919,"position":5},"title":"Andr\u00e9s Oppenheimer: Nueva presidenta de M\u00e9xico env\u00eda se\u00f1ales preocupantes | Opini\u00f3n","author":"Nelson Feliz","date":"29 de septiembre de 2024","format":false,"excerpt":"El Nuevo HeraldAndres Oppenheimer La presidenta electa de M\u00e9xico, Claudia Sheinbaum, ha enviado se\u00f1ales preocupantes d\u00edas antes de asumir su cargo: asust\u00f3 a los inversionistas apoyando una controvertida reforma judicial, respald\u00f3 una innecesaria disputa con Espa\u00f1a e invit\u00f3 a los dictadores de Cuba y Venezuela a su toma de posesi\u00f3n\u2026","rel":"","context":"En \u00abOPINI\u00d3N\u00bb","block_context":{"text":"OPINI\u00d3N","link":"https:\/\/lasprimeras.com.do\/index.php\/category\/opinion\/"},"img":{"alt_text":"Claudia Sheinbaum","src":"https:\/\/i0.wp.com\/lasprimeras.com.do\/wp-content\/uploads\/2024\/09\/Claudia-Sheinbaum.jpg?resize=350%2C200&ssl=1","width":350,"height":200,"srcset":"https:\/\/i0.wp.com\/lasprimeras.com.do\/wp-content\/uploads\/2024\/09\/Claudia-Sheinbaum.jpg?resize=350%2C200&ssl=1 1x, https:\/\/i0.wp.com\/lasprimeras.com.do\/wp-content\/uploads\/2024\/09\/Claudia-Sheinbaum.jpg?resize=525%2C300&ssl=1 1.5x, https:\/\/i0.wp.com\/lasprimeras.com.do\/wp-content\/uploads\/2024\/09\/Claudia-Sheinbaum.jpg?resize=700%2C400&ssl=1 2x"},"classes":[]}],"jetpack_sharing_enabled":true,"_links":{"self":[{"href":"https:\/\/lasprimeras.com.do\/index.php\/wp-json\/wp\/v2\/posts\/82919","targetHints":{"allow":["GET"]}}],"collection":[{"href":"https:\/\/lasprimeras.com.do\/index.php\/wp-json\/wp\/v2\/posts"}],"about":[{"href":"https:\/\/lasprimeras.com.do\/index.php\/wp-json\/wp\/v2\/types\/post"}],"author":[{"embeddable":true,"href":"https:\/\/lasprimeras.com.do\/index.php\/wp-json\/wp\/v2\/users\/3"}],"replies":[{"embeddable":true,"href":"https:\/\/lasprimeras.com.do\/index.php\/wp-json\/wp\/v2\/comments?post=82919"}],"version-history":[{"count":1,"href":"https:\/\/lasprimeras.com.do\/index.php\/wp-json\/wp\/v2\/posts\/82919\/revisions"}],"predecessor-version":[{"id":82921,"href":"https:\/\/lasprimeras.com.do\/index.php\/wp-json\/wp\/v2\/posts\/82919\/revisions\/82921"}],"wp:featuredmedia":[{"embeddable":true,"href":"https:\/\/lasprimeras.com.do\/index.php\/wp-json\/wp\/v2\/media\/82920"}],"wp:attachment":[{"href":"https:\/\/lasprimeras.com.do\/index.php\/wp-json\/wp\/v2\/media?parent=82919"}],"wp:term":[{"taxonomy":"category","embeddable":true,"href":"https:\/\/lasprimeras.com.do\/index.php\/wp-json\/wp\/v2\/categories?post=82919"},{"taxonomy":"post_tag","embeddable":true,"href":"https:\/\/lasprimeras.com.do\/index.php\/wp-json\/wp\/v2\/tags?post=82919"}],"curies":[{"name":"wp","href":"https:\/\/api.w.org\/{rel}","templated":true}]}}