{"id":82922,"date":"2024-05-09T07:16:38","date_gmt":"2024-05-09T11:16:38","guid":{"rendered":"https:\/\/lasprimeras.com.do\/?p=82922"},"modified":"2024-05-09T07:16:47","modified_gmt":"2024-05-09T11:16:47","slug":"minerd-lleva-a-un-10-el-aumento-salarial-de-los-maestros","status":"publish","type":"post","link":"https:\/\/lasprimeras.com.do\/index.php\/2024\/05\/09\/minerd-lleva-a-un-10-el-aumento-salarial-de-los-maestros\/","title":{"rendered":"Minerd lleva a un 10% el aumento salarial de los maestros"},"content":{"rendered":"\n<p>Santo Domingo. El Ministerio de Educaci\u00f3n (Minerd) elev\u00f3 este mi\u00e9rcoles un 2 % adicional a la aplicaci\u00f3n del incremento salarial de un 8% que hab\u00eda dispuesto para los maestros.<\/p>\n\n\n\n<p>El aumento del 10 % que los maestros recibir\u00e1n sobre su salario base, ser\u00e1 a partir del mes de junio del presente a\u00f1o.<\/p>\n\n\n\n<p>A trav\u00e9s de una comunicaci\u00f3n firmada por el ministro de Educaci\u00f3n, \u00c1ngel Hern\u00e1ndez, la disposici\u00f3n fue informada al presidente de la Asociaci\u00f3n Dominicana de Profesores (ADP), Eduardo Hidalgo.<\/p>\n\n\n\n<p>\u201cEn atenci\u00f3n a la solicitud de los integrantes de la Comisi\u00f3n Mediadora, el Defensor del Pueblo y de algunos miembros de su comitiva, he consultado con el presidente escalar un 2% adicional al 8% ya aplicado en la n\u00f3mina de mayo, como aumento salarial efectivo a partir del mes de junio 2024\u201d, indica la carta.<\/p>\n\n\n\n<p>En la carta, tambi\u00e9n se asegura que el presidente Luis Abinader respaldo la solicitud de los docentes.<\/p>\n\n\n\n<p>En la carta, Hern\u00e1ndez solicit\u00f3 a Hidalgo que designe los integrantes de la ADP que se ocupar\u00e1n de establecer el calendario de ejecuci\u00f3n de las prioridades que fueron consensuadas en la primera reuni\u00f3n de la comisi\u00f3n mediadora sostenida en el d\u00eda de hoy.<\/p>\n\n\n\n<p>Luego de la aplicaci\u00f3n de un 8 % de aumento al salario de los docentes, la Asociaci\u00f3n Dominicana de Profesores anunci\u00f3 que le dar\u00eda un plazo de 72 horas a una comisi\u00f3n que busca continuar el di\u00e1logo con el Ministerio de Educaci\u00f3n a fines de reivindicar sus demandas.<\/p>\n\n\n\n<p>El tiempo de espera iniciaba a partir del pasado martes, seg\u00fan explic\u00f3 el presidente del gremio, Eduardo Hidalgo.<\/p>\n\n\n\n<p>En la reuni\u00f3n del pasado viernes celebrada con el Ministerio de Educaci\u00f3n y los maestros, reiteraron que se cumpla su demanda y a un acuerdo al que supuestamente arribaron en junio de 2023.<\/p>\n\n\n\n<p>Entre las solicitudes de los profesores se encuentra atenci\u00f3n inmediata de las necesidades de las escuelas.<\/p>\n\n\n\n<p>Reclaman tambi\u00e9n aumento salarial superior al por ciento que propone y oferta el Ministerio de Educaci\u00f3n para docentes activos y pensionados.<\/p>\n","protected":false},"excerpt":{"rendered":"<p>Santo Domingo. El Ministerio de Educaci\u00f3n (Minerd) elev\u00f3 este mi\u00e9rcoles un 2 % adicional a la aplicaci\u00f3n del incremento salarial de un 8% que hab\u00eda dispuesto para los maestros. El&hellip;<\/p>\n","protected":false},"author":3,"featured_media":82901,"comment_status":"open","ping_status":"open","sticky":false,"template":"","format":"standard","meta":{"content-type":"","jetpack_post_was_ever_published":false,"_jetpack_newsletter_access":"","_jetpack_dont_email_post_to_subs":false,"_jetpack_newsletter_tier_id":0,"_jetpack_memberships_contains_paywalled_content":false,"_jetpack_memberships_contains_paid_content":false,"footnotes":""},"categories":[25],"tags":[855],"class_list":["post-82922","post","type-post","status-publish","format-standard","has-post-thumbnail","hentry","category-portada","tag-minerd"],"jetpack_featured_media_url":"https:\/\/lasprimeras.com.do\/wp-content\/uploads\/2024\/05\/ADP-Y-EDUCACION.jpeg","jetpack-related-posts":[{"id":82457,"url":"https:\/\/lasprimeras.com.do\/index.php\/2024\/05\/03\/minerd-aumenta-8-a-maestros-adp-exige-20\/","url_meta":{"origin":82922,"position":0},"title":"Minerd aumenta 8% a maestros; ADP exige 20%","author":"BIMARY DE JES\u00daS Matos","date":"3 de mayo de 2024","format":false,"excerpt":"Los recientes paros de docencia, marchas y amenazas de nuevas paralizaciones a nivel nacional por parte de la Asociaci\u00f3n Dominicana de Profesores (ADP) para exigir el aumento de un 20 % salarial, pusieron r\u00e1pido al Ministerio de Educaci\u00f3n, que ayer respondi\u00f3 con un incremento de un 8% al salario base\u2026","rel":"","context":"En \u00abPORTADA\u00bb","block_context":{"text":"PORTADA","link":"https:\/\/lasprimeras.com.do\/index.php\/category\/portada\/"},"img":{"alt_text":"","src":"https:\/\/i0.wp.com\/lasprimeras.com.do\/wp-content\/uploads\/2024\/05\/Diseno-sin-titulo-2.webp?resize=350%2C200&ssl=1","width":350,"height":200,"srcset":"https:\/\/i0.wp.com\/lasprimeras.com.do\/wp-content\/uploads\/2024\/05\/Diseno-sin-titulo-2.webp?resize=350%2C200&ssl=1 1x, https:\/\/i0.wp.com\/lasprimeras.com.do\/wp-content\/uploads\/2024\/05\/Diseno-sin-titulo-2.webp?resize=525%2C300&ssl=1 1.5x, https:\/\/i0.wp.com\/lasprimeras.com.do\/wp-content\/uploads\/2024\/05\/Diseno-sin-titulo-2.webp?resize=700%2C400&ssl=1 2x"},"classes":[]},{"id":51043,"url":"https:\/\/lasprimeras.com.do\/index.php\/2023\/05\/26\/maestros-protestan-frente-a-educacion-exigiendo-aumentos-salariales\/","url_meta":{"origin":82922,"position":1},"title":"Maestros protestan frente a Educaci\u00f3n exigiendo aumentos salariales","author":"prenxa100","date":"26 de mayo de 2023","format":false,"excerpt":"Santo Domingo, RD.-.Cientos de maestros de todas las regionales y distritos educativos del pa\u00eds se apostaron este viernes frente a las instalaciones del Ministerio de Educaci\u00f3n (Minerd) para exigir a la dependencia una serie de reivindicaciones para el colectivo. Acogiendo el llamado a concentraci\u00f3n realizado por la Asociaci\u00f3n Dominicana de\u2026","rel":"","context":"En \u00abNACIONALES\u00bb","block_context":{"text":"NACIONALES","link":"https:\/\/lasprimeras.com.do\/index.php\/category\/nacionales\/"},"img":{"alt_text":"","src":"","width":0,"height":0},"classes":[]},{"id":81647,"url":"https:\/\/lasprimeras.com.do\/index.php\/2024\/04\/23\/cientos-de-maestros-se-manifiestan-frente-al-ministerio-de-educacion-para-exigir-un-aumento-salarial\/","url_meta":{"origin":82922,"position":2},"title":"Cientos de maestros se manifiestan frente al Ministerio de Educaci\u00f3n para exigir un aumento salarial","author":"BIMARY DE JES\u00daS Matos","date":"23 de abril de 2024","format":false,"excerpt":"Santo Domingo.- Con pancartas en mano, centros de maestros y maestras se est\u00e1n manifestando en estos momentos frente a la sede del Ministerio de Educaci\u00f3n de la Rep\u00fablica (Minerd), exigiendo un aumento salarial del 20% que fue acordado con las autoridades. Bajo el lema \u00abADP (Asociaci\u00f3n Dominicana de Profesores) unida,\u2026","rel":"","context":"En \u00abNACIONALES\u00bb","block_context":{"text":"NACIONALES","link":"https:\/\/lasprimeras.com.do\/index.php\/category\/nacionales\/"},"img":{"alt_text":"","src":"https:\/\/i0.wp.com\/lasprimeras.com.do\/wp-content\/uploads\/2024\/04\/WhatsApp-Image-2024-04-23-at-10.32.54-AM-1.jpeg?resize=350%2C200&ssl=1","width":350,"height":200,"srcset":"https:\/\/i0.wp.com\/lasprimeras.com.do\/wp-content\/uploads\/2024\/04\/WhatsApp-Image-2024-04-23-at-10.32.54-AM-1.jpeg?resize=350%2C200&ssl=1 1x, https:\/\/i0.wp.com\/lasprimeras.com.do\/wp-content\/uploads\/2024\/04\/WhatsApp-Image-2024-04-23-at-10.32.54-AM-1.jpeg?resize=525%2C300&ssl=1 1.5x"},"classes":[]},{"id":119036,"url":"https:\/\/lasprimeras.com.do\/index.php\/2026\/01\/06\/adp-asegura-que-el-reinicio-de-las-clases-por-feriado-de-navidad-debe-el-7-de-enero\/","url_meta":{"origin":82922,"position":3},"title":"ADP asegura que el reinicio de las clases por feriado de navidad debe el 7 de enero","author":"Nelson Feliz","date":"6 de enero de 2026","format":false,"excerpt":"La Asociaci\u00f3n Dominicana de Profesores (ADP) llam\u00f3 al Ministerio de Educaci\u00f3n (MINERD) a cumplir lo establecido en su propio comunicado a los medios y en el calendario escolar, en su p\u00e1gina 39, con respecto al reinicio de las clases por el feriado de Navidad que debe ser el mi\u00e9rcoles 7\u2026","rel":"","context":"En \u00abNACIONALES\u00bb","block_context":{"text":"NACIONALES","link":"https:\/\/lasprimeras.com.do\/index.php\/category\/nacionales\/"},"img":{"alt_text":"","src":"https:\/\/i0.wp.com\/lasprimeras.com.do\/wp-content\/uploads\/2025\/09\/ADP-1.jpg?resize=350%2C200&ssl=1","width":350,"height":200,"srcset":"https:\/\/i0.wp.com\/lasprimeras.com.do\/wp-content\/uploads\/2025\/09\/ADP-1.jpg?resize=350%2C200&ssl=1 1x, https:\/\/i0.wp.com\/lasprimeras.com.do\/wp-content\/uploads\/2025\/09\/ADP-1.jpg?resize=525%2C300&ssl=1 1.5x, https:\/\/i0.wp.com\/lasprimeras.com.do\/wp-content\/uploads\/2025\/09\/ADP-1.jpg?resize=700%2C400&ssl=1 2x"},"classes":[]},{"id":114176,"url":"https:\/\/lasprimeras.com.do\/index.php\/2025\/11\/11\/maestros-exigen-al-gobierno-aplicar-la-indexacion-salarial\/","url_meta":{"origin":82922,"position":4},"title":"Maestros exigen al Gobierno aplicar la indexaci\u00f3n salarial","author":"Nelson Feliz","date":"11 de noviembre de 2025","format":false,"excerpt":"La Corriente Magisterial Juan Pablo Duarte llam\u00f3 al Gobierno dominicano a disponer de manera inmediata la indexaci\u00f3n salarial para todo el personal docente, advirtiendo que la falta de ajuste de los sueldos frente a la inflaci\u00f3n est\u00e1 golpeando duramente las condiciones de vida de miles de maestros y maestras en\u2026","rel":"","context":"En \u00abECONOM\u00cdA\u00bb","block_context":{"text":"ECONOM\u00cdA","link":"https:\/\/lasprimeras.com.do\/index.php\/category\/economia\/"},"img":{"alt_text":"","src":"https:\/\/i0.wp.com\/lasprimeras.com.do\/wp-content\/uploads\/2025\/11\/Menegildo-De-La-Rosa.jpg?resize=350%2C200&ssl=1","width":350,"height":200,"srcset":"https:\/\/i0.wp.com\/lasprimeras.com.do\/wp-content\/uploads\/2025\/11\/Menegildo-De-La-Rosa.jpg?resize=350%2C200&ssl=1 1x, https:\/\/i0.wp.com\/lasprimeras.com.do\/wp-content\/uploads\/2025\/11\/Menegildo-De-La-Rosa.jpg?resize=525%2C300&ssl=1 1.5x, https:\/\/i0.wp.com\/lasprimeras.com.do\/wp-content\/uploads\/2025\/11\/Menegildo-De-La-Rosa.jpg?resize=700%2C400&ssl=1 2x"},"classes":[]},{"id":80768,"url":"https:\/\/lasprimeras.com.do\/index.php\/2024\/04\/12\/adp-dice-aumento-salarial-fue-acuerdo-del-ano-pasado\/","url_meta":{"origin":82922,"position":5},"title":"ADP dice aumento salarial fue acuerdo del a\u00f1o pasado","author":"BIMARY DE JES\u00daS Matos","date":"12 de abril de 2024","format":false,"excerpt":"Santo Domingo.-El presidente de la Asociaci\u00f3n Dominicana de Profesores (ADP), Eduardo Hidalgo, declar\u00f3 que el aumento salarial a los maestros activos no es una novedad, debido a que fue un compromiso que las autoridades asumieron en la firma del \u201cAcuerdo por la Defensa y Derecho a la Educaci\u00f3n\u201d el 24\u2026","rel":"","context":"En \u00abNACIONALES\u00bb","block_context":{"text":"NACIONALES","link":"https:\/\/lasprimeras.com.do\/index.php\/category\/nacionales\/"},"img":{"alt_text":"","src":"https:\/\/i0.wp.com\/lasprimeras.com.do\/wp-content\/uploads\/2024\/04\/DANILO-CRUZ-PICHARDO-1-800x500-3.webp?resize=350%2C200&ssl=1","width":350,"height":200,"srcset":"https:\/\/i0.wp.com\/lasprimeras.com.do\/wp-content\/uploads\/2024\/04\/DANILO-CRUZ-PICHARDO-1-800x500-3.webp?resize=350%2C200&ssl=1 1x, https:\/\/i0.wp.com\/lasprimeras.com.do\/wp-content\/uploads\/2024\/04\/DANILO-CRUZ-PICHARDO-1-800x500-3.webp?resize=525%2C300&ssl=1 1.5x"},"classes":[]}],"jetpack_sharing_enabled":true,"_links":{"self":[{"href":"https:\/\/lasprimeras.com.do\/index.php\/wp-json\/wp\/v2\/posts\/82922","targetHints":{"allow":["GET"]}}],"collection":[{"href":"https:\/\/lasprimeras.com.do\/index.php\/wp-json\/wp\/v2\/posts"}],"about":[{"href":"https:\/\/lasprimeras.com.do\/index.php\/wp-json\/wp\/v2\/types\/post"}],"author":[{"embeddable":true,"href":"https:\/\/lasprimeras.com.do\/index.php\/wp-json\/wp\/v2\/users\/3"}],"replies":[{"embeddable":true,"href":"https:\/\/lasprimeras.com.do\/index.php\/wp-json\/wp\/v2\/comments?post=82922"}],"version-history":[{"count":1,"href":"https:\/\/lasprimeras.com.do\/index.php\/wp-json\/wp\/v2\/posts\/82922\/revisions"}],"predecessor-version":[{"id":82923,"href":"https:\/\/lasprimeras.com.do\/index.php\/wp-json\/wp\/v2\/posts\/82922\/revisions\/82923"}],"wp:featuredmedia":[{"embeddable":true,"href":"https:\/\/lasprimeras.com.do\/index.php\/wp-json\/wp\/v2\/media\/82901"}],"wp:attachment":[{"href":"https:\/\/lasprimeras.com.do\/index.php\/wp-json\/wp\/v2\/media?parent=82922"}],"wp:term":[{"taxonomy":"category","embeddable":true,"href":"https:\/\/lasprimeras.com.do\/index.php\/wp-json\/wp\/v2\/categories?post=82922"},{"taxonomy":"post_tag","embeddable":true,"href":"https:\/\/lasprimeras.com.do\/index.php\/wp-json\/wp\/v2\/tags?post=82922"}],"curies":[{"name":"wp","href":"https:\/\/api.w.org\/{rel}","templated":true}]}}