{"id":82924,"date":"2024-05-09T07:20:42","date_gmt":"2024-05-09T11:20:42","guid":{"rendered":"https:\/\/lasprimeras.com.do\/?p=82924"},"modified":"2024-05-09T07:20:45","modified_gmt":"2024-05-09T11:20:45","slug":"presidente-dominicano-encabeza-reunion-de-emergencia-por-lluvias","status":"publish","type":"post","link":"https:\/\/lasprimeras.com.do\/index.php\/2024\/05\/09\/presidente-dominicano-encabeza-reunion-de-emergencia-por-lluvias\/","title":{"rendered":"Presidente dominicano encabeza reuni\u00f3n de emergencia por lluvias"},"content":{"rendered":"\n<p>RD.-El mandatario dominicano, Luis Abinader, convoc\u00f3 esta noche a una reuni\u00f3n de emergencia para conocer detalles de la situaci\u00f3n pluvial debido a las fuertes lluvias provocadas por varias vaguadas, inform\u00f3 hoy el sitio de la Presidencia.<\/p>\n\n\n\n<p>Abinader cit\u00f3 en el Palacio Nacional a su regreso de Washington, Estados Unidos, a todos los organismos de rescate, que actualizaron al mandatario y a la vicepresidenta Raquel Pe\u00f1a sobre el impacto de las precipitaciones en varias localidades.<\/p>\n\n\n\n<p>El Centro de Operaciones de Emergencia (COE) mantiene desde esta mi\u00e9rcoles varias comunidades y cinco provincias en alerta m\u00e1xima roja, debido a las intensas lluvias, tormentas el\u00e9ctricas y r\u00e1fagas de viento que siguen afectando a varios territorios, y que han ocasionado da\u00f1os a viviendas, comunidades incomunicadas, deslizamientos de tierras e inundaciones repentinas.<\/p>\n\n\n\n<p>Las provincias en alerta roja son Duarte (especial el Bajo Yuna), La Vega, Puerto Plata, Montecristi y Santiago Rodr\u00edguez.<\/p>\n\n\n\n<p>Ante esta situaci\u00f3n, el director del COE, general (r) Juan Manual M\u00e9ndez, expres\u00f3 que \u00abel gobierno se ha articulado bien\u00bb e inform\u00f3 que el ministro Administrativo de la Presidencia, Igor Rodr\u00edguez, ha visitado diversas comunidades para llevar asistencia social.<\/p>\n\n\n\n<p>De acuerdo con el COE, las lluvias tambi\u00e9n han causado crecidas de r\u00edos, arroyos y ca\u00f1adas, as\u00ed como inundaciones urbanas en el Distrito Nacional y las provincias de Santo Domingo, Santiago Rodr\u00edguez, El\u00edas Pi\u00f1a, Puerto Plata, Duarte, Monte Plata y La Vega.<\/p>\n\n\n\n<p>Se report\u00f3 en El\u00edas Pi\u00f1a un deslizamiento de tierra que dej\u00f3 incomunicada parcialmente la comunidad de La Tinaja con Sobacon, mientras en Monte Plata, debido al desbordamiento del r\u00edo Ozama, quedaron aisladas los pueblos de Serralles, La Cuaba, la Gina y Centro de Pens\u00f3.<\/p>\n\n\n\n<p>Tambi\u00e9n en La Vega se produjeron inundaciones urbanas en varios barrios y hay unas 700 viviendas con aver\u00edas, precis\u00f3 la Defensa Civil, pero en la medida que pasan las horas advirti\u00f3 que las afectaciones podr\u00edan ser mayores.<\/p>\n","protected":false},"excerpt":{"rendered":"<p>RD.-El mandatario dominicano, Luis Abinader, convoc\u00f3 esta noche a una reuni\u00f3n de emergencia para conocer detalles de la situaci\u00f3n pluvial debido a las fuertes lluvias provocadas por varias vaguadas, inform\u00f3&hellip;<\/p>\n","protected":false},"author":3,"featured_media":82925,"comment_status":"open","ping_status":"open","sticky":false,"template":"","format":"standard","meta":{"content-type":"","jetpack_post_was_ever_published":false,"_jetpack_newsletter_access":"","_jetpack_dont_email_post_to_subs":false,"_jetpack_newsletter_tier_id":0,"_jetpack_memberships_contains_paywalled_content":false,"_jetpack_memberships_contains_paid_content":false,"footnotes":""},"categories":[35],"tags":[67],"class_list":["post-82924","post","type-post","status-publish","format-standard","has-post-thumbnail","hentry","category-nacionales","tag-luis-abinader"],"jetpack_featured_media_url":"https:\/\/lasprimeras.com.do\/wp-content\/uploads\/2024\/05\/65f3a7703e1eb_jce2-1-4.jpg","jetpack-related-posts":[{"id":58398,"url":"https:\/\/lasprimeras.com.do\/index.php\/2023\/08\/23\/luis-abinader-actividades-deben-restablecerse-a-partir-de-este-jueves\/","url_meta":{"origin":82924,"position":0},"title":"Luis Abinader: &#8220;Actividades deben restablecerse a partir de este jueves&#8221;","author":"Nelson Feliz","date":"23 de agosto de 2023","format":false,"excerpt":"El presidente Luis Abinader dijo que las actividades productivas, comerciales y educativas en el pa\u00eds deben restablecerse a partir de las 8:00 de la ma\u00f1ana de este jueves 24 de agosto. Las actividades del pa\u00eds se pausaron desde el mediod\u00eda del martes, cuando a trav\u00e9s de un decreto, el mandatario\u2026","rel":"","context":"En \u00abNACIONALES\u00bb","block_context":{"text":"NACIONALES","link":"https:\/\/lasprimeras.com.do\/index.php\/category\/nacionales\/"},"img":{"alt_text":"Luis Abinader","src":"https:\/\/i0.wp.com\/lasprimeras.com.do\/wp-content\/uploads\/2023\/08\/Luis-Abinader-3-2.jpg?resize=350%2C200&ssl=1","width":350,"height":200,"srcset":"https:\/\/i0.wp.com\/lasprimeras.com.do\/wp-content\/uploads\/2023\/08\/Luis-Abinader-3-2.jpg?resize=350%2C200&ssl=1 1x, https:\/\/i0.wp.com\/lasprimeras.com.do\/wp-content\/uploads\/2023\/08\/Luis-Abinader-3-2.jpg?resize=525%2C300&ssl=1 1.5x, https:\/\/i0.wp.com\/lasprimeras.com.do\/wp-content\/uploads\/2023\/08\/Luis-Abinader-3-2.jpg?resize=700%2C400&ssl=1 2x"},"classes":[]},{"id":67814,"url":"https:\/\/lasprimeras.com.do\/index.php\/2023\/11\/19\/abinader-declara-el-domingo-como-no-laborable-y-en-emergencia-la-compra-de-bienes\/","url_meta":{"origin":82924,"position":1},"title":"Abinader declara el domingo como no laborable y en emergencia la compra de bienes","author":"Nelson Feliz","date":"19 de noviembre de 2023","format":false,"excerpt":"Las medidas est\u00e1n contenidas en los decreto 584-23 y 585-23. El presidente Luis Abinader declar\u00f3 como no laborable desde el en territorio nacional, en los sectores tanto p\u00fablico como privado, desde las 10:00 de la noche hasta las 7:00 de la ma\u00f1ana del lunes 20 de noviembre de 2023, a\u2026","rel":"","context":"En \u00abNACIONALES\u00bb","block_context":{"text":"NACIONALES","link":"https:\/\/lasprimeras.com.do\/index.php\/category\/nacionales\/"},"img":{"alt_text":"Luis Abinader","src":"https:\/\/i0.wp.com\/lasprimeras.com.do\/wp-content\/uploads\/2023\/11\/Luis-Abinader-6.jpg?resize=350%2C200&ssl=1","width":350,"height":200,"srcset":"https:\/\/i0.wp.com\/lasprimeras.com.do\/wp-content\/uploads\/2023\/11\/Luis-Abinader-6.jpg?resize=350%2C200&ssl=1 1x, https:\/\/i0.wp.com\/lasprimeras.com.do\/wp-content\/uploads\/2023\/11\/Luis-Abinader-6.jpg?resize=525%2C300&ssl=1 1.5x, https:\/\/i0.wp.com\/lasprimeras.com.do\/wp-content\/uploads\/2023\/11\/Luis-Abinader-6.jpg?resize=700%2C400&ssl=1 2x"},"classes":[]},{"id":127148,"url":"https:\/\/lasprimeras.com.do\/index.php\/2026\/04\/09\/abinader-dispone-una-serie-de-medidas-para-acudir-en-auxilio-de-familias-afectadas-por-fuertes-lluvias\/","url_meta":{"origin":82924,"position":2},"title":"Abinader dispone una serie de medidas para acudir en auxilio de familias afectadas por fuertes lluvias","author":"Nelson Feliz","date":"9 de abril de 2026","format":false,"excerpt":"_Director del COE exhorta a la poblaci\u00f3n, en las zonas alertadas y en el resto del pa\u00eds, dar un estricto seguimiento a los informes del Indomet y a los lineamientos de los organismos de protecci\u00f3n civil._ _Alcaldesa del Distrito Nacional destaca r\u00e1pida respuesta de las autoridades ante las incidencias provocadas\u2026","rel":"","context":"En \u00abNACIONALES\u00bb","block_context":{"text":"NACIONALES","link":"https:\/\/lasprimeras.com.do\/index.php\/category\/nacionales\/"},"img":{"alt_text":"","src":"https:\/\/i0.wp.com\/lasprimeras.com.do\/wp-content\/uploads\/2026\/04\/IMG-20260408-WA0539.jpg?resize=350%2C200&ssl=1","width":350,"height":200,"srcset":"https:\/\/i0.wp.com\/lasprimeras.com.do\/wp-content\/uploads\/2026\/04\/IMG-20260408-WA0539.jpg?resize=350%2C200&ssl=1 1x, https:\/\/i0.wp.com\/lasprimeras.com.do\/wp-content\/uploads\/2026\/04\/IMG-20260408-WA0539.jpg?resize=525%2C300&ssl=1 1.5x, https:\/\/i0.wp.com\/lasprimeras.com.do\/wp-content\/uploads\/2026\/04\/IMG-20260408-WA0539.jpg?resize=700%2C400&ssl=1 2x, https:\/\/i0.wp.com\/lasprimeras.com.do\/wp-content\/uploads\/2026\/04\/IMG-20260408-WA0539.jpg?resize=1050%2C600&ssl=1 3x"},"classes":[]},{"id":67858,"url":"https:\/\/lasprimeras.com.do\/index.php\/2023\/11\/20\/luis-el-gallo-pide-a-abinader-programa-de-emergencia-total-de-los-servicios-sociales\/","url_meta":{"origin":82924,"position":3},"title":"Luis \u201cEl Gallo\u201d pide a Abinader programa de emergencia total de los servicios sociales","author":"Nelson Feliz","date":"20 de noviembre de 2023","format":false,"excerpt":"El presidente de la Uni\u00f3n Dem\u00f3crata Cristiana -UDC-, Luis Acosta Moreta, Luis \u201cEl Gallo\u201d, pidi\u00f3 hoy que se pongan en emergencia total los servicios sociales del gobierno, a fin de garantizar techo y comida a las familias pobres afectadas por el disturbio tropical del fin de semana. Al mismo tiempo\u2026","rel":"","context":"En \u00abPORTADA\u00bb","block_context":{"text":"PORTADA","link":"https:\/\/lasprimeras.com.do\/index.php\/category\/portada\/"},"img":{"alt_text":"Luis Acosta Moreta","src":"https:\/\/i0.wp.com\/lasprimeras.com.do\/wp-content\/uploads\/2023\/11\/Luis-Acosta-Moreta-2.jpg?resize=350%2C200&ssl=1","width":350,"height":200,"srcset":"https:\/\/i0.wp.com\/lasprimeras.com.do\/wp-content\/uploads\/2023\/11\/Luis-Acosta-Moreta-2.jpg?resize=350%2C200&ssl=1 1x, https:\/\/i0.wp.com\/lasprimeras.com.do\/wp-content\/uploads\/2023\/11\/Luis-Acosta-Moreta-2.jpg?resize=525%2C300&ssl=1 1.5x, https:\/\/i0.wp.com\/lasprimeras.com.do\/wp-content\/uploads\/2023\/11\/Luis-Acosta-Moreta-2.jpg?resize=700%2C400&ssl=1 2x"},"classes":[]},{"id":126917,"url":"https:\/\/lasprimeras.com.do\/index.php\/2026\/04\/06\/abinader-reconoce-civismo-de-la-poblacion-en-semana-santa-y-la-labor-del-coe\/","url_meta":{"origin":82924,"position":4},"title":"Abinader reconoce civismo de la poblaci\u00f3n en Semana Santa y la labor del COE","author":"Nelson Feliz","date":"6 de abril de 2026","format":false,"excerpt":"Estas declaraciones fueron ofrecidas por el mandatario tras encabezar una reuni\u00f3n del Consejo de Seguridad y Defensa Nacional. El presidente Luis Abinader reconoci\u00f3 este domingo el comportamiento civilizado de la mayor\u00eda del pueblo dominicano durante el asueto de la Semana Santa, en el que se registr\u00f3 un desplazamiento r\u00e9cord de\u2026","rel":"","context":"En \u00abNACIONALES\u00bb","block_context":{"text":"NACIONALES","link":"https:\/\/lasprimeras.com.do\/index.php\/category\/nacionales\/"},"img":{"alt_text":"Luis Abinader","src":"https:\/\/i0.wp.com\/lasprimeras.com.do\/wp-content\/uploads\/2026\/03\/Luis-Abinader-c.jpg?resize=350%2C200&ssl=1","width":350,"height":200,"srcset":"https:\/\/i0.wp.com\/lasprimeras.com.do\/wp-content\/uploads\/2026\/03\/Luis-Abinader-c.jpg?resize=350%2C200&ssl=1 1x, https:\/\/i0.wp.com\/lasprimeras.com.do\/wp-content\/uploads\/2026\/03\/Luis-Abinader-c.jpg?resize=525%2C300&ssl=1 1.5x"},"classes":[]},{"id":127539,"url":"https:\/\/lasprimeras.com.do\/index.php\/2026\/04\/13\/abinader-prioriza-salvar-vidas-y-proteger-propiedades-ante-situacion-de-riesgo\/","url_meta":{"origin":82924,"position":5},"title":"Abinader prioriza salvar vidas y proteger propiedades ante situaci\u00f3n de riesgo","author":"Nelson Feliz","date":"13 de abril de 2026","format":false,"excerpt":"_Mandatario asegura que el Gobierno atender\u00e1 a toda la poblaci\u00f3n dominicana y env\u00eda diferentes comisiones a las zonas afectadas._ _INDOMET advierte que las lluvias persistir\u00e1n toda la semana por un sistema frontal y una vaguada que mantienen condiciones de inestabilidad; COE ratifica alertas en gran parte del pa\u00eds._ El presidente\u2026","rel":"","context":"En \u00abNACIONALES\u00bb","block_context":{"text":"NACIONALES","link":"https:\/\/lasprimeras.com.do\/index.php\/category\/nacionales\/"},"img":{"alt_text":"","src":"https:\/\/i0.wp.com\/lasprimeras.com.do\/wp-content\/uploads\/2026\/04\/IMG-20260413-WA0390-scaled.jpg?resize=350%2C200&ssl=1","width":350,"height":200,"srcset":"https:\/\/i0.wp.com\/lasprimeras.com.do\/wp-content\/uploads\/2026\/04\/IMG-20260413-WA0390-scaled.jpg?resize=350%2C200&ssl=1 1x, https:\/\/i0.wp.com\/lasprimeras.com.do\/wp-content\/uploads\/2026\/04\/IMG-20260413-WA0390-scaled.jpg?resize=525%2C300&ssl=1 1.5x, https:\/\/i0.wp.com\/lasprimeras.com.do\/wp-content\/uploads\/2026\/04\/IMG-20260413-WA0390-scaled.jpg?resize=700%2C400&ssl=1 2x, https:\/\/i0.wp.com\/lasprimeras.com.do\/wp-content\/uploads\/2026\/04\/IMG-20260413-WA0390-scaled.jpg?resize=1050%2C600&ssl=1 3x, https:\/\/i0.wp.com\/lasprimeras.com.do\/wp-content\/uploads\/2026\/04\/IMG-20260413-WA0390-scaled.jpg?resize=1400%2C800&ssl=1 4x"},"classes":[]}],"jetpack_sharing_enabled":true,"_links":{"self":[{"href":"https:\/\/lasprimeras.com.do\/index.php\/wp-json\/wp\/v2\/posts\/82924","targetHints":{"allow":["GET"]}}],"collection":[{"href":"https:\/\/lasprimeras.com.do\/index.php\/wp-json\/wp\/v2\/posts"}],"about":[{"href":"https:\/\/lasprimeras.com.do\/index.php\/wp-json\/wp\/v2\/types\/post"}],"author":[{"embeddable":true,"href":"https:\/\/lasprimeras.com.do\/index.php\/wp-json\/wp\/v2\/users\/3"}],"replies":[{"embeddable":true,"href":"https:\/\/lasprimeras.com.do\/index.php\/wp-json\/wp\/v2\/comments?post=82924"}],"version-history":[{"count":1,"href":"https:\/\/lasprimeras.com.do\/index.php\/wp-json\/wp\/v2\/posts\/82924\/revisions"}],"predecessor-version":[{"id":82926,"href":"https:\/\/lasprimeras.com.do\/index.php\/wp-json\/wp\/v2\/posts\/82924\/revisions\/82926"}],"wp:featuredmedia":[{"embeddable":true,"href":"https:\/\/lasprimeras.com.do\/index.php\/wp-json\/wp\/v2\/media\/82925"}],"wp:attachment":[{"href":"https:\/\/lasprimeras.com.do\/index.php\/wp-json\/wp\/v2\/media?parent=82924"}],"wp:term":[{"taxonomy":"category","embeddable":true,"href":"https:\/\/lasprimeras.com.do\/index.php\/wp-json\/wp\/v2\/categories?post=82924"},{"taxonomy":"post_tag","embeddable":true,"href":"https:\/\/lasprimeras.com.do\/index.php\/wp-json\/wp\/v2\/tags?post=82924"}],"curies":[{"name":"wp","href":"https:\/\/api.w.org\/{rel}","templated":true}]}}