{"id":82927,"date":"2024-05-09T07:24:54","date_gmt":"2024-05-09T11:24:54","guid":{"rendered":"https:\/\/lasprimeras.com.do\/?p=82927"},"modified":"2024-05-09T07:24:56","modified_gmt":"2024-05-09T11:24:56","slug":"entidades-piden-acudir-a-las-urnas","status":"publish","type":"post","link":"https:\/\/lasprimeras.com.do\/index.php\/2024\/05\/09\/entidades-piden-acudir-a-las-urnas\/","title":{"rendered":"Entidades piden acudir a las urnas"},"content":{"rendered":"\n<p>SANTO DOMINGO.. Varias entidades de la sociedad civil han empezado a promover el voto consciente y la participaci\u00f3n activa en el proceso electoral convocado para el pr\u00f3ximo d\u00eda 19.<\/p>\n\n\n\n<p>El presidente del Consejo Dominicano de la Unidad Evang\u00e9lica, Feliciano Lacen, dijo ayer que es de vital importancia que todo dominicano mayor de edad y habilitado para votar acuda a las urnas.<\/p>\n\n\n\n<p>\u201cEse es un compromiso constitucional y es importante que los ciudadanos sepan elegir bien. Que la persona que goce de su voto sea responsable, amante a la patria y a la familia y dar muestras de compromiso con la colectividad\u201d.<\/p>\n\n\n\n<p>Afirm\u00f3 que si no se ejerce el derecho a votar, se pierde moralmente la posibilidad de reclamar y de exigirle a las autoridades porque no se fue parte de las elecciones. Salgan a votar temprano.<\/p>\n\n\n\n<p>El voto es secreto y personal. Elijan a los mejores candidatos y reitero, todo aquel que no lo hace, pierde derecho a reclamo\u201d, concluy\u00f3.<\/p>\n\n\n\n<p>Otros de los que se expresaron al respecto fue el joven Miguel Mart\u00ednez, coordinador del movimiento Guardianes de la Democracia, un remanente de las protestas escenificadas en la Plaza de la Bandera en las elecciones del 2020.<\/p>\n\n\n\n<p>\u201cTiene que ver las propuestas de todas las candidaturas de su territorio, aprender sobre la relevancia que tiene el Senado de La Rep\u00fablica as\u00ed como la C\u00e1mara de Diputados, que toman decisiones a diario que terminan por incidir en la vida de todos los dominicanos\u201d, dijo.<\/p>\n\n\n\n<p>Participando como invitado al espacio Esto no Tiene Nombre, adujo que el tener buenos senadores incide en la elecci\u00f3n de una Junta Central Electoral imparcial, en la escogencia del Poder Judicial y en el contrapeso que necesita todo gobierno.<\/p>\n\n\n\n<p>Recomend\u00f3 separar las boletas antes de ejercer el sufragio para evitar que la tinta traspase la siguiente y que el voto no sea anulado. \u201cTambi\u00e9n recomiendo dividir el voto porque a un presidente le conviene tener buenos legisladores de oposici\u00f3n porque hasta lo cuidan al llamar la atenci\u00f3n. El poder absoluto da\u00f1a\u201d, indic\u00f3.<\/p>\n","protected":false},"excerpt":{"rendered":"<p>SANTO DOMINGO.. Varias entidades de la sociedad civil han empezado a promover el voto consciente y la participaci\u00f3n activa en el proceso electoral convocado para el pr\u00f3ximo d\u00eda 19. El&hellip;<\/p>\n","protected":false},"author":3,"featured_media":82225,"comment_status":"open","ping_status":"open","sticky":false,"template":"","format":"standard","meta":{"content-type":"","jetpack_post_was_ever_published":false,"_jetpack_newsletter_access":"","_jetpack_dont_email_post_to_subs":false,"_jetpack_newsletter_tier_id":0,"_jetpack_memberships_contains_paywalled_content":false,"_jetpack_memberships_contains_paid_content":false,"footnotes":""},"categories":[1],"tags":[183],"class_list":["post-82927","post","type-post","status-publish","format-standard","has-post-thumbnail","hentry","category-sin-categoria","tag-jce"],"jetpack_featured_media_url":"https:\/\/lasprimeras.com.do\/wp-content\/uploads\/2024\/04\/6a0c8a05-4f4b-48f5-a1d9-1ad180753c4a-19.webp","jetpack-related-posts":[{"id":83578,"url":"https:\/\/lasprimeras.com.do\/index.php\/2024\/05\/19\/abel-martinez-ejerce-su-derecho-al-voto-y-llama-a-la-ciudadania-a-acudir-a-las-urnas\/","url_meta":{"origin":82927,"position":0},"title":"Abel Mart\u00ednez ejerce su derecho al voto y llama a la ciudadan\u00eda a acudir a las urnas","author":"Nelson Feliz","date":"19 de mayo de 2024","format":false,"excerpt":"El candidato presidencial del Partido de la Liberaci\u00f3n Dominicano (PLD), Abel Mart\u00ednez, ejerci\u00f3 este domingo su derecho al voto en el polit\u00e9cnico Nuestra Se\u00f1ora de las Mercedes de Santiago. El l\u00edder de la oposici\u00f3n, quien lleg\u00f3 acompa\u00f1ado de su esposa, la comunicadora Nahiony Reyes, junto a dirigentes del PLD, llam\u00f3\u2026","rel":"","context":"En \u00abPORTADA\u00bb","block_context":{"text":"PORTADA","link":"https:\/\/lasprimeras.com.do\/index.php\/category\/portada\/"},"img":{"alt_text":"Abel Martinez","src":"https:\/\/i0.wp.com\/lasprimeras.com.do\/wp-content\/uploads\/2024\/05\/Abel-Martinez-1-1.jpeg?resize=350%2C200&ssl=1","width":350,"height":200,"srcset":"https:\/\/i0.wp.com\/lasprimeras.com.do\/wp-content\/uploads\/2024\/05\/Abel-Martinez-1-1.jpeg?resize=350%2C200&ssl=1 1x, https:\/\/i0.wp.com\/lasprimeras.com.do\/wp-content\/uploads\/2024\/05\/Abel-Martinez-1-1.jpeg?resize=525%2C300&ssl=1 1.5x"},"classes":[]},{"id":83353,"url":"https:\/\/lasprimeras.com.do\/index.php\/2024\/05\/15\/cncp-llama-a-los-dominicanos-a-votar-este-domingo-de-manera-civica-y-organizada\/","url_meta":{"origin":82927,"position":1},"title":"CNCP llama a los dominicanos a votar este domingo de manera c\u00edvica y organizada","author":"Nelson Feliz","date":"15 de mayo de 2024","format":false,"excerpt":"El Consejo Nacional del Comercio en Provisiones (CNCP) llam\u00f3 este mi\u00e9rcoles a todos los dominicanos a ejercer su derecho al voto el pr\u00f3ximo domingo 19 de mayo, acudiendo a las urnas de manera c\u00edvica y organizada. Alberto Leroux, presidente del CNCP, manifest\u00f3 en su mensaje que la participaci\u00f3n activa en\u2026","rel":"","context":"En \u00abPORTADA\u00bb","block_context":{"text":"PORTADA","link":"https:\/\/lasprimeras.com.do\/index.php\/category\/portada\/"},"img":{"alt_text":"Alberto Leroux","src":"https:\/\/i0.wp.com\/lasprimeras.com.do\/wp-content\/uploads\/2024\/05\/Alberto-Leroux-3.jpg?resize=350%2C200&ssl=1","width":350,"height":200,"srcset":"https:\/\/i0.wp.com\/lasprimeras.com.do\/wp-content\/uploads\/2024\/05\/Alberto-Leroux-3.jpg?resize=350%2C200&ssl=1 1x, https:\/\/i0.wp.com\/lasprimeras.com.do\/wp-content\/uploads\/2024\/05\/Alberto-Leroux-3.jpg?resize=525%2C300&ssl=1 1.5x"},"classes":[]},{"id":82595,"url":"https:\/\/lasprimeras.com.do\/index.php\/2024\/05\/05\/danilo-llama-al-pueblo-a-acudir-en-masa-a-las-urnas-video\/","url_meta":{"origin":82927,"position":2},"title":"Danilo llama al pueblo a acudir en masa a las urnas |Video","author":"Esteffany Vargas","date":"5 de mayo de 2024","format":false,"excerpt":"\u00abEl voto es lo m\u00e1s importante que tiene un ciudadano. El dos veces presidente de la Rep\u00fablica Dominicana, Danilo Medina, hizo un llamado al pueblo dominicano y a la militancia del Partido de la Liberaci\u00f3n Dominicana (PLD), a que acudan en masa a votar este 19 de mayo para cumplir\u2026","rel":"","context":"En \u00abPORTADA\u00bb","block_context":{"text":"PORTADA","link":"https:\/\/lasprimeras.com.do\/index.php\/category\/portada\/"},"img":{"alt_text":"Danilo Medina","src":"https:\/\/i0.wp.com\/lasprimeras.com.do\/wp-content\/uploads\/2024\/05\/Danilo-Medina-llama-a-votar.jpeg?resize=350%2C200&ssl=1","width":350,"height":200,"srcset":"https:\/\/i0.wp.com\/lasprimeras.com.do\/wp-content\/uploads\/2024\/05\/Danilo-Medina-llama-a-votar.jpeg?resize=350%2C200&ssl=1 1x, https:\/\/i0.wp.com\/lasprimeras.com.do\/wp-content\/uploads\/2024\/05\/Danilo-Medina-llama-a-votar.jpeg?resize=525%2C300&ssl=1 1.5x"},"classes":[]},{"id":83527,"url":"https:\/\/lasprimeras.com.do\/index.php\/2024\/05\/18\/leonel-votara-este-domingo-a-las-1100-a-m-en-la-escuela-republica-dominicana\/","url_meta":{"origin":82927,"position":3},"title":"Leonel votar\u00e1 este domingo a las 11:00 a.m. en la escuela Rep\u00fablica Dominicana","author":"Nelson Feliz","date":"18 de mayo de 2024","format":false,"excerpt":"Fern\u00e1ndez votar\u00e1 en la mesa n\u00famero 0529, ubicada en la Escuela Rep\u00fablica Dominicana en Villa Juana. El candidato presidencial del partido Fuerza del Pueblo, Leonel Fern\u00e1ndez, acudir\u00e1 a las urnas este domingo 19 de mayo para ejercer su derecho al voto, cumpliendo as\u00ed lo establecido en la Constituci\u00f3n de la\u2026","rel":"","context":"En \u00abPORTADA\u00bb","block_context":{"text":"PORTADA","link":"https:\/\/lasprimeras.com.do\/index.php\/category\/portada\/"},"img":{"alt_text":"Leonel Fern\u00e1ndez","src":"https:\/\/i0.wp.com\/lasprimeras.com.do\/wp-content\/uploads\/2024\/05\/Leonel-Fernandez-11.jpg?resize=350%2C200&ssl=1","width":350,"height":200,"srcset":"https:\/\/i0.wp.com\/lasprimeras.com.do\/wp-content\/uploads\/2024\/05\/Leonel-Fernandez-11.jpg?resize=350%2C200&ssl=1 1x, https:\/\/i0.wp.com\/lasprimeras.com.do\/wp-content\/uploads\/2024\/05\/Leonel-Fernandez-11.jpg?resize=525%2C300&ssl=1 1.5x, https:\/\/i0.wp.com\/lasprimeras.com.do\/wp-content\/uploads\/2024\/05\/Leonel-Fernandez-11.jpg?resize=700%2C400&ssl=1 2x"},"classes":[]},{"id":77040,"url":"https:\/\/lasprimeras.com.do\/index.php\/2024\/02\/17\/leonel-fernandez-votara-este-domingo-a-las-1230-de-la-tarde\/","url_meta":{"origin":82927,"position":4},"title":"Leonel Fern\u00e1ndez votar\u00e1 este domingo a las 12:30 de la tarde","author":"BIMARY DE JES\u00daS Matos","date":"17 de febrero de 2024","format":false,"excerpt":"Santo Domingo.- El presidente del partido Fuerza del Pueblo, Leonel Fern\u00e1ndez, acudir\u00e1 a las urnas este domingo 18 de febrero, para ejercer su derecho al voto en la\u00a0mesa n\u00famero 0529, ubicada en la Escuela Rep\u00fablica Dominicana, del sector de Villa Juana, a las 12:30 de la tarde. Al culminar la\u2026","rel":"","context":"En \u00abPORTADA\u00bb","block_context":{"text":"PORTADA","link":"https:\/\/lasprimeras.com.do\/index.php\/category\/portada\/"},"img":{"alt_text":"","src":"https:\/\/i0.wp.com\/lasprimeras.com.do\/wp-content\/uploads\/2024\/02\/Leonel-votando.webp?resize=350%2C200&ssl=1","width":350,"height":200,"srcset":"https:\/\/i0.wp.com\/lasprimeras.com.do\/wp-content\/uploads\/2024\/02\/Leonel-votando.webp?resize=350%2C200&ssl=1 1x, https:\/\/i0.wp.com\/lasprimeras.com.do\/wp-content\/uploads\/2024\/02\/Leonel-votando.webp?resize=525%2C300&ssl=1 1.5x, https:\/\/i0.wp.com\/lasprimeras.com.do\/wp-content\/uploads\/2024\/02\/Leonel-votando.webp?resize=700%2C400&ssl=1 2x, https:\/\/i0.wp.com\/lasprimeras.com.do\/wp-content\/uploads\/2024\/02\/Leonel-votando.webp?resize=1050%2C600&ssl=1 3x"},"classes":[]},{"id":77111,"url":"https:\/\/lasprimeras.com.do\/index.php\/2024\/02\/18\/presidente-del-senado-destaca-civismo-exhiben-los-dominicanos-en-las-urnas\/","url_meta":{"origin":82927,"position":5},"title":"Presidente del Senado destaca civismo exhiben los dominicanos en las urnas","author":"Nelson Feliz","date":"18 de febrero de 2024","format":false,"excerpt":"\u00a0Dice elecciones municipales fortalece la democracia. El presidente del Senado, Ricardo de los Santos, felicit\u00f3 al pueblo dominicano, y en especial a los de su provincia S\u00e1nchez Ram\u00edrez por el nivel de civismo exhibido en las urnas por elecciones municipales y exhort\u00f3 a todos los ciudadanos que\u00a0 a\u00fan se encuentran\u2026","rel":"","context":"En \u00abPORTADA\u00bb","block_context":{"text":"PORTADA","link":"https:\/\/lasprimeras.com.do\/index.php\/category\/portada\/"},"img":{"alt_text":"Ricardo de los Santos","src":"https:\/\/i0.wp.com\/lasprimeras.com.do\/wp-content\/uploads\/2024\/02\/Ricardo-de-los-Santos-4.jpg?resize=350%2C200&ssl=1","width":350,"height":200,"srcset":"https:\/\/i0.wp.com\/lasprimeras.com.do\/wp-content\/uploads\/2024\/02\/Ricardo-de-los-Santos-4.jpg?resize=350%2C200&ssl=1 1x, https:\/\/i0.wp.com\/lasprimeras.com.do\/wp-content\/uploads\/2024\/02\/Ricardo-de-los-Santos-4.jpg?resize=525%2C300&ssl=1 1.5x, https:\/\/i0.wp.com\/lasprimeras.com.do\/wp-content\/uploads\/2024\/02\/Ricardo-de-los-Santos-4.jpg?resize=700%2C400&ssl=1 2x"},"classes":[]}],"jetpack_sharing_enabled":true,"_links":{"self":[{"href":"https:\/\/lasprimeras.com.do\/index.php\/wp-json\/wp\/v2\/posts\/82927","targetHints":{"allow":["GET"]}}],"collection":[{"href":"https:\/\/lasprimeras.com.do\/index.php\/wp-json\/wp\/v2\/posts"}],"about":[{"href":"https:\/\/lasprimeras.com.do\/index.php\/wp-json\/wp\/v2\/types\/post"}],"author":[{"embeddable":true,"href":"https:\/\/lasprimeras.com.do\/index.php\/wp-json\/wp\/v2\/users\/3"}],"replies":[{"embeddable":true,"href":"https:\/\/lasprimeras.com.do\/index.php\/wp-json\/wp\/v2\/comments?post=82927"}],"version-history":[{"count":1,"href":"https:\/\/lasprimeras.com.do\/index.php\/wp-json\/wp\/v2\/posts\/82927\/revisions"}],"predecessor-version":[{"id":82928,"href":"https:\/\/lasprimeras.com.do\/index.php\/wp-json\/wp\/v2\/posts\/82927\/revisions\/82928"}],"wp:featuredmedia":[{"embeddable":true,"href":"https:\/\/lasprimeras.com.do\/index.php\/wp-json\/wp\/v2\/media\/82225"}],"wp:attachment":[{"href":"https:\/\/lasprimeras.com.do\/index.php\/wp-json\/wp\/v2\/media?parent=82927"}],"wp:term":[{"taxonomy":"category","embeddable":true,"href":"https:\/\/lasprimeras.com.do\/index.php\/wp-json\/wp\/v2\/categories?post=82927"},{"taxonomy":"post_tag","embeddable":true,"href":"https:\/\/lasprimeras.com.do\/index.php\/wp-json\/wp\/v2\/tags?post=82927"}],"curies":[{"name":"wp","href":"https:\/\/api.w.org\/{rel}","templated":true}]}}