{"id":82931,"date":"2024-05-09T09:05:40","date_gmt":"2024-05-09T13:05:40","guid":{"rendered":"https:\/\/lasprimeras.com.do\/?p=82931"},"modified":"2024-05-09T09:05:42","modified_gmt":"2024-05-09T13:05:42","slug":"luis-el-gallo-felicita-a-presidente-abinader-por-dar-garantias-de-imparcialidad-y-respeto-en-proceso-electoral-destaca-reconocimiento-internacional","status":"publish","type":"post","link":"https:\/\/lasprimeras.com.do\/index.php\/2024\/05\/09\/luis-el-gallo-felicita-a-presidente-abinader-por-dar-garantias-de-imparcialidad-y-respeto-en-proceso-electoral-destaca-reconocimiento-internacional\/","title":{"rendered":"Luis \u201cEl Gallo\u201d felicita a presidente Abinader por dar garant\u00edas de imparcialidad y respeto en proceso electoral; destaca reconocimiento internacional"},"content":{"rendered":"\n<p>El l\u00edder de la Uni\u00f3n Dem\u00f3crata Cristiana \u2013UDC-, Luis Acosta Moreta, Luis \u201cEl Gallo\u201d, felicit\u00f3 hoy al presidente Luis Abinader por ser galardonado como el primer presidente dominicano en recibir el premio Chairman\u2019s Award for Leadership in the Americas, por su liderazgo en la regi\u00f3n.<\/p>\n\n\n\n<p>Abinader present\u00f3 ante el Consejo de las Am\u00e9ricas los tres ejes de la seguridad jur\u00eddica que cuenta la Rep\u00fablica Dominicana en su gesti\u00f3n, que son la Independencia del Ministerio P\u00fablico, la lucha contra la corrupci\u00f3n y un gobierno transparente y eficiente.<\/p>\n\n\n\n<p>El presidente de la UDC afirm\u00f3 que el presidente Abinader se engrandece como un estadista y un pol\u00edtico democr\u00e1tico y respetuoso, cuando se\u00f1ala que el Poder Ejecutivo ser\u00e1 imparcial y respetuoso de la decisi\u00f3n que tomen los dominicanos en las elecciones del d\u00eda 19.<\/p>\n\n\n\n<p>A\u00f1adi\u00f3 que todas las encuestas nacionales e internacionales dan ganadora a la coalici\u00f3n que encabeza el Partido Revolucionario Moderno \u2013PRM-, apoyada por la UDC en la boleta 20, pero la humildad, la decencia y el decoro de Abinader se nota cuando dice que se respetar\u00e1 el accionar pol\u00edtico de todos los sectores.<\/p>\n\n\n\n<p>El gran respaldo que tiene el proyecto reeleccionista de Abinader no es debido a que utiliza los recursos del Estado, ni que lleva a las dependencias del estado a convertir las elecciones en un fest\u00edn, sino que sus obras, sus realizaciones y su trabajo lo catapultan a triunfar en la primera ronda.<\/p>\n\n\n\n<p>Dijo que cuatro a\u00f1os no son suficientes para asegurar el \u00e9xito en la senda del desarrollo del pa\u00eds, por lo que el pueblo dominicano ampliar\u00e1 el mandato de Abinader por cuatro a\u00f1os m\u00e1s, contando con el apoyo de sus aliados y de la UDC.<\/p>\n\n\n\n<p>Los problemas sociales y de seguridad de la Rep\u00fablica Dominicana tienen que partir, de forma vertical y frontal, de la lucha por mejorar las condiciones de vida en los barrios, porque el delincuente callejero tiene detr\u00e1s la mancha del abandono social.<\/p>\n\n\n\n<p>Luis \u201cEl Gallo\u201d manifest\u00f3 que respalda al mandatario porque su accionar va dirigido a terminar con la marginalidad social, y sacar de la extrema pobreza a todos los residentes en barriadas marginadas.<\/p>\n\n\n\n<p>Agreg\u00f3 que la UDC desde su nacimiento como partido pol\u00edtico, tiene un compromiso y una obligaci\u00f3n de luchar por los sectores m\u00e1s pobres y desamparados del pa\u00eds, y siempre tendr\u00e1 en alto la bandera de que en este pa\u00eds todos tenemos derecho a la comida.<\/p>\n\n\n\n<p>Con Abinader y cuatro a\u00f1os m\u00e1s, se lograr\u00e1n las suficientes aulas escolares, donde estudien los ni\u00f1os pobres dominicanos, con respaldo de su desayuno y su comida, uniformes, \u00fatiles escolares y profesores capacitados.<\/p>\n","protected":false},"excerpt":{"rendered":"<p>El l\u00edder de la Uni\u00f3n Dem\u00f3crata Cristiana \u2013UDC-, Luis Acosta Moreta, Luis \u201cEl Gallo\u201d, felicit\u00f3 hoy al presidente Luis Abinader por ser galardonado como el primer presidente dominicano en recibir&hellip;<\/p>\n","protected":false},"author":3,"featured_media":82932,"comment_status":"open","ping_status":"open","sticky":false,"template":"","format":"standard","meta":{"content-type":"","jetpack_post_was_ever_published":false,"_jetpack_newsletter_access":"","_jetpack_dont_email_post_to_subs":false,"_jetpack_newsletter_tier_id":0,"_jetpack_memberships_contains_paywalled_content":false,"_jetpack_memberships_contains_paid_content":false,"footnotes":""},"categories":[35],"tags":[1208],"class_list":["post-82931","post","type-post","status-publish","format-standard","has-post-thumbnail","hentry","category-nacionales","tag-luis-el-gallo"],"jetpack_featured_media_url":"https:\/\/lasprimeras.com.do\/wp-content\/uploads\/2024\/05\/IMG-20240509-WA0025.jpg","jetpack-related-posts":[{"id":126950,"url":"https:\/\/lasprimeras.com.do\/index.php\/2026\/04\/07\/luis-el-gallo-respalda-propuesta-presidente-abinader-de-un-gran-acuerdo-nacional\/","url_meta":{"origin":82931,"position":0},"title":"Luis \u201cEl Gallo\u201d respalda propuesta presidente Abinader de un gran acuerdo nacional","author":"Nelson Feliz","date":"7 de abril de 2026","format":false,"excerpt":"El l\u00edder de la Uni\u00f3n Dem\u00f3crata Cristiana \u2013UDC-, Luis Acosta Moreta, Luis \u201cEl Gallo\u201d, apoy\u00f3 hoy la propuesta del presidente Luis Abinader de propiciar un gran acuerdo nacional para prevenir una crisis econ\u00f3mica, impulsada por problemas internacionales. Felicit\u00f3 y se adhiri\u00f3 a la propuesta del presidente Abinader, e hizo un\u2026","rel":"","context":"En \u00abPOLITICA\u00bb","block_context":{"text":"POLITICA","link":"https:\/\/lasprimeras.com.do\/index.php\/category\/politica\/"},"img":{"alt_text":"Luis Acosta Moreta","src":"https:\/\/i0.wp.com\/lasprimeras.com.do\/wp-content\/uploads\/2025\/07\/Luis-Acosta-Moreta.png?resize=350%2C200&ssl=1","width":350,"height":200},"classes":[]},{"id":110091,"url":"https:\/\/lasprimeras.com.do\/index.php\/2025\/09\/25\/udc-respalda-a-presidente-abinader-al-pedir-comunidad-internacional-acuda-en-auxilio-de-haiti\/","url_meta":{"origin":82931,"position":1},"title":"UDC respalda a presidente Abinader, al pedir comunidad internacional acuda en auxilio de Hait\u00ed","author":"Nelson Feliz","date":"25 de septiembre de 2025","format":false,"excerpt":"El presidente de la Uni\u00f3n Dem\u00f3crata Cristiana \u2013UDC-, Luis Acosta Moreta, Luis \u201cEl Gallo\u201d salud\u00f3 y apoy\u00f3 hoy los pronunciamientos hechos por el presidente Luis Abinader de que una fuerza multinacional es la que debe buscar la paz y la soluci\u00f3n de los problemas haitianos. Tambi\u00e9n se\u00f1al\u00f3 como trascendente la\u2026","rel":"","context":"En \u00abPOLITICA\u00bb","block_context":{"text":"POLITICA","link":"https:\/\/lasprimeras.com.do\/index.php\/category\/politica\/"},"img":{"alt_text":"","src":"https:\/\/i0.wp.com\/lasprimeras.com.do\/wp-content\/uploads\/2025\/09\/Luis-Abinader-3-1.jpg?resize=350%2C200&ssl=1","width":350,"height":200,"srcset":"https:\/\/i0.wp.com\/lasprimeras.com.do\/wp-content\/uploads\/2025\/09\/Luis-Abinader-3-1.jpg?resize=350%2C200&ssl=1 1x, https:\/\/i0.wp.com\/lasprimeras.com.do\/wp-content\/uploads\/2025\/09\/Luis-Abinader-3-1.jpg?resize=525%2C300&ssl=1 1.5x, https:\/\/i0.wp.com\/lasprimeras.com.do\/wp-content\/uploads\/2025\/09\/Luis-Abinader-3-1.jpg?resize=700%2C400&ssl=1 2x"},"classes":[]},{"id":120393,"url":"https:\/\/lasprimeras.com.do\/index.php\/2026\/01\/23\/luis-el-gallo-destaca-presidente-abinader-trabaja-para-acabar-con-la-miseria-y-la-corrupcion\/","url_meta":{"origin":82931,"position":2},"title":"Luis \u201cEl Gallo\u201d destaca presidente Abinader trabaja para acabar con la miseria y la corrupci\u00f3n","author":"Nelson Feliz","date":"23 de enero de 2026","format":false,"excerpt":"El l\u00edder de la Uni\u00f3n Dem\u00f3crata Cristiana \u2013UDC-, Luis Acosta Moreta, Luis \u201cEl Gallo\u201d, consider\u00f3 hoy que el presidente Luis Abinader est\u00e1 trabajando a tiempo completo para acabar con la marginalidad social, y mejorar los niveles de vida de la poblaci\u00f3n. Asimismo, se\u00f1al\u00f3 que el mandatario ha dicho en varias\u2026","rel":"","context":"En \u00abPOLITICA\u00bb","block_context":{"text":"POLITICA","link":"https:\/\/lasprimeras.com.do\/index.php\/category\/politica\/"},"img":{"alt_text":"Luis Acosta Moreta","src":"https:\/\/i0.wp.com\/lasprimeras.com.do\/wp-content\/uploads\/2025\/06\/Luis-Acosta-Moreta-1.jpg?resize=350%2C200&ssl=1","width":350,"height":200,"srcset":"https:\/\/i0.wp.com\/lasprimeras.com.do\/wp-content\/uploads\/2025\/06\/Luis-Acosta-Moreta-1.jpg?resize=350%2C200&ssl=1 1x, https:\/\/i0.wp.com\/lasprimeras.com.do\/wp-content\/uploads\/2025\/06\/Luis-Acosta-Moreta-1.jpg?resize=525%2C300&ssl=1 1.5x, https:\/\/i0.wp.com\/lasprimeras.com.do\/wp-content\/uploads\/2025\/06\/Luis-Acosta-Moreta-1.jpg?resize=700%2C400&ssl=1 2x"},"classes":[]},{"id":125512,"url":"https:\/\/lasprimeras.com.do\/index.php\/2026\/03\/23\/udc-apoya-medidas-de-abinader-para-enfrentar-alza-de-combustibles\/","url_meta":{"origin":82931,"position":3},"title":"UDC apoya medidas de Abinader para enfrentar alza de combustibles","author":"Nelson Feliz","date":"23 de marzo de 2026","format":false,"excerpt":"El l\u00edder de la Uni\u00f3n Dem\u00f3crata Cristiana \u2013UDC, Luis Acosta Moreta, Luis \u201cEl Gallo\u201d, respald\u00f3 hoy las medidas tomadas por el presidente Luis Abinader para hacer frente a la crisis de los combustibles, y llam\u00f3 a un pacto nacional para buscar soluciones inmediatas. Destac\u00f3 que el presidente Abinader est\u00e1 trabajando\u2026","rel":"","context":"En \u00abPOLITICA\u00bb","block_context":{"text":"POLITICA","link":"https:\/\/lasprimeras.com.do\/index.php\/category\/politica\/"},"img":{"alt_text":"Luis Acosta Moreta","src":"https:\/\/i0.wp.com\/lasprimeras.com.do\/wp-content\/uploads\/2025\/04\/Luis-Acosta-Moreta.jpg?resize=350%2C200&ssl=1","width":350,"height":200,"srcset":"https:\/\/i0.wp.com\/lasprimeras.com.do\/wp-content\/uploads\/2025\/04\/Luis-Acosta-Moreta.jpg?resize=350%2C200&ssl=1 1x, https:\/\/i0.wp.com\/lasprimeras.com.do\/wp-content\/uploads\/2025\/04\/Luis-Acosta-Moreta.jpg?resize=525%2C300&ssl=1 1.5x, https:\/\/i0.wp.com\/lasprimeras.com.do\/wp-content\/uploads\/2025\/04\/Luis-Acosta-Moreta.jpg?resize=700%2C400&ssl=1 2x"},"classes":[]},{"id":116103,"url":"https:\/\/lasprimeras.com.do\/index.php\/2025\/11\/27\/luis-el-gallo-demanda-en-navidad-fin-de-la-usura-en-los-precios-de-los-comestibles\/","url_meta":{"origin":82931,"position":4},"title":"Luis \u201cEl Gallo\u201d demanda en navidad fin de la usura en los precios de los comestibles","author":"Nelson Feliz","date":"27 de noviembre de 2025","format":false,"excerpt":"El presidente de la Uni\u00f3n Dem\u00f3crata Cristiana \u2013UDC-, Luis Acosta Moreta, Luis \u201cEl Gallo\u201d pidi\u00f3 hoy que se establezca una estricta vigilancia en esta etapa final del a\u00f1o, para evitar que se aumenten los precios de los productos de primera necesidad. Indic\u00f3 que a diario los agiotistas reajustan los precios\u2026","rel":"","context":"En \u00abPOLITICA\u00bb","block_context":{"text":"POLITICA","link":"https:\/\/lasprimeras.com.do\/index.php\/category\/politica\/"},"img":{"alt_text":"Luis Acosta Moreta","src":"https:\/\/i0.wp.com\/lasprimeras.com.do\/wp-content\/uploads\/2024\/02\/Luis-Acosta-Moreta-2.jpg?resize=350%2C200&ssl=1","width":350,"height":200,"srcset":"https:\/\/i0.wp.com\/lasprimeras.com.do\/wp-content\/uploads\/2024\/02\/Luis-Acosta-Moreta-2.jpg?resize=350%2C200&ssl=1 1x, https:\/\/i0.wp.com\/lasprimeras.com.do\/wp-content\/uploads\/2024\/02\/Luis-Acosta-Moreta-2.jpg?resize=525%2C300&ssl=1 1.5x, https:\/\/i0.wp.com\/lasprimeras.com.do\/wp-content\/uploads\/2024\/02\/Luis-Acosta-Moreta-2.jpg?resize=700%2C400&ssl=1 2x"},"classes":[]},{"id":105188,"url":"https:\/\/lasprimeras.com.do\/index.php\/2025\/07\/31\/luis-el-gallo-pide-puno-de-hierro-contra-agiotistas-y-especuladores\/","url_meta":{"origin":82931,"position":5},"title":"Luis \u201cEl Gallo\u201d pide pu\u00f1o de hierro contra agiotistas y especuladores","author":"Nelson Feliz","date":"31 de julio de 2025","format":false,"excerpt":"El presidente de la Uni\u00f3n Dem\u00f3crata Cristiana \u2013UDC, Luis Acosta Moreta, Luis \u201cEl Gallo\u201d, abog\u00f3 hoy por una pol\u00edtica de pu\u00f1o de hierro contra los especuladores de productos de la canasta b\u00e1sica. Se\u00f1al\u00f3 que al pueblo no se le puede dejar morir de hambre, debido a que comerciantes aumentan los\u2026","rel":"","context":"En \u00abPOLITICA\u00bb","block_context":{"text":"POLITICA","link":"https:\/\/lasprimeras.com.do\/index.php\/category\/politica\/"},"img":{"alt_text":"Luis Acosta Moreta","src":"https:\/\/i0.wp.com\/lasprimeras.com.do\/wp-content\/uploads\/2025\/07\/Luis-Acosta-Moreta.png?resize=350%2C200&ssl=1","width":350,"height":200},"classes":[]}],"jetpack_sharing_enabled":true,"_links":{"self":[{"href":"https:\/\/lasprimeras.com.do\/index.php\/wp-json\/wp\/v2\/posts\/82931","targetHints":{"allow":["GET"]}}],"collection":[{"href":"https:\/\/lasprimeras.com.do\/index.php\/wp-json\/wp\/v2\/posts"}],"about":[{"href":"https:\/\/lasprimeras.com.do\/index.php\/wp-json\/wp\/v2\/types\/post"}],"author":[{"embeddable":true,"href":"https:\/\/lasprimeras.com.do\/index.php\/wp-json\/wp\/v2\/users\/3"}],"replies":[{"embeddable":true,"href":"https:\/\/lasprimeras.com.do\/index.php\/wp-json\/wp\/v2\/comments?post=82931"}],"version-history":[{"count":1,"href":"https:\/\/lasprimeras.com.do\/index.php\/wp-json\/wp\/v2\/posts\/82931\/revisions"}],"predecessor-version":[{"id":82933,"href":"https:\/\/lasprimeras.com.do\/index.php\/wp-json\/wp\/v2\/posts\/82931\/revisions\/82933"}],"wp:featuredmedia":[{"embeddable":true,"href":"https:\/\/lasprimeras.com.do\/index.php\/wp-json\/wp\/v2\/media\/82932"}],"wp:attachment":[{"href":"https:\/\/lasprimeras.com.do\/index.php\/wp-json\/wp\/v2\/media?parent=82931"}],"wp:term":[{"taxonomy":"category","embeddable":true,"href":"https:\/\/lasprimeras.com.do\/index.php\/wp-json\/wp\/v2\/categories?post=82931"},{"taxonomy":"post_tag","embeddable":true,"href":"https:\/\/lasprimeras.com.do\/index.php\/wp-json\/wp\/v2\/tags?post=82931"}],"curies":[{"name":"wp","href":"https:\/\/api.w.org\/{rel}","templated":true}]}}