{"id":82934,"date":"2024-05-09T11:14:44","date_gmt":"2024-05-09T15:14:44","guid":{"rendered":"https:\/\/lasprimeras.com.do\/?p=82934"},"modified":"2024-05-09T11:14:45","modified_gmt":"2024-05-09T15:14:45","slug":"embajada-de-rd-en-los-estados-unidos-celebra-recepcion-por-140-aniversario-de-relaciones-diplomaticas-entre-ambas-naciones","status":"publish","type":"post","link":"https:\/\/lasprimeras.com.do\/index.php\/2024\/05\/09\/embajada-de-rd-en-los-estados-unidos-celebra-recepcion-por-140-aniversario-de-relaciones-diplomaticas-entre-ambas-naciones\/","title":{"rendered":"Embajada de RD en los Estados Unidos celebra recepci\u00f3n por 140 aniversario de relaciones diplom\u00e1ticas entre ambas naciones"},"content":{"rendered":"\n<p>Washington, DC. La Embajada Dominicana en los Estados Unidos celebr\u00f3 una recepci\u00f3n en la Residencia Oficial de la Rep\u00fablica Dominicana en los Estados Unidos en honor al 140 aniversario del establecimiento de las relaciones diplom\u00e1ticas entre ambos pa\u00edses, las cuales iniciaron en 1884.<\/p>\n\n\n\n<p>La celebraci\u00f3n fue realizada d\u00edas despu\u00e9s de la fecha y fue presidida por la embajadora, Sonia Guzm\u00e1n; cont\u00f3 con la presencia del ministro de Hacienda dominicano, Jochy Vicente; los co-presidentes del Caucus de Amigos de Rep\u00fablica Dominicana del Congreso estadounidense, Adriano Espaillat y Mar\u00eda Elvira Salazar; as\u00ed como el presidente del Caucus del Cigarro, Dan Meuser.<\/p>\n\n\n\n<p>Entre los invitados se encontraron representantes de la Casa Blanca y el Departamento de Estado, incluyendo a Tom P\u00e9rez, asesor \u2018senior\u2019 del presidente Joseph Biden; el subsecretario de Estado para Asuntos del Hemisferio Occidental, Brian Nichols; los subsecretarios adjuntos, Barbara Feinstein y Dan Erikson; la subsecretaria de Vivienda y Desarrollo Urbano, Elizabeth de Le\u00f3n; la asesora \u2018senior\u2019 para Asuntos del Hemisferio Occidental, Laura Jim\u00e9nez; la representante especial para Asuntos de Derechos Laborales a nivel internacional, Kelly Fay-Rodr\u00edguez; la directora de la Oficina para el Caribe del Consejo de Seguridad Nacional, Christine Harper y el administrador adjunto interino para la USAID, Barry Collins.<\/p>\n\n\n\n<p>La embajadora Guzm\u00e1n resalt\u00f3 la importancia y el valor de los lazos hist\u00f3ricos que unen a ambas naciones y el excelente v\u00ednculo existente que se ve evidenciado en los diferentes aspectos de cooperaci\u00f3n y colaboraci\u00f3n entre las autoridades de los dos pa\u00edses, en beneficio del bien com\u00fan, el desarrollo y la seguridad de la regi\u00f3n.<\/p>\n\n\n\n<p>Como representante de la comunidad dominicana radicada en los Estados Unidos y tambi\u00e9n autoridad legislativa estadounidense, el congresista Adriano Espaillat, resalt\u00f3 los trabajos ante el Congreso americano realizados a favor del mantenimiento de los lazos de cooperaci\u00f3n en aspectos como alertas, seguridad, cadenas de suministros y financiamiento de programas de asistencia y otros.<\/p>\n\n\n\n<p>Los invitados disfrutaron de un brindis de bebidas nacionales dominicanas y una degustaci\u00f3n de \u201chors d&#8217;oeuvre\u201d t\u00edpicas de la regi\u00f3n.<\/p>\n\n\n\n<p>Tambi\u00e9n estuvo presente parte del equipo diplom\u00e1tico dominicano, entre estos la jefa de misi\u00f3n adjunta, ministra consejera Aral\u00eds Rodr\u00edguez; las consejeras Silvia Vi\u00f1as, Emilia Conde y otros miembros del equipo.<\/p>\n\n\n\n<p><\/p>\n\n\n\n<p><\/p>\n\n\n\n<p><\/p>\n\n\n\n<p><\/p>\n\n\n\n<p><\/p>\n\n\n\n<p><\/p>\n\n\n\n<p><\/p>\n\n\n\n<p><\/p>\n\n\n\n<p><\/p>\n","protected":false},"excerpt":{"rendered":"<p>Washington, DC. La Embajada Dominicana en los Estados Unidos celebr\u00f3 una recepci\u00f3n en la Residencia Oficial de la Rep\u00fablica Dominicana en los Estados Unidos en honor al 140 aniversario del&hellip;<\/p>\n","protected":false},"author":3,"featured_media":82935,"comment_status":"open","ping_status":"open","sticky":false,"template":"","format":"standard","meta":{"content-type":"","jetpack_post_was_ever_published":false,"_jetpack_newsletter_access":"","_jetpack_dont_email_post_to_subs":false,"_jetpack_newsletter_tier_id":0,"_jetpack_memberships_contains_paywalled_content":false,"_jetpack_memberships_contains_paid_content":false,"footnotes":""},"categories":[1],"tags":[1196],"class_list":["post-82934","post","type-post","status-publish","format-standard","has-post-thumbnail","hentry","category-sin-categoria","tag-embajada"],"jetpack_featured_media_url":"https:\/\/lasprimeras.com.do\/wp-content\/uploads\/2024\/05\/IMG-20240509-WA0033.jpg","jetpack-related-posts":[{"id":54761,"url":"https:\/\/lasprimeras.com.do\/index.php\/2023\/07\/13\/embajada-de-estados-unidos-conmemora-el-247-aniversario-de-su-independencia\/","url_meta":{"origin":82934,"position":0},"title":"Embajada de Estados Unidos conmemora el 247 aniversario de su independencia","author":"Nelson Feliz","date":"13 de julio de 2023","format":false,"excerpt":"La Embajada de los Estados Unidos en Rep\u00fablica Dominicana conmemor\u00f3 este jueves el 247 aniversario de la independencia estadounidense con una recepci\u00f3n encabezada por el Encargado de Negocios de esa naci\u00f3n en el pa\u00eds, Isiah Parnell, y su esposa, Tammie Gordon Parnell. El evento inici\u00f3 con la presentaci\u00f3n de las\u2026","rel":"","context":"En \u00abNACIONALES\u00bb","block_context":{"text":"NACIONALES","link":"https:\/\/lasprimeras.com.do\/index.php\/category\/nacionales\/"},"img":{"alt_text":"Isiah Parnell","src":"https:\/\/i0.wp.com\/lasprimeras.com.do\/wp-content\/uploads\/2023\/07\/Isiah-Parnell.jpeg?resize=350%2C200&ssl=1","width":350,"height":200,"srcset":"https:\/\/i0.wp.com\/lasprimeras.com.do\/wp-content\/uploads\/2023\/07\/Isiah-Parnell.jpeg?resize=350%2C200&ssl=1 1x, https:\/\/i0.wp.com\/lasprimeras.com.do\/wp-content\/uploads\/2023\/07\/Isiah-Parnell.jpeg?resize=525%2C300&ssl=1 1.5x, https:\/\/i0.wp.com\/lasprimeras.com.do\/wp-content\/uploads\/2023\/07\/Isiah-Parnell.jpeg?resize=700%2C400&ssl=1 2x"},"classes":[]},{"id":113313,"url":"https:\/\/lasprimeras.com.do\/index.php\/2025\/10\/30\/cesac-coordina-junto-al-mirex-recepcion-protocolar-de-embajadora-leah-francis-campos\/","url_meta":{"origin":82934,"position":1},"title":"CESAC coordina junto al Mirex recepci\u00f3n protocolar de embajadora Leah Francis Campos","author":"Nelson Feliz","date":"30 de octubre de 2025","format":false,"excerpt":"El Ministerio de Relaciones Exteriores y el Cuerpo Especializado en Seguridad Aeroportuaria y de la Aviaci\u00f3n Civil (CESAC) coordinaron la recepci\u00f3n oficial de la se\u00f1ora Leah Francis Campos, quien arrib\u00f3 a la Rep\u00fablica Dominicana para asumir sus nuevas funciones diplom\u00e1ticas. La llegada se produjo a las 3:00 de la tarde,\u2026","rel":"","context":"En \u00abMILITARES\u00bb","block_context":{"text":"MILITARES","link":"https:\/\/lasprimeras.com.do\/index.php\/category\/militares\/"},"img":{"alt_text":"","src":"https:\/\/i0.wp.com\/lasprimeras.com.do\/wp-content\/uploads\/2025\/10\/Leah-Francis-Campos-1.jpg?resize=350%2C200&ssl=1","width":350,"height":200,"srcset":"https:\/\/i0.wp.com\/lasprimeras.com.do\/wp-content\/uploads\/2025\/10\/Leah-Francis-Campos-1.jpg?resize=350%2C200&ssl=1 1x, https:\/\/i0.wp.com\/lasprimeras.com.do\/wp-content\/uploads\/2025\/10\/Leah-Francis-Campos-1.jpg?resize=525%2C300&ssl=1 1.5x, https:\/\/i0.wp.com\/lasprimeras.com.do\/wp-content\/uploads\/2025\/10\/Leah-Francis-Campos-1.jpg?resize=700%2C400&ssl=1 2x"},"classes":[]},{"id":86555,"url":"https:\/\/lasprimeras.com.do\/index.php\/2024\/07\/27\/mexico-y-rd-conmemoran-aniversario-de-sus-relaciones-diplomaticas-con-serie-de-beisbol\/","url_meta":{"origin":82934,"position":2},"title":"M\u00e9xico y RD conmemoran aniversario de sus relaciones diplom\u00e1ticas con serie de b\u00e9isbol","author":"Nelson Feliz","date":"27 de julio de 2024","format":false,"excerpt":"En el marco de la Serie de la Hermandad el Gobierno de Puebla organiz\u00f3 una ceremonia protocolar encabezada por el Secretario de Econom\u00eda de Puebla, Ermilo Barrera, por la embajadora de RD en M\u00e9xico, Mar\u00eda Isabel Castillo B\u00e1ez y por el Director General para Centroam\u00e9rica y El Caribe de la\u2026","rel":"","context":"En \u00abPORTADA\u00bb","block_context":{"text":"PORTADA","link":"https:\/\/lasprimeras.com.do\/index.php\/category\/portada\/"},"img":{"alt_text":"","src":"https:\/\/i0.wp.com\/lasprimeras.com.do\/wp-content\/uploads\/2024\/07\/V-El-ministro-consejero-Freddy-Espinosa-en-el-lanzamiento-de-la-bola-inaugural-en-el-estadio-Finsus-en-Queretaro.jpg?resize=350%2C200&ssl=1","width":350,"height":200,"srcset":"https:\/\/i0.wp.com\/lasprimeras.com.do\/wp-content\/uploads\/2024\/07\/V-El-ministro-consejero-Freddy-Espinosa-en-el-lanzamiento-de-la-bola-inaugural-en-el-estadio-Finsus-en-Queretaro.jpg?resize=350%2C200&ssl=1 1x, https:\/\/i0.wp.com\/lasprimeras.com.do\/wp-content\/uploads\/2024\/07\/V-El-ministro-consejero-Freddy-Espinosa-en-el-lanzamiento-de-la-bola-inaugural-en-el-estadio-Finsus-en-Queretaro.jpg?resize=525%2C300&ssl=1 1.5x, https:\/\/i0.wp.com\/lasprimeras.com.do\/wp-content\/uploads\/2024\/07\/V-El-ministro-consejero-Freddy-Espinosa-en-el-lanzamiento-de-la-bola-inaugural-en-el-estadio-Finsus-en-Queretaro.jpg?resize=700%2C400&ssl=1 2x"},"classes":[]},{"id":49650,"url":"https:\/\/lasprimeras.com.do\/index.php\/2023\/05\/13\/la-embajada-de-israel-en-rd-celebro-el-75-aniversario-de-la-independencia\/","url_meta":{"origin":82934,"position":3},"title":"La Embajada de Israel en RD celebr\u00f3 el 75 aniversario de la Independencia","author":"prenxa100","date":"13 de mayo de 2023","format":false,"excerpt":"Santo Domingo. -\u00a0La Embajada de Israel celebr\u00f3 el 75 aniversario de la Independencia del Estado de Israel con una ceremonia encabezada por el Embajador Daniel Biran y la Jefa de Misi\u00f3n y C\u00f3nsul Av\u00eda Levi. Las palabras centrales del evento fueron ofrecidas por el Embajador Biran, quien destac\u00f3 el desarrollo\u2026","rel":"","context":"En \u00abNACIONALES\u00bb","block_context":{"text":"NACIONALES","link":"https:\/\/lasprimeras.com.do\/index.php\/category\/nacionales\/"},"img":{"alt_text":"","src":"","width":0,"height":0},"classes":[]},{"id":76013,"url":"https:\/\/lasprimeras.com.do\/index.php\/2024\/02\/06\/embajada-dominicana-en-los-estados-unidos-celebra-dominicanidad-en-la-casa-blanca\/","url_meta":{"origin":82934,"position":4},"title":"Embajada Dominicana en los Estados Unidos celebra dominicanidad en la Casa Blanca","author":"Nelson Feliz","date":"6 de febrero de 2024","format":false,"excerpt":"Sonia Guzm\u00e1n dice que esto refleja el fortalecimiento de las relaciones entre ambas naciones y se realiza en el marco del Dominicans on the Hill evento organizado por el congresista Adriano Espaillat Washington, DC. La Embajada Dominicana en los Estados Unidos realiz\u00f3 una recepci\u00f3n por primera vez en la Casa\u2026","rel":"","context":"En \u00abPORTADA\u00bb","block_context":{"text":"PORTADA","link":"https:\/\/lasprimeras.com.do\/index.php\/category\/portada\/"},"img":{"alt_text":"Embajada Dominicana","src":"https:\/\/i0.wp.com\/lasprimeras.com.do\/wp-content\/uploads\/2024\/02\/Embajada-Dominicana.jpg?resize=350%2C200&ssl=1","width":350,"height":200,"srcset":"https:\/\/i0.wp.com\/lasprimeras.com.do\/wp-content\/uploads\/2024\/02\/Embajada-Dominicana.jpg?resize=350%2C200&ssl=1 1x, https:\/\/i0.wp.com\/lasprimeras.com.do\/wp-content\/uploads\/2024\/02\/Embajada-Dominicana.jpg?resize=525%2C300&ssl=1 1.5x, https:\/\/i0.wp.com\/lasprimeras.com.do\/wp-content\/uploads\/2024\/02\/Embajada-Dominicana.jpg?resize=700%2C400&ssl=1 2x"},"classes":[]},{"id":109566,"url":"https:\/\/lasprimeras.com.do\/index.php\/2025\/09\/19\/centroamerica-celebra-en-republica-dominicana-el-204o-aniversario-de-su-independencia\/","url_meta":{"origin":82934,"position":5},"title":"Centroam\u00e9rica celebra en Rep\u00fablica Dominicana el 204\u00ba aniversario de su independencia","author":"Nelson Feliz","date":"19 de septiembre de 2025","format":false,"excerpt":"Las embajadas de los pa\u00edses centroamericanos acreditadas en la Rep\u00fablica Dominicana celebraron con orgullo el 204 aniversario de la independencia de Centroam\u00e9rica, en un emotivo acto que destac\u00f3 la unidad, la cultura y la historia compartida de la regi\u00f3n. La ceremonia cont\u00f3 con la participaci\u00f3n de las representaciones diplom\u00e1ticas de\u2026","rel":"","context":"En \u00abNACIONALES\u00bb","block_context":{"text":"NACIONALES","link":"https:\/\/lasprimeras.com.do\/index.php\/category\/nacionales\/"},"img":{"alt_text":"","src":"https:\/\/i0.wp.com\/lasprimeras.com.do\/wp-content\/uploads\/2025\/09\/aniversario-1.jpg?resize=350%2C200&ssl=1","width":350,"height":200,"srcset":"https:\/\/i0.wp.com\/lasprimeras.com.do\/wp-content\/uploads\/2025\/09\/aniversario-1.jpg?resize=350%2C200&ssl=1 1x, https:\/\/i0.wp.com\/lasprimeras.com.do\/wp-content\/uploads\/2025\/09\/aniversario-1.jpg?resize=525%2C300&ssl=1 1.5x, https:\/\/i0.wp.com\/lasprimeras.com.do\/wp-content\/uploads\/2025\/09\/aniversario-1.jpg?resize=700%2C400&ssl=1 2x"},"classes":[]}],"jetpack_sharing_enabled":true,"_links":{"self":[{"href":"https:\/\/lasprimeras.com.do\/index.php\/wp-json\/wp\/v2\/posts\/82934","targetHints":{"allow":["GET"]}}],"collection":[{"href":"https:\/\/lasprimeras.com.do\/index.php\/wp-json\/wp\/v2\/posts"}],"about":[{"href":"https:\/\/lasprimeras.com.do\/index.php\/wp-json\/wp\/v2\/types\/post"}],"author":[{"embeddable":true,"href":"https:\/\/lasprimeras.com.do\/index.php\/wp-json\/wp\/v2\/users\/3"}],"replies":[{"embeddable":true,"href":"https:\/\/lasprimeras.com.do\/index.php\/wp-json\/wp\/v2\/comments?post=82934"}],"version-history":[{"count":1,"href":"https:\/\/lasprimeras.com.do\/index.php\/wp-json\/wp\/v2\/posts\/82934\/revisions"}],"predecessor-version":[{"id":82936,"href":"https:\/\/lasprimeras.com.do\/index.php\/wp-json\/wp\/v2\/posts\/82934\/revisions\/82936"}],"wp:featuredmedia":[{"embeddable":true,"href":"https:\/\/lasprimeras.com.do\/index.php\/wp-json\/wp\/v2\/media\/82935"}],"wp:attachment":[{"href":"https:\/\/lasprimeras.com.do\/index.php\/wp-json\/wp\/v2\/media?parent=82934"}],"wp:term":[{"taxonomy":"category","embeddable":true,"href":"https:\/\/lasprimeras.com.do\/index.php\/wp-json\/wp\/v2\/categories?post=82934"},{"taxonomy":"post_tag","embeddable":true,"href":"https:\/\/lasprimeras.com.do\/index.php\/wp-json\/wp\/v2\/tags?post=82934"}],"curies":[{"name":"wp","href":"https:\/\/api.w.org\/{rel}","templated":true}]}}