{"id":82937,"date":"2024-05-09T11:16:13","date_gmt":"2024-05-09T15:16:13","guid":{"rendered":"https:\/\/lasprimeras.com.do\/?p=82937"},"modified":"2024-05-09T11:16:14","modified_gmt":"2024-05-09T15:16:14","slug":"direccion-general-pn-pone-a-disposicion-codigo-qr-para-que-agentes-conozcan-su-lugar-de-servicio-durante-elecciones","status":"publish","type":"post","link":"https:\/\/lasprimeras.com.do\/index.php\/2024\/05\/09\/direccion-general-pn-pone-a-disposicion-codigo-qr-para-que-agentes-conozcan-su-lugar-de-servicio-durante-elecciones\/","title":{"rendered":"Direcci\u00f3n General PN pone a disposici\u00f3n c\u00f3digo QR para que agentes conozcan su lugar de servicio durante elecciones"},"content":{"rendered":"\n<p>RD.-La Direcci\u00f3n General de la Polic\u00eda Nacional, a trav\u00e9s de su Direcci\u00f3n Central de Recursos Humanos, ha implementado una innovadora herramienta para facilitar la labor de los agentes de la instituci\u00f3n durante los pr\u00f3ximos comicios presidenciales y congresuales.<\/p>\n\n\n\n<p>Se trata de un c\u00f3digo QR que cada agente podr\u00e1 escanear para conocer r\u00e1pidamente el lugar de servicio al que est\u00e1n asignados para realizar sus labores preventivas de seguridad como parte de la Polic\u00eda Militar Electoral.<\/p>\n\n\n\n<p>Este c\u00f3digo QR proporcionar\u00e1 a los miembros policiales informaci\u00f3n detallada sobre la zona y los recintos electorales que les corresponde custodiar.<\/p>\n\n\n\n<p>Con esta tecnolog\u00eda, se agiliza el proceso de asignaci\u00f3n y se garantiza una distribuci\u00f3n eficiente de los recursos humanos en el camino hacia las elecciones del domingo 19 de mayo.<\/p>\n\n\n\n<p>La iniciativa demuestra el compromiso de la Polic\u00eda Nacional con la transparencia, la eficiencia y la seguridad en el proceso electoral, asegurando as\u00ed el adecuado desarrollo de este importante evento democr\u00e1tico.<\/p>\n","protected":false},"excerpt":{"rendered":"<p>RD.-La Direcci\u00f3n General de la Polic\u00eda Nacional, a trav\u00e9s de su Direcci\u00f3n Central de Recursos Humanos, ha implementado una innovadora herramienta para facilitar la labor de los agentes de la&hellip;<\/p>\n","protected":false},"author":3,"featured_media":82938,"comment_status":"open","ping_status":"open","sticky":false,"template":"","format":"standard","meta":{"content-type":"","jetpack_post_was_ever_published":false,"_jetpack_newsletter_access":"","_jetpack_dont_email_post_to_subs":false,"_jetpack_newsletter_tier_id":0,"_jetpack_memberships_contains_paywalled_content":false,"_jetpack_memberships_contains_paid_content":false,"footnotes":""},"categories":[25],"tags":[477],"class_list":["post-82937","post","type-post","status-publish","format-standard","has-post-thumbnail","hentry","category-portada","tag-pn"],"jetpack_featured_media_url":"https:\/\/lasprimeras.com.do\/wp-content\/uploads\/2024\/05\/IMG-20240509-WA0034.jpg","jetpack-related-posts":[{"id":102716,"url":"https:\/\/lasprimeras.com.do\/index.php\/2025\/07\/07\/pn-despliega-2436-nuevos-agentes-para-pasantias-en-las-direcciones-regionales\/","url_meta":{"origin":82937,"position":0},"title":"PN despliega 2,436 nuevos agentes para pasant\u00edas en las direcciones regionales","author":"Nelson Feliz","date":"7 de julio de 2025","format":false,"excerpt":"La Polic\u00eda Nacional, en su firme compromiso con el fortalecimiento de la seguridad ciudadana, distribuy\u00f3 este lunes un total de 2,436 j\u00f3venes aspirantes a rasos policiales que iniciar\u00e1n su etapa de pasant\u00eda guiada en las 19 direcciones regionales del pa\u00eds. Estos nuevos miembros de la instituci\u00f3n pasar\u00e1n un tiempo asignados\u2026","rel":"","context":"En \u00abMILITARES\u00bb","block_context":{"text":"MILITARES","link":"https:\/\/lasprimeras.com.do\/index.php\/category\/militares\/"},"img":{"alt_text":"","src":"https:\/\/i0.wp.com\/lasprimeras.com.do\/wp-content\/uploads\/2025\/07\/PN.jpg?resize=350%2C200&ssl=1","width":350,"height":200,"srcset":"https:\/\/i0.wp.com\/lasprimeras.com.do\/wp-content\/uploads\/2025\/07\/PN.jpg?resize=350%2C200&ssl=1 1x, https:\/\/i0.wp.com\/lasprimeras.com.do\/wp-content\/uploads\/2025\/07\/PN.jpg?resize=525%2C300&ssl=1 1.5x, https:\/\/i0.wp.com\/lasprimeras.com.do\/wp-content\/uploads\/2025\/07\/PN.jpg?resize=700%2C400&ssl=1 2x"},"classes":[]},{"id":115110,"url":"https:\/\/lasprimeras.com.do\/index.php\/2025\/11\/19\/pn-despliega-2421-nuevos-egresados-para-fortalecer-la-seguridad-ciudadana\/","url_meta":{"origin":82937,"position":1},"title":"PN despliega 2,421 nuevos egresados para fortalecer la seguridad ciudadana","author":"Nelson Feliz","date":"19 de noviembre de 2025","format":false,"excerpt":"La Polic\u00eda Nacional distribuy\u00f3 este lunes a 2,421 nuevos agentes en 20 demarcaciones del pa\u00eds, durante un acto celebrado en el Coliseo Carlos \u201cTeo\u201d Cruz. De este total, 1,800 pasar\u00e1n a integrar la fase II del Nuevo Modelo de Servicio Policial, mientras que los restantes 621 reforzar\u00e1n las distintas direcciones\u2026","rel":"","context":"En \u00abMILITARES\u00bb","block_context":{"text":"MILITARES","link":"https:\/\/lasprimeras.com.do\/index.php\/category\/militares\/"},"img":{"alt_text":"","src":"https:\/\/i0.wp.com\/lasprimeras.com.do\/wp-content\/uploads\/2025\/11\/Policia-Nacional-2.jpg?resize=350%2C200&ssl=1","width":350,"height":200,"srcset":"https:\/\/i0.wp.com\/lasprimeras.com.do\/wp-content\/uploads\/2025\/11\/Policia-Nacional-2.jpg?resize=350%2C200&ssl=1 1x, https:\/\/i0.wp.com\/lasprimeras.com.do\/wp-content\/uploads\/2025\/11\/Policia-Nacional-2.jpg?resize=525%2C300&ssl=1 1.5x, https:\/\/i0.wp.com\/lasprimeras.com.do\/wp-content\/uploads\/2025\/11\/Policia-Nacional-2.jpg?resize=700%2C400&ssl=1 2x"},"classes":[]},{"id":109970,"url":"https:\/\/lasprimeras.com.do\/index.php\/2025\/09\/24\/la-pgr-se-suma-con-fuerza-a-la-campana-protegiendo-lo-nuestro-con-integridad\/","url_meta":{"origin":82937,"position":2},"title":"La PGR se suma con fuerza a la campa\u00f1a \u201cProtegiendo lo Nuestro con Integridad\u201d","author":"Nelson Feliz","date":"24 de septiembre de 2025","format":false,"excerpt":"\u00a0Yeni Berenice: \u201cLa corrupci\u00f3n no es solo un delito, es una violaci\u00f3n directa a los derechos humanos de la ciudadan\u00eda\u201d La Procuradur\u00eda General de la Rep\u00fablica (PGR) reafirm\u00f3 su compromiso con la transparencia, al integrarse, junto a la Procuradur\u00eda Especializada de Persecuci\u00f3n de la Corrupci\u00f3n Administrativa (Pepca), a la campa\u00f1a\u2026","rel":"","context":"En \u00abJUSTICIA\u00bb","block_context":{"text":"JUSTICIA","link":"https:\/\/lasprimeras.com.do\/index.php\/category\/justicia\/"},"img":{"alt_text":"Yeni Berenice","src":"https:\/\/i0.wp.com\/lasprimeras.com.do\/wp-content\/uploads\/2025\/09\/Yeni-Berenice.jpg?resize=350%2C200&ssl=1","width":350,"height":200,"srcset":"https:\/\/i0.wp.com\/lasprimeras.com.do\/wp-content\/uploads\/2025\/09\/Yeni-Berenice.jpg?resize=350%2C200&ssl=1 1x, https:\/\/i0.wp.com\/lasprimeras.com.do\/wp-content\/uploads\/2025\/09\/Yeni-Berenice.jpg?resize=525%2C300&ssl=1 1.5x, https:\/\/i0.wp.com\/lasprimeras.com.do\/wp-content\/uploads\/2025\/09\/Yeni-Berenice.jpg?resize=700%2C400&ssl=1 2x"},"classes":[]},{"id":58122,"url":"https:\/\/lasprimeras.com.do\/index.php\/2023\/08\/20\/director-de-la-pn-destaca-importancia-de-arengar-a-sus-miembros-a-la-profesionalizacion\/","url_meta":{"origin":82937,"position":3},"title":"Director de la PN destaca importancia de arengar a sus miembros a la profesionalizaci\u00f3n","author":"Nelson Feliz","date":"20 de agosto de 2023","format":false,"excerpt":"Por Martin Restituyo El director de la Polic\u00eda Nacional, mayor general Eduardo Alberto Then, destac\u00f3 que los agentes policiales sean orientados de manera regular sobre su misi\u00f3n como servidores p\u00fablicos, el respeto a los derechos fundamentales de los ciudadanos y la vocaci\u00f3n de servicio. \u201cConsidero muy necesaria las charlas a\u2026","rel":"","context":"En \u00abMILITARES\u00bb","block_context":{"text":"MILITARES","link":"https:\/\/lasprimeras.com.do\/index.php\/category\/militares\/"},"img":{"alt_text":"Eduardo Alberto Then","src":"https:\/\/i0.wp.com\/lasprimeras.com.do\/wp-content\/uploads\/2023\/08\/Eduardo-Alberto-Then-1-1.jpg?resize=350%2C200&ssl=1","width":350,"height":200,"srcset":"https:\/\/i0.wp.com\/lasprimeras.com.do\/wp-content\/uploads\/2023\/08\/Eduardo-Alberto-Then-1-1.jpg?resize=350%2C200&ssl=1 1x, https:\/\/i0.wp.com\/lasprimeras.com.do\/wp-content\/uploads\/2023\/08\/Eduardo-Alberto-Then-1-1.jpg?resize=525%2C300&ssl=1 1.5x, https:\/\/i0.wp.com\/lasprimeras.com.do\/wp-content\/uploads\/2023\/08\/Eduardo-Alberto-Then-1-1.jpg?resize=700%2C400&ssl=1 2x"},"classes":[]},{"id":54854,"url":"https:\/\/lasprimeras.com.do\/index.php\/2023\/07\/15\/director-de-la-pn-encabeza-distribucion-agentes-a-nivel-nacional\/","url_meta":{"origin":82937,"position":4},"title":"Director de la PN encabeza distribuci\u00f3n agentes a nivel nacional","author":"Nelson Feliz","date":"15 de julio de 2023","format":false,"excerpt":"-Exhorta agentes a servir y proteger la ciudadan\u00eda. Por Martin Restituyo El director general de la Polic\u00eda Nacional, mayor general Eduardo Alberto Then, encabez\u00f3 un encuentro con 400 nuevos agentes, quienes ser\u00e1n distribuidos a las diferentes dotaciones regionales a nivel nacional, para expresarles sus felicitaciones y arengarlos sobre el correcto\u2026","rel":"","context":"En \u00abMILITARES\u00bb","block_context":{"text":"MILITARES","link":"https:\/\/lasprimeras.com.do\/index.php\/category\/militares\/"},"img":{"alt_text":"Eduardo Alberto Then","src":"https:\/\/i0.wp.com\/lasprimeras.com.do\/wp-content\/uploads\/2023\/07\/Eduardo-Alberto-Then.jpg?resize=350%2C200&ssl=1","width":350,"height":200,"srcset":"https:\/\/i0.wp.com\/lasprimeras.com.do\/wp-content\/uploads\/2023\/07\/Eduardo-Alberto-Then.jpg?resize=350%2C200&ssl=1 1x, https:\/\/i0.wp.com\/lasprimeras.com.do\/wp-content\/uploads\/2023\/07\/Eduardo-Alberto-Then.jpg?resize=525%2C300&ssl=1 1.5x, https:\/\/i0.wp.com\/lasprimeras.com.do\/wp-content\/uploads\/2023\/07\/Eduardo-Alberto-Then.jpg?resize=700%2C400&ssl=1 2x"},"classes":[]},{"id":78154,"url":"https:\/\/lasprimeras.com.do\/index.php\/2024\/02\/28\/direccion-regional-sur-central-de-la-policia-informa-que-cae-abatido-en-una-comunidad-de-azua\/","url_meta":{"origin":82937,"position":5},"title":"Agentes de la PN asesinan un hombre en una comunidad de Azua","author":"BIMARY DE JES\u00daS Matos","date":"28 de febrero de 2024","format":false,"excerpt":"Azua.\u2013 La Direcci\u00f3n Regional Sur Central de la Polic\u00eda Nacional informa a la comunidad banileja que un hombre que era buscado de manera activa por estar siendo se\u00f1alado en m\u00faltiples hechos delictivos, perpetrados en distintas fechas en Santo Domingo Este, result\u00f3 muerto ayer en la comunidad El Rosario, Azua. Se\u2026","rel":"","context":"En \u00abMILITARES\u00bb","block_context":{"text":"MILITARES","link":"https:\/\/lasprimeras.com.do\/index.php\/category\/militares\/"},"img":{"alt_text":"","src":"https:\/\/i0.wp.com\/lasprimeras.com.do\/wp-content\/uploads\/2024\/02\/IMG-20240228-WA0073.jpg?resize=350%2C200&ssl=1","width":350,"height":200,"srcset":"https:\/\/i0.wp.com\/lasprimeras.com.do\/wp-content\/uploads\/2024\/02\/IMG-20240228-WA0073.jpg?resize=350%2C200&ssl=1 1x, https:\/\/i0.wp.com\/lasprimeras.com.do\/wp-content\/uploads\/2024\/02\/IMG-20240228-WA0073.jpg?resize=525%2C300&ssl=1 1.5x, https:\/\/i0.wp.com\/lasprimeras.com.do\/wp-content\/uploads\/2024\/02\/IMG-20240228-WA0073.jpg?resize=700%2C400&ssl=1 2x, https:\/\/i0.wp.com\/lasprimeras.com.do\/wp-content\/uploads\/2024\/02\/IMG-20240228-WA0073.jpg?resize=1050%2C600&ssl=1 3x"},"classes":[]}],"jetpack_sharing_enabled":true,"_links":{"self":[{"href":"https:\/\/lasprimeras.com.do\/index.php\/wp-json\/wp\/v2\/posts\/82937","targetHints":{"allow":["GET"]}}],"collection":[{"href":"https:\/\/lasprimeras.com.do\/index.php\/wp-json\/wp\/v2\/posts"}],"about":[{"href":"https:\/\/lasprimeras.com.do\/index.php\/wp-json\/wp\/v2\/types\/post"}],"author":[{"embeddable":true,"href":"https:\/\/lasprimeras.com.do\/index.php\/wp-json\/wp\/v2\/users\/3"}],"replies":[{"embeddable":true,"href":"https:\/\/lasprimeras.com.do\/index.php\/wp-json\/wp\/v2\/comments?post=82937"}],"version-history":[{"count":1,"href":"https:\/\/lasprimeras.com.do\/index.php\/wp-json\/wp\/v2\/posts\/82937\/revisions"}],"predecessor-version":[{"id":82939,"href":"https:\/\/lasprimeras.com.do\/index.php\/wp-json\/wp\/v2\/posts\/82937\/revisions\/82939"}],"wp:featuredmedia":[{"embeddable":true,"href":"https:\/\/lasprimeras.com.do\/index.php\/wp-json\/wp\/v2\/media\/82938"}],"wp:attachment":[{"href":"https:\/\/lasprimeras.com.do\/index.php\/wp-json\/wp\/v2\/media?parent=82937"}],"wp:term":[{"taxonomy":"category","embeddable":true,"href":"https:\/\/lasprimeras.com.do\/index.php\/wp-json\/wp\/v2\/categories?post=82937"},{"taxonomy":"post_tag","embeddable":true,"href":"https:\/\/lasprimeras.com.do\/index.php\/wp-json\/wp\/v2\/tags?post=82937"}],"curies":[{"name":"wp","href":"https:\/\/api.w.org\/{rel}","templated":true}]}}