{"id":82966,"date":"2024-05-10T00:15:06","date_gmt":"2024-05-10T04:15:06","guid":{"rendered":"https:\/\/lasprimeras.com.do\/?p=82966"},"modified":"2024-05-10T00:15:07","modified_gmt":"2024-05-10T04:15:07","slug":"con-todo-y-lluvia-multitud-sale-a-calles-de-azua-y-corea-con-leonel-e-pa-fuera-que-van","status":"publish","type":"post","link":"https:\/\/lasprimeras.com.do\/index.php\/2024\/05\/10\/con-todo-y-lluvia-multitud-sale-a-calles-de-azua-y-corea-con-leonel-e-pa-fuera-que-van\/","title":{"rendered":"Con todo y lluvia multitud sale a calles de Azua y corea con Leonel: \u201cE\u2019 pa\u2019 fuera que van\u201d"},"content":{"rendered":"\n<p>AZUA.- Una multitud de personas residentes en los diferentes sectores y comunidades rurales de este municipio, se lanz\u00f3 a las calles a expresar, de diferentes formas, su respaldo al candidato presidencial del partido Fuerza del Pueblo y entidades aliadas, Leonel Fern\u00e1ndez, que lleg\u00f3 aqu\u00ed, luego de encabezar una extraordinaria marcha-caravana en San Jos\u00e9 de Ocoa.<\/p>\n\n\n\n<p>\u201cE\u2019 pa\u2019 fuera que van\u201d, fue el grito de guerra de los simpatizantes y militantes de la Fuerza del Pueblo y partidos aliados, que salieron a dar su apoyo al principal l\u00edder pol\u00edtico dominicano.<\/p>\n\n\n\n<p>Desde el inicio del recorrido, Leonel Fern\u00e1ndez estuvo acompa\u00f1ado del candidato a senador de la Alianza Rescate RD, Rafael Calder\u00f3n.<\/p>\n\n\n\n<p>Adem\u00e1s, en el recorrido estuvieron presentes los aspirantes a diputados Nurca Nieves Luciano Jim\u00e9nez, Wilson Soto Nova, Ana Mercedes Brito y Johan Matos Pineda.<\/p>\n\n\n\n<p>Previo a su arribo a la provincia de Azua, Leonel Fern\u00e1ndez estuvo en Jos\u00e9 de Ocoa, donde lleg\u00f3 en medio de una intensa lluvia, que no pasm\u00f3 el \u00e1nimo de la gente, que sali\u00f3 a las calles de esa ciudad a respaldar al l\u00edder opositor.<\/p>\n\n\n\n<p>En San Jos\u00e9 de Ocoa, Fern\u00e1ndez encabez\u00f3 una gigantesca marcha-caravana junto al candidato a senador Mario Cabrera y los candidatos a diputados Josefa Mej\u00eda y C\u00e9sar William Tejeda (Chich\u00ed Pan).<\/p>\n\n\n\n<p>Leonel Fern\u00e1ndez inici\u00f3 la tarde de este jueves una intensa agenda proselitista en provincias del sur del pa\u00eds, que se extender\u00e1 este viernes hasta Bahoruco, Independencia y Barahona.<\/p>\n","protected":false},"excerpt":{"rendered":"<p>AZUA.- Una multitud de personas residentes en los diferentes sectores y comunidades rurales de este municipio, se lanz\u00f3 a las calles a expresar, de diferentes formas, su respaldo al candidato&hellip;<\/p>\n","protected":false},"author":2,"featured_media":82967,"comment_status":"open","ping_status":"open","sticky":false,"template":"","format":"standard","meta":{"content-type":"","jetpack_post_was_ever_published":false,"_jetpack_newsletter_access":"","_jetpack_dont_email_post_to_subs":false,"_jetpack_newsletter_tier_id":0,"_jetpack_memberships_contains_paywalled_content":false,"_jetpack_memberships_contains_paid_content":false,"footnotes":""},"categories":[25],"tags":[1296,12870,51,2401,5818],"class_list":["post-82966","post","type-post","status-publish","format-standard","has-post-thumbnail","hentry","category-portada","tag-azua","tag-e-pa-fuera-que-van","tag-leonel-fernandez","tag-lluvia","tag-multitud"],"jetpack_featured_media_url":"https:\/\/lasprimeras.com.do\/wp-content\/uploads\/2024\/05\/Leonel-Fernandez-7.jpg","jetpack-related-posts":[{"id":75674,"url":"https:\/\/lasprimeras.com.do\/index.php\/2024\/02\/03\/leonel-acusa-al-gobierno-del-prm-de-paralizar-el-pais\/","url_meta":{"origin":82966,"position":0},"title":"Leonel acusa al gobierno del PRM de paralizar el pa\u00eds","author":"Nelson Feliz","date":"3 de febrero de 2024","format":false,"excerpt":"Encabeza actividades en apoyo a candidatos municipales de las provincias Peravia y Azua, va camino a Bahoruco y Barahona Azua.- El presidente del partido Fuerza del Pueblo y l\u00edder de la oposici\u00f3n pol\u00edtica dominicana, Leonel Fern\u00e1ndez, declar\u00f3 que el gobierno de Luis Abinader mantiene al pa\u00eds paralizado. \u201cLo que estamos\u2026","rel":"","context":"En \u00abPORTADA\u00bb","block_context":{"text":"PORTADA","link":"https:\/\/lasprimeras.com.do\/index.php\/category\/portada\/"},"img":{"alt_text":"Leonel Fern\u00e1ndez","src":"https:\/\/i0.wp.com\/lasprimeras.com.do\/wp-content\/uploads\/2024\/02\/Leonel-Fernandez-3.jpg?resize=350%2C200&ssl=1","width":350,"height":200,"srcset":"https:\/\/i0.wp.com\/lasprimeras.com.do\/wp-content\/uploads\/2024\/02\/Leonel-Fernandez-3.jpg?resize=350%2C200&ssl=1 1x, https:\/\/i0.wp.com\/lasprimeras.com.do\/wp-content\/uploads\/2024\/02\/Leonel-Fernandez-3.jpg?resize=525%2C300&ssl=1 1.5x, https:\/\/i0.wp.com\/lasprimeras.com.do\/wp-content\/uploads\/2024\/02\/Leonel-Fernandez-3.jpg?resize=700%2C400&ssl=1 2x"},"classes":[]},{"id":75748,"url":"https:\/\/lasprimeras.com.do\/index.php\/2024\/02\/04\/leonel-asegura-que-el-gobierno-esta-anticipando-la-pela-que-van-a-recibir-en-febrero\/","url_meta":{"origin":82966,"position":1},"title":"Leonel asegura que el gobierno est\u00e1 anticipando la pela que van a recibir en febrero","author":"Nelson Feliz","date":"4 de febrero de 2024","format":false,"excerpt":"LF moviliza miles de personas en respaldo a candidatura de Josefina Tam\u00e1rez a la Alcald\u00eda de San Crist\u00f3bal San Crist\u00f3bal.- El candidato presidencial y l\u00edder del partido Fuerza del Pueblo, Leonel Fern\u00e1ndez, declar\u00f3 aqu\u00ed que desde el gobierno se est\u00e1n anticipando \u201ca la pela que van a recibir\u201d el 18\u2026","rel":"","context":"En \u00abPORTADA\u00bb","block_context":{"text":"PORTADA","link":"https:\/\/lasprimeras.com.do\/index.php\/category\/portada\/"},"img":{"alt_text":"LEONEL FERNANDEZ SC","src":"https:\/\/i0.wp.com\/lasprimeras.com.do\/wp-content\/uploads\/2024\/02\/LEONEL-FERNANDEZ-SC.jpg?resize=350%2C200&ssl=1","width":350,"height":200,"srcset":"https:\/\/i0.wp.com\/lasprimeras.com.do\/wp-content\/uploads\/2024\/02\/LEONEL-FERNANDEZ-SC.jpg?resize=350%2C200&ssl=1 1x, https:\/\/i0.wp.com\/lasprimeras.com.do\/wp-content\/uploads\/2024\/02\/LEONEL-FERNANDEZ-SC.jpg?resize=525%2C300&ssl=1 1.5x, https:\/\/i0.wp.com\/lasprimeras.com.do\/wp-content\/uploads\/2024\/02\/LEONEL-FERNANDEZ-SC.jpg?resize=700%2C400&ssl=1 2x"},"classes":[]},{"id":71228,"url":"https:\/\/lasprimeras.com.do\/index.php\/2023\/12\/18\/leonel-asegura-que-con-la-juventud-y-la-mujer-arrasara-en-elecciones-de-2024\/","url_meta":{"origin":82966,"position":2},"title":"Leonel asegura que con la juventud y la mujer, arrasar\u00e1 en elecciones de 2024","author":"Nelson Feliz","date":"18 de diciembre de 2023","format":false,"excerpt":"Dice Fuerza del Pueblo se corona por el rechazo que est\u00e1 concitando el PRM en el poder. El candidato presidencial del partido Fuerza del Pueblo (FP), Leonel Fern\u00e1ndez, declar\u00f3 que con el voto de las mujeres y los j\u00f3venes, los candidatos de esa organizaci\u00f3n lograr\u00e1n alcanzar la victoria en todo\u2026","rel":"","context":"En \u00abPORTADA\u00bb","block_context":{"text":"PORTADA","link":"https:\/\/lasprimeras.com.do\/index.php\/category\/portada\/"},"img":{"alt_text":"Leonel Fern\u00e1ndez","src":"https:\/\/i0.wp.com\/lasprimeras.com.do\/wp-content\/uploads\/2023\/12\/Leonel-Fernandez-9.jpg?resize=350%2C200&ssl=1","width":350,"height":200,"srcset":"https:\/\/i0.wp.com\/lasprimeras.com.do\/wp-content\/uploads\/2023\/12\/Leonel-Fernandez-9.jpg?resize=350%2C200&ssl=1 1x, https:\/\/i0.wp.com\/lasprimeras.com.do\/wp-content\/uploads\/2023\/12\/Leonel-Fernandez-9.jpg?resize=525%2C300&ssl=1 1.5x, https:\/\/i0.wp.com\/lasprimeras.com.do\/wp-content\/uploads\/2023\/12\/Leonel-Fernandez-9.jpg?resize=700%2C400&ssl=1 2x"},"classes":[]},{"id":75006,"url":"https:\/\/lasprimeras.com.do\/index.php\/2024\/01\/28\/leonel-reitera-en-santiago-observa-en-las-calles-una-verdadera-ira-ante-la-incompetencia-de-abinader\/","url_meta":{"origin":82966,"position":3},"title":"Leonel reitera en Santiago observa en las calles una verdadera ira ante la incompetencia de Abinader","author":"Nelson Feliz","date":"28 de enero de 2024","format":false,"excerpt":"LF encabeza multitudinaria marcha-caravana en apoyo candidatos municipales El candidato presidencial del partido Fuerza del Pueblo, Leonel Fern\u00e1ndez, volvi\u00f3 a reiterar la tarde de este domingo que, observa en las calles del pa\u00eds una verdadera ira popular en contra de Abinader. Al responder preguntas de periodistas que le abordaron antes\u2026","rel":"","context":"En \u00abPORTADA\u00bb","block_context":{"text":"PORTADA","link":"https:\/\/lasprimeras.com.do\/index.php\/category\/portada\/"},"img":{"alt_text":"Leonel Fernandez","src":"https:\/\/i0.wp.com\/lasprimeras.com.do\/wp-content\/uploads\/2024\/01\/Leonel-Fernandez-1-1.jpg?resize=350%2C200&ssl=1","width":350,"height":200,"srcset":"https:\/\/i0.wp.com\/lasprimeras.com.do\/wp-content\/uploads\/2024\/01\/Leonel-Fernandez-1-1.jpg?resize=350%2C200&ssl=1 1x, https:\/\/i0.wp.com\/lasprimeras.com.do\/wp-content\/uploads\/2024\/01\/Leonel-Fernandez-1-1.jpg?resize=525%2C300&ssl=1 1.5x, https:\/\/i0.wp.com\/lasprimeras.com.do\/wp-content\/uploads\/2024\/01\/Leonel-Fernandez-1-1.jpg?resize=700%2C400&ssl=1 2x"},"classes":[]},{"id":82502,"url":"https:\/\/lasprimeras.com.do\/index.php\/2024\/05\/03\/leonel-moviliza-miles-de-simpatizantes-en-puerto-plata\/","url_meta":{"origin":82966,"position":4},"title":"Leonel moviliza miles de simpatizantes en Puerto Plata","author":"Esteffany Vargas","date":"3 de mayo de 2024","format":false,"excerpt":"Asegura que con Rescate RD \"venceremos\u201d. El candidato presidencial del partido Fuerza del Pueblo y aliados, Leonel Fern\u00e1ndez, moviliz\u00f3 a miles de sus seguidores en el municipio San Felipe, de Puerto Plata. Durante unas dos horas, Fern\u00e1ndez recorri\u00f3 diferentes barrios de este municipio, acompa\u00f1ado del candidato a senador de la\u2026","rel":"","context":"En \u00abPORTADA\u00bb","block_context":{"text":"PORTADA","link":"https:\/\/lasprimeras.com.do\/index.php\/category\/portada\/"},"img":{"alt_text":"Leonel Fern\u00e1ndez","src":"https:\/\/i0.wp.com\/lasprimeras.com.do\/wp-content\/uploads\/2024\/05\/Leonel-Fernandez-R-1.jpg?resize=350%2C200&ssl=1","width":350,"height":200,"srcset":"https:\/\/i0.wp.com\/lasprimeras.com.do\/wp-content\/uploads\/2024\/05\/Leonel-Fernandez-R-1.jpg?resize=350%2C200&ssl=1 1x, https:\/\/i0.wp.com\/lasprimeras.com.do\/wp-content\/uploads\/2024\/05\/Leonel-Fernandez-R-1.jpg?resize=525%2C300&ssl=1 1.5x, https:\/\/i0.wp.com\/lasprimeras.com.do\/wp-content\/uploads\/2024\/05\/Leonel-Fernandez-R-1.jpg?resize=700%2C400&ssl=1 2x"},"classes":[]},{"id":65938,"url":"https:\/\/lasprimeras.com.do\/index.php\/2023\/11\/01\/leonel-hara-recorrido-por-el-sur-del-pais-en-apoyo-a-candidatos-y-candidatas-este-fin-de-semana\/","url_meta":{"origin":82966,"position":5},"title":"Leonel har\u00e1 recorrido por el Sur del pa\u00eds en apoyo a candidatos y candidatas este fin de semana","author":"Nelson Feliz","date":"1 de noviembre de 2023","format":false,"excerpt":"El presidente del partido Fuerza del Pueblo (FP), Leonel Fern\u00e1ndez, sale este fin de semana a las calles del Sur, para apoyar a los candidatos y candidatas de la organizaci\u00f3n que lidera. El tambi\u00e9n candidato presidencial de la Fuerza del Pueblo iniciar\u00e1 el recorrido el s\u00e1bado 4 de noviembre, con\u2026","rel":"","context":"En \u00abPORTADA\u00bb","block_context":{"text":"PORTADA","link":"https:\/\/lasprimeras.com.do\/index.php\/category\/portada\/"},"img":{"alt_text":"Leonel Fernandez","src":"https:\/\/i0.wp.com\/lasprimeras.com.do\/wp-content\/uploads\/2023\/11\/Leonel-Fernandez-2.jpg?resize=350%2C200&ssl=1","width":350,"height":200,"srcset":"https:\/\/i0.wp.com\/lasprimeras.com.do\/wp-content\/uploads\/2023\/11\/Leonel-Fernandez-2.jpg?resize=350%2C200&ssl=1 1x, https:\/\/i0.wp.com\/lasprimeras.com.do\/wp-content\/uploads\/2023\/11\/Leonel-Fernandez-2.jpg?resize=525%2C300&ssl=1 1.5x, https:\/\/i0.wp.com\/lasprimeras.com.do\/wp-content\/uploads\/2023\/11\/Leonel-Fernandez-2.jpg?resize=700%2C400&ssl=1 2x"},"classes":[]}],"jetpack_sharing_enabled":true,"_links":{"self":[{"href":"https:\/\/lasprimeras.com.do\/index.php\/wp-json\/wp\/v2\/posts\/82966","targetHints":{"allow":["GET"]}}],"collection":[{"href":"https:\/\/lasprimeras.com.do\/index.php\/wp-json\/wp\/v2\/posts"}],"about":[{"href":"https:\/\/lasprimeras.com.do\/index.php\/wp-json\/wp\/v2\/types\/post"}],"author":[{"embeddable":true,"href":"https:\/\/lasprimeras.com.do\/index.php\/wp-json\/wp\/v2\/users\/2"}],"replies":[{"embeddable":true,"href":"https:\/\/lasprimeras.com.do\/index.php\/wp-json\/wp\/v2\/comments?post=82966"}],"version-history":[{"count":1,"href":"https:\/\/lasprimeras.com.do\/index.php\/wp-json\/wp\/v2\/posts\/82966\/revisions"}],"predecessor-version":[{"id":82968,"href":"https:\/\/lasprimeras.com.do\/index.php\/wp-json\/wp\/v2\/posts\/82966\/revisions\/82968"}],"wp:featuredmedia":[{"embeddable":true,"href":"https:\/\/lasprimeras.com.do\/index.php\/wp-json\/wp\/v2\/media\/82967"}],"wp:attachment":[{"href":"https:\/\/lasprimeras.com.do\/index.php\/wp-json\/wp\/v2\/media?parent=82966"}],"wp:term":[{"taxonomy":"category","embeddable":true,"href":"https:\/\/lasprimeras.com.do\/index.php\/wp-json\/wp\/v2\/categories?post=82966"},{"taxonomy":"post_tag","embeddable":true,"href":"https:\/\/lasprimeras.com.do\/index.php\/wp-json\/wp\/v2\/tags?post=82966"}],"curies":[{"name":"wp","href":"https:\/\/api.w.org\/{rel}","templated":true}]}}