{"id":82969,"date":"2024-05-10T00:19:42","date_gmt":"2024-05-10T04:19:42","guid":{"rendered":"https:\/\/lasprimeras.com.do\/?p=82969"},"modified":"2024-05-10T00:19:42","modified_gmt":"2024-05-10T04:19:42","slug":"jce-inspecciona-protocolos-de-seguridad-de-las-telefonicas-que-prestaran-servicio-en-las-elecciones-del-19-de-mayo","status":"publish","type":"post","link":"https:\/\/lasprimeras.com.do\/index.php\/2024\/05\/10\/jce-inspecciona-protocolos-de-seguridad-de-las-telefonicas-que-prestaran-servicio-en-las-elecciones-del-19-de-mayo\/","title":{"rendered":"JCE inspecciona protocolos de seguridad de las telef\u00f3nicas que prestar\u00e1n servicio en las elecciones del 19 de mayo"},"content":{"rendered":"\n<p>El Pleno de Junta Central Electoral (JCE) se reuni\u00f3 este jueves con representantes de las compa\u00f1\u00edas telef\u00f3nicas Altice y Claro para evaluar los protocolos de seguridad que usar\u00e1n ambas empresas en los servicios que prestar\u00e1n para la celebraci\u00f3n de las elecciones presidenciales y congresuales del pr\u00f3ximo domingo 19 de mayo del presente a\u00f1o.<\/p>\n\n\n\n<p>Las visitas forman parte de la inspecci\u00f3n que realiza el \u00f3rgano electoral para analizar el proceso que se llevar\u00e1 a cabo para la transmisi\u00f3n de datos el d\u00eda de las elecciones de cada colegio electoral a nivel nacional.<\/p>\n\n\n\n<p>En las reuniones participaron el presidente de la JCE, Rom\u00e1n Andr\u00e9s J\u00e1quez Liranzo; los miembros titulares Rafael Armando Vallejo Santelises, Dolores Fern\u00e1ndez, Patricia Lorenzo Paniagua y Samir Chami Isa; as\u00ed como tambi\u00e9n los directores de Inform\u00e1tica, Johnny Rivera; de Elecciones, Mario N\u00fa\u00f1ez; de Partidos Pol\u00edticos, Lenis Garc\u00eda; y Administrativa, Bilbania Batista. Asimismo, el jefe de la Polic\u00eda Militar Electoral, mayor general Juan Jos\u00e9 Ota\u00f1o Jim\u00e9nez y el director de Seguridad Civil, \u00c1ngel Valent\u00edn D\u00edaz.<\/p>\n\n\n\n<p>Por Altice participaron Danilo Ginebra, CEO de Altice Dominicana; Vitor Burges, vicepresidente de Network; Nuno Mendes, vicepresidente de Inform\u00e1tica; Celin\u00e9s V\u00e1squez, vicepresidenta de Servicios Corporativos y Liza Arzeno, directora Institucional, entre otros ejecutivos de la empresa.<\/p>\n\n\n\n<p>Por parte de la empresa Claro estuvieron presentes los vicepresidentes de Mercadeo y Comunicaciones y de Ventas y Servicios Clientes Corporativos y PYMES; Omar Acosta y Walter Schall, respectivamente, entre otros ejecutivos de la compa\u00f1\u00eda.<\/p>\n\n\n\n<p>En ambos encuentros con las telef\u00f3nicas, el presidente de la JCE reiter\u00f3 que la sociedad dominicana tendr\u00e1 unas elecciones \u201c\u00edntegras, con resultados inmediatos y seguros\u201d y, al mismo tiempo, dijo que el \u00f3rgano electoral tiene la plena confianza en la seguridad de las compa\u00f1\u00edas telef\u00f3nicas que llevar\u00e1n a cabo el proceso de transmisi\u00f3n de datos el d\u00eda de las elecciones.<\/p>\n\n\n\n<p>Los directivos de las empresas de telecomunicaciones Altice y Claro mostraron al Pleno de la JCE los par\u00e1metros de seguridad que ser\u00e1n implementados en las elecciones.<\/p>\n\n\n\n<p>Altice garantiza funcionamiento de la red<\/p>\n\n\n\n<p>Por parte de Altice, sus directivos detallaron que la compa\u00f1\u00eda tendr\u00e1 a disposici\u00f3n un personal dedicado exclusivamente al monitoreo y gesti\u00f3n del proceso con el objetivo de asegurar una respuesta r\u00e1pida y efectiva a cualquier necesidad.<\/p>\n\n\n\n<p>\u201cNos honra tener un rol tan importante dentro de este proceso democr\u00e1tico nacional. Contribuir, a trav\u00e9s de nuestra tecnolog\u00eda y experiencia, es un compromiso que asumimos con mucho respeto y orgullo\u201d, se\u00f1al\u00f3 Danilo Ginebra, CEO de Altice Dominicana.<\/p>\n\n\n\n<p>Claro dice est\u00e1 preparada para el proceso<\/p>\n\n\n\n<p>Mientras que el vicepresidente de Ventas y Servicios a Clientes Corporativos y PYMES, Walter Schall, indic\u00f3 que la empresa posee las herramientas, procesos y personal debidamente calificado y entrenado para atender el proceso con la red de manera eficiente, en conjunto con el equipo de soporte asignado por la Junta y la Polic\u00eda Militar Electoral.<\/p>\n\n\n\n<p>El director de Operaciones de Negocios Corporativos y Empresariales, Jos\u00e9 Miguel Dur\u00e1n, se\u00f1al\u00f3 que Claro ha dado toda la confianza y seguridad a la Junta Central Electoral de que la red funcionar\u00e1 correctamente, bajo los m\u00e1s altos est\u00e1ndares de seguridad.<\/p>\n","protected":false},"excerpt":{"rendered":"<p>El Pleno de Junta Central Electoral (JCE) se reuni\u00f3 este jueves con representantes de las compa\u00f1\u00edas telef\u00f3nicas Altice y Claro para evaluar los protocolos de seguridad que usar\u00e1n ambas empresas&hellip;<\/p>\n","protected":false},"author":2,"featured_media":82970,"comment_status":"open","ping_status":"open","sticky":false,"template":"","format":"standard","meta":{"content-type":"","jetpack_post_was_ever_published":false,"_jetpack_newsletter_access":"","_jetpack_dont_email_post_to_subs":false,"_jetpack_newsletter_tier_id":0,"_jetpack_memberships_contains_paywalled_content":false,"_jetpack_memberships_contains_paid_content":false,"footnotes":""},"categories":[35,25],"tags":[12243,182,183,1674,76,3493],"class_list":["post-82969","post","type-post","status-publish","format-standard","has-post-thumbnail","hentry","category-nacionales","category-portada","tag-19-de-mayo","tag-elecciones","tag-jce","tag-protocolos","tag-seguridad","tag-telefonicas"],"jetpack_featured_media_url":"https:\/\/lasprimeras.com.do\/wp-content\/uploads\/2024\/05\/JCE-Telefonicas.jpg","jetpack-related-posts":[{"id":82946,"url":"https:\/\/lasprimeras.com.do\/index.php\/2024\/05\/09\/jce-establece-protocolo-para-custodia-de-los-equipos-y-materiales-electorales\/","url_meta":{"origin":82969,"position":0},"title":"JCE establece protocolo para custodia de los equipos y materiales electorales","author":"BIMARY DE JES\u00daS Matos","date":"9 de mayo de 2024","format":false,"excerpt":"Santo Domingo.- Este jueves, la Junta Central Electoral, estableci\u00f3 el protocolo especial de la cadena de custodia de los materiales electorales y equipos que ser\u00e1n utilizados en los comicios del 19 de mayo. El organismo electoral se\u00f1ala que las \u00e1reas responsables de la ejecuci\u00f3n de la log\u00edstica electoral y la\u2026","rel":"","context":"En \u00abSin categor\u00eda\u00bb","block_context":{"text":"Sin categor\u00eda","link":"https:\/\/lasprimeras.com.do\/index.php\/category\/sin-categoria\/"},"img":{"alt_text":"","src":"https:\/\/i0.wp.com\/lasprimeras.com.do\/wp-content\/uploads\/2024\/04\/6a0c8a05-4f4b-48f5-a1d9-1ad180753c4a-19.webp?resize=350%2C200&ssl=1","width":350,"height":200,"srcset":"https:\/\/i0.wp.com\/lasprimeras.com.do\/wp-content\/uploads\/2024\/04\/6a0c8a05-4f4b-48f5-a1d9-1ad180753c4a-19.webp?resize=350%2C200&ssl=1 1x, https:\/\/i0.wp.com\/lasprimeras.com.do\/wp-content\/uploads\/2024\/04\/6a0c8a05-4f4b-48f5-a1d9-1ad180753c4a-19.webp?resize=525%2C300&ssl=1 1.5x, https:\/\/i0.wp.com\/lasprimeras.com.do\/wp-content\/uploads\/2024\/04\/6a0c8a05-4f4b-48f5-a1d9-1ad180753c4a-19.webp?resize=700%2C400&ssl=1 2x, https:\/\/i0.wp.com\/lasprimeras.com.do\/wp-content\/uploads\/2024\/04\/6a0c8a05-4f4b-48f5-a1d9-1ad180753c4a-19.webp?resize=1050%2C600&ssl=1 3x"},"classes":[]},{"id":83408,"url":"https:\/\/lasprimeras.com.do\/index.php\/2024\/05\/15\/jce-sustituye-personas-de-mil-personas-en-juntas-electorales\/","url_meta":{"origin":82969,"position":1},"title":"JCE sustituye personas de mil personas en Juntas Electorales","author":"Nelson Feliz","date":"15 de mayo de 2024","format":false,"excerpt":"Las Juntas Electorales, tras la reasignaci\u00f3n de 640 presidentes y 569 secretarios, hicieron la debida notificaci\u00f3n a las personas que fueron sustituidas, por lo que, en cumplimiento al Calendario Electoral, ya el proceso ha concluido. Invitamos a los m\u00e1s de 83mil funcionarios de colegios electorales a continuar con el protocolo\u2026","rel":"","context":"En \u00abNACIONALES\u00bb","block_context":{"text":"NACIONALES","link":"https:\/\/lasprimeras.com.do\/index.php\/category\/nacionales\/"},"img":{"alt_text":"","src":"https:\/\/i0.wp.com\/lasprimeras.com.do\/wp-content\/uploads\/2024\/05\/WhatsApp-Image-2024-05-15-at-9.12.16-PM.jpeg?resize=350%2C200&ssl=1","width":350,"height":200,"srcset":"https:\/\/i0.wp.com\/lasprimeras.com.do\/wp-content\/uploads\/2024\/05\/WhatsApp-Image-2024-05-15-at-9.12.16-PM.jpeg?resize=350%2C200&ssl=1 1x, https:\/\/i0.wp.com\/lasprimeras.com.do\/wp-content\/uploads\/2024\/05\/WhatsApp-Image-2024-05-15-at-9.12.16-PM.jpeg?resize=525%2C300&ssl=1 1.5x, https:\/\/i0.wp.com\/lasprimeras.com.do\/wp-content\/uploads\/2024\/05\/WhatsApp-Image-2024-05-15-at-9.12.16-PM.jpeg?resize=700%2C400&ssl=1 2x"},"classes":[]},{"id":83515,"url":"https:\/\/lasprimeras.com.do\/index.php\/2024\/05\/19\/prohiben-encuestas-a-boca-de-urna-este-domingo-19-de-mayo\/","url_meta":{"origin":82969,"position":2},"title":"Proh\u00edben encuestas a boca de urna este domingo 19 de mayo","author":"Nelson Feliz","date":"19 de mayo de 2024","format":false,"excerpt":"El Pleno de la Junta Central Electoral (JCE), integrado por Rom\u00e1n Andr\u00e9s Jaquez Liranzo Presidente y los miembros titulares Rafael Armando Vallejo Santelises, Dolores Altagracia Fern\u00e1ndez, Patricia Lorenzo Paniagua y Rafael Chami Isa, en ejercicio de sus atribuciones constitucionales y legales, tiene a bien comunicar a los partidos, agrupaciones y\u2026","rel":"","context":"En \u00abNACIONALES\u00bb","block_context":{"text":"NACIONALES","link":"https:\/\/lasprimeras.com.do\/index.php\/category\/nacionales\/"},"img":{"alt_text":"","src":"https:\/\/i0.wp.com\/lasprimeras.com.do\/wp-content\/uploads\/2024\/05\/elecciones-2024-%C2%BF.jpg?resize=350%2C200&ssl=1","width":350,"height":200},"classes":[]},{"id":93766,"url":"https:\/\/lasprimeras.com.do\/index.php\/2025\/02\/19\/jce-inicia-proceso-de-trituracion-de-material-sobrante-de-las-elecciones-de-mayo-2024\/","url_meta":{"origin":82969,"position":3},"title":"JCE inicia proceso de trituraci\u00f3n de material sobrante de las elecciones de mayo 2024","author":"Nelson Feliz","date":"19 de febrero de 2025","format":false,"excerpt":"La Junta Central Electoral (JCE) anunci\u00f3 este mi\u00e9rcoles el inicio de la trituraci\u00f3n del material sobrante de las pasadas elecciones presidenciales y congresuales a nivel nacional y del exterior, celebradas en mayo de 2024. La subdirectora de Elecciones, Betty Vargas Acosta, explic\u00f3 que este es el inicio del proceso final\u2026","rel":"","context":"En \u00abNACIONALES\u00bb","block_context":{"text":"NACIONALES","link":"https:\/\/lasprimeras.com.do\/index.php\/category\/nacionales\/"},"img":{"alt_text":"","src":"https:\/\/i0.wp.com\/lasprimeras.com.do\/wp-content\/uploads\/2025\/02\/Betty-Vargas-Acosta.jpg?resize=350%2C200&ssl=1","width":350,"height":200,"srcset":"https:\/\/i0.wp.com\/lasprimeras.com.do\/wp-content\/uploads\/2025\/02\/Betty-Vargas-Acosta.jpg?resize=350%2C200&ssl=1 1x, https:\/\/i0.wp.com\/lasprimeras.com.do\/wp-content\/uploads\/2025\/02\/Betty-Vargas-Acosta.jpg?resize=525%2C300&ssl=1 1.5x, https:\/\/i0.wp.com\/lasprimeras.com.do\/wp-content\/uploads\/2025\/02\/Betty-Vargas-Acosta.jpg?resize=700%2C400&ssl=1 2x"},"classes":[]},{"id":116193,"url":"https:\/\/lasprimeras.com.do\/index.php\/2025\/11\/27\/presidente-de-la-jce-encabezara-mision-de-observacion-electoral-en-elecciones-de-honduras\/","url_meta":{"origin":82969,"position":4},"title":"Presidente de la JCE encabezar\u00e1 misi\u00f3n de observaci\u00f3n electoral en elecciones de Honduras","author":"Nelson Feliz","date":"27 de noviembre de 2025","format":false,"excerpt":"Dolores Fern\u00e1ndez participar\u00e1 en representaci\u00f3n de la AMEA; Samir Chami Isa y Vallejo Santelises integran la misi\u00f3n de UNIORE El presidente de la Junta Central Electoral (JCE) participar\u00e1 como jefe de la Misi\u00f3n de Observaci\u00f3n Electoral de la Uni\u00f3n Interamericana de Organismos Electorales (UNIORE) en las elecciones generales de Honduras\u2026","rel":"","context":"En \u00abNACIONALES\u00bb","block_context":{"text":"NACIONALES","link":"https:\/\/lasprimeras.com.do\/index.php\/category\/nacionales\/"},"img":{"alt_text":"","src":"https:\/\/i0.wp.com\/lasprimeras.com.do\/wp-content\/uploads\/2025\/06\/jce-2.jpg?resize=350%2C200&ssl=1","width":350,"height":200,"srcset":"https:\/\/i0.wp.com\/lasprimeras.com.do\/wp-content\/uploads\/2025\/06\/jce-2.jpg?resize=350%2C200&ssl=1 1x, https:\/\/i0.wp.com\/lasprimeras.com.do\/wp-content\/uploads\/2025\/06\/jce-2.jpg?resize=525%2C300&ssl=1 1.5x, https:\/\/i0.wp.com\/lasprimeras.com.do\/wp-content\/uploads\/2025\/06\/jce-2.jpg?resize=700%2C400&ssl=1 2x"},"classes":[]},{"id":82262,"url":"https:\/\/lasprimeras.com.do\/index.php\/2024\/04\/30\/pleno-jce-supervisara-montaje-de-las-elecciones-en-estados-unidos\/","url_meta":{"origin":82969,"position":5},"title":"Pleno JCE supervisar\u00e1 montaje de las elecciones en Estados Unidos","author":"Nelson Feliz","date":"30 de abril de 2024","format":false,"excerpt":"Una comisi\u00f3n de la Junta Central Electoral (JCE), encabezada por su presidente Rom\u00e1n Andr\u00e9s J\u00e1quez Liranzo, y los miembros titulares Rafael Armando Vallejo Santelises, Dolores Fern\u00e1ndez, Samir Chami Isa y Patricia Lorenzo Paniagua, viajar\u00e1 este mi\u00e9rcoles 1 de mayo a Estados Unidos para supervisar el montaje de las pr\u00f3ximas elecciones\u2026","rel":"","context":"En \u00abNACIONALES\u00bb","block_context":{"text":"NACIONALES","link":"https:\/\/lasprimeras.com.do\/index.php\/category\/nacionales\/"},"img":{"alt_text":"JCE","src":"https:\/\/i0.wp.com\/lasprimeras.com.do\/wp-content\/uploads\/2024\/04\/JCE-3.jpg?resize=350%2C200&ssl=1","width":350,"height":200,"srcset":"https:\/\/i0.wp.com\/lasprimeras.com.do\/wp-content\/uploads\/2024\/04\/JCE-3.jpg?resize=350%2C200&ssl=1 1x, https:\/\/i0.wp.com\/lasprimeras.com.do\/wp-content\/uploads\/2024\/04\/JCE-3.jpg?resize=525%2C300&ssl=1 1.5x, https:\/\/i0.wp.com\/lasprimeras.com.do\/wp-content\/uploads\/2024\/04\/JCE-3.jpg?resize=700%2C400&ssl=1 2x, https:\/\/i0.wp.com\/lasprimeras.com.do\/wp-content\/uploads\/2024\/04\/JCE-3.jpg?resize=1050%2C600&ssl=1 3x, https:\/\/i0.wp.com\/lasprimeras.com.do\/wp-content\/uploads\/2024\/04\/JCE-3.jpg?resize=1400%2C800&ssl=1 4x"},"classes":[]}],"jetpack_sharing_enabled":true,"_links":{"self":[{"href":"https:\/\/lasprimeras.com.do\/index.php\/wp-json\/wp\/v2\/posts\/82969","targetHints":{"allow":["GET"]}}],"collection":[{"href":"https:\/\/lasprimeras.com.do\/index.php\/wp-json\/wp\/v2\/posts"}],"about":[{"href":"https:\/\/lasprimeras.com.do\/index.php\/wp-json\/wp\/v2\/types\/post"}],"author":[{"embeddable":true,"href":"https:\/\/lasprimeras.com.do\/index.php\/wp-json\/wp\/v2\/users\/2"}],"replies":[{"embeddable":true,"href":"https:\/\/lasprimeras.com.do\/index.php\/wp-json\/wp\/v2\/comments?post=82969"}],"version-history":[{"count":1,"href":"https:\/\/lasprimeras.com.do\/index.php\/wp-json\/wp\/v2\/posts\/82969\/revisions"}],"predecessor-version":[{"id":82971,"href":"https:\/\/lasprimeras.com.do\/index.php\/wp-json\/wp\/v2\/posts\/82969\/revisions\/82971"}],"wp:featuredmedia":[{"embeddable":true,"href":"https:\/\/lasprimeras.com.do\/index.php\/wp-json\/wp\/v2\/media\/82970"}],"wp:attachment":[{"href":"https:\/\/lasprimeras.com.do\/index.php\/wp-json\/wp\/v2\/media?parent=82969"}],"wp:term":[{"taxonomy":"category","embeddable":true,"href":"https:\/\/lasprimeras.com.do\/index.php\/wp-json\/wp\/v2\/categories?post=82969"},{"taxonomy":"post_tag","embeddable":true,"href":"https:\/\/lasprimeras.com.do\/index.php\/wp-json\/wp\/v2\/tags?post=82969"}],"curies":[{"name":"wp","href":"https:\/\/api.w.org\/{rel}","templated":true}]}}