{"id":82975,"date":"2024-05-10T07:58:46","date_gmt":"2024-05-10T11:58:46","guid":{"rendered":"https:\/\/lasprimeras.com.do\/?p=82975"},"modified":"2024-05-10T07:58:48","modified_gmt":"2024-05-10T11:58:48","slug":"embajada-de-rd-en-kinston-busca-eliminar-el-visado-para-dominicanos-entrar-a-jamaica","status":"publish","type":"post","link":"https:\/\/lasprimeras.com.do\/index.php\/2024\/05\/10\/embajada-de-rd-en-kinston-busca-eliminar-el-visado-para-dominicanos-entrar-a-jamaica\/","title":{"rendered":"Embajada de RD en Kinston busca eliminar el visado para dominicanos entrar a Jamaica"},"content":{"rendered":"\n<p>RD.-La segunda edici\u00f3n de la Semana Dominicana en Jamaica inici\u00f3 con un encuentro entre el primer ministro jamaicano Andrew Holness, el viceministro dominicano de Pol\u00edtica Exterior Bilateral, Jos\u00e9 Julio G\u00f3mez, y la embajadora dominicana en Kingston, Angie Mart\u00ednez. En este encuentro se abord\u00f3, entre otros temas, la eliminaci\u00f3n del visado para los dominicanos ingresar a la naci\u00f3n caribe\u00f1a.<\/p>\n\n\n\n<p>Actualmente, Rep\u00fablica Dominicana no le requiere visado previo a los ciudadanos de Jamaica para ingresar al pa\u00eds, pero la vecina naci\u00f3n caribe\u00f1a s\u00ed se lo pide a los ciudadanos dominicanos.<\/p>\n\n\n\n<p>El encuentro tambi\u00e9n dio apertura a las reuniones de alto nivel que promueve la Embajada Dominicana en su Foro de Negocios Rep\u00fablica Dominicana-Jamaica, que celebra su segunda entrega.<\/p>\n","protected":false},"excerpt":{"rendered":"<p>RD.-La segunda edici\u00f3n de la Semana Dominicana en Jamaica inici\u00f3 con un encuentro entre el primer ministro jamaicano Andrew Holness, el viceministro dominicano de Pol\u00edtica Exterior Bilateral, Jos\u00e9 Julio G\u00f3mez,&hellip;<\/p>\n","protected":false},"author":3,"featured_media":82976,"comment_status":"open","ping_status":"open","sticky":false,"template":"","format":"standard","meta":{"content-type":"","jetpack_post_was_ever_published":false,"_jetpack_newsletter_access":"","_jetpack_dont_email_post_to_subs":false,"_jetpack_newsletter_tier_id":0,"_jetpack_memberships_contains_paywalled_content":false,"_jetpack_memberships_contains_paid_content":false,"footnotes":""},"categories":[1],"tags":[1196],"class_list":["post-82975","post","type-post","status-publish","format-standard","has-post-thumbnail","hentry","category-sin-categoria","tag-embajada"],"jetpack_featured_media_url":"https:\/\/lasprimeras.com.do\/wp-content\/uploads\/2024\/05\/6a0c8a05-4f4b-48f5-a1d9-1ad180753c4a-12.jpg","jetpack-related-posts":[{"id":74320,"url":"https:\/\/lasprimeras.com.do\/index.php\/2024\/01\/22\/mayoria-de-paises-del-caribe-rechaza-el-pasaporte-dominicano\/","url_meta":{"origin":82975,"position":0},"title":"Mayor\u00eda de pa\u00edses del Caribe rechaza el pasaporte dominicano","author":"Nelson Feliz","date":"22 de enero de 2024","format":false,"excerpt":"Rep\u00fablica Dominicana se encuentra en el puesto 68 de los pa\u00edses con mejor acceso a otros estados sin necesidad de una visa tur\u00edstica. Rep\u00fablica Dominicana, pa\u00eds que cuenta con un crecimiento econ\u00f3mico envidiable en el Caribe y Am\u00e9rica Latina, enfrenta una paradoja, pues a pesar de ser la econom\u00eda de\u2026","rel":"","context":"En \u00abNACIONALES\u00bb","block_context":{"text":"NACIONALES","link":"https:\/\/lasprimeras.com.do\/index.php\/category\/nacionales\/"},"img":{"alt_text":"pasaporte dominicano","src":"https:\/\/i0.wp.com\/lasprimeras.com.do\/wp-content\/uploads\/2024\/01\/pasaporte-dominicano.jpg?resize=350%2C200&ssl=1","width":350,"height":200,"srcset":"https:\/\/i0.wp.com\/lasprimeras.com.do\/wp-content\/uploads\/2024\/01\/pasaporte-dominicano.jpg?resize=350%2C200&ssl=1 1x, https:\/\/i0.wp.com\/lasprimeras.com.do\/wp-content\/uploads\/2024\/01\/pasaporte-dominicano.jpg?resize=525%2C300&ssl=1 1.5x, https:\/\/i0.wp.com\/lasprimeras.com.do\/wp-content\/uploads\/2024\/01\/pasaporte-dominicano.jpg?resize=700%2C400&ssl=1 2x"},"classes":[]},{"id":114017,"url":"https:\/\/lasprimeras.com.do\/index.php\/2025\/11\/09\/rd-concluye-entrega-de-ayuda-humanitaria-a-jamaica-y-cuba-tras-el-paso-del-huracan-melissa\/","url_meta":{"origin":82975,"position":1},"title":"RD concluye entrega de ayuda humanitaria a Jamaica y Cuba tras el paso del hurac\u00e1n Melissa","author":"Nelson Feliz","date":"9 de noviembre de 2025","format":false,"excerpt":"La Operaci\u00f3n \u201cSolidaridad Caribe\u00f1a\u201d consolida el liderazgo de la Rep\u00fablica Dominicana en la cooperaci\u00f3n y respuesta humanitaria regional. El Gobierno dominicano inform\u00f3 la culminaci\u00f3n exitosa de la entrega de la ayuda humanitaria enviada a Jamaica y Cuba, en el marco de la Operaci\u00f3n \u201cSolidaridad Caribe\u00f1a\u201d, como expresi\u00f3n del compromiso solidario\u2026","rel":"","context":"En \u00abMILITARES\u00bb","block_context":{"text":"MILITARES","link":"https:\/\/lasprimeras.com.do\/index.php\/category\/militares\/"},"img":{"alt_text":"","src":"https:\/\/i0.wp.com\/lasprimeras.com.do\/wp-content\/uploads\/2025\/11\/AYUDA-1.jpg?resize=350%2C200&ssl=1","width":350,"height":200,"srcset":"https:\/\/i0.wp.com\/lasprimeras.com.do\/wp-content\/uploads\/2025\/11\/AYUDA-1.jpg?resize=350%2C200&ssl=1 1x, https:\/\/i0.wp.com\/lasprimeras.com.do\/wp-content\/uploads\/2025\/11\/AYUDA-1.jpg?resize=525%2C300&ssl=1 1.5x, https:\/\/i0.wp.com\/lasprimeras.com.do\/wp-content\/uploads\/2025\/11\/AYUDA-1.jpg?resize=700%2C400&ssl=1 2x"},"classes":[]},{"id":108323,"url":"https:\/\/lasprimeras.com.do\/index.php\/2025\/09\/04\/embajada-de-rd-en-londres-ofrece-servicios-de-visas-y-renovacion-de-pasaportes\/","url_meta":{"origin":82975,"position":2},"title":"Embajada de RD en Londres ofrece servicios de visas y renovaci\u00f3n de pasaportes","author":"Nelson Feliz","date":"4 de septiembre de 2025","format":false,"excerpt":"La embajadora Rosa Hern\u00e1ndez de Grull\u00f3n hizo entrega formal de la primera visa emitida por la secci\u00f3n consular. La Embajada de la Rep\u00fablica Dominicana en Londres inform\u00f3 hoy que, a partir de este mes, su secci\u00f3n consular ofrecer\u00e1 servicios de visado y renovaci\u00f3n de pasaportes. Como parte de este nuevo\u2026","rel":"","context":"En \u00abNACIONALES\u00bb","block_context":{"text":"NACIONALES","link":"https:\/\/lasprimeras.com.do\/index.php\/category\/nacionales\/"},"img":{"alt_text":"","src":"https:\/\/i0.wp.com\/lasprimeras.com.do\/wp-content\/uploads\/2025\/09\/Rosa-Hernandez-de-Grullon.jpg?resize=350%2C200&ssl=1","width":350,"height":200,"srcset":"https:\/\/i0.wp.com\/lasprimeras.com.do\/wp-content\/uploads\/2025\/09\/Rosa-Hernandez-de-Grullon.jpg?resize=350%2C200&ssl=1 1x, https:\/\/i0.wp.com\/lasprimeras.com.do\/wp-content\/uploads\/2025\/09\/Rosa-Hernandez-de-Grullon.jpg?resize=525%2C300&ssl=1 1.5x, https:\/\/i0.wp.com\/lasprimeras.com.do\/wp-content\/uploads\/2025\/09\/Rosa-Hernandez-de-Grullon.jpg?resize=700%2C400&ssl=1 2x"},"classes":[]},{"id":65913,"url":"https:\/\/lasprimeras.com.do\/index.php\/2023\/11\/01\/no-hay-dominicanos-afectados-por-fenomenos-en-mexico-y-jamaica\/","url_meta":{"origin":82975,"position":3},"title":"No hay dominicanos afectados por fen\u00f3menos en M\u00e9xico y Jamaica","author":"BIMARY DE JES\u00daS Matos","date":"1 de noviembre de 2023","format":false,"excerpt":"M\u00e9xico.- El Ministerio de Relaciones Exteriores (Mirex) inform\u00f3 que, hasta el momento, no tiene reportes de dominicanos afectados por el paso del hurac\u00e1n Otis en M\u00e9xico y el sismo de 5.6 grados en Jamaica. Tanto la embajada de Rep\u00fablica Dominicana en Jamaica como el consulado dominicano en Ciudad de M\u00e9xico\u2026","rel":"","context":"En \u00abSin categor\u00eda\u00bb","block_context":{"text":"Sin categor\u00eda","link":"https:\/\/lasprimeras.com.do\/index.php\/category\/sin-categoria\/"},"img":{"alt_text":"","src":"https:\/\/i0.wp.com\/lasprimeras.com.do\/wp-content\/uploads\/2023\/11\/WhatsApp-Image-2023-11-01-at-9.19.48-AM-2.jpeg?resize=350%2C200&ssl=1","width":350,"height":200,"srcset":"https:\/\/i0.wp.com\/lasprimeras.com.do\/wp-content\/uploads\/2023\/11\/WhatsApp-Image-2023-11-01-at-9.19.48-AM-2.jpeg?resize=350%2C200&ssl=1 1x, https:\/\/i0.wp.com\/lasprimeras.com.do\/wp-content\/uploads\/2023\/11\/WhatsApp-Image-2023-11-01-at-9.19.48-AM-2.jpeg?resize=525%2C300&ssl=1 1.5x"},"classes":[]},{"id":67105,"url":"https:\/\/lasprimeras.com.do\/index.php\/2023\/11\/13\/ministra-de-relaciones-exteriores-de-jamaica-visitara-primer-ministro-andrew-holness\/","url_meta":{"origin":82975,"position":4},"title":"Ministra de Relaciones Exteriores de Jamaica visitara primer ministro Andrew Holness","author":"Nelson Feliz","date":"13 de noviembre de 2023","format":false,"excerpt":"La ministra de Relaciones Exteriores y Comercio Exterior de Jamaica, Kamina Johnson revel\u00f3 los detalles de su visita a la Rep\u00fablica Dominicana donde se reuni\u00f3 con el presidente Luis Abinader y el canciller Roberto \u00c1lvarez. Kamina Johnson, indic\u00f3 que en su reuni\u00f3n en el Palacio Nacional con el presidente Luis\u2026","rel":"","context":"En \u00abPORTADA\u00bb","block_context":{"text":"PORTADA","link":"https:\/\/lasprimeras.com.do\/index.php\/category\/portada\/"},"img":{"alt_text":"Kamina Johnson","src":"https:\/\/i0.wp.com\/lasprimeras.com.do\/wp-content\/uploads\/2023\/11\/WhatsApp-Image-2023-11-13-at-10.51.55-AM.jpeg?resize=350%2C200&ssl=1","width":350,"height":200,"srcset":"https:\/\/i0.wp.com\/lasprimeras.com.do\/wp-content\/uploads\/2023\/11\/WhatsApp-Image-2023-11-13-at-10.51.55-AM.jpeg?resize=350%2C200&ssl=1 1x, https:\/\/i0.wp.com\/lasprimeras.com.do\/wp-content\/uploads\/2023\/11\/WhatsApp-Image-2023-11-13-at-10.51.55-AM.jpeg?resize=525%2C300&ssl=1 1.5x, https:\/\/i0.wp.com\/lasprimeras.com.do\/wp-content\/uploads\/2023\/11\/WhatsApp-Image-2023-11-13-at-10.51.55-AM.jpeg?resize=700%2C400&ssl=1 2x, https:\/\/i0.wp.com\/lasprimeras.com.do\/wp-content\/uploads\/2023\/11\/WhatsApp-Image-2023-11-13-at-10.51.55-AM.jpeg?resize=1050%2C600&ssl=1 3x"},"classes":[]},{"id":99943,"url":"https:\/\/lasprimeras.com.do\/index.php\/2025\/05\/29\/senado-de-rd-y-parlamento-de-jamaica-firman-acuerdo-para-el-desarrollo-de-relaciones-interparlamentarias\/","url_meta":{"origin":82975,"position":5},"title":"Senado de RD y Parlamento de Jamaica firman acuerdo para el desarrollo de relaciones interparlamentarias","author":"Nelson Feliz","date":"29 de mayo de 2025","format":false,"excerpt":"El Senado de la Rep\u00fablica Dominicana, representado por el presidente, Ricardo de los Santos, y el Parlamento de Jamaica, representado por el presidente del Senado, Thomas Tavares-Finson, firmaron un acuerdo para el desarrollo de las relaciones entre los pueblos y gobiernos de los diferentes Estados con la finalidad de contribuir\u2026","rel":"","context":"En \u00abNACIONALES\u00bb","block_context":{"text":"NACIONALES","link":"https:\/\/lasprimeras.com.do\/index.php\/category\/nacionales\/"},"img":{"alt_text":"","src":"https:\/\/i0.wp.com\/lasprimeras.com.do\/wp-content\/uploads\/2025\/05\/acuerdo.jpg?resize=350%2C200&ssl=1","width":350,"height":200,"srcset":"https:\/\/i0.wp.com\/lasprimeras.com.do\/wp-content\/uploads\/2025\/05\/acuerdo.jpg?resize=350%2C200&ssl=1 1x, https:\/\/i0.wp.com\/lasprimeras.com.do\/wp-content\/uploads\/2025\/05\/acuerdo.jpg?resize=525%2C300&ssl=1 1.5x, https:\/\/i0.wp.com\/lasprimeras.com.do\/wp-content\/uploads\/2025\/05\/acuerdo.jpg?resize=700%2C400&ssl=1 2x"},"classes":[]}],"jetpack_sharing_enabled":true,"_links":{"self":[{"href":"https:\/\/lasprimeras.com.do\/index.php\/wp-json\/wp\/v2\/posts\/82975","targetHints":{"allow":["GET"]}}],"collection":[{"href":"https:\/\/lasprimeras.com.do\/index.php\/wp-json\/wp\/v2\/posts"}],"about":[{"href":"https:\/\/lasprimeras.com.do\/index.php\/wp-json\/wp\/v2\/types\/post"}],"author":[{"embeddable":true,"href":"https:\/\/lasprimeras.com.do\/index.php\/wp-json\/wp\/v2\/users\/3"}],"replies":[{"embeddable":true,"href":"https:\/\/lasprimeras.com.do\/index.php\/wp-json\/wp\/v2\/comments?post=82975"}],"version-history":[{"count":1,"href":"https:\/\/lasprimeras.com.do\/index.php\/wp-json\/wp\/v2\/posts\/82975\/revisions"}],"predecessor-version":[{"id":82977,"href":"https:\/\/lasprimeras.com.do\/index.php\/wp-json\/wp\/v2\/posts\/82975\/revisions\/82977"}],"wp:featuredmedia":[{"embeddable":true,"href":"https:\/\/lasprimeras.com.do\/index.php\/wp-json\/wp\/v2\/media\/82976"}],"wp:attachment":[{"href":"https:\/\/lasprimeras.com.do\/index.php\/wp-json\/wp\/v2\/media?parent=82975"}],"wp:term":[{"taxonomy":"category","embeddable":true,"href":"https:\/\/lasprimeras.com.do\/index.php\/wp-json\/wp\/v2\/categories?post=82975"},{"taxonomy":"post_tag","embeddable":true,"href":"https:\/\/lasprimeras.com.do\/index.php\/wp-json\/wp\/v2\/tags?post=82975"}],"curies":[{"name":"wp","href":"https:\/\/api.w.org\/{rel}","templated":true}]}}