{"id":82978,"date":"2024-05-10T08:00:36","date_gmt":"2024-05-10T12:00:36","guid":{"rendered":"https:\/\/lasprimeras.com.do\/?p=82978"},"modified":"2024-05-10T08:00:41","modified_gmt":"2024-05-10T12:00:41","slug":"rechazada-la-peticion-de-expresidente-hondureno-para-obtener-nuevo-juicio-en-nueva-york","status":"publish","type":"post","link":"https:\/\/lasprimeras.com.do\/index.php\/2024\/05\/10\/rechazada-la-peticion-de-expresidente-hondureno-para-obtener-nuevo-juicio-en-nueva-york\/","title":{"rendered":"Rechazada la petici\u00f3n de expresidente hondure\u00f1o para obtener nuevo juicio en Nueva York"},"content":{"rendered":"\n<p>NY.-Hern\u00e1ndez trat\u00f3 de utilizar la supuesta baza de que la analista de la DEA Jennifer Taul minti\u00f3 en el juicio penal en que fue culpado de trabajar con narcotraficantes respaldados por c\u00e1rteles para transportar coca\u00edna a trav\u00e9s de Honduras con destino principalmente a Estados Unidos.<\/p>\n\n\n\n<p>Taul defendi\u00f3 en el juicio que el tr\u00e1fico de coca\u00edna a trav\u00e9s de Honduras aument\u00f3 durante los dos mandatos de Hern\u00e1ndez, mientras que el expresidente argument\u00f3 que en realidad disminuy\u00f3 utilizando como fuente a un profesor del Trinity College que aseguraba que la cantidad de esta droga desde Honduras a EE.UU. hab\u00eda ca\u00eddo un 82 % durante su gobierno.<\/p>\n\n\n\n<p>El juez federal de distrito P. Kevin Castel puso en duda esa afirmaci\u00f3n y aclar\u00f3 que Hern\u00e1ndez fue condenado por conspirar con narcotraficantes &#8220;independientemente de si el tr\u00e1fico total de coca\u00edna en Honduras aument\u00f3 o disminuy\u00f3&#8221; mientras \u00e9l era presidente.<\/p>\n","protected":false},"excerpt":{"rendered":"<p>NY.-Hern\u00e1ndez trat\u00f3 de utilizar la supuesta baza de que la analista de la DEA Jennifer Taul minti\u00f3 en el juicio penal en que fue culpado de trabajar con narcotraficantes respaldados&hellip;<\/p>\n","protected":false},"author":3,"featured_media":82979,"comment_status":"open","ping_status":"open","sticky":false,"template":"","format":"standard","meta":{"content-type":"","jetpack_post_was_ever_published":false,"_jetpack_newsletter_access":"","_jetpack_dont_email_post_to_subs":false,"_jetpack_newsletter_tier_id":0,"_jetpack_memberships_contains_paywalled_content":false,"_jetpack_memberships_contains_paid_content":false,"footnotes":""},"categories":[1],"tags":[4698],"class_list":["post-82978","post","type-post","status-publish","format-standard","has-post-thumbnail","hentry","category-sin-categoria","tag-expresidente"],"jetpack_featured_media_url":"https:\/\/lasprimeras.com.do\/wp-content\/uploads\/2024\/05\/6a0c8a05-4f4b-48f5-a1d9-1ad180753c4a-13.jpg","jetpack-related-posts":[{"id":116707,"url":"https:\/\/lasprimeras.com.do\/index.php\/2025\/12\/03\/expresidente-hondureno-juan-orlando-hernandez-liberado-tras-indulto-de-trump\/","url_meta":{"origin":82978,"position":0},"title":"Expresidente hondure\u00f1o Juan Orlando Hern\u00e1ndez liberado tras indulto de Trump","author":"Nelson Feliz","date":"3 de diciembre de 2025","format":false,"excerpt":"Por CHRISTOPHER SHERMAN y MIKE CATALINI TEGUCIGALPA, Honduras (AP) \u2014 El expresidente hondure\u00f1o Juan Orlando Hern\u00e1ndez, sentenciado el a\u00f1o pasado a 45 a\u00f1os de prisi\u00f3n por su papel en una operaci\u00f3n de narcotr\u00e1fico que traslad\u00f3 cientos de toneladas de coca\u00edna a Estados Unidos, fue liberado de prisi\u00f3n tras un indulto\u2026","rel":"","context":"En \u00abINTERNACIONALES\u00bb","block_context":{"text":"INTERNACIONALES","link":"https:\/\/lasprimeras.com.do\/index.php\/category\/sin-categoria\/internacionales\/"},"img":{"alt_text":"Juan Orlando Hern\u00e1ndez","src":"https:\/\/i0.wp.com\/lasprimeras.com.do\/wp-content\/uploads\/2025\/12\/Juan-Orlando-Hernandez.jpg?resize=350%2C200&ssl=1","width":350,"height":200,"srcset":"https:\/\/i0.wp.com\/lasprimeras.com.do\/wp-content\/uploads\/2025\/12\/Juan-Orlando-Hernandez.jpg?resize=350%2C200&ssl=1 1x, https:\/\/i0.wp.com\/lasprimeras.com.do\/wp-content\/uploads\/2025\/12\/Juan-Orlando-Hernandez.jpg?resize=525%2C300&ssl=1 1.5x, https:\/\/i0.wp.com\/lasprimeras.com.do\/wp-content\/uploads\/2025\/12\/Juan-Orlando-Hernandez.jpg?resize=700%2C400&ssl=1 2x"},"classes":[]},{"id":86815,"url":"https:\/\/lasprimeras.com.do\/index.php\/2024\/08\/01\/exjefe-de-la-policia-hondurena-es-condenado-a-19-anos-de-carcel-en-eeuu-por-distribucion-de-cocaina\/","url_meta":{"origin":82978,"position":1},"title":"Exjefe de la polic\u00eda hondure\u00f1a es condenado a 19 a\u00f1os de c\u00e1rcel en EEUU por distribuci\u00f3n de coca\u00edna","author":"Nelson Feliz","date":"1 de agosto de 2024","format":false,"excerpt":"By LARRY NEUMEISTER NUEVA YORK (AP) \u2014 El exdirector de la Polic\u00eda Nacional de Honduras fue condenado el jueves en Nueva York a 19 a\u00f1os de prisi\u00f3n tras declararse culpable de participar en una conjura para proteger cargamentos de coca\u00edna con destino a Estados Unidos. Juan Carlos Bonilla Valladares, de\u2026","rel":"","context":"En \u00abSin categor\u00eda\u00bb","block_context":{"text":"Sin categor\u00eda","link":"https:\/\/lasprimeras.com.do\/index.php\/category\/sin-categoria\/"},"img":{"alt_text":"Juan Carlos Bonilla Valladares","src":"https:\/\/i0.wp.com\/lasprimeras.com.do\/wp-content\/uploads\/2024\/08\/Juan-Carlos-Bonilla-Valladares.png?resize=350%2C200&ssl=1","width":350,"height":200,"srcset":"https:\/\/i0.wp.com\/lasprimeras.com.do\/wp-content\/uploads\/2024\/08\/Juan-Carlos-Bonilla-Valladares.png?resize=350%2C200&ssl=1 1x, https:\/\/i0.wp.com\/lasprimeras.com.do\/wp-content\/uploads\/2024\/08\/Juan-Carlos-Bonilla-Valladares.png?resize=525%2C300&ssl=1 1.5x, https:\/\/i0.wp.com\/lasprimeras.com.do\/wp-content\/uploads\/2024\/08\/Juan-Carlos-Bonilla-Valladares.png?resize=700%2C400&ssl=1 2x"},"classes":[]},{"id":118918,"url":"https:\/\/lasprimeras.com.do\/index.php\/2026\/01\/04\/caso-de-maduro-reaviva-debate-sobre-inmunidad-de-lideres-extranjeros-probado-en-juicio-a-noriega\/","url_meta":{"origin":82978,"position":2},"title":"Caso de Maduro reaviva debate sobre inmunidad de l\u00edderes extranjeros probado en juicio a Noriega","author":"Nelson Feliz","date":"4 de enero de 2026","format":false,"excerpt":"El general paname\u00f1o Manuel Antonio Noriega en Panam\u00e1 en mayo de 1989. (AP foto)","rel":"","context":"En \u00abINTERNACIONALES\u00bb","block_context":{"text":"INTERNACIONALES","link":"https:\/\/lasprimeras.com.do\/index.php\/category\/sin-categoria\/internacionales\/"},"img":{"alt_text":"El general paname\u00f1o Manuel Antonio Noriega en Panam\u00e1 en mayo de 1989. (AP foto)","src":"https:\/\/i0.wp.com\/lasprimeras.com.do\/wp-content\/uploads\/2026\/01\/El-general-panameno-Manuel-Antonio-Noriega-en-Panama-en-mayo-de-1989.jpg?resize=350%2C200&ssl=1","width":350,"height":200,"srcset":"https:\/\/i0.wp.com\/lasprimeras.com.do\/wp-content\/uploads\/2026\/01\/El-general-panameno-Manuel-Antonio-Noriega-en-Panama-en-mayo-de-1989.jpg?resize=350%2C200&ssl=1 1x, https:\/\/i0.wp.com\/lasprimeras.com.do\/wp-content\/uploads\/2026\/01\/El-general-panameno-Manuel-Antonio-Noriega-en-Panama-en-mayo-de-1989.jpg?resize=525%2C300&ssl=1 1.5x, https:\/\/i0.wp.com\/lasprimeras.com.do\/wp-content\/uploads\/2026\/01\/El-general-panameno-Manuel-Antonio-Noriega-en-Panama-en-mayo-de-1989.jpg?resize=700%2C400&ssl=1 2x"},"classes":[]},{"id":92241,"url":"https:\/\/lasprimeras.com.do\/index.php\/2024\/12\/29\/petro-dice-provenian-de-colombia-9-5-toneladas-cocaina-ocupadas-en-rd\/","url_meta":{"origin":82978,"position":3},"title":"Petro dice proven\u00edan de Colombia 9.5 toneladas coca\u00edna ocupadas en RD","author":"Nelson Feliz","date":"29 de diciembre de 2024","format":false,"excerpt":"El presidente de Colombia, Gustavo Petro, afirm\u00f3 este domingo que las 9.5 toneladas de coca\u00edna incautada en el Puerto Multimodal Caucedo de Boca Chica, Rep\u00fablica Dominicana, provino de grupos armados del Catatumbo. Petro, quien comparti\u00f3 estas declaraciones a trav\u00e9s de su cuenta de la red social X, a\u00f1adi\u00f3 que este\u2026","rel":"","context":"En \u00abNACIONALES\u00bb","block_context":{"text":"NACIONALES","link":"https:\/\/lasprimeras.com.do\/index.php\/category\/nacionales\/"},"img":{"alt_text":"Gustavo Petro","src":"https:\/\/i0.wp.com\/lasprimeras.com.do\/wp-content\/uploads\/2025\/01\/Gustavo-Petro.jpeg?resize=350%2C200&ssl=1","width":350,"height":200,"srcset":"https:\/\/i0.wp.com\/lasprimeras.com.do\/wp-content\/uploads\/2025\/01\/Gustavo-Petro.jpeg?resize=350%2C200&ssl=1 1x, https:\/\/i0.wp.com\/lasprimeras.com.do\/wp-content\/uploads\/2025\/01\/Gustavo-Petro.jpeg?resize=525%2C300&ssl=1 1.5x, https:\/\/i0.wp.com\/lasprimeras.com.do\/wp-content\/uploads\/2025\/01\/Gustavo-Petro.jpeg?resize=700%2C400&ssl=1 2x"},"classes":[]},{"id":117126,"url":"https:\/\/lasprimeras.com.do\/index.php\/2025\/12\/08\/candidata-oficialista-en-honduras-denuncia-manipulacion-del-conteo-y-pide-anular-los-comicios\/","url_meta":{"origin":82978,"position":4},"title":"Candidata oficialista en Honduras denuncia manipulaci\u00f3n del conteo y pide anular los comicios","author":"Nelson Feliz","date":"8 de diciembre de 2025","format":false,"excerpt":"POR MARLON GONZ\u00c1LEZ TEGUCIGALPA (AP) \u2014 La candidata del partido que gobierna Honduras, Rixi Moncada, pidi\u00f3 el domingo la nulidad de las elecciones presidenciales en el pa\u00eds alegando una manipulaci\u00f3n del sistema de conteo y presiones a la poblaci\u00f3n durante los comicios, sin presentar pruebas. \u201cLibre no reconoce las elecciones\u2026","rel":"","context":"En \u00abINTERNACIONALES\u00bb","block_context":{"text":"INTERNACIONALES","link":"https:\/\/lasprimeras.com.do\/index.php\/category\/sin-categoria\/internacionales\/"},"img":{"alt_text":"Rixi Moncada","src":"https:\/\/i0.wp.com\/lasprimeras.com.do\/wp-content\/uploads\/2025\/12\/Rixi-Moncada.jpg?resize=350%2C200&ssl=1","width":350,"height":200,"srcset":"https:\/\/i0.wp.com\/lasprimeras.com.do\/wp-content\/uploads\/2025\/12\/Rixi-Moncada.jpg?resize=350%2C200&ssl=1 1x, https:\/\/i0.wp.com\/lasprimeras.com.do\/wp-content\/uploads\/2025\/12\/Rixi-Moncada.jpg?resize=525%2C300&ssl=1 1.5x, https:\/\/i0.wp.com\/lasprimeras.com.do\/wp-content\/uploads\/2025\/12\/Rixi-Moncada.jpg?resize=700%2C400&ssl=1 2x"},"classes":[]},{"id":117622,"url":"https:\/\/lasprimeras.com.do\/index.php\/2025\/12\/12\/la-espectacular-derrota-del-partido-gobernante-en-honduras-genera-reflexion-y-criticas\/","url_meta":{"origin":82978,"position":5},"title":"La espectacular derrota del partido gobernante en Honduras genera reflexi\u00f3n y cr\u00edticas","author":"Nelson Feliz","date":"12 de diciembre de 2025","format":false,"excerpt":"POR CHRISTOPHER SHERMAN TEGUCIGALPA (AP) \u2014 Durante m\u00e1s de 30 a\u00f1os, Javier G\u00e1mez y Mar\u00eda Barahona trabajaron, ahorraron y estudiaron para sacar a su familia adelante. G\u00e1mez llenaba bolsas con arena del r\u00edo Choluteca, que serpentea por la capital hondure\u00f1a, y lustraba zapatos en un parque del centro mientras Barahona\u2026","rel":"","context":"En \u00abINTERNACIONALES\u00bb","block_context":{"text":"INTERNACIONALES","link":"https:\/\/lasprimeras.com.do\/index.php\/category\/sin-categoria\/internacionales\/"},"img":{"alt_text":"","src":"https:\/\/i0.wp.com\/lasprimeras.com.do\/wp-content\/uploads\/2025\/12\/HONDURAS-2.jpg?resize=350%2C200&ssl=1","width":350,"height":200,"srcset":"https:\/\/i0.wp.com\/lasprimeras.com.do\/wp-content\/uploads\/2025\/12\/HONDURAS-2.jpg?resize=350%2C200&ssl=1 1x, https:\/\/i0.wp.com\/lasprimeras.com.do\/wp-content\/uploads\/2025\/12\/HONDURAS-2.jpg?resize=525%2C300&ssl=1 1.5x, https:\/\/i0.wp.com\/lasprimeras.com.do\/wp-content\/uploads\/2025\/12\/HONDURAS-2.jpg?resize=700%2C400&ssl=1 2x"},"classes":[]}],"jetpack_sharing_enabled":true,"_links":{"self":[{"href":"https:\/\/lasprimeras.com.do\/index.php\/wp-json\/wp\/v2\/posts\/82978","targetHints":{"allow":["GET"]}}],"collection":[{"href":"https:\/\/lasprimeras.com.do\/index.php\/wp-json\/wp\/v2\/posts"}],"about":[{"href":"https:\/\/lasprimeras.com.do\/index.php\/wp-json\/wp\/v2\/types\/post"}],"author":[{"embeddable":true,"href":"https:\/\/lasprimeras.com.do\/index.php\/wp-json\/wp\/v2\/users\/3"}],"replies":[{"embeddable":true,"href":"https:\/\/lasprimeras.com.do\/index.php\/wp-json\/wp\/v2\/comments?post=82978"}],"version-history":[{"count":1,"href":"https:\/\/lasprimeras.com.do\/index.php\/wp-json\/wp\/v2\/posts\/82978\/revisions"}],"predecessor-version":[{"id":82980,"href":"https:\/\/lasprimeras.com.do\/index.php\/wp-json\/wp\/v2\/posts\/82978\/revisions\/82980"}],"wp:featuredmedia":[{"embeddable":true,"href":"https:\/\/lasprimeras.com.do\/index.php\/wp-json\/wp\/v2\/media\/82979"}],"wp:attachment":[{"href":"https:\/\/lasprimeras.com.do\/index.php\/wp-json\/wp\/v2\/media?parent=82978"}],"wp:term":[{"taxonomy":"category","embeddable":true,"href":"https:\/\/lasprimeras.com.do\/index.php\/wp-json\/wp\/v2\/categories?post=82978"},{"taxonomy":"post_tag","embeddable":true,"href":"https:\/\/lasprimeras.com.do\/index.php\/wp-json\/wp\/v2\/tags?post=82978"}],"curies":[{"name":"wp","href":"https:\/\/api.w.org\/{rel}","templated":true}]}}