{"id":82981,"date":"2024-05-10T08:04:05","date_gmt":"2024-05-10T12:04:05","guid":{"rendered":"https:\/\/lasprimeras.com.do\/?p=82981"},"modified":"2024-05-10T08:04:09","modified_gmt":"2024-05-10T12:04:09","slug":"trump-critica-a-los-judios-biden-si-votas-por-el-averguenzate","status":"publish","type":"post","link":"https:\/\/lasprimeras.com.do\/index.php\/2024\/05\/10\/trump-critica-a-los-judios-biden-si-votas-por-el-averguenzate\/","title":{"rendered":"Trump critica a los jud\u00edos Biden: &#8220;Si votas por \u00e9l, averg\u00fc\u00e9nzate&#8221;"},"content":{"rendered":"\n<p>EE.UU.-El expresidente Donald Trump (2017-2021) critic\u00f3 este jueves a jud\u00edos estadounidenses votantes del partido Dem\u00f3crata, despu\u00e9s de que la Administraci\u00f3n de Joe Biden confirmara el mi\u00e9rcoles que retendr\u00e1 el env\u00edo de armamento a Israel mientras estudia c\u00f3mo procede en el enclave palestino de Rafah.<\/p>\n\n\n\n<p>&#8220;Si son jud\u00edos, no voten por Biden. Est\u00e1n haciendo mucho da\u00f1o a su pa\u00eds. (Biden) Ahora est\u00e1 totalmente del otro bando. Ha abandonado a Israel. Si eres jud\u00edo y lo votas, te digo que te averg\u00fcences&#8221;, afirm\u00f3 Trump en una entrevista con la cadena Spectrum News 1.<\/p>\n\n\n\n<p>Tambi\u00e9n y habl\u00f3 de &#8220;lealtad&#8221;.asegur\u00f3 que \u00e9l no habr\u00eda tomado la decisi\u00f3n de Biden<\/p>\n\n\n\n<p>&#8220;Yo no har\u00eda lo que hizo Biden. Acaba de abandonar a Israel. Nunca he visto nada igual. Tienen que hacerlo (atacar Rafah)\u2026 Fueron atacados con sa\u00f1a el 7 de octubre. Tuvieron escenas que nadie ha visto jam\u00e1s&#8221;, expres\u00f3, cuando le preguntaron si aclarar\u00eda al primer ministro israel\u00ed, Benjam\u00edn Netanyahu, que la escalada de agresiones en la Franja de Gaza tiene un l\u00edmite.<\/p>\n\n\n\n<p>El exgobernante ya hab\u00eda cargado en repetidas ocasiones contra los jud\u00edos estadounidenses que votan por candidatos dem\u00f3cratas, tanto antes como despu\u00e9s del inicio de la guerra entre Israel y Ham\u00e1s. De hecho, en 2019, dijo que los dem\u00f3cratas jud\u00edos eran &#8220;muy desleales con Israel&#8221;.<\/p>\n","protected":false},"excerpt":{"rendered":"<p>EE.UU.-El expresidente Donald Trump (2017-2021) critic\u00f3 este jueves a jud\u00edos estadounidenses votantes del partido Dem\u00f3crata, despu\u00e9s de que la Administraci\u00f3n de Joe Biden confirmara el mi\u00e9rcoles que retendr\u00e1 el env\u00edo&hellip;<\/p>\n","protected":false},"author":3,"featured_media":82982,"comment_status":"open","ping_status":"open","sticky":false,"template":"","format":"standard","meta":{"content-type":"","jetpack_post_was_ever_published":false,"_jetpack_newsletter_access":"","_jetpack_dont_email_post_to_subs":false,"_jetpack_newsletter_tier_id":0,"_jetpack_memberships_contains_paywalled_content":false,"_jetpack_memberships_contains_paid_content":false,"footnotes":""},"categories":[1],"tags":[978],"class_list":["post-82981","post","type-post","status-publish","format-standard","has-post-thumbnail","hentry","category-sin-categoria","tag-donald-trump"],"jetpack_featured_media_url":"https:\/\/lasprimeras.com.do\/wp-content\/uploads\/2024\/05\/6a0c8a05-4f4b-48f5-a1d9-1ad180753c4a-14.jpg","jetpack-related-posts":[{"id":63420,"url":"https:\/\/lasprimeras.com.do\/index.php\/2023\/10\/12\/trump-dice-que-netanyahu-nos-decepciono-antes-del-ataque-aereo-de-2020-que-mato-a-un-alto-general-irani\/","url_meta":{"origin":82981,"position":0},"title":"Trump dice que Netanyahu &#8216;nos decepcion\u00f3&#8217; antes del ataque a\u00e9reo de 2020 que mat\u00f3 a un alto general iran\u00ed","author":"Nelson Feliz","date":"12 de octubre de 2023","format":false,"excerpt":"POR ADRIANA G\u00d3MEZ LIC\u00d3N MIAMI (AP) \u2014 El expresidente Donald Trump acus\u00f3 al primer ministro israel\u00ed, Benjamin Netanyahu, de traicionarlo justo antes de que Estados Unidos matara a un alto general iran\u00ed en 2020, rompiendo con el apoyo uniforme de las primarias presidenciales republicanas a Israel en respuesta al ataque\u2026","rel":"","context":"En \u00abSin categor\u00eda\u00bb","block_context":{"text":"Sin categor\u00eda","link":"https:\/\/lasprimeras.com.do\/index.php\/category\/sin-categoria\/"},"img":{"alt_text":"Donald Trump","src":"https:\/\/i0.wp.com\/lasprimeras.com.do\/wp-content\/uploads\/2023\/10\/Donald-Trump-1-1.jpg?resize=350%2C200&ssl=1","width":350,"height":200,"srcset":"https:\/\/i0.wp.com\/lasprimeras.com.do\/wp-content\/uploads\/2023\/10\/Donald-Trump-1-1.jpg?resize=350%2C200&ssl=1 1x, https:\/\/i0.wp.com\/lasprimeras.com.do\/wp-content\/uploads\/2023\/10\/Donald-Trump-1-1.jpg?resize=525%2C300&ssl=1 1.5x, https:\/\/i0.wp.com\/lasprimeras.com.do\/wp-content\/uploads\/2023\/10\/Donald-Trump-1-1.jpg?resize=700%2C400&ssl=1 2x"},"classes":[]},{"id":81894,"url":"https:\/\/lasprimeras.com.do\/index.php\/2024\/04\/26\/trump-resta-importancia-a-la-letal-manifestacion-de-charlottesville\/","url_meta":{"origin":82981,"position":1},"title":"Trump resta importancia a la letal manifestaci\u00f3n de Charlottesville","author":"Nelson Feliz","date":"26 de abril de 2024","format":false,"excerpt":"Trump la compararla con las protestas universitarias por la guerra de Gaza POR COLLEEN LARGO WASHINGTON (AP) \u2014 Donald Trump afirm\u00f3 el jueves que la manifestaci\u00f3n nacionalista blanca de 2017 en Charlottesville, Virginia, no fue \u201cnada\u201d comparada con las protestas en curso en campus universitarios pro palestinos, el \u00faltimo caso\u2026","rel":"","context":"En \u00abSin categor\u00eda\u00bb","block_context":{"text":"Sin categor\u00eda","link":"https:\/\/lasprimeras.com.do\/index.php\/category\/sin-categoria\/"},"img":{"alt_text":"Donald Trump","src":"https:\/\/i0.wp.com\/lasprimeras.com.do\/wp-content\/uploads\/2024\/04\/Donald-Trump.jpg?resize=350%2C200&ssl=1","width":350,"height":200,"srcset":"https:\/\/i0.wp.com\/lasprimeras.com.do\/wp-content\/uploads\/2024\/04\/Donald-Trump.jpg?resize=350%2C200&ssl=1 1x, https:\/\/i0.wp.com\/lasprimeras.com.do\/wp-content\/uploads\/2024\/04\/Donald-Trump.jpg?resize=525%2C300&ssl=1 1.5x, https:\/\/i0.wp.com\/lasprimeras.com.do\/wp-content\/uploads\/2024\/04\/Donald-Trump.jpg?resize=700%2C400&ssl=1 2x"},"classes":[]},{"id":78064,"url":"https:\/\/lasprimeras.com.do\/index.php\/2024\/02\/27\/trump-y-biden-ganaron-michigan-pero-los-votos-no-comprometidos-exigieron-atencion\/","url_meta":{"origin":82981,"position":2},"title":"Biden y Trump ganan las primarias de Michigan, acerc\u00e1ndose a una revancha","author":"Nelson Feliz","date":"27 de febrero de 2024","format":false,"excerpt":"POR SEUNG MIN KIM Y COREY WILLIAMS DEARBORN, Michigan (AP) \u2014 El presidente Joe Biden y el expresidente Donald Trump ganaron las primarias de Michigan el martes, solidificando a\u00fan m\u00e1s la casi segura revancha entre los dos hombres. Biden derrot\u00f3 al representante de Minnesota Dean Phillips, su \u00fanico oponente importante\u2026","rel":"","context":"En \u00abSin categor\u00eda\u00bb","block_context":{"text":"Sin categor\u00eda","link":"https:\/\/lasprimeras.com.do\/index.php\/category\/sin-categoria\/"},"img":{"alt_text":"Trump y Biden","src":"https:\/\/i0.wp.com\/lasprimeras.com.do\/wp-content\/uploads\/2024\/02\/Trump-y-Biden.png?resize=350%2C200&ssl=1","width":350,"height":200,"srcset":"https:\/\/i0.wp.com\/lasprimeras.com.do\/wp-content\/uploads\/2024\/02\/Trump-y-Biden.png?resize=350%2C200&ssl=1 1x, https:\/\/i0.wp.com\/lasprimeras.com.do\/wp-content\/uploads\/2024\/02\/Trump-y-Biden.png?resize=525%2C300&ssl=1 1.5x, https:\/\/i0.wp.com\/lasprimeras.com.do\/wp-content\/uploads\/2024\/02\/Trump-y-Biden.png?resize=700%2C400&ssl=1 2x"},"classes":[]},{"id":70602,"url":"https:\/\/lasprimeras.com.do\/index.php\/2023\/12\/12\/biden-dice-que-israel-pierde-apoyo-por-la-ofensiva-de-gaza-y-aconseja-cambiar-de-gobierno\/","url_meta":{"origin":82981,"position":3},"title":"Biden dice que Israel pierde apoyo por la ofensiva de Gaza y aconseja cambiar de Gobierno","author":"BIMARY DE JES\u00daS Matos","date":"12 de diciembre de 2023","format":false,"excerpt":"Washington, (EFE).- El presidente de Estados Unidos, Joe Biden, dijo este martes que Israel est\u00e1 perdiendo apoyo por los bombardeos de la Franja de Gaza y opin\u00f3 que el primer ministro israel\u00ed, Benjam\u00edn Netanyahu, deber\u00eda cambiar su Gobierno. \u00abEst\u00e1n empezando a perder apoyo\u00bb, dijo el l\u00edder dem\u00f3crata en un evento\u2026","rel":"","context":"En \u00abSin categor\u00eda\u00bb","block_context":{"text":"Sin categor\u00eda","link":"https:\/\/lasprimeras.com.do\/index.php\/category\/sin-categoria\/"},"img":{"alt_text":"","src":"https:\/\/i0.wp.com\/lasprimeras.com.do\/wp-content\/uploads\/2023\/12\/WhatsApp-Image-2023-12-12-at-10.09.55-AM-7.jpeg?resize=350%2C200&ssl=1","width":350,"height":200,"srcset":"https:\/\/i0.wp.com\/lasprimeras.com.do\/wp-content\/uploads\/2023\/12\/WhatsApp-Image-2023-12-12-at-10.09.55-AM-7.jpeg?resize=350%2C200&ssl=1 1x, https:\/\/i0.wp.com\/lasprimeras.com.do\/wp-content\/uploads\/2023\/12\/WhatsApp-Image-2023-12-12-at-10.09.55-AM-7.jpeg?resize=525%2C300&ssl=1 1.5x"},"classes":[]},{"id":84787,"url":"https:\/\/lasprimeras.com.do\/index.php\/2024\/06\/16\/aliados-de-trump-esperan-suegro-de-su-hija-tiffany-ayuden-a-cambiar-votos-arabes-en-michigan\/","url_meta":{"origin":82981,"position":4},"title":"Aliados de Trump esperan suegro de su hija Tiffany ayuden a cambiar votos \u00e1rabes en Michigan","author":"Nelson Feliz","date":"16 de junio de 2024","format":false,"excerpt":"POR JOEY CAPPELLETTI LANSING, Michigan (AP) \u2014 Uno de los emisarios de Donald Trump para los \u00e1rabes estadounidenses es un empresario nacido en el L\u00edbano que se mud\u00f3 a Texas cuando era adolescente, habla \u00e1rabe, ingl\u00e9s y franc\u00e9s, y recientemente se uni\u00f3 a la familia Trump cuando su hijo se\u2026","rel":"","context":"En \u00abSin categor\u00eda\u00bb","block_context":{"text":"Sin categor\u00eda","link":"https:\/\/lasprimeras.com.do\/index.php\/category\/sin-categoria\/"},"img":{"alt_text":"","src":"https:\/\/i0.wp.com\/lasprimeras.com.do\/wp-content\/uploads\/2024\/06\/ALIADOS.jpg?resize=350%2C200&ssl=1","width":350,"height":200,"srcset":"https:\/\/i0.wp.com\/lasprimeras.com.do\/wp-content\/uploads\/2024\/06\/ALIADOS.jpg?resize=350%2C200&ssl=1 1x, https:\/\/i0.wp.com\/lasprimeras.com.do\/wp-content\/uploads\/2024\/06\/ALIADOS.jpg?resize=525%2C300&ssl=1 1.5x, https:\/\/i0.wp.com\/lasprimeras.com.do\/wp-content\/uploads\/2024\/06\/ALIADOS.jpg?resize=700%2C400&ssl=1 2x"},"classes":[]},{"id":90634,"url":"https:\/\/lasprimeras.com.do\/index.php\/2024\/10\/26\/biden-retrata-a-trump-como-el-enemigo-de-los-sindicatos-para-captar-votos-para-harris\/","url_meta":{"origin":82981,"position":5},"title":"Biden retrata a Trump como el &#8220;enemigo&#8221; de los sindicatos para captar votos para Harris","author":"Nelson Feliz","date":"26 de octubre de 2024","format":false,"excerpt":"Washington, (EFE).- El presidente de Estados Unidos, Joe Biden, retrat\u00f3 este s\u00e1bado a su antecesor y candidato republicano Donald Trump como el \u201cenemigo\u201d de los sindicatos, en un intento por atraer el voto sindical para la vicepresidenta dem\u00f3crata Kamala Harris de cara a las elecciones del 5 de noviembre. Biden,\u2026","rel":"","context":"En \u00abSin categor\u00eda\u00bb","block_context":{"text":"Sin categor\u00eda","link":"https:\/\/lasprimeras.com.do\/index.php\/category\/sin-categoria\/"},"img":{"alt_text":"Joe Biden","src":"https:\/\/i0.wp.com\/lasprimeras.com.do\/wp-content\/uploads\/2024\/10\/Joe-Biden-4.jpg?resize=350%2C200&ssl=1","width":350,"height":200,"srcset":"https:\/\/i0.wp.com\/lasprimeras.com.do\/wp-content\/uploads\/2024\/10\/Joe-Biden-4.jpg?resize=350%2C200&ssl=1 1x, https:\/\/i0.wp.com\/lasprimeras.com.do\/wp-content\/uploads\/2024\/10\/Joe-Biden-4.jpg?resize=525%2C300&ssl=1 1.5x, https:\/\/i0.wp.com\/lasprimeras.com.do\/wp-content\/uploads\/2024\/10\/Joe-Biden-4.jpg?resize=700%2C400&ssl=1 2x"},"classes":[]}],"jetpack_sharing_enabled":true,"_links":{"self":[{"href":"https:\/\/lasprimeras.com.do\/index.php\/wp-json\/wp\/v2\/posts\/82981","targetHints":{"allow":["GET"]}}],"collection":[{"href":"https:\/\/lasprimeras.com.do\/index.php\/wp-json\/wp\/v2\/posts"}],"about":[{"href":"https:\/\/lasprimeras.com.do\/index.php\/wp-json\/wp\/v2\/types\/post"}],"author":[{"embeddable":true,"href":"https:\/\/lasprimeras.com.do\/index.php\/wp-json\/wp\/v2\/users\/3"}],"replies":[{"embeddable":true,"href":"https:\/\/lasprimeras.com.do\/index.php\/wp-json\/wp\/v2\/comments?post=82981"}],"version-history":[{"count":1,"href":"https:\/\/lasprimeras.com.do\/index.php\/wp-json\/wp\/v2\/posts\/82981\/revisions"}],"predecessor-version":[{"id":82983,"href":"https:\/\/lasprimeras.com.do\/index.php\/wp-json\/wp\/v2\/posts\/82981\/revisions\/82983"}],"wp:featuredmedia":[{"embeddable":true,"href":"https:\/\/lasprimeras.com.do\/index.php\/wp-json\/wp\/v2\/media\/82982"}],"wp:attachment":[{"href":"https:\/\/lasprimeras.com.do\/index.php\/wp-json\/wp\/v2\/media?parent=82981"}],"wp:term":[{"taxonomy":"category","embeddable":true,"href":"https:\/\/lasprimeras.com.do\/index.php\/wp-json\/wp\/v2\/categories?post=82981"},{"taxonomy":"post_tag","embeddable":true,"href":"https:\/\/lasprimeras.com.do\/index.php\/wp-json\/wp\/v2\/tags?post=82981"}],"curies":[{"name":"wp","href":"https:\/\/api.w.org\/{rel}","templated":true}]}}