{"id":82984,"date":"2024-05-10T08:07:15","date_gmt":"2024-05-10T12:07:15","guid":{"rendered":"https:\/\/lasprimeras.com.do\/?p=82984"},"modified":"2024-05-10T08:07:17","modified_gmt":"2024-05-10T12:07:17","slug":"el-gobierno-de-biden-propone-acelerar-la-negacion-del-asilo-a-migrantes-con-antecedentes","status":"publish","type":"post","link":"https:\/\/lasprimeras.com.do\/index.php\/2024\/05\/10\/el-gobierno-de-biden-propone-acelerar-la-negacion-del-asilo-a-migrantes-con-antecedentes\/","title":{"rendered":"El gobierno de Biden propone acelerar la negaci\u00f3n del asilo a migrantes con antecedentes"},"content":{"rendered":"\n<p>NY.-El gobierno del presidente estadounidense Joe Biden ha impulsado este jueves una norma que acelera la negaci\u00f3n de asilo a migrantes que representan un peligro para &#8220;la seguridad nacional o p\u00fablica&#8221;, cuando faltan menos de seis meses para las elecciones presidenciales.<\/p>\n\n\n\n<p>Es la \u00faltima medida del dem\u00f3crata para intentar convencer al electorado de que es proactivo frente a la afluencia de migrantes que cruzan la frontera sin visa y sin usar las &#8220;v\u00edas legales&#8221;, como pedir cita a trav\u00e9s de una aplicaci\u00f3n de tel\u00e9fono m\u00f3vil, hacer los tr\u00e1mites en los pa\u00edses por los que pasan o acogerse a permisos humanitarios.<\/p>\n\n\n\n<p>Y es que la migraci\u00f3n se ha convertido en un tema central de la campa\u00f1a para los comicios de noviembre que disputar\u00e1 con su predecesor republicano Donald Trump, quien amenaza con una deportaci\u00f3n masiva de migrantes si regresa a la Casa Blanca.<\/p>\n","protected":false},"excerpt":{"rendered":"<p>NY.-El gobierno del presidente estadounidense Joe Biden ha impulsado este jueves una norma que acelera la negaci\u00f3n de asilo a migrantes que representan un peligro para &#8220;la seguridad nacional o&hellip;<\/p>\n","protected":false},"author":3,"featured_media":82985,"comment_status":"open","ping_status":"open","sticky":false,"template":"","format":"standard","meta":{"content-type":"","jetpack_post_was_ever_published":false,"_jetpack_newsletter_access":"","_jetpack_dont_email_post_to_subs":false,"_jetpack_newsletter_tier_id":0,"_jetpack_memberships_contains_paywalled_content":false,"_jetpack_memberships_contains_paid_content":false,"footnotes":""},"categories":[1],"tags":[1343],"class_list":["post-82984","post","type-post","status-publish","format-standard","has-post-thumbnail","hentry","category-sin-categoria","tag-joe-biden"],"jetpack_featured_media_url":"https:\/\/lasprimeras.com.do\/wp-content\/uploads\/2024\/05\/6a0c8a05-4f4b-48f5-a1d9-1ad180753c4a-15.jpg","jetpack-related-posts":[{"id":82954,"url":"https:\/\/lasprimeras.com.do\/index.php\/2024\/05\/09\/nueva-norma-de-eeuu-pretende-acelerar-proceso-de-solicitud-de-asilo-para-grupo-limitado-de-migrantes\/","url_meta":{"origin":82984,"position":0},"title":"Nueva norma de EEUU pretende acelerar proceso de solicitud de asilo para grupo limitado de migrantes","author":"Nelson Feliz","date":"9 de mayo de 2024","format":false,"excerpt":"BY REBECCA SANTANA WASHINGTON (AP) \u2014 Una nueva norma del gobierno de Estados Unidos anunciada el jueves tiene como objetivo acelerar el proceso de solicitud de asilo en la frontera sur para un grupo limitado de personas que se crea que han cometido delitos graves o tienen v\u00ednculos terroristas y,\u2026","rel":"","context":"En \u00abSin categor\u00eda\u00bb","block_context":{"text":"Sin categor\u00eda","link":"https:\/\/lasprimeras.com.do\/index.php\/category\/sin-categoria\/"},"img":{"alt_text":"","src":"https:\/\/i0.wp.com\/lasprimeras.com.do\/wp-content\/uploads\/2024\/05\/asilo.jpg?resize=350%2C200&ssl=1","width":350,"height":200,"srcset":"https:\/\/i0.wp.com\/lasprimeras.com.do\/wp-content\/uploads\/2024\/05\/asilo.jpg?resize=350%2C200&ssl=1 1x, https:\/\/i0.wp.com\/lasprimeras.com.do\/wp-content\/uploads\/2024\/05\/asilo.jpg?resize=525%2C300&ssl=1 1.5x, https:\/\/i0.wp.com\/lasprimeras.com.do\/wp-content\/uploads\/2024\/05\/asilo.jpg?resize=700%2C400&ssl=1 2x"},"classes":[]},{"id":58510,"url":"https:\/\/lasprimeras.com.do\/index.php\/2023\/08\/24\/biden-recibira-al-presidente-costarricense-rodrigo-chaves-en-la-casa-blanca\/","url_meta":{"origin":82984,"position":1},"title":"Biden recibir\u00e1 al presidente costarricense Rodrigo Chaves en la Casa Blanca","author":"Nelson Feliz","date":"24 de agosto de 2023","format":false,"excerpt":"El presidente estadounidense Joe Biden recibir\u00e1 el martes a su hom\u00f3logo costarricense Rodrigo Chaves en la Casa Blanca, luego de un acuerdo entre ambas naciones sobre posibles v\u00edas legales para los migrantes. La secretaria de Prensa de la Casa Blanca, Karine Jean-Pierre, dijo en un comunicado emitido el mi\u00e9rcoles que\u2026","rel":"","context":"En \u00abSin categor\u00eda\u00bb","block_context":{"text":"Sin categor\u00eda","link":"https:\/\/lasprimeras.com.do\/index.php\/category\/sin-categoria\/"},"img":{"alt_text":"Presidente de Costa Rica, Rodrigo ChavesAP FOTO","src":"https:\/\/i0.wp.com\/lasprimeras.com.do\/wp-content\/uploads\/2023\/08\/Rodrigo-Chaves.png?resize=350%2C200&ssl=1","width":350,"height":200,"srcset":"https:\/\/i0.wp.com\/lasprimeras.com.do\/wp-content\/uploads\/2023\/08\/Rodrigo-Chaves.png?resize=350%2C200&ssl=1 1x, https:\/\/i0.wp.com\/lasprimeras.com.do\/wp-content\/uploads\/2023\/08\/Rodrigo-Chaves.png?resize=525%2C300&ssl=1 1.5x, https:\/\/i0.wp.com\/lasprimeras.com.do\/wp-content\/uploads\/2023\/08\/Rodrigo-Chaves.png?resize=700%2C400&ssl=1 2x"},"classes":[]},{"id":85583,"url":"https:\/\/lasprimeras.com.do\/index.php\/2024\/07\/03\/migrantes-hacen-una-pausa-en-la-amazonia-ahora-que-llegar-a-estados-unidos-es-mas-complicado\/","url_meta":{"origin":82984,"position":2},"title":"Migrantes hacen una pausa en la Amazon\u00eda ahora que llegar a Estados Unidos es m\u00e1s complicado","author":"Nelson Feliz","date":"3 de julio de 2024","format":false,"excerpt":"BY MAURICIO SAVARESE ASSIS BRASIL, Brasil (AP) \u2014 Docenas de migrantes duermen en un refugio de madera de seis habitaciones infestado de mosquitos en la Amazon\u00eda brasile\u00f1a, con sus sue\u00f1os de una vida mejor en Estados Unidos en suspenso debido a las nuevas normas de asilo del presidente Joe Biden.\u2026","rel":"","context":"En \u00abSin categor\u00eda\u00bb","block_context":{"text":"Sin categor\u00eda","link":"https:\/\/lasprimeras.com.do\/index.php\/category\/sin-categoria\/"},"img":{"alt_text":"","src":"https:\/\/i0.wp.com\/lasprimeras.com.do\/wp-content\/uploads\/2024\/07\/migrantes.jpg?resize=350%2C200&ssl=1","width":350,"height":200,"srcset":"https:\/\/i0.wp.com\/lasprimeras.com.do\/wp-content\/uploads\/2024\/07\/migrantes.jpg?resize=350%2C200&ssl=1 1x, https:\/\/i0.wp.com\/lasprimeras.com.do\/wp-content\/uploads\/2024\/07\/migrantes.jpg?resize=525%2C300&ssl=1 1.5x, https:\/\/i0.wp.com\/lasprimeras.com.do\/wp-content\/uploads\/2024\/07\/migrantes.jpg?resize=700%2C400&ssl=1 2x"},"classes":[]},{"id":88594,"url":"https:\/\/lasprimeras.com.do\/index.php\/2024\/08\/31\/distribuiran-25-millones-para-apoyar-solicitantes-de-asilo-en-nueva-york\/","url_meta":{"origin":82984,"position":3},"title":"Distribuir\u00e1n $25 millones para apoyar solicitantes de asilo en Nueva York","author":"Nelson Feliz","date":"31 de agosto de 2024","format":false,"excerpt":"La iniciativa, encabezada por el legislador Adriano Espaillat para asignar fondos federales para ayudar a las familias migrantes en la ciudad de Nueva York y en las principales ciudades de la naci\u00f3n.\u00a0Por: Aquiles Rojas NUEVA YORK. \u00a0\u2013La Oficina de Aduanas y Protecci\u00f3n Fronteriza de los Estados Unidos y la Agencia\u2026","rel":"","context":"En \u00abECONOM\u00cdA\u00bb","block_context":{"text":"ECONOM\u00cdA","link":"https:\/\/lasprimeras.com.do\/index.php\/category\/economia\/"},"img":{"alt_text":"Adriano Espaillat","src":"https:\/\/i0.wp.com\/lasprimeras.com.do\/wp-content\/uploads\/2024\/04\/Adriano-Espaillat.jpeg?resize=350%2C200&ssl=1","width":350,"height":200,"srcset":"https:\/\/i0.wp.com\/lasprimeras.com.do\/wp-content\/uploads\/2024\/04\/Adriano-Espaillat.jpeg?resize=350%2C200&ssl=1 1x, https:\/\/i0.wp.com\/lasprimeras.com.do\/wp-content\/uploads\/2024\/04\/Adriano-Espaillat.jpeg?resize=525%2C300&ssl=1 1.5x, https:\/\/i0.wp.com\/lasprimeras.com.do\/wp-content\/uploads\/2024\/04\/Adriano-Espaillat.jpeg?resize=700%2C400&ssl=1 2x"},"classes":[]},{"id":61143,"url":"https:\/\/lasprimeras.com.do\/index.php\/2023\/09\/22\/con-cruces-entre-eeuu-y-mexico-cerrados-ciudades-y-agentes-afrontan-repunte-en-llegada-de-migrantes\/","url_meta":{"origin":82984,"position":4},"title":"Con cruces entre EEUU y M\u00e9xico cerrados, ciudades y agentes afrontan repunte en llegada de migrantes","author":"Nelson Feliz","date":"22 de septiembre de 2023","format":false,"excerpt":"El alcalde, Rolando Salinas, dijo que alrededor de 2.000 personas hab\u00edan cruzado el jueves, casi la mitad que en la v\u00edspera. Pero tras una reuni\u00f3n con la polic\u00eda estatal y agentes fronterizos, Salinas indic\u00f3 que se le dijo que las multitudes podr\u00edan seguir llegando durante el fin de semana. En\u2026","rel":"","context":"En \u00abSin categor\u00eda\u00bb","block_context":{"text":"Sin categor\u00eda","link":"https:\/\/lasprimeras.com.do\/index.php\/category\/sin-categoria\/"},"img":{"alt_text":"Migrantes forman una cadena humana para cruzar el R\u00edo Bravo desde M\u00e9xico a Estados Unidos, el 21 de septiembre de 2023, en Eagle Pass, Texas.AP","src":"https:\/\/i0.wp.com\/lasprimeras.com.do\/wp-content\/uploads\/2023\/09\/migrantes.jpeg?resize=350%2C200&ssl=1","width":350,"height":200,"srcset":"https:\/\/i0.wp.com\/lasprimeras.com.do\/wp-content\/uploads\/2023\/09\/migrantes.jpeg?resize=350%2C200&ssl=1 1x, https:\/\/i0.wp.com\/lasprimeras.com.do\/wp-content\/uploads\/2023\/09\/migrantes.jpeg?resize=525%2C300&ssl=1 1.5x, https:\/\/i0.wp.com\/lasprimeras.com.do\/wp-content\/uploads\/2023\/09\/migrantes.jpeg?resize=700%2C400&ssl=1 2x"},"classes":[]},{"id":57087,"url":"https:\/\/lasprimeras.com.do\/index.php\/2023\/08\/09\/gobernador-de-texas-descarta-que-dos-muertes-fueran-por-sus-boyas-en-el-rio-bravo\/","url_meta":{"origin":82984,"position":5},"title":"Gobernador de Texas descarta que dos muertes fueran por sus boyas en el R\u00edo Bravo","author":"Nelson Feliz","date":"9 de agosto de 2023","format":false,"excerpt":"Tambi\u00e9n se han instalado barreras de alambres de p\u00faas en la frontera para bloquear el paso de migrantes. El gobernador de Texas, Greg Abbott, descart\u00f3 el martes que las boyas que mand\u00f3 instalar en el R\u00edo Bravo para contener el cruce de migrantes desde M\u00e9xico a Estados Unidos causaran la\u2026","rel":"","context":"En \u00abSin categor\u00eda\u00bb","block_context":{"text":"Sin categor\u00eda","link":"https:\/\/lasprimeras.com.do\/index.php\/category\/sin-categoria\/"},"img":{"alt_text":"","src":"https:\/\/i0.wp.com\/lasprimeras.com.do\/wp-content\/uploads\/2023\/08\/boyas.jpeg?resize=350%2C200&ssl=1","width":350,"height":200,"srcset":"https:\/\/i0.wp.com\/lasprimeras.com.do\/wp-content\/uploads\/2023\/08\/boyas.jpeg?resize=350%2C200&ssl=1 1x, https:\/\/i0.wp.com\/lasprimeras.com.do\/wp-content\/uploads\/2023\/08\/boyas.jpeg?resize=525%2C300&ssl=1 1.5x, https:\/\/i0.wp.com\/lasprimeras.com.do\/wp-content\/uploads\/2023\/08\/boyas.jpeg?resize=700%2C400&ssl=1 2x"},"classes":[]}],"jetpack_sharing_enabled":true,"_links":{"self":[{"href":"https:\/\/lasprimeras.com.do\/index.php\/wp-json\/wp\/v2\/posts\/82984","targetHints":{"allow":["GET"]}}],"collection":[{"href":"https:\/\/lasprimeras.com.do\/index.php\/wp-json\/wp\/v2\/posts"}],"about":[{"href":"https:\/\/lasprimeras.com.do\/index.php\/wp-json\/wp\/v2\/types\/post"}],"author":[{"embeddable":true,"href":"https:\/\/lasprimeras.com.do\/index.php\/wp-json\/wp\/v2\/users\/3"}],"replies":[{"embeddable":true,"href":"https:\/\/lasprimeras.com.do\/index.php\/wp-json\/wp\/v2\/comments?post=82984"}],"version-history":[{"count":1,"href":"https:\/\/lasprimeras.com.do\/index.php\/wp-json\/wp\/v2\/posts\/82984\/revisions"}],"predecessor-version":[{"id":82986,"href":"https:\/\/lasprimeras.com.do\/index.php\/wp-json\/wp\/v2\/posts\/82984\/revisions\/82986"}],"wp:featuredmedia":[{"embeddable":true,"href":"https:\/\/lasprimeras.com.do\/index.php\/wp-json\/wp\/v2\/media\/82985"}],"wp:attachment":[{"href":"https:\/\/lasprimeras.com.do\/index.php\/wp-json\/wp\/v2\/media?parent=82984"}],"wp:term":[{"taxonomy":"category","embeddable":true,"href":"https:\/\/lasprimeras.com.do\/index.php\/wp-json\/wp\/v2\/categories?post=82984"},{"taxonomy":"post_tag","embeddable":true,"href":"https:\/\/lasprimeras.com.do\/index.php\/wp-json\/wp\/v2\/tags?post=82984"}],"curies":[{"name":"wp","href":"https:\/\/api.w.org\/{rel}","templated":true}]}}