{"id":82987,"date":"2024-05-10T08:09:07","date_gmt":"2024-05-10T12:09:07","guid":{"rendered":"https:\/\/lasprimeras.com.do\/?p=82987"},"modified":"2024-05-10T08:09:08","modified_gmt":"2024-05-10T12:09:08","slug":"ee-uu-construye-en-haiti-base-que-acogera-a-agentes-de-la-mision-internacional","status":"publish","type":"post","link":"https:\/\/lasprimeras.com.do\/index.php\/2024\/05\/10\/ee-uu-construye-en-haiti-base-que-acogera-a-agentes-de-la-mision-internacional\/","title":{"rendered":"EE.UU. construye en Hait\u00ed base que acoger\u00e1 a agentes de la misi\u00f3n internacional"},"content":{"rendered":"\n<p>EE.UU.-El Comando Sur del Ej\u00e9rcito de EE.UU. confirm\u00f3 que ha coordinado varios vuelos de aeronaves militares estadounidenses que transportan equipos y contratistas civiles encargados de &#8220;establecer el \u00e1rea de vivienda temporal para la eventual llegada de la Misi\u00f3n Multinacional de Apoyo a la Seguridad&#8221;, seg\u00fan recoge el medio haitiano Le Nouvelliste.<\/p>\n\n\n\n<p>En una publicaci\u00f3n del pasado mi\u00e9rcoles, el diario estadounidense The New York Times tambi\u00e9n se hizo eco del prop\u00f3sito de los aviones provenientes de Estados Unidos en Hait\u00ed, al asegurar, tras consultar a funcionarios del pa\u00eds, que allanan el camino para el despliegue que la misi\u00f3n de siete naciones, encabezada por Kenia.<\/p>\n","protected":false},"excerpt":{"rendered":"<p>EE.UU.-El Comando Sur del Ej\u00e9rcito de EE.UU. confirm\u00f3 que ha coordinado varios vuelos de aeronaves militares estadounidenses que transportan equipos y contratistas civiles encargados de &#8220;establecer el \u00e1rea de vivienda&hellip;<\/p>\n","protected":false},"author":3,"featured_media":82988,"comment_status":"open","ping_status":"open","sticky":false,"template":"","format":"standard","meta":{"content-type":"","jetpack_post_was_ever_published":false,"_jetpack_newsletter_access":"","_jetpack_dont_email_post_to_subs":false,"_jetpack_newsletter_tier_id":0,"_jetpack_memberships_contains_paywalled_content":false,"_jetpack_memberships_contains_paid_content":false,"footnotes":""},"categories":[1],"tags":[2768],"class_list":["post-82987","post","type-post","status-publish","format-standard","has-post-thumbnail","hentry","category-sin-categoria","tag-ee-uu-3"],"jetpack_featured_media_url":"https:\/\/lasprimeras.com.do\/wp-content\/uploads\/2024\/05\/6a0c8a05-4f4b-48f5-a1d9-1ad180753c4a-16.jpg","jetpack-related-posts":[{"id":60282,"url":"https:\/\/lasprimeras.com.do\/index.php\/2023\/09\/12\/ee-uu-advierte-a-sus-ciudadanos-que-no-podran-entrar-a-rd-si-cierran-frontera-con-haiti\/","url_meta":{"origin":82987,"position":0},"title":"EE.UU. advierte a sus ciudadanos que no podr\u00e1n entrar a RD si cierran frontera con Hait\u00ed","author":"Nelson Feliz","date":"12 de septiembre de 2023","format":false,"excerpt":"Estados Unidos mantiene a Hait\u00ed en el nivel 4 de alerta de viaje, que llama a no viajar y a la salida inmediata del territorio. Los estadounidenses que se encuentran en Hait\u00ed y planean viajar hacia la Rep\u00fablica Dominicana deben salir antes del 14 de septiembre o considerar hacer \"arreglos\u2026","rel":"","context":"En \u00abPORTADA\u00bb","block_context":{"text":"PORTADA","link":"https:\/\/lasprimeras.com.do\/index.php\/category\/portada\/"},"img":{"alt_text":"RD si cierran frontera con Hait\u00ed","src":"https:\/\/i0.wp.com\/lasprimeras.com.do\/wp-content\/uploads\/2023\/09\/cierre-frontera-dajabon-aneudy-focus-0-0-896-504.jpg?resize=350%2C200&ssl=1","width":350,"height":200,"srcset":"https:\/\/i0.wp.com\/lasprimeras.com.do\/wp-content\/uploads\/2023\/09\/cierre-frontera-dajabon-aneudy-focus-0-0-896-504.jpg?resize=350%2C200&ssl=1 1x, https:\/\/i0.wp.com\/lasprimeras.com.do\/wp-content\/uploads\/2023\/09\/cierre-frontera-dajabon-aneudy-focus-0-0-896-504.jpg?resize=525%2C300&ssl=1 1.5x, https:\/\/i0.wp.com\/lasprimeras.com.do\/wp-content\/uploads\/2023\/09\/cierre-frontera-dajabon-aneudy-focus-0-0-896-504.jpg?resize=700%2C400&ssl=1 2x"},"classes":[]},{"id":61172,"url":"https:\/\/lasprimeras.com.do\/index.php\/2023\/09\/22\/la-mision-multinacional-de-apoyo-a-haiti-recibe-cada-vez-mas-apoyos-en-la-onu\/","url_meta":{"origin":82987,"position":1},"title":"La misi\u00f3n multinacional de apoyo a Hait\u00ed recibe cada vez m\u00e1s apoyos en la ONU","author":"Nelson Feliz","date":"22 de septiembre de 2023","format":false,"excerpt":"El propio Gobierno haitiano lleva meses solicitando el env\u00edo de una misi\u00f3n internacional de la ONU para asistir a la Polic\u00eda. La misi\u00f3n multinacional de ayuda a la Polic\u00eda de Hait\u00ed que solicit\u00f3 el propio Gobierno del pa\u00eds a las Naciones Unidas recaba cada vez m\u00e1s apoyos concretos, y parece\u2026","rel":"","context":"En \u00abSin categor\u00eda\u00bb","block_context":{"text":"Sin categor\u00eda","link":"https:\/\/lasprimeras.com.do\/index.php\/category\/sin-categoria\/"},"img":{"alt_text":"La ONU ha insistido en que esa misi\u00f3n no se asemeja a una fuerza de paz o de interposici\u00f3n, como suele ser lo habitual.","src":"https:\/\/i0.wp.com\/lasprimeras.com.do\/wp-content\/uploads\/2023\/09\/onu.jpg?resize=350%2C200&ssl=1","width":350,"height":200,"srcset":"https:\/\/i0.wp.com\/lasprimeras.com.do\/wp-content\/uploads\/2023\/09\/onu.jpg?resize=350%2C200&ssl=1 1x, https:\/\/i0.wp.com\/lasprimeras.com.do\/wp-content\/uploads\/2023\/09\/onu.jpg?resize=525%2C300&ssl=1 1.5x, https:\/\/i0.wp.com\/lasprimeras.com.do\/wp-content\/uploads\/2023\/09\/onu.jpg?resize=700%2C400&ssl=1 2x"},"classes":[]},{"id":115907,"url":"https:\/\/lasprimeras.com.do\/index.php\/2025\/11\/26\/ee-uu-realiza-vuelos-nocturnos-en-el-caribe-desde-el-portaviones-mas-grande-del-mundo\/","url_meta":{"origin":82987,"position":2},"title":"EE.UU. realiza vuelos nocturnos en el Caribe desde el portaviones m\u00e1s grande del mundo","author":"Nelson Feliz","date":"26 de noviembre de 2025","format":false,"excerpt":"Piloto de la Fuerza Armada de EE.UU. en un operativo en el Caribe, el 25 de noviembre de 2025","rel":"","context":"En \u00abINTERNACIONALES\u00bb","block_context":{"text":"INTERNACIONALES","link":"https:\/\/lasprimeras.com.do\/index.php\/category\/sin-categoria\/internacionales\/"},"img":{"alt_text":"EE.UU. realiza vuelos nocturnos en el Caribe","src":"https:\/\/i0.wp.com\/lasprimeras.com.do\/wp-content\/uploads\/2025\/11\/EE.UU_.-realiza-vuelos-nocturnos-en-el-Caribe.jpg?resize=350%2C200&ssl=1","width":350,"height":200,"srcset":"https:\/\/i0.wp.com\/lasprimeras.com.do\/wp-content\/uploads\/2025\/11\/EE.UU_.-realiza-vuelos-nocturnos-en-el-Caribe.jpg?resize=350%2C200&ssl=1 1x, https:\/\/i0.wp.com\/lasprimeras.com.do\/wp-content\/uploads\/2025\/11\/EE.UU_.-realiza-vuelos-nocturnos-en-el-Caribe.jpg?resize=525%2C300&ssl=1 1.5x, https:\/\/i0.wp.com\/lasprimeras.com.do\/wp-content\/uploads\/2025\/11\/EE.UU_.-realiza-vuelos-nocturnos-en-el-Caribe.jpg?resize=700%2C400&ssl=1 2x"},"classes":[]},{"id":107426,"url":"https:\/\/lasprimeras.com.do\/index.php\/2025\/08\/26\/caracas-eleva-ante-la-onu-la-escalada-de-acciones-hostiles-de-ee-uu\/","url_meta":{"origin":82987,"position":3},"title":"Caracas eleva ante la ONU la escalada de &#8220;acciones hostiles&#8221; de EE.UU.","author":"Nelson Feliz","date":"26 de agosto de 2025","format":false,"excerpt":"El despliegue de buques es visto como una \"grave amenaza a la paz y la seguridad\" de la regi\u00f3n. Caracas, RT.-. La Misi\u00f3n Permanente de Venezuela ante las Naciones Unidas denunci\u00f3 este martes la \"escalada de acciones hostiles y amenazas\" del Gobierno de EE.UU., que ahora incluyen el pr\u00f3ximo despliegue\u2026","rel":"","context":"En \u00abINTERNACIONALES\u00bb","block_context":{"text":"INTERNACIONALES","link":"https:\/\/lasprimeras.com.do\/index.php\/category\/sin-categoria\/internacionales\/"},"img":{"alt_text":"","src":"https:\/\/i0.wp.com\/lasprimeras.com.do\/wp-content\/uploads\/2025\/08\/barcos.jpg?resize=350%2C200&ssl=1","width":350,"height":200,"srcset":"https:\/\/i0.wp.com\/lasprimeras.com.do\/wp-content\/uploads\/2025\/08\/barcos.jpg?resize=350%2C200&ssl=1 1x, https:\/\/i0.wp.com\/lasprimeras.com.do\/wp-content\/uploads\/2025\/08\/barcos.jpg?resize=525%2C300&ssl=1 1.5x, https:\/\/i0.wp.com\/lasprimeras.com.do\/wp-content\/uploads\/2025\/08\/barcos.jpg?resize=700%2C400&ssl=1 2x, https:\/\/i0.wp.com\/lasprimeras.com.do\/wp-content\/uploads\/2025\/08\/barcos.jpg?resize=1050%2C600&ssl=1 3x"},"classes":[]},{"id":83049,"url":"https:\/\/lasprimeras.com.do\/index.php\/2024\/05\/10\/aterriza-avion-militar-de-ee-uu-en-puerto-principe-mientras-aerolineas-desisten-de-reanudar-vuelos\/","url_meta":{"origin":82987,"position":4},"title":"Aterriza avi\u00f3n militar de EE.UU. en Puerto Pr\u00edncipe, mientras aerol\u00edneas desisten de reanudar vuelos","author":"Nelson Feliz","date":"10 de mayo de 2024","format":false,"excerpt":"Un avi\u00f3n militar de Estados Unidos aterriz\u00f3 este viernes en el Aeropuerto Internacional Toussaint Louverture en Puerto Pr\u00edncipe, capital de Hait\u00ed, siendo el m\u00e1s reciente de una serie de vuelos que iniciaron a mediados de abril con el fin de allanar el camino para el despliegue de la misi\u00f3n internacional\u2026","rel":"","context":"En \u00abSin categor\u00eda\u00bb","block_context":{"text":"Sin categor\u00eda","link":"https:\/\/lasprimeras.com.do\/index.php\/category\/sin-categoria\/"},"img":{"alt_text":"Avi\u00f3n militar de EE.UU.","src":"https:\/\/i0.wp.com\/lasprimeras.com.do\/wp-content\/uploads\/2024\/05\/Avion-militar-de-EE.UU_.jpg?resize=350%2C200&ssl=1","width":350,"height":200,"srcset":"https:\/\/i0.wp.com\/lasprimeras.com.do\/wp-content\/uploads\/2024\/05\/Avion-militar-de-EE.UU_.jpg?resize=350%2C200&ssl=1 1x, https:\/\/i0.wp.com\/lasprimeras.com.do\/wp-content\/uploads\/2024\/05\/Avion-militar-de-EE.UU_.jpg?resize=525%2C300&ssl=1 1.5x, https:\/\/i0.wp.com\/lasprimeras.com.do\/wp-content\/uploads\/2024\/05\/Avion-militar-de-EE.UU_.jpg?resize=700%2C400&ssl=1 2x"},"classes":[]},{"id":83851,"url":"https:\/\/lasprimeras.com.do\/index.php\/2024\/05\/26\/secretario-de-estado-de-ee-uu-felicita-a-abinader-por-su-reeleccion\/","url_meta":{"origin":82987,"position":5},"title":"Secretario de Estado de EE.UU. felicita a Abinader por su reelecci\u00f3n","author":"Nelson Feliz","date":"26 de mayo de 2024","format":false,"excerpt":"Blinken y Abinader tambi\u00e9n discutieron el apoyo a la protecci\u00f3n de los derechos humanos y la misi\u00f3n de Apoyo Multinacional a la Seguridad liderada por Kenia en Hait\u00ed. El secretario de Estado, Antony Blinken, llam\u00f3 al presidente de Rep\u00fablica Dominicana, Luis Abinader, para felicitarlo por su reelecci\u00f3n a la presidencia.\u2026","rel":"","context":"En \u00abNACIONALES\u00bb","block_context":{"text":"NACIONALES","link":"https:\/\/lasprimeras.com.do\/index.php\/category\/nacionales\/"},"img":{"alt_text":"Anthony Blinken y Luis Abinader","src":"https:\/\/i0.wp.com\/lasprimeras.com.do\/wp-content\/uploads\/2024\/05\/Anthony-Blinken-y-Luis-Abinader.jpeg?resize=350%2C200&ssl=1","width":350,"height":200,"srcset":"https:\/\/i0.wp.com\/lasprimeras.com.do\/wp-content\/uploads\/2024\/05\/Anthony-Blinken-y-Luis-Abinader.jpeg?resize=350%2C200&ssl=1 1x, https:\/\/i0.wp.com\/lasprimeras.com.do\/wp-content\/uploads\/2024\/05\/Anthony-Blinken-y-Luis-Abinader.jpeg?resize=525%2C300&ssl=1 1.5x, https:\/\/i0.wp.com\/lasprimeras.com.do\/wp-content\/uploads\/2024\/05\/Anthony-Blinken-y-Luis-Abinader.jpeg?resize=700%2C400&ssl=1 2x"},"classes":[]}],"jetpack_sharing_enabled":true,"_links":{"self":[{"href":"https:\/\/lasprimeras.com.do\/index.php\/wp-json\/wp\/v2\/posts\/82987","targetHints":{"allow":["GET"]}}],"collection":[{"href":"https:\/\/lasprimeras.com.do\/index.php\/wp-json\/wp\/v2\/posts"}],"about":[{"href":"https:\/\/lasprimeras.com.do\/index.php\/wp-json\/wp\/v2\/types\/post"}],"author":[{"embeddable":true,"href":"https:\/\/lasprimeras.com.do\/index.php\/wp-json\/wp\/v2\/users\/3"}],"replies":[{"embeddable":true,"href":"https:\/\/lasprimeras.com.do\/index.php\/wp-json\/wp\/v2\/comments?post=82987"}],"version-history":[{"count":1,"href":"https:\/\/lasprimeras.com.do\/index.php\/wp-json\/wp\/v2\/posts\/82987\/revisions"}],"predecessor-version":[{"id":82989,"href":"https:\/\/lasprimeras.com.do\/index.php\/wp-json\/wp\/v2\/posts\/82987\/revisions\/82989"}],"wp:featuredmedia":[{"embeddable":true,"href":"https:\/\/lasprimeras.com.do\/index.php\/wp-json\/wp\/v2\/media\/82988"}],"wp:attachment":[{"href":"https:\/\/lasprimeras.com.do\/index.php\/wp-json\/wp\/v2\/media?parent=82987"}],"wp:term":[{"taxonomy":"category","embeddable":true,"href":"https:\/\/lasprimeras.com.do\/index.php\/wp-json\/wp\/v2\/categories?post=82987"},{"taxonomy":"post_tag","embeddable":true,"href":"https:\/\/lasprimeras.com.do\/index.php\/wp-json\/wp\/v2\/tags?post=82987"}],"curies":[{"name":"wp","href":"https:\/\/api.w.org\/{rel}","templated":true}]}}