{"id":82996,"date":"2024-05-10T08:15:38","date_gmt":"2024-05-10T12:15:38","guid":{"rendered":"https:\/\/lasprimeras.com.do\/?p=82996"},"modified":"2024-05-10T08:15:40","modified_gmt":"2024-05-10T12:15:40","slug":"gallup-rcc-media-preve-abinader-ganara-con-un-60","status":"publish","type":"post","link":"https:\/\/lasprimeras.com.do\/index.php\/2024\/05\/10\/gallup-rcc-media-preve-abinader-ganara-con-un-60\/","title":{"rendered":"Gallup-RCC Media prev\u00e9 Abinader ganar\u00e1 con un 60 %"},"content":{"rendered":"\n<p>Los resultados de las \u00faltimas mediciones electorales realizadas por las firmas Gallup-RCC Media, Mark Penn\/Stawell\/Noticias SIN y Diario Libre-Greenberg, proyectan el triunfo del presidente Luis Abinader en las venideras elecciones del 19 de mayo, sin necesidad de que el pa\u00eds se aboque a una segunda vuelta electoral.<\/p>\n\n\n\n<p>En su m\u00e1s reciente encuesta, publicada este jueves, Gallup-RCC Media estableci\u00f3 que de los entrevistados un 60 % votar\u00eda por Luis Abinader (PRM), 24.6 % lo har\u00eda por Leonel Fern\u00e1ndez (FP) y 11.1 % por Abel Mart\u00ednez (PLD).<\/p>\n\n\n\n<p>Los resultados van en consonancia con los sondeos de Mark Penn\/Stawell\/Noticias SIN que dio a Abinader un 57 %, a Leonel 24 % y Abel 12 %. Tambi\u00e9n, con los de Diario Libre-Greenberg que otorg\u00f3 ventajas a Abinader de un 58 %, a Leonel de 25 % y Abel 13 %.<\/p>\n\n\n\n<p>De los encuestados por Gallup-RCC Media, un 72.9 % cree que Abinader ganar\u00e1 las elecciones presidenciales, un 14.1 % entiende ser\u00eda Leonel y 5.4 % se inclina por Abel.<\/p>\n\n\n\n<p>El levantamiento fue realizado del 1 al 4 de mayo, en una muestra de 1,500 entrevistas presenciales cara a cara, con un margen de error que no exceder\u00e1 al 2.5 %.<\/p>\n","protected":false},"excerpt":{"rendered":"<p>Los resultados de las \u00faltimas mediciones electorales realizadas por las firmas Gallup-RCC Media, Mark Penn\/Stawell\/Noticias SIN y Diario Libre-Greenberg, proyectan el triunfo del presidente Luis Abinader en las venideras elecciones&hellip;<\/p>\n","protected":false},"author":3,"featured_media":82997,"comment_status":"open","ping_status":"open","sticky":false,"template":"","format":"standard","meta":{"content-type":"","jetpack_post_was_ever_published":false,"_jetpack_newsletter_access":"","_jetpack_dont_email_post_to_subs":false,"_jetpack_newsletter_tier_id":0,"_jetpack_memberships_contains_paywalled_content":false,"_jetpack_memberships_contains_paid_content":false,"footnotes":""},"categories":[1],"tags":[183],"class_list":["post-82996","post","type-post","status-publish","format-standard","has-post-thumbnail","hentry","category-sin-categoria","tag-jce"],"jetpack_featured_media_url":"https:\/\/lasprimeras.com.do\/wp-content\/uploads\/2024\/05\/6a0c8a05-4f4b-48f5-a1d9-1ad180753c4a-19.jpg","jetpack-related-posts":[{"id":66567,"url":"https:\/\/lasprimeras.com.do\/index.php\/2023\/11\/08\/candidatos-del-prm-tienen-mayor-preferencia-segun-la-firma-gallup\/","url_meta":{"origin":82996,"position":0},"title":"Candidatos del PRM tienen mayor preferencia, seg\u00fan la firma Gallup","author":"BIMARY DE JES\u00daS Matos","date":"8 de noviembre de 2023","format":false,"excerpt":"SANTO DOMINGO.- Una reciente encuesta de la firma Gallup revela que los candidatos del Partido Revolucionario Moderno (PRM) y sus aliados tienen mayor preferencias para las elecciones del 2024. De acuerdo a este sondeo, el 52.3% de encuestados dice que votar\u00eda por los perreme\u00edstas en las elecciones municipales de febrero\u2026","rel":"","context":"En \u00abSin categor\u00eda\u00bb","block_context":{"text":"Sin categor\u00eda","link":"https:\/\/lasprimeras.com.do\/index.php\/category\/sin-categoria\/"},"img":{"alt_text":"","src":"https:\/\/i0.wp.com\/lasprimeras.com.do\/wp-content\/uploads\/2023\/11\/WhatsApp-Image-2023-11-07-at-4.56.20-PM.jpeg?resize=350%2C200&ssl=1","width":350,"height":200,"srcset":"https:\/\/i0.wp.com\/lasprimeras.com.do\/wp-content\/uploads\/2023\/11\/WhatsApp-Image-2023-11-07-at-4.56.20-PM.jpeg?resize=350%2C200&ssl=1 1x, https:\/\/i0.wp.com\/lasprimeras.com.do\/wp-content\/uploads\/2023\/11\/WhatsApp-Image-2023-11-07-at-4.56.20-PM.jpeg?resize=525%2C300&ssl=1 1.5x, https:\/\/i0.wp.com\/lasprimeras.com.do\/wp-content\/uploads\/2023\/11\/WhatsApp-Image-2023-11-07-at-4.56.20-PM.jpeg?resize=700%2C400&ssl=1 2x"},"classes":[]},{"id":50991,"url":"https:\/\/lasprimeras.com.do\/index.php\/2023\/05\/25\/segun-ultimas-encuestadoras-abinader-lidera-y-ganaria-en-primera-vuelta\/","url_meta":{"origin":82996,"position":1},"title":"Seg\u00fan \u00faltimas encuestadoras Abinader lidera y ganar\u00eda en primera vuelta","author":"prenxa100","date":"25 de mayo de 2023","format":false,"excerpt":"Ahora en la \u00faltima entrega de Mark Penn cuando se calcula solo los que dicen preferir a un candidato se muestra que las elecciones se decidir\u00e1n en primera vuelta. SANTO DOMINGO, RD. - De acuerdo a las \u00faltimas encuestadoras de la Rep\u00fablica Dominicana - Gallup, Markestrategia y ABC Marketing, quienes\u2026","rel":"","context":"En \u00abSin categor\u00eda\u00bb","block_context":{"text":"Sin categor\u00eda","link":"https:\/\/lasprimeras.com.do\/index.php\/category\/sin-categoria\/"},"img":{"alt_text":"","src":"","width":0,"height":0},"classes":[]},{"id":69976,"url":"https:\/\/lasprimeras.com.do\/index.php\/2023\/12\/07\/abinader-54-leonel-29-abel-15-y-vargas-2-segun-la-cid-gallup\/","url_meta":{"origin":82996,"position":2},"title":"Abinader 54%, Leonel 29, Abel 15 y Vargas 2%, seg\u00fan la CID-Gallup","author":"BIMARY DE JES\u00daS Matos","date":"7 de diciembre de 2023","format":false,"excerpt":"SANTO DOMINGO.- El presidente Luis Abinader tiene las mayores preferencias para ganar las elecciones presidenciales del 2024, seg\u00fan una encuesta de la CID Gallup, una empresa dedicada a la consultor\u00eda, inteligencia de negocios, recolecci\u00f3n y an\u00e1lisis de informaci\u00f3n para estudios de mercado, sociales, opini\u00f3n p\u00fablica y pol\u00edtica. El trabajo de\u2026","rel":"","context":"En \u00abSin categor\u00eda\u00bb","block_context":{"text":"Sin categor\u00eda","link":"https:\/\/lasprimeras.com.do\/index.php\/category\/sin-categoria\/"},"img":{"alt_text":"","src":"https:\/\/i0.wp.com\/lasprimeras.com.do\/wp-content\/uploads\/2023\/12\/393167618_841220321343819_1805512503651010400_n-3.jpg?resize=350%2C200&ssl=1","width":350,"height":200,"srcset":"https:\/\/i0.wp.com\/lasprimeras.com.do\/wp-content\/uploads\/2023\/12\/393167618_841220321343819_1805512503651010400_n-3.jpg?resize=350%2C200&ssl=1 1x, https:\/\/i0.wp.com\/lasprimeras.com.do\/wp-content\/uploads\/2023\/12\/393167618_841220321343819_1805512503651010400_n-3.jpg?resize=525%2C300&ssl=1 1.5x, https:\/\/i0.wp.com\/lasprimeras.com.do\/wp-content\/uploads\/2023\/12\/393167618_841220321343819_1805512503651010400_n-3.jpg?resize=700%2C400&ssl=1 2x"},"classes":[]},{"id":50700,"url":"https:\/\/lasprimeras.com.do\/index.php\/2023\/05\/23\/segun-la-encuesta-rd-elige-habra-segunda-vuelta-para-el-2024\/","url_meta":{"origin":82996,"position":3},"title":"Seg\u00fan la Encuesta RD Elige habr\u00e1 segunda vuelta para el 2024","author":"prenxa100","date":"23 de mayo de 2023","format":false,"excerpt":"Santo Domingo.-.La octava entrega de la encuesta RD Elige, elaborada por Investigaciones Digitales y el Grupo RCC Media indica que el presidente, Luis Abinader, aventaja a los candidatos del Partido de la Liberaci\u00f3n Dominicana (PLD), Abel Mart\u00ednez y Leonel Fern\u00e1ndez de la Fuerza del Pueblo (FP) con un 49.6% frente\u2026","rel":"","context":"En \u00abPORTADA\u00bb","block_context":{"text":"PORTADA","link":"https:\/\/lasprimeras.com.do\/index.php\/category\/portada\/"},"img":{"alt_text":"","src":"","width":0,"height":0},"classes":[]},{"id":50812,"url":"https:\/\/lasprimeras.com.do\/index.php\/2023\/05\/24\/encuesta-indica-segunda-vuelta-abinader-47-lf-32-abel-19\/","url_meta":{"origin":82996,"position":4},"title":"Encuesta indica segunda vuelta: Abinader 47%, LF 32%, Abel 19%","author":"prenxa100","date":"24 de mayo de 2023","format":false,"excerpt":"SANTO DOMINGO.- Si las elecciones fueran hoy, Luis Abinader obtendr\u00eda 47% de los votos, frente a 32% de Leonel Fern\u00e1ndez y 19% de Abel Mart\u00ednez, seg\u00fan una encuesta realizada por la firma Mark Penn\/Stagwell. El estudio destaca, sin embargo, que aunque aventaja a Fern\u00e1ndez con 15 puntos porcentuales, Abinader no\u2026","rel":"","context":"En \u00abPORTADA\u00bb","block_context":{"text":"PORTADA","link":"https:\/\/lasprimeras.com.do\/index.php\/category\/portada\/"},"img":{"alt_text":"","src":"","width":0,"height":0},"classes":[]},{"id":50849,"url":"https:\/\/lasprimeras.com.do\/index.php\/2023\/05\/24\/victor-terrero-dice-resultados-de-la-encuesta-rd-elige-favorece-de-alguna-manera-a-abel-martinez\/","url_meta":{"origin":82996,"position":5},"title":"V\u00edctor Terrero dice resultados de la Encuesta RD-Elige, favorece de alguna manera a Abel Mart\u00ednez","author":"prenxa100","date":"24 de mayo de 2023","format":false,"excerpt":"Santo Domingo.-. El miembro del Comit\u00e9 Central del Partido de la Liberaci\u00f3n Dominicana (PLD), doctor V\u00edctor Manuel Terrero, sostuvo hoy que los resultados revelados en la Encuesta RD-Elige del Grupo RCC Media, de alguna manera favorece al candidato presidencial Abel Mart\u00ednez, porque, aunque realmente no ha iniciado la campa\u00f1a electoral\u2026","rel":"","context":"En \u00abPORTADA\u00bb","block_context":{"text":"PORTADA","link":"https:\/\/lasprimeras.com.do\/index.php\/category\/portada\/"},"img":{"alt_text":"","src":"","width":0,"height":0},"classes":[]}],"jetpack_sharing_enabled":true,"_links":{"self":[{"href":"https:\/\/lasprimeras.com.do\/index.php\/wp-json\/wp\/v2\/posts\/82996","targetHints":{"allow":["GET"]}}],"collection":[{"href":"https:\/\/lasprimeras.com.do\/index.php\/wp-json\/wp\/v2\/posts"}],"about":[{"href":"https:\/\/lasprimeras.com.do\/index.php\/wp-json\/wp\/v2\/types\/post"}],"author":[{"embeddable":true,"href":"https:\/\/lasprimeras.com.do\/index.php\/wp-json\/wp\/v2\/users\/3"}],"replies":[{"embeddable":true,"href":"https:\/\/lasprimeras.com.do\/index.php\/wp-json\/wp\/v2\/comments?post=82996"}],"version-history":[{"count":1,"href":"https:\/\/lasprimeras.com.do\/index.php\/wp-json\/wp\/v2\/posts\/82996\/revisions"}],"predecessor-version":[{"id":82998,"href":"https:\/\/lasprimeras.com.do\/index.php\/wp-json\/wp\/v2\/posts\/82996\/revisions\/82998"}],"wp:featuredmedia":[{"embeddable":true,"href":"https:\/\/lasprimeras.com.do\/index.php\/wp-json\/wp\/v2\/media\/82997"}],"wp:attachment":[{"href":"https:\/\/lasprimeras.com.do\/index.php\/wp-json\/wp\/v2\/media?parent=82996"}],"wp:term":[{"taxonomy":"category","embeddable":true,"href":"https:\/\/lasprimeras.com.do\/index.php\/wp-json\/wp\/v2\/categories?post=82996"},{"taxonomy":"post_tag","embeddable":true,"href":"https:\/\/lasprimeras.com.do\/index.php\/wp-json\/wp\/v2\/tags?post=82996"}],"curies":[{"name":"wp","href":"https:\/\/api.w.org\/{rel}","templated":true}]}}