{"id":82999,"date":"2024-05-10T08:17:30","date_gmt":"2024-05-10T12:17:30","guid":{"rendered":"https:\/\/lasprimeras.com.do\/?p=82999"},"modified":"2024-05-10T08:17:31","modified_gmt":"2024-05-10T12:17:31","slug":"marileidy-paulino-declina-correr-en-el-equipo-de-relevo-mixto-4x400-en-paris-2024","status":"publish","type":"post","link":"https:\/\/lasprimeras.com.do\/index.php\/2024\/05\/10\/marileidy-paulino-declina-correr-en-el-equipo-de-relevo-mixto-4x400-en-paris-2024\/","title":{"rendered":"Marileidy Paulino declina correr en el equipo de relevo mixto 4&#215;400 en Par\u00eds 2024"},"content":{"rendered":"\n<p>Paris.-La figura clave del relevo mixto declin\u00f3 de presentarse a la pista en esa modalidad.<\/p>\n\n\n\n<p>Para los Juegos Ol\u00edmpicos de Par\u00eds 2024, Marileidy Paulino estar\u00e1 m\u00e1s concentrada en los 400 metros planos, su evento principal y en el que est\u00e1 clasificado para esa cita universal, que ser\u00e1 del 26 de julio al 11 de agosto.<\/p>\n\n\n\n<p>Su entrenador, Yaseen P\u00e9rez ha dado a conocer la informaci\u00f3n y a su vez explica las razones t\u00e9cnicas.<\/p>\n\n\n\n<p>Lo hizo a trav\u00e9s de una carta que ha enviado la ma\u00f1ana de este jueves a la Federaci\u00f3n Dominicana de Asociaciones de Atletismo, que preside Geraldo Suero Correa; al Comit\u00e9 Ol\u00edmpico Dominicano (Garibaldy Bautista) y al Ministerio de Deportes y Recreaci\u00f3n (Francisco Camacho) y basado en el tema o asunto principal: &#8220;Prioridad de Resultados en Juegos Ol\u00edmpicos Paris 2024 de la Atleta Marileidy Paulino&#8221;.<\/p>\n\n\n\n<p>Paulino fue la clave de darle la clasificaci\u00f3n a los Juegos Ol\u00edmpicos Par\u00eds 2024 al relevo mixto en el pasado Mundial de relevos (mayo, 4-5), celebrado en Nassau, Bahamas.<\/p>\n","protected":false},"excerpt":{"rendered":"<p>Paris.-La figura clave del relevo mixto declin\u00f3 de presentarse a la pista en esa modalidad. Para los Juegos Ol\u00edmpicos de Par\u00eds 2024, Marileidy Paulino estar\u00e1 m\u00e1s concentrada en los 400&hellip;<\/p>\n","protected":false},"author":3,"featured_media":83000,"comment_status":"open","ping_status":"open","sticky":false,"template":"","format":"standard","meta":{"content-type":"","jetpack_post_was_ever_published":false,"_jetpack_newsletter_access":"","_jetpack_dont_email_post_to_subs":false,"_jetpack_newsletter_tier_id":0,"_jetpack_memberships_contains_paywalled_content":false,"_jetpack_memberships_contains_paid_content":false,"footnotes":""},"categories":[1],"tags":[3317],"class_list":["post-82999","post","type-post","status-publish","format-standard","has-post-thumbnail","hentry","category-sin-categoria","tag-marileidy-paulino"],"jetpack_featured_media_url":"https:\/\/lasprimeras.com.do\/wp-content\/uploads\/2024\/05\/65f3a7703e1eb_jce2-1-5.jpg","jetpack-related-posts":[{"id":87278,"url":"https:\/\/lasprimeras.com.do\/index.php\/2024\/08\/10\/marileidy-paulino-no-me-creo-poder-ser-campeona-olimpica\/","url_meta":{"origin":82999,"position":0},"title":"Marileidy Paulino: \u00abNo me creo poder ser campeona ol\u00edmpica\u00bb","author":"Nelson Feliz","date":"10 de agosto de 2024","format":false,"excerpt":"Par\u00eds, EFE.- Marileidy Paulino, que se proclam\u00f3 este viernes campeona de los 400 metros con r\u00e9cord ol\u00edmpico, se mostr\u00f3 \u00abfeliz\u00bb de lograr la \u00fanica medalla que le faltaba para completar el ciclo desde Tokio 2020 y dijo que no se cree que haya podido conquistar el oro en los Juegos\u2026","rel":"","context":"En \u00abSin categor\u00eda\u00bb","block_context":{"text":"Sin categor\u00eda","link":"https:\/\/lasprimeras.com.do\/index.php\/category\/sin-categoria\/"},"img":{"alt_text":"Marileidy Paulino","src":"https:\/\/i0.wp.com\/lasprimeras.com.do\/wp-content\/uploads\/2024\/08\/Marileidy-Paulino.jpeg?resize=350%2C200&ssl=1","width":350,"height":200,"srcset":"https:\/\/i0.wp.com\/lasprimeras.com.do\/wp-content\/uploads\/2024\/08\/Marileidy-Paulino.jpeg?resize=350%2C200&ssl=1 1x, https:\/\/i0.wp.com\/lasprimeras.com.do\/wp-content\/uploads\/2024\/08\/Marileidy-Paulino.jpeg?resize=525%2C300&ssl=1 1.5x, https:\/\/i0.wp.com\/lasprimeras.com.do\/wp-content\/uploads\/2024\/08\/Marileidy-Paulino.jpeg?resize=700%2C400&ssl=1 2x"},"classes":[]},{"id":87308,"url":"https:\/\/lasprimeras.com.do\/index.php\/2024\/08\/09\/presidente-del-senado-felicita-a-marileidy-paulino-ganadora-medalla-oro-en-juegos-olimpicos-de-paris\/","url_meta":{"origin":82999,"position":1},"title":"Presidente del Senado felicita a Marileidy Paulino ganadora medalla oro en Juegos Ol\u00edmpicos de Par\u00eds","author":"Nelson Feliz","date":"9 de agosto de 2024","format":false,"excerpt":"El presidente del Senado, Ricardo de los Santos, felicit\u00f3 este viernes a la atleta velocista dominicana, Marileidy Paulino, quien conquist\u00f3 la medalla de oro en la final de los 400 metros planos de los XXXIII\u00a0Juegos Ol\u00edmpicos de Par\u00eds, Francia, 2024, con un tiempo de 48.17 segundos, quien adem\u00e1s rompi\u00f3 el\u2026","rel":"","context":"En \u00abNACIONALES\u00bb","block_context":{"text":"NACIONALES","link":"https:\/\/lasprimeras.com.do\/index.php\/category\/nacionales\/"},"img":{"alt_text":"Ricardo de los Santos","src":"https:\/\/i0.wp.com\/lasprimeras.com.do\/wp-content\/uploads\/2024\/08\/Ricardo-de-los-Santos-2.jpg?resize=350%2C200&ssl=1","width":350,"height":200,"srcset":"https:\/\/i0.wp.com\/lasprimeras.com.do\/wp-content\/uploads\/2024\/08\/Ricardo-de-los-Santos-2.jpg?resize=350%2C200&ssl=1 1x, https:\/\/i0.wp.com\/lasprimeras.com.do\/wp-content\/uploads\/2024\/08\/Ricardo-de-los-Santos-2.jpg?resize=525%2C300&ssl=1 1.5x"},"classes":[]},{"id":52323,"url":"https:\/\/lasprimeras.com.do\/index.php\/2023\/06\/09\/marileidy-paulino-va-sin-miedo-ante-mclaughlin-levrone-en-paris\/","url_meta":{"origin":82999,"position":2},"title":"Marileidy Paulino va sin miedo ante McLaughlin-Levrone en Paris","author":"prenxa100","date":"9 de junio de 2023","format":false,"excerpt":"El Meeting de Par\u00eds este viernes 9 de junio promete puro espect\u00e1culo, con los mejores atletas del mundo participando en el Stade Charl\u00e9ty y la dominicana Marileidy Paulino es la primera a seguir en la gala. N\u00famero 1 en el ranking mundial de World Athletics en 400 metros desde hace\u2026","rel":"","context":"En \u00abSin categor\u00eda\u00bb","block_context":{"text":"Sin categor\u00eda","link":"https:\/\/lasprimeras.com.do\/index.php\/category\/sin-categoria\/"},"img":{"alt_text":"","src":"","width":0,"height":0},"classes":[]},{"id":87150,"url":"https:\/\/lasprimeras.com.do\/index.php\/2024\/08\/07\/marileidy-paulino-clasifica-en-los-400-metros-lucha-por-subir-al-podio-olimpico\/","url_meta":{"origin":82999,"position":3},"title":"Marileidy Paulino clasifica en los 400 metros; lucha por subir al podio ol\u00edmpico","author":"Nelson Feliz","date":"7 de agosto de 2024","format":false,"excerpt":"PAR\u00cdS.- La atleta dominicana Marileidy Paulino (c) compite en la semifinal femenina de 400m parte de los Juegos Ol\u00edmpicos de Par\u00eds 2024 este mi\u00e9rcoles, en la gala capital. La dominicana Marileidy Paulino, reina de los 400 metros planos femeninos, estar\u00e1 luchando por subir al podio ol\u00edmpico nueva vez, al clasificar\u2026","rel":"","context":"En \u00abSin categor\u00eda\u00bb","block_context":{"text":"Sin categor\u00eda","link":"https:\/\/lasprimeras.com.do\/index.php\/category\/sin-categoria\/"},"img":{"alt_text":"","src":"https:\/\/i0.wp.com\/lasprimeras.com.do\/wp-content\/uploads\/2024\/08\/Marileidy-Paulino-1.jpg?resize=350%2C200&ssl=1","width":350,"height":200,"srcset":"https:\/\/i0.wp.com\/lasprimeras.com.do\/wp-content\/uploads\/2024\/08\/Marileidy-Paulino-1.jpg?resize=350%2C200&ssl=1 1x, https:\/\/i0.wp.com\/lasprimeras.com.do\/wp-content\/uploads\/2024\/08\/Marileidy-Paulino-1.jpg?resize=525%2C300&ssl=1 1.5x, https:\/\/i0.wp.com\/lasprimeras.com.do\/wp-content\/uploads\/2024\/08\/Marileidy-Paulino-1.jpg?resize=700%2C400&ssl=1 2x"},"classes":[]},{"id":71096,"url":"https:\/\/lasprimeras.com.do\/index.php\/2023\/12\/17\/rd-se-rinde-ante-marileidy-paulino-la-reina-del-mundo-en-los-400-metros\/","url_meta":{"origin":82999,"position":4},"title":"RD se rinde ante Marileidy Paulino, la reina del mundo en los 400 metros","author":"Nelson Feliz","date":"17 de diciembre de 2023","format":false,"excerpt":"Paulino es la \u00fanica dominicana en ganar el Campeonato Mundial de atletismo, la Liga Diamante, y colgarse dos medallas ol\u00edmpicas, una en 400 metros y otra en el relevo mixto 4x400 en Tokio 2020. La atleta dominicana Marileidy Paulino tuvo un 2023 sencillamente espectacular en su especialidad: los 400 metros.\u2026","rel":"","context":"En \u00abSin categor\u00eda\u00bb","block_context":{"text":"Sin categor\u00eda","link":"https:\/\/lasprimeras.com.do\/index.php\/category\/sin-categoria\/"},"img":{"alt_text":"Marileidy Paulino cruza la meta final para ganar el oro en los 200 metros de los Juegos Panamericanos.AFP","src":"https:\/\/i0.wp.com\/lasprimeras.com.do\/wp-content\/uploads\/2023\/12\/Marileidy-Paulino.jpeg?resize=350%2C200&ssl=1","width":350,"height":200,"srcset":"https:\/\/i0.wp.com\/lasprimeras.com.do\/wp-content\/uploads\/2023\/12\/Marileidy-Paulino.jpeg?resize=350%2C200&ssl=1 1x, https:\/\/i0.wp.com\/lasprimeras.com.do\/wp-content\/uploads\/2023\/12\/Marileidy-Paulino.jpeg?resize=525%2C300&ssl=1 1.5x, https:\/\/i0.wp.com\/lasprimeras.com.do\/wp-content\/uploads\/2023\/12\/Marileidy-Paulino.jpeg?resize=700%2C400&ssl=1 2x"},"classes":[]},{"id":87200,"url":"https:\/\/lasprimeras.com.do\/index.php\/2024\/08\/08\/la-favorita-paulino-va-por-el-oro-y-nuevo-record-en-final-400-metros-de-juegos-olimpicos\/","url_meta":{"origin":82999,"position":5},"title":"La favorita Paulino va por el oro y \u00bfnuevo r\u00e9cord? en final 400 metros de Juegos Ol\u00edmpicos","author":"Nelson Feliz","date":"8 de agosto de 2024","format":false,"excerpt":"PAR\u00cdS (AP) \u2014 Tras sus primeras presentaciones en la pista de Par\u00eds, bien vale preguntarse si para la velocista dominicana Marileidy Paulino la medalla de oro en los 400 metros es un medio para un objetivo mayor: tirar abajo las marcas de vieja data en esta especialidad. Sin exigir la\u2026","rel":"","context":"En \u00abSin categor\u00eda\u00bb","block_context":{"text":"Sin categor\u00eda","link":"https:\/\/lasprimeras.com.do\/index.php\/category\/sin-categoria\/"},"img":{"alt_text":"","src":"https:\/\/i0.wp.com\/lasprimeras.com.do\/wp-content\/uploads\/2024\/08\/Marileidy-Paulino-1.jpg?resize=350%2C200&ssl=1","width":350,"height":200,"srcset":"https:\/\/i0.wp.com\/lasprimeras.com.do\/wp-content\/uploads\/2024\/08\/Marileidy-Paulino-1.jpg?resize=350%2C200&ssl=1 1x, https:\/\/i0.wp.com\/lasprimeras.com.do\/wp-content\/uploads\/2024\/08\/Marileidy-Paulino-1.jpg?resize=525%2C300&ssl=1 1.5x, https:\/\/i0.wp.com\/lasprimeras.com.do\/wp-content\/uploads\/2024\/08\/Marileidy-Paulino-1.jpg?resize=700%2C400&ssl=1 2x"},"classes":[]}],"jetpack_sharing_enabled":true,"_links":{"self":[{"href":"https:\/\/lasprimeras.com.do\/index.php\/wp-json\/wp\/v2\/posts\/82999","targetHints":{"allow":["GET"]}}],"collection":[{"href":"https:\/\/lasprimeras.com.do\/index.php\/wp-json\/wp\/v2\/posts"}],"about":[{"href":"https:\/\/lasprimeras.com.do\/index.php\/wp-json\/wp\/v2\/types\/post"}],"author":[{"embeddable":true,"href":"https:\/\/lasprimeras.com.do\/index.php\/wp-json\/wp\/v2\/users\/3"}],"replies":[{"embeddable":true,"href":"https:\/\/lasprimeras.com.do\/index.php\/wp-json\/wp\/v2\/comments?post=82999"}],"version-history":[{"count":1,"href":"https:\/\/lasprimeras.com.do\/index.php\/wp-json\/wp\/v2\/posts\/82999\/revisions"}],"predecessor-version":[{"id":83001,"href":"https:\/\/lasprimeras.com.do\/index.php\/wp-json\/wp\/v2\/posts\/82999\/revisions\/83001"}],"wp:featuredmedia":[{"embeddable":true,"href":"https:\/\/lasprimeras.com.do\/index.php\/wp-json\/wp\/v2\/media\/83000"}],"wp:attachment":[{"href":"https:\/\/lasprimeras.com.do\/index.php\/wp-json\/wp\/v2\/media?parent=82999"}],"wp:term":[{"taxonomy":"category","embeddable":true,"href":"https:\/\/lasprimeras.com.do\/index.php\/wp-json\/wp\/v2\/categories?post=82999"},{"taxonomy":"post_tag","embeddable":true,"href":"https:\/\/lasprimeras.com.do\/index.php\/wp-json\/wp\/v2\/tags?post=82999"}],"curies":[{"name":"wp","href":"https:\/\/api.w.org\/{rel}","templated":true}]}}