{"id":83002,"date":"2024-05-10T08:23:14","date_gmt":"2024-05-10T12:23:14","guid":{"rendered":"https:\/\/lasprimeras.com.do\/?p=83002"},"modified":"2024-05-10T08:23:16","modified_gmt":"2024-05-10T12:23:16","slug":"juan-soto-es-unico-un-superdotado-sin-comparacion","status":"publish","type":"post","link":"https:\/\/lasprimeras.com.do\/index.php\/2024\/05\/10\/juan-soto-es-unico-un-superdotado-sin-comparacion\/","title":{"rendered":"Juan Soto: es \u00fanico, un superdotado sin comparaci\u00f3n"},"content":{"rendered":"\n<p>Soto no necesita ser comparado con ning\u00fan jugador del pasado, ni del presente en las Grandes Ligas.<\/p>\n\n\n\n<p>Sencillamente, porque a la edad de 25 a\u00f1os y 197 d\u00edas, ha demostrado en cada turno al bate con Juan es una guerra absoluta, porque tiene conciencia de la zona strike. Es una batalla ya sea en la primera o novena entrada y tu equipo gana por 10 carreras; todav\u00eda trata cada lanzamiento como si fuera el Juego 7 de la Serie Mundial.<\/p>\n\n\n\n<p>Soto ha demostrado que en cada juego impone un rasgo especial, que no necesita ser comparado ni con Ted Williams, ni con Albert Pujols y mucho menos con Ronald Acu\u00f1a.<\/p>\n\n\n\n<p>Juan Soto, visto desde la numerolog\u00eda futurista de los Babalaos, cuando se suma lo que ha conseguido hasta la fecha, llegar\u00eda a los 36 a\u00f1os con una l\u00ednea de .298\/.428\/.593, habr\u00e1 pegado 2,317 hits, remolcado 1,996 vueltas y totalizado 91.1 WAR.<\/p>\n\n\n\n<p>Lo citado en el p\u00e1rrafo anterior se denomina predicci\u00f3n o hip\u00f3tesis sobre un proceso natural que se prev\u00e9 que ocurrir\u00e1 en el futuro bas\u00e1ndose en teor\u00edas y observaciones previas. Se trata de una inferencia l\u00f3gica basada en teor\u00edas de uso com\u00fan y datos emp\u00edricos que pueden validarse mediante investigaciones adicionales u observaciones minuciosas.<\/p>\n\n\n\n<p>Archivemos esos n\u00fameros y recordemos que C\u00e9sar Cede\u00f1o era tan bueno, tan emocionante, que los fan\u00e1ticos de los Astros de Houston bautizaron el Astrodome como el &#8220;Palacio de C\u00e9sar&#8221;. En un momento dado, el talento y la producci\u00f3n de Cede\u00f1o lo compararon con Willie Mays y Roberto Clemente. Bate\u00f3 .310 a los 19 a\u00f1os. Lider\u00f3 la Liga Nacional en dobles a los 20 a\u00f1os. A los 21 a\u00f1os bate\u00f3 .320, lider\u00f3 la liga nuevamente en dobles, 22 jonrones, rob\u00f3 55 bases y gan\u00f3 el Guante de Oro.<\/p>\n\n\n\n<p>Leo Durocher, un gur\u00fa del negocio al inicio de la temporada de 1973, teniendo C\u00e9sar 22 a\u00f1os expres\u00f3: &#8220;Cede\u00f1o es tan bueno o mejor que Willie Mays a la misma edad. No s\u00e9 si puede continuar con esto durante 20 a\u00f1os, y no estoy diciendo que sea mejor que Mays. No hay forma de que nadie pueda ser mejor que Mays. Pero dir\u00e9 que este chico tiene la oportunidad de ser tan bueno. Y eso es decir mucho &#8220;.<\/p>\n\n\n\n<p>El 11 de diciembre de 1973, C\u00e9sar, con 19 a\u00f1os, se fue con Altagracia de la Cruz (Malena) al motel &#8220;Keko&#8221; en Santo Domingo y la mat\u00f3 de un tiro en la cabeza, hecho que calificado de &#8220;accidental&#8221; y fue acusado de homicidio involuntario, dejado en libertad tras pasar 20 d\u00edas en la c\u00e1rcel y el pago de $100 d\u00f3lares de multa.<\/p>\n\n\n\n<p>Por ese motivo es que somos de opini\u00f3n que a Juan Soto hay que analizarlo por su juego diario dentro de las l\u00edneas de cal, sin comparaciones futuristas. El b\u00e9isbol no mantiene una l\u00f3gica lineal, puedes batear .350 un a\u00f1o y al siguiente .270.<\/p>\n\n\n\n<p>Por eso hoy tomamos el modelo Cesar Cede\u00f1o que fue muy bueno y el saberm\u00e9trico Bill James, lo clasifica como el vigesimoprimer mejor jardinero central de todos los tiempos. Esa es una buena clasificaci\u00f3n para cualquier pelotero, hasta para alguien quien se supon\u00eda deb\u00eda ser el pr\u00f3ximo Willie Mays.<\/p>\n\n\n\n<p>Juan Soto lo tiene todo, por eso no le pongo precio a su desempe\u00f1o ni en D\u00f3lar, ni Morocota.<\/p>\n","protected":false},"excerpt":{"rendered":"<p>Soto no necesita ser comparado con ning\u00fan jugador del pasado, ni del presente en las Grandes Ligas. Sencillamente, porque a la edad de 25 a\u00f1os y 197 d\u00edas, ha demostrado&hellip;<\/p>\n","protected":false},"author":3,"featured_media":83004,"comment_status":"open","ping_status":"open","sticky":false,"template":"","format":"standard","meta":{"content-type":"","jetpack_post_was_ever_published":false,"_jetpack_newsletter_access":"","_jetpack_dont_email_post_to_subs":false,"_jetpack_newsletter_tier_id":0,"_jetpack_memberships_contains_paywalled_content":false,"_jetpack_memberships_contains_paid_content":false,"footnotes":""},"categories":[1],"tags":[4931],"class_list":["post-83002","post","type-post","status-publish","format-standard","has-post-thumbnail","hentry","category-sin-categoria","tag-juan-soto"],"jetpack_featured_media_url":"https:\/\/lasprimeras.com.do\/wp-content\/uploads\/2024\/05\/6a0c8a05-4f4b-48f5-a1d9-1ad180753c4a-21.jpg","jetpack-related-posts":[{"id":55187,"url":"https:\/\/lasprimeras.com.do\/index.php\/2023\/07\/18\/robinson-cano-dice-juan-soto-podria-recibir-oferta-de-500-millones-de-dolares\/","url_meta":{"origin":83002,"position":0},"title":"Robinson Can\u00f3 dice Juan Soto podr\u00eda recibir oferta de 500 millones de d\u00f3lares","author":"Nelson Feliz","date":"18 de julio de 2023","format":false,"excerpt":"Can\u00f3 rechaza comentarios de David Ortiz. El capit\u00e1n del equipo dominicano en el Cl\u00e1sico Mundial de B\u00e9isbol, Robinson Can\u00f3, rechaz\u00f3 las declaraciones de David Ortiz de que Juan Soto cometi\u00f3 el error de su vida al rechazar una oferta de 400 millones de d\u00f3lares de los Nacionales de Washington. Para\u2026","rel":"","context":"En \u00abSin categor\u00eda\u00bb","block_context":{"text":"Sin categor\u00eda","link":"https:\/\/lasprimeras.com.do\/index.php\/category\/sin-categoria\/"},"img":{"alt_text":"Robinson Cano","src":"https:\/\/i0.wp.com\/lasprimeras.com.do\/wp-content\/uploads\/2023\/07\/Robinson-Cano.jpg?resize=350%2C200&ssl=1","width":350,"height":200,"srcset":"https:\/\/i0.wp.com\/lasprimeras.com.do\/wp-content\/uploads\/2023\/07\/Robinson-Cano.jpg?resize=350%2C200&ssl=1 1x, https:\/\/i0.wp.com\/lasprimeras.com.do\/wp-content\/uploads\/2023\/07\/Robinson-Cano.jpg?resize=525%2C300&ssl=1 1.5x, https:\/\/i0.wp.com\/lasprimeras.com.do\/wp-content\/uploads\/2023\/07\/Robinson-Cano.jpg?resize=700%2C400&ssl=1 2x"},"classes":[]},{"id":126638,"url":"https:\/\/lasprimeras.com.do\/index.php\/2026\/04\/04\/el-dominicano-juan-soto-sera-sometido-a-evaluacion-tras-abandonar-partido-del-viernes\/","url_meta":{"origin":83002,"position":1},"title":"El dominicano Juan Soto ser\u00e1 sometido a evaluaci\u00f3n tras abandonar partido del viernes","author":"Nelson Feliz","date":"4 de abril de 2026","format":false,"excerpt":"Por David Hernandez Abreu El dominicano Juan Soto ser\u00e1 sometido este s\u00e1bado a una evaluaci\u00f3n de resonancia magn\u00e9tica tras abandonar el partido del viernes entre los Mets de Nueva York y los Gigantes de San Francisco. Los primeros reportes m\u00e9dicos indican que Soto, quien hab\u00eda conectado un imparable, sufri\u00f3 una\u2026","rel":"","context":"En \u00abDEPORTES\u00bb","block_context":{"text":"DEPORTES","link":"https:\/\/lasprimeras.com.do\/index.php\/category\/deportes\/"},"img":{"alt_text":"Juan Soto","src":"https:\/\/i0.wp.com\/lasprimeras.com.do\/wp-content\/uploads\/2026\/04\/Juan-Soto.jpg?resize=350%2C200&ssl=1","width":350,"height":200,"srcset":"https:\/\/i0.wp.com\/lasprimeras.com.do\/wp-content\/uploads\/2026\/04\/Juan-Soto.jpg?resize=350%2C200&ssl=1 1x, https:\/\/i0.wp.com\/lasprimeras.com.do\/wp-content\/uploads\/2026\/04\/Juan-Soto.jpg?resize=525%2C300&ssl=1 1.5x, https:\/\/i0.wp.com\/lasprimeras.com.do\/wp-content\/uploads\/2026\/04\/Juan-Soto.jpg?resize=700%2C400&ssl=1 2x"},"classes":[]},{"id":117246,"url":"https:\/\/lasprimeras.com.do\/index.php\/2025\/12\/09\/juan-soto-entrena-en-el-estadio-quisqueya-en-medio-de-expectativas-de-jugar-con-el-licey\/","url_meta":{"origin":83002,"position":2},"title":"Juan Soto entrena en el Estadio Quisqueya en medio de expectativas de jugar con el Licey","author":"Nelson Feliz","date":"9 de diciembre de 2025","format":false,"excerpt":"El estelar jardinero de los New York Mets, Juan Soto, gener\u00f3 gran revuelo al ser visto practicando este martes en las instalaciones del Estadio Quisqueya Juan Marichal, de Santo Domingo, Republieca Dominicana. La presencia de Soto en el terreno, mientras se encuentra en el pa\u00eds luego de su productiva temporada\u2026","rel":"","context":"En \u00abDEPORTES\u00bb","block_context":{"text":"DEPORTES","link":"https:\/\/lasprimeras.com.do\/index.php\/category\/deportes\/"},"img":{"alt_text":"Juan Soto","src":"https:\/\/i0.wp.com\/lasprimeras.com.do\/wp-content\/uploads\/2025\/12\/Juan-Soto.jpg?resize=350%2C200&ssl=1","width":350,"height":200,"srcset":"https:\/\/i0.wp.com\/lasprimeras.com.do\/wp-content\/uploads\/2025\/12\/Juan-Soto.jpg?resize=350%2C200&ssl=1 1x, https:\/\/i0.wp.com\/lasprimeras.com.do\/wp-content\/uploads\/2025\/12\/Juan-Soto.jpg?resize=525%2C300&ssl=1 1.5x, https:\/\/i0.wp.com\/lasprimeras.com.do\/wp-content\/uploads\/2025\/12\/Juan-Soto.jpg?resize=700%2C400&ssl=1 2x"},"classes":[]},{"id":98140,"url":"https:\/\/lasprimeras.com.do\/index.php\/2025\/05\/02\/juan-soto-conecta-2-cuadrangulares-para-los-mets\/","url_meta":{"origin":83002,"position":3},"title":"Juan Soto conecta 2 cuadrangulares para los Mets","author":"Nelson Feliz","date":"2 de mayo de 2025","format":false,"excerpt":"Por ESPNDeportes.com NUEVA YORK. \u2014 Carlos Mendoza no estaba preocupado por Juan Soto despu\u00e9s de que el destacado bateador de los Mets de Nueva York se fue sin conectar un solo jonr\u00f3n en sus primeros 15 juegos como local en el Citi Field. Lo m\u00e1s importante es que tampoco Soto\u2026","rel":"","context":"En \u00abDEPORTES\u00bb","block_context":{"text":"DEPORTES","link":"https:\/\/lasprimeras.com.do\/index.php\/category\/deportes\/"},"img":{"alt_text":"Juan Soto","src":"https:\/\/i0.wp.com\/lasprimeras.com.do\/wp-content\/uploads\/2025\/05\/Juan-Soto.jpg?resize=350%2C200&ssl=1","width":350,"height":200,"srcset":"https:\/\/i0.wp.com\/lasprimeras.com.do\/wp-content\/uploads\/2025\/05\/Juan-Soto.jpg?resize=350%2C200&ssl=1 1x, https:\/\/i0.wp.com\/lasprimeras.com.do\/wp-content\/uploads\/2025\/05\/Juan-Soto.jpg?resize=525%2C300&ssl=1 1.5x, https:\/\/i0.wp.com\/lasprimeras.com.do\/wp-content\/uploads\/2025\/05\/Juan-Soto.jpg?resize=700%2C400&ssl=1 2x"},"classes":[]},{"id":92036,"url":"https:\/\/lasprimeras.com.do\/index.php\/2024\/12\/12\/juan-soto-sobre-sus-excompaneros-de-los-yankees-no-he-hablado-con-ninguno-de-esos-tipos\/","url_meta":{"origin":83002,"position":4},"title":"Juan Soto sobre sus excompa\u00f1eros de los Yankees: \u201cNo he hablado con ninguno de esos tipos\u201d","author":"Nelson Feliz","date":"12 de diciembre de 2024","format":false,"excerpt":"La disputa por Soto marc\u00f3 un enfrentamiento entre los dos equipos de Nueva York, una puja que finalmente gan\u00f3 el conjunto de Queens. Por Moises Mej\u00eda El dominicano Juan Soto, ahora jugador de los Mets de Nueva York, revel\u00f3 que no ha tenido contacto con ninguno de sus antiguos compa\u00f1eros\u2026","rel":"","context":"En \u00abDEPORTES\u00bb","block_context":{"text":"DEPORTES","link":"https:\/\/lasprimeras.com.do\/index.php\/category\/deportes\/"},"img":{"alt_text":"Juan Soto luego de firmar el contrato con los Mets de Nueva York AFP.","src":"https:\/\/i0.wp.com\/lasprimeras.com.do\/wp-content\/uploads\/2024\/12\/Juan-Soto.jpeg?resize=350%2C200&ssl=1","width":350,"height":200,"srcset":"https:\/\/i0.wp.com\/lasprimeras.com.do\/wp-content\/uploads\/2024\/12\/Juan-Soto.jpeg?resize=350%2C200&ssl=1 1x, https:\/\/i0.wp.com\/lasprimeras.com.do\/wp-content\/uploads\/2024\/12\/Juan-Soto.jpeg?resize=525%2C300&ssl=1 1.5x, https:\/\/i0.wp.com\/lasprimeras.com.do\/wp-content\/uploads\/2024\/12\/Juan-Soto.jpeg?resize=700%2C400&ssl=1 2x"},"classes":[]},{"id":102565,"url":"https:\/\/lasprimeras.com.do\/index.php\/2025\/07\/06\/juan-soto-no-fue-elegido-para-el-juego-de-estrellas\/","url_meta":{"origin":83002,"position":5},"title":"Juan Soto no fue elegido para el Juego de Estrellas","author":"Nelson Feliz","date":"6 de julio de 2025","format":false,"excerpt":"Seis jugadores dominicanos se unen a los titulares para el Juego de Estrellas de MLB. El jardinero dominicano de los Mets de Nueva York, Juan Soto, no estar\u00e1 en el Juego de Estrellas de las Grandes Ligas el pr\u00f3ximo martes 15 de julio. Soto, que fue seleccionado como el Jugador\u2026","rel":"","context":"En \u00abDEPORTES\u00bb","block_context":{"text":"DEPORTES","link":"https:\/\/lasprimeras.com.do\/index.php\/category\/deportes\/"},"img":{"alt_text":"","src":"https:\/\/i0.wp.com\/lasprimeras.com.do\/wp-content\/uploads\/2025\/06\/Juan-Soto.jpg?resize=350%2C200&ssl=1","width":350,"height":200,"srcset":"https:\/\/i0.wp.com\/lasprimeras.com.do\/wp-content\/uploads\/2025\/06\/Juan-Soto.jpg?resize=350%2C200&ssl=1 1x, https:\/\/i0.wp.com\/lasprimeras.com.do\/wp-content\/uploads\/2025\/06\/Juan-Soto.jpg?resize=525%2C300&ssl=1 1.5x, https:\/\/i0.wp.com\/lasprimeras.com.do\/wp-content\/uploads\/2025\/06\/Juan-Soto.jpg?resize=700%2C400&ssl=1 2x"},"classes":[]}],"jetpack_sharing_enabled":true,"_links":{"self":[{"href":"https:\/\/lasprimeras.com.do\/index.php\/wp-json\/wp\/v2\/posts\/83002","targetHints":{"allow":["GET"]}}],"collection":[{"href":"https:\/\/lasprimeras.com.do\/index.php\/wp-json\/wp\/v2\/posts"}],"about":[{"href":"https:\/\/lasprimeras.com.do\/index.php\/wp-json\/wp\/v2\/types\/post"}],"author":[{"embeddable":true,"href":"https:\/\/lasprimeras.com.do\/index.php\/wp-json\/wp\/v2\/users\/3"}],"replies":[{"embeddable":true,"href":"https:\/\/lasprimeras.com.do\/index.php\/wp-json\/wp\/v2\/comments?post=83002"}],"version-history":[{"count":1,"href":"https:\/\/lasprimeras.com.do\/index.php\/wp-json\/wp\/v2\/posts\/83002\/revisions"}],"predecessor-version":[{"id":83005,"href":"https:\/\/lasprimeras.com.do\/index.php\/wp-json\/wp\/v2\/posts\/83002\/revisions\/83005"}],"wp:featuredmedia":[{"embeddable":true,"href":"https:\/\/lasprimeras.com.do\/index.php\/wp-json\/wp\/v2\/media\/83004"}],"wp:attachment":[{"href":"https:\/\/lasprimeras.com.do\/index.php\/wp-json\/wp\/v2\/media?parent=83002"}],"wp:term":[{"taxonomy":"category","embeddable":true,"href":"https:\/\/lasprimeras.com.do\/index.php\/wp-json\/wp\/v2\/categories?post=83002"},{"taxonomy":"post_tag","embeddable":true,"href":"https:\/\/lasprimeras.com.do\/index.php\/wp-json\/wp\/v2\/tags?post=83002"}],"curies":[{"name":"wp","href":"https:\/\/api.w.org\/{rel}","templated":true}]}}