{"id":83006,"date":"2024-05-10T08:26:15","date_gmt":"2024-05-10T12:26:15","guid":{"rendered":"https:\/\/lasprimeras.com.do\/?p=83006"},"modified":"2024-05-10T08:26:16","modified_gmt":"2024-05-10T12:26:16","slug":"docenas-de-pelicanos-hambrientos-y-enfermos-aparecen-en-la-costa-de-california","status":"publish","type":"post","link":"https:\/\/lasprimeras.com.do\/index.php\/2024\/05\/10\/docenas-de-pelicanos-hambrientos-y-enfermos-aparecen-en-la-costa-de-california\/","title":{"rendered":"Docenas de pel\u00edcanos hambrientos y enfermos aparecen en la costa de California"},"content":{"rendered":"\n<p>NEWPORT BEACH, California, EE.UU. \u2014 En las \u00faltimas semanas se han encontrado docenas de pel\u00edcanos enfermos y hambrientos en comunidades costeras de California, y muchos otros han muerto.<br>A principios de semana, los socorristas avistaron una bandada de unas dos docenas de pel\u00edcanos enfermos en un embarcadero de la localidad costera de Newport Beach y pidieron ayuda a expertos en fauna salvaje.<\/p>\n\n\n\n<p>Debbie McGuire, directora ejecutiva del Wetlands and Wildlife Care Center en Huntington Beach, explic\u00f3 que este fue el \u00faltimo grupo que hab\u00edan intentado salvar tras atender a m\u00e1s de 100 pel\u00edcanos m\u00e1s que estaba an\u00e9micos, deshidratados y pesaban apenas la mitad de lo que deber\u00edan.<\/p>\n\n\n\n<p>\u201cSe est\u00e1n muriendo de hambre y si no los atendemos, morir\u00e1n\u201d, afirm\u00f3 McGuire. \u201cEsto es realmente una crisis\u201d.<\/p>\n\n\n\n<p>El motivo que lleva a las aves a enfermar no est\u00e1 claro. Algunos expertos sostienen que est\u00e1n desnutridos a pesar de la abundante vida marina en la costa del Pac\u00edfico.<\/p>\n\n\n\n<p>Bird Rescue, que gestiona dos centros de fauna salvaje en el norte y el sur del estado, report\u00f3 110 pel\u00edcanos enfermos en las tres \u00faltimas semanas, muchos de ellos atrapados en sedales o anzuelos. En 2022 ya se produjo un episodio similar, a\u00f1adi\u00f3.<\/p>\n\n\n\n<p>Las organizaciones se est\u00e1n centrando en cuidar a las aves hasta que puedan regresar a la naturaleza.<\/p>\n","protected":false},"excerpt":{"rendered":"<p>NEWPORT BEACH, California, EE.UU. \u2014 En las \u00faltimas semanas se han encontrado docenas de pel\u00edcanos enfermos y hambrientos en comunidades costeras de California, y muchos otros han muerto.A principios de&hellip;<\/p>\n","protected":false},"author":3,"featured_media":83007,"comment_status":"open","ping_status":"open","sticky":false,"template":"","format":"standard","meta":{"content-type":"","jetpack_post_was_ever_published":false,"_jetpack_newsletter_access":"","_jetpack_dont_email_post_to_subs":false,"_jetpack_newsletter_tier_id":0,"_jetpack_memberships_contains_paywalled_content":false,"_jetpack_memberships_contains_paid_content":false,"footnotes":""},"categories":[1],"tags":[6372],"class_list":["post-83006","post","type-post","status-publish","format-standard","has-post-thumbnail","hentry","category-sin-categoria","tag-california"],"jetpack_featured_media_url":"https:\/\/lasprimeras.com.do\/wp-content\/uploads\/2024\/05\/6a0c8a05-4f4b-48f5-a1d9-1ad180753c4a-22.jpg","jetpack-related-posts":[{"id":58086,"url":"https:\/\/lasprimeras.com.do\/index.php\/2023\/08\/19\/hilary-se-degrado-a-huracan-de-categoria-2-mientras-mexico-y-california-se-preparan-para-un-impacto-catastrofico\/","url_meta":{"origin":83006,"position":0},"title":"Hilary se degrad\u00f3 a hurac\u00e1n de categor\u00eda 2 mientras M\u00e9xico y California se preparan para un impacto &#8216;catastr\u00f3fico&#8217;","author":"Nelson Feliz","date":"19 de agosto de 2023","format":false,"excerpt":"POR IGNACIO MARTINEZ Y STEFANIE DAZIO El hurac\u00e1n Hilary rugi\u00f3 hacia la pen\u00ednsula de Baja California en M\u00e9xico el s\u00e1bado por la noche como un hurac\u00e1n de categor\u00eda 2 degradado pero a\u00fan peligroso que probablemente provocar\u00e1 inundaciones \u201ccatastr\u00f3ficas\u201d en la regi\u00f3n y cruzar\u00e1 al suroeste de Estados Unidos como tormenta\u2026","rel":"","context":"En \u00abSin categor\u00eda\u00bb","block_context":{"text":"Sin categor\u00eda","link":"https:\/\/lasprimeras.com.do\/index.php\/category\/sin-categoria\/"},"img":{"alt_text":"P\u00e9rdidas ante eventos atmosf\u00e9ricos","src":"https:\/\/i0.wp.com\/lasprimeras.com.do\/wp-content\/uploads\/2023\/06\/huracanes.jpg?resize=350%2C200&ssl=1","width":350,"height":200,"srcset":"https:\/\/i0.wp.com\/lasprimeras.com.do\/wp-content\/uploads\/2023\/06\/huracanes.jpg?resize=350%2C200&ssl=1 1x, https:\/\/i0.wp.com\/lasprimeras.com.do\/wp-content\/uploads\/2023\/06\/huracanes.jpg?resize=525%2C300&ssl=1 1.5x"},"classes":[]},{"id":77262,"url":"https:\/\/lasprimeras.com.do\/index.php\/2024\/02\/19\/otra-tormenta-invernal-humedas-y-inundaciones-azotara-el-estado-de-california\/","url_meta":{"origin":83006,"position":1},"title":"Otra tormenta invernal h\u00famedas y inundaciones azotara el estado de California","author":"Nelson Feliz","date":"19 de febrero de 2024","format":false,"excerpt":"Por Prensa Asociada SAN FRANCISCO - La \u00faltima de una serie de tormentas invernales h\u00famedas gan\u00f3 fuerza en California a primera hora del lunes, y los meteor\u00f3logos advirtieron sobre posibles inundaciones, granizo, fuertes vientos e incluso breves tornados a medida que el sistema se desplaza hacia el sur en los\u2026","rel":"","context":"En \u00abSin categor\u00eda\u00bb","block_context":{"text":"Sin categor\u00eda","link":"https:\/\/lasprimeras.com.do\/index.php\/category\/sin-categoria\/"},"img":{"alt_text":"California","src":"https:\/\/i0.wp.com\/lasprimeras.com.do\/wp-content\/uploads\/2024\/02\/California.jpg?resize=350%2C200&ssl=1","width":350,"height":200,"srcset":"https:\/\/i0.wp.com\/lasprimeras.com.do\/wp-content\/uploads\/2024\/02\/California.jpg?resize=350%2C200&ssl=1 1x, https:\/\/i0.wp.com\/lasprimeras.com.do\/wp-content\/uploads\/2024\/02\/California.jpg?resize=525%2C300&ssl=1 1.5x, https:\/\/i0.wp.com\/lasprimeras.com.do\/wp-content\/uploads\/2024\/02\/California.jpg?resize=700%2C400&ssl=1 2x"},"classes":[]},{"id":75453,"url":"https:\/\/lasprimeras.com.do\/index.php\/2024\/02\/01\/tormenta-potente-amenaza-con-fuertes-lluvias-vientos-y-nieve\/","url_meta":{"origin":83006,"position":2},"title":"Tormenta potente amenaza con fuertes lluvias, vientos y nieve","author":"BIMARY DE JES\u00daS Matos","date":"1 de febrero de 2024","format":false,"excerpt":"CALIFORNIA, Estados Unidos.- Una potente tormenta cargada de humedad se abatir\u00e1 sobre la Costa Oeste de los Estados Unidos, con especial atenci\u00f3n en California hasta el jueves. Seg\u00fan los meteor\u00f3logos de AccuWeather, quienes han emitido advertencias desde mediados de enero, la misma desencadenar\u00e1 un \u201cr\u00edo atmosf\u00e9rico\u201d, capaz de provocar lluvias\u2026","rel":"","context":"En \u00abSin categor\u00eda\u00bb","block_context":{"text":"Sin categor\u00eda","link":"https:\/\/lasprimeras.com.do\/index.php\/category\/sin-categoria\/"},"img":{"alt_text":"","src":"https:\/\/i0.wp.com\/lasprimeras.com.do\/wp-content\/uploads\/2024\/02\/CANDIDATO-A-REGIDOR-Justicia-Social-JOSUE-MENDEZ-APOYARA-A-DIO-ASTACIO-DEL-PRM-1.jpg?resize=350%2C200&ssl=1","width":350,"height":200,"srcset":"https:\/\/i0.wp.com\/lasprimeras.com.do\/wp-content\/uploads\/2024\/02\/CANDIDATO-A-REGIDOR-Justicia-Social-JOSUE-MENDEZ-APOYARA-A-DIO-ASTACIO-DEL-PRM-1.jpg?resize=350%2C200&ssl=1 1x, https:\/\/i0.wp.com\/lasprimeras.com.do\/wp-content\/uploads\/2024\/02\/CANDIDATO-A-REGIDOR-Justicia-Social-JOSUE-MENDEZ-APOYARA-A-DIO-ASTACIO-DEL-PRM-1.jpg?resize=525%2C300&ssl=1 1.5x, https:\/\/i0.wp.com\/lasprimeras.com.do\/wp-content\/uploads\/2024\/02\/CANDIDATO-A-REGIDOR-Justicia-Social-JOSUE-MENDEZ-APOYARA-A-DIO-ASTACIO-DEL-PRM-1.jpg?resize=700%2C400&ssl=1 2x"},"classes":[]},{"id":79752,"url":"https:\/\/lasprimeras.com.do\/index.php\/2024\/03\/31\/capturan-en-mexico-hombre-condenado-por-matar-a-su-madre-en-california\/","url_meta":{"origin":83006,"position":3},"title":"Capturan en M\u00e9xico hombre condenado por matar a su madre en California","author":"Nelson Feliz","date":"31 de marzo de 2024","format":false,"excerpt":"SANTA ANA, California (AP) \u2014 Un hombre del sur de California condenado por matar a su madre cuando era adolescente fue capturado en M\u00e9xico una semana despu\u00e9s de salir caminando de un centro de rehabilitaci\u00f3n, violando las condiciones de su libertad condicional, dijeron las autoridades. Ike Nicholas Souzer, de 20\u2026","rel":"","context":"En \u00abSin categor\u00eda\u00bb","block_context":{"text":"Sin categor\u00eda","link":"https:\/\/lasprimeras.com.do\/index.php\/category\/sin-categoria\/"},"img":{"alt_text":"Ike Nicholas Souzer","src":"https:\/\/i0.wp.com\/lasprimeras.com.do\/wp-content\/uploads\/2024\/03\/Ike-Nicholas-Souzer.jpg?resize=350%2C200&ssl=1","width":350,"height":200},"classes":[]},{"id":85765,"url":"https:\/\/lasprimeras.com.do\/index.php\/2024\/07\/08\/se-reportan-4-muertes-al-parecer-relacionadas-con-la-ola-de-calor-en-eeuu\/","url_meta":{"origin":83006,"position":4},"title":"Se reportan 4 muertes al parecer relacionadas con la ola de calor en EEUU","author":"Nelson Feliz","date":"8 de julio de 2024","format":false,"excerpt":"BY CLAIRE RUSH, TY O\u2019NEIL AND CHRISTOPHER WEBER VALLE DE LA MUERTE, California, EE.UU. (AP) \u2014 Se sospecha que las altas temperaturas r\u00e9cord en Oregon ocasionaron cuatro decesos en el \u00e1rea de Portland el lunes, mientras gran parte de Estados Unidos se sofoca bajo una ola de calor anticipada. California,\u2026","rel":"","context":"En \u00abSin categor\u00eda\u00bb","block_context":{"text":"Sin categor\u00eda","link":"https:\/\/lasprimeras.com.do\/index.php\/category\/sin-categoria\/"},"img":{"alt_text":"","src":"https:\/\/i0.wp.com\/lasprimeras.com.do\/wp-content\/uploads\/2024\/07\/Ola-de-calor.jpg?resize=350%2C200&ssl=1","width":350,"height":200,"srcset":"https:\/\/i0.wp.com\/lasprimeras.com.do\/wp-content\/uploads\/2024\/07\/Ola-de-calor.jpg?resize=350%2C200&ssl=1 1x, https:\/\/i0.wp.com\/lasprimeras.com.do\/wp-content\/uploads\/2024\/07\/Ola-de-calor.jpg?resize=525%2C300&ssl=1 1.5x, https:\/\/i0.wp.com\/lasprimeras.com.do\/wp-content\/uploads\/2024\/07\/Ola-de-calor.jpg?resize=700%2C400&ssl=1 2x"},"classes":[]},{"id":78539,"url":"https:\/\/lasprimeras.com.do\/index.php\/2024\/03\/17\/que-hace-feliz-a-la-gente-los-legisladores-de-california-quieren-averiguarlo\/","url_meta":{"origin":83006,"position":5},"title":"\u00bfQu\u00e9 hace feliz a la gente? Los legisladores de California quieren averiguarlo","author":"Nelson Feliz","date":"17 de marzo de 2024","format":false,"excerpt":"POR SOPHIE AUSTIN SACRAMENTO, California (AP) \u2014 Al asamble\u00edsta de California Anthony Rendon le gusta pasar su tiempo libre fuera del Capitolio en Sacramento con su hija de 4 a\u00f1os en su casa cerca de Los \u00c1ngeles. El fin de semana pasado, la llev\u00f3 a patinar sobre hielo y a\u2026","rel":"","context":"En \u00abSin categor\u00eda\u00bb","block_context":{"text":"Sin categor\u00eda","link":"https:\/\/lasprimeras.com.do\/index.php\/category\/sin-categoria\/"},"img":{"alt_text":"","src":"https:\/\/i0.wp.com\/lasprimeras.com.do\/wp-content\/uploads\/2024\/03\/legisladores.jpg?resize=350%2C200&ssl=1","width":350,"height":200,"srcset":"https:\/\/i0.wp.com\/lasprimeras.com.do\/wp-content\/uploads\/2024\/03\/legisladores.jpg?resize=350%2C200&ssl=1 1x, https:\/\/i0.wp.com\/lasprimeras.com.do\/wp-content\/uploads\/2024\/03\/legisladores.jpg?resize=525%2C300&ssl=1 1.5x, https:\/\/i0.wp.com\/lasprimeras.com.do\/wp-content\/uploads\/2024\/03\/legisladores.jpg?resize=700%2C400&ssl=1 2x"},"classes":[]}],"jetpack_sharing_enabled":true,"_links":{"self":[{"href":"https:\/\/lasprimeras.com.do\/index.php\/wp-json\/wp\/v2\/posts\/83006","targetHints":{"allow":["GET"]}}],"collection":[{"href":"https:\/\/lasprimeras.com.do\/index.php\/wp-json\/wp\/v2\/posts"}],"about":[{"href":"https:\/\/lasprimeras.com.do\/index.php\/wp-json\/wp\/v2\/types\/post"}],"author":[{"embeddable":true,"href":"https:\/\/lasprimeras.com.do\/index.php\/wp-json\/wp\/v2\/users\/3"}],"replies":[{"embeddable":true,"href":"https:\/\/lasprimeras.com.do\/index.php\/wp-json\/wp\/v2\/comments?post=83006"}],"version-history":[{"count":1,"href":"https:\/\/lasprimeras.com.do\/index.php\/wp-json\/wp\/v2\/posts\/83006\/revisions"}],"predecessor-version":[{"id":83008,"href":"https:\/\/lasprimeras.com.do\/index.php\/wp-json\/wp\/v2\/posts\/83006\/revisions\/83008"}],"wp:featuredmedia":[{"embeddable":true,"href":"https:\/\/lasprimeras.com.do\/index.php\/wp-json\/wp\/v2\/media\/83007"}],"wp:attachment":[{"href":"https:\/\/lasprimeras.com.do\/index.php\/wp-json\/wp\/v2\/media?parent=83006"}],"wp:term":[{"taxonomy":"category","embeddable":true,"href":"https:\/\/lasprimeras.com.do\/index.php\/wp-json\/wp\/v2\/categories?post=83006"},{"taxonomy":"post_tag","embeddable":true,"href":"https:\/\/lasprimeras.com.do\/index.php\/wp-json\/wp\/v2\/tags?post=83006"}],"curies":[{"name":"wp","href":"https:\/\/api.w.org\/{rel}","templated":true}]}}