{"id":83017,"date":"2024-05-10T11:54:59","date_gmt":"2024-05-10T15:54:59","guid":{"rendered":"https:\/\/lasprimeras.com.do\/?p=83017"},"modified":"2024-05-10T11:55:01","modified_gmt":"2024-05-10T15:55:01","slug":"pld-tiene-ya-preparada-documentacion-que-usaran-delegados-en-elecciones","status":"publish","type":"post","link":"https:\/\/lasprimeras.com.do\/index.php\/2024\/05\/10\/pld-tiene-ya-preparada-documentacion-que-usaran-delegados-en-elecciones\/","title":{"rendered":"PLD tiene ya preparada documentaci\u00f3n que usar\u00e1n delegados en elecciones"},"content":{"rendered":"\n<p>El Partido de la Liberaci\u00f3n Dominicana ultima la preparaci\u00f3n de materiales que usar\u00e1n sus delegados y suplentes en los Colegios Electorales.<\/p>\n\n\n\n<p>El Partido de la Liberaci\u00f3n Dominicana (PLD) est\u00e1 preparado para concluir el pr\u00f3ximo jueves 16 la entrega de los materiales que ser\u00e1n utilizados por los delegados y delegadas de esa organizaci\u00f3n en los colegios electorales habilitados en todo el territorio nacional el domingo 19, d\u00eda de las elecciones.<\/p>\n\n\n\n<p>Un equipo operativo de la Secretar\u00eda de Asuntos Electorales del PLD ha preparado los kits con la documentaci\u00f3n requerida en los colegios electorales por la representaci\u00f3n del PLD en las mesas de votaciones y recintos.<\/p>\n\n\n\n<p>En sobres se han colocado los materiales con los que la representaci\u00f3n pelede\u00edsta dar\u00e1 seguimiento a las instrucciones ofrecidas en talleres regionales, provinciales, municipales y distritos municipales, capacitando dicha representaci\u00f3n.<\/p>\n\n\n\n<p>Los materiales que recibir\u00e1n los delegados y suplentes los forman el padr\u00f3n de electores de cada mesa, una plantilla auxiliar de conteo para la candidatura presidencial, senatorial y diputaciones, una hoja consignando las alianzas partidarias por provincias o circunscripci\u00f3n, la credencial de delegados otorgadas por la JCE, varias resoluciones de la JCE, acta alternativa de escrutinio, hojas de adoraciones y lapiceros, entre otros.<\/p>\n\n\n\n<p>En las elecciones presidenciales y congresuales del 19 de mayo pr\u00f3ximo funcionar\u00e1n 16,857 colegios electorales en cada de ellos el PLD tiene un delegado y suplente, quienes recibir\u00e1n el auxilio de los comit\u00e9s intermedios de las demarcaciones para facilitar su trabajo.<\/p>\n\n\n\n<p>La funci\u00f3n fundamental del delegado y su suplente es, adem\u00e1s de representar al PLD en los colegios electorales, defender los intereses del Partido y de la candidatura presidencial, vicepresidencial y las del Congreso con gallard\u00eda, lealtad, sin vacilaciones.<\/p>\n\n\n\n<p><\/p>\n","protected":false},"excerpt":{"rendered":"<p>El Partido de la Liberaci\u00f3n Dominicana ultima la preparaci\u00f3n de materiales que usar\u00e1n sus delegados y suplentes en los Colegios Electorales. El Partido de la Liberaci\u00f3n Dominicana (PLD) est\u00e1 preparado&hellip;<\/p>\n","protected":false},"author":3,"featured_media":83018,"comment_status":"open","ping_status":"open","sticky":false,"template":"","format":"standard","meta":{"content-type":"","jetpack_post_was_ever_published":false,"_jetpack_newsletter_access":"","_jetpack_dont_email_post_to_subs":false,"_jetpack_newsletter_tier_id":0,"_jetpack_memberships_contains_paywalled_content":false,"_jetpack_memberships_contains_paid_content":false,"footnotes":""},"categories":[1],"tags":[269],"class_list":["post-83017","post","type-post","status-publish","format-standard","has-post-thumbnail","hentry","category-sin-categoria","tag-pld"],"jetpack_featured_media_url":"https:\/\/lasprimeras.com.do\/wp-content\/uploads\/2024\/05\/6a0c8a05-4f4b-48f5-a1d9-1ad180753c4a-23.jpg","jetpack-related-posts":[{"id":83545,"url":"https:\/\/lasprimeras.com.do\/index.php\/2024\/05\/18\/pld-entrega-materiales-a-delegados-y-suplentes\/","url_meta":{"origin":83017,"position":0},"title":"PLD entrega materiales a delegados y suplentes","author":"Nelson Feliz","date":"18 de mayo de 2024","format":false,"excerpt":"Entrenados y preparados para cumplir responsabilidad de vigilancia del voto. El Partido de la Liberaci\u00f3n Dominicana (PLD) ha realizado la entrega de materiales de apoyo a sus delegados de los colegios electorales en todos los municipios y distritos municipales del pa\u00eds, con el objetivo de garantizar el adecuado soporte de\u2026","rel":"","context":"En \u00abPORTADA\u00bb","block_context":{"text":"PORTADA","link":"https:\/\/lasprimeras.com.do\/index.php\/category\/portada\/"},"img":{"alt_text":"","src":"https:\/\/i0.wp.com\/lasprimeras.com.do\/wp-content\/uploads\/2024\/05\/PLD-2.jpg?resize=350%2C200&ssl=1","width":350,"height":200,"srcset":"https:\/\/i0.wp.com\/lasprimeras.com.do\/wp-content\/uploads\/2024\/05\/PLD-2.jpg?resize=350%2C200&ssl=1 1x, https:\/\/i0.wp.com\/lasprimeras.com.do\/wp-content\/uploads\/2024\/05\/PLD-2.jpg?resize=525%2C300&ssl=1 1.5x, https:\/\/i0.wp.com\/lasprimeras.com.do\/wp-content\/uploads\/2024\/05\/PLD-2.jpg?resize=700%2C400&ssl=1 2x"},"classes":[]},{"id":62473,"url":"https:\/\/lasprimeras.com.do\/index.php\/2023\/10\/05\/pld-celebrara-asambleas-de-delegados-para-escoger-candidatos-regidores-y-vocales\/","url_meta":{"origin":83017,"position":1},"title":"PLD celebrar\u00e1 Asambleas de Delegados para escoger candidatos Regidores y Vocales","author":"Nelson Feliz","date":"5 de octubre de 2023","format":false,"excerpt":"El PLD celebrar\u00e1 los d\u00edas 7 y 8 de octubre, 267 asambleas de delegados en los municipios y distritos municipales del pa\u00eds. El Partido de la Liberaci\u00f3n Dominicana (PLD) ultima los detalles organizativos y operativos para la celebraci\u00f3n, los d\u00edas s\u00e1bado 7 y domingo de octubre, las Asambleas de Delegados\u2026","rel":"","context":"En \u00abPORTADA\u00bb","block_context":{"text":"PORTADA","link":"https:\/\/lasprimeras.com.do\/index.php\/category\/portada\/"},"img":{"alt_text":"PLD","src":"https:\/\/i0.wp.com\/lasprimeras.com.do\/wp-content\/uploads\/2023\/10\/PLD.jpg?resize=350%2C200&ssl=1","width":350,"height":200,"srcset":"https:\/\/i0.wp.com\/lasprimeras.com.do\/wp-content\/uploads\/2023\/10\/PLD.jpg?resize=350%2C200&ssl=1 1x, https:\/\/i0.wp.com\/lasprimeras.com.do\/wp-content\/uploads\/2023\/10\/PLD.jpg?resize=525%2C300&ssl=1 1.5x, https:\/\/i0.wp.com\/lasprimeras.com.do\/wp-content\/uploads\/2023\/10\/PLD.jpg?resize=700%2C400&ssl=1 2x"},"classes":[]},{"id":100567,"url":"https:\/\/lasprimeras.com.do\/index.php\/2025\/06\/08\/presidente-de-la-jce-roman-jaquez-visita-casa-nacional-del-pld\/","url_meta":{"origin":83017,"position":2},"title":"Presidente de la JCE Rom\u00e1n J\u00e1quez visita Casa Nacional del PLD","author":"Nelson Feliz","date":"8 de junio de 2025","format":false,"excerpt":"El presidente de la Junta Central Electoral (JCE), Rom\u00e1n J\u00e1quez Liranzo, visit\u00f3 la Casa Nacional Reinaldo Pared P\u00e9rez del Partido de la Liberaci\u00f3n Dominicana (PLD) compartiendo con los dirigentes de la organizaci\u00f3n pol\u00edtica quienes participan en el Diplomado Especializado en Administraci\u00f3n Electoral, organizado por la JCE, a trav\u00e9s del Instituto\u2026","rel":"","context":"En \u00abPOLITICA\u00bb","block_context":{"text":"POLITICA","link":"https:\/\/lasprimeras.com.do\/index.php\/category\/politica\/"},"img":{"alt_text":"","src":"https:\/\/i0.wp.com\/lasprimeras.com.do\/wp-content\/uploads\/2025\/06\/Roman-Jaquez.jpg?resize=350%2C200&ssl=1","width":350,"height":200,"srcset":"https:\/\/i0.wp.com\/lasprimeras.com.do\/wp-content\/uploads\/2025\/06\/Roman-Jaquez.jpg?resize=350%2C200&ssl=1 1x, https:\/\/i0.wp.com\/lasprimeras.com.do\/wp-content\/uploads\/2025\/06\/Roman-Jaquez.jpg?resize=525%2C300&ssl=1 1.5x, https:\/\/i0.wp.com\/lasprimeras.com.do\/wp-content\/uploads\/2025\/06\/Roman-Jaquez.jpg?resize=700%2C400&ssl=1 2x"},"classes":[]},{"id":83405,"url":"https:\/\/lasprimeras.com.do\/index.php\/2024\/05\/15\/pld-sostendra-encuentro-con-observadores-electorales-internacionales\/","url_meta":{"origin":83017,"position":3},"title":"PLD sostendr\u00e1 encuentro con Observadores Electorales Internacionales","author":"Nelson Feliz","date":"15 de mayo de 2024","format":false,"excerpt":"PLD manifiesta su respaldo y disposici\u00f3n de colaboraci\u00f3n con las diferentes misiones de observaci\u00f3n electoral internacional. El Partido de la Liberaci\u00f3n Dominicana (PLD) a trav\u00e9s de su Secretar\u00eda de Relaciones Internacionales coordina diversos encuentros e intercambios con las distintas misiones internacionales de observaci\u00f3n electoral, que se encuentran en el pa\u00eds\u2026","rel":"","context":"En \u00abSin categor\u00eda\u00bb","block_context":{"text":"Sin categor\u00eda","link":"https:\/\/lasprimeras.com.do\/index.php\/category\/sin-categoria\/"},"img":{"alt_text":"","src":"https:\/\/i0.wp.com\/lasprimeras.com.do\/wp-content\/uploads\/2024\/05\/Relaciones-internacionales.jpeg?resize=350%2C200&ssl=1","width":350,"height":200,"srcset":"https:\/\/i0.wp.com\/lasprimeras.com.do\/wp-content\/uploads\/2024\/05\/Relaciones-internacionales.jpeg?resize=350%2C200&ssl=1 1x, https:\/\/i0.wp.com\/lasprimeras.com.do\/wp-content\/uploads\/2024\/05\/Relaciones-internacionales.jpeg?resize=525%2C300&ssl=1 1.5x, https:\/\/i0.wp.com\/lasprimeras.com.do\/wp-content\/uploads\/2024\/05\/Relaciones-internacionales.jpeg?resize=700%2C400&ssl=1 2x"},"classes":[]},{"id":105196,"url":"https:\/\/lasprimeras.com.do\/index.php\/2025\/07\/31\/pld-avanza-en-la-implementacion-de-su-linea-organizativa-y-electoral-2\/","url_meta":{"origin":83017,"position":4},"title":"PLD avanza en la implementaci\u00f3n de su L\u00ednea Organizativa y Electoral","author":"Nelson Feliz","date":"31 de julio de 2025","format":false,"excerpt":"Masivos reportes de validaci\u00f3n de membres\u00eda en el Partido de la Liberaci\u00f3n Dominicana (PLD) Marcha a buen ritmo en el Partido de la Liberaci\u00f3n Dominicana (PLD) la implementaci\u00f3n de su nueva l\u00ednea organizativa y electoral, un mandato del X Congreso Ordinario Reinaldo Pared P\u00e9rez. Desde todas las demarcaciones territoriales est\u00e1n\u2026","rel":"","context":"En \u00abPOLITICA\u00bb","block_context":{"text":"POLITICA","link":"https:\/\/lasprimeras.com.do\/index.php\/category\/politica\/"},"img":{"alt_text":"","src":"https:\/\/i0.wp.com\/lasprimeras.com.do\/wp-content\/uploads\/2025\/07\/pld-6.jpg?resize=350%2C200&ssl=1","width":350,"height":200,"srcset":"https:\/\/i0.wp.com\/lasprimeras.com.do\/wp-content\/uploads\/2025\/07\/pld-6.jpg?resize=350%2C200&ssl=1 1x, https:\/\/i0.wp.com\/lasprimeras.com.do\/wp-content\/uploads\/2025\/07\/pld-6.jpg?resize=525%2C300&ssl=1 1.5x, https:\/\/i0.wp.com\/lasprimeras.com.do\/wp-content\/uploads\/2025\/07\/pld-6.jpg?resize=700%2C400&ssl=1 2x"},"classes":[]},{"id":53846,"url":"https:\/\/lasprimeras.com.do\/index.php\/2023\/07\/02\/con-encuestas-y-asambleas-de-delegados-se-escogeran-los-candidatos\/","url_meta":{"origin":83017,"position":5},"title":"Con encuestas y asambleas de delegados se escoger\u00e1n los candidatos","author":"Nelson Feliz","date":"2 de julio de 2023","format":false,"excerpt":"Entusiasmo, alegr\u00eda y camarader\u00eda predominan en el proceso de inscripciones precandidaturas en el Partido de la Liberaci\u00f3n Dominicana. Los miembros del Comit\u00e9 Pol\u00edtico del Partido de la Liberaci\u00f3n Dominicana (PLD); Domingo Contreras y Gustavo S\u00e1nchez, quienes optan por la candidatura a la alcald\u00eda del Distrito Nacional y una diputaci\u00f3n por\u2026","rel":"","context":"En \u00abPORTADA\u00bb","block_context":{"text":"PORTADA","link":"https:\/\/lasprimeras.com.do\/index.php\/category\/portada\/"},"img":{"alt_text":"","src":"https:\/\/i0.wp.com\/lasprimeras.com.do\/wp-content\/uploads\/2023\/07\/PLD.jpeg?resize=350%2C200&ssl=1","width":350,"height":200,"srcset":"https:\/\/i0.wp.com\/lasprimeras.com.do\/wp-content\/uploads\/2023\/07\/PLD.jpeg?resize=350%2C200&ssl=1 1x, https:\/\/i0.wp.com\/lasprimeras.com.do\/wp-content\/uploads\/2023\/07\/PLD.jpeg?resize=525%2C300&ssl=1 1.5x, https:\/\/i0.wp.com\/lasprimeras.com.do\/wp-content\/uploads\/2023\/07\/PLD.jpeg?resize=700%2C400&ssl=1 2x, https:\/\/i0.wp.com\/lasprimeras.com.do\/wp-content\/uploads\/2023\/07\/PLD.jpeg?resize=1050%2C600&ssl=1 3x, https:\/\/i0.wp.com\/lasprimeras.com.do\/wp-content\/uploads\/2023\/07\/PLD.jpeg?resize=1400%2C800&ssl=1 4x"},"classes":[]}],"jetpack_sharing_enabled":true,"_links":{"self":[{"href":"https:\/\/lasprimeras.com.do\/index.php\/wp-json\/wp\/v2\/posts\/83017","targetHints":{"allow":["GET"]}}],"collection":[{"href":"https:\/\/lasprimeras.com.do\/index.php\/wp-json\/wp\/v2\/posts"}],"about":[{"href":"https:\/\/lasprimeras.com.do\/index.php\/wp-json\/wp\/v2\/types\/post"}],"author":[{"embeddable":true,"href":"https:\/\/lasprimeras.com.do\/index.php\/wp-json\/wp\/v2\/users\/3"}],"replies":[{"embeddable":true,"href":"https:\/\/lasprimeras.com.do\/index.php\/wp-json\/wp\/v2\/comments?post=83017"}],"version-history":[{"count":1,"href":"https:\/\/lasprimeras.com.do\/index.php\/wp-json\/wp\/v2\/posts\/83017\/revisions"}],"predecessor-version":[{"id":83019,"href":"https:\/\/lasprimeras.com.do\/index.php\/wp-json\/wp\/v2\/posts\/83017\/revisions\/83019"}],"wp:featuredmedia":[{"embeddable":true,"href":"https:\/\/lasprimeras.com.do\/index.php\/wp-json\/wp\/v2\/media\/83018"}],"wp:attachment":[{"href":"https:\/\/lasprimeras.com.do\/index.php\/wp-json\/wp\/v2\/media?parent=83017"}],"wp:term":[{"taxonomy":"category","embeddable":true,"href":"https:\/\/lasprimeras.com.do\/index.php\/wp-json\/wp\/v2\/categories?post=83017"},{"taxonomy":"post_tag","embeddable":true,"href":"https:\/\/lasprimeras.com.do\/index.php\/wp-json\/wp\/v2\/tags?post=83017"}],"curies":[{"name":"wp","href":"https:\/\/api.w.org\/{rel}","templated":true}]}}