{"id":83020,"date":"2024-05-10T11:55:58","date_gmt":"2024-05-10T15:55:58","guid":{"rendered":"https:\/\/lasprimeras.com.do\/?p=83020"},"modified":"2024-05-10T11:56:00","modified_gmt":"2024-05-10T15:56:00","slug":"encuentro-nacional-agropecuario-este-sabado-en-sfm","status":"publish","type":"post","link":"https:\/\/lasprimeras.com.do\/index.php\/2024\/05\/10\/encuentro-nacional-agropecuario-este-sabado-en-sfm\/","title":{"rendered":"Encuentro Nacional Agropecuario este s\u00e1bado en SFM."},"content":{"rendered":"\n<p>Productores y profesionales agropecuarios firmar\u00e1n con Abel Mart\u00ednez, candidato presidencial del PLD, el \u201cPacto por la Rentabilidad Agropecuaria\u201d.<\/p>\n\n\n\n<p>Productores agr\u00edcolas, ganaderos, piscicultores, profesionales agropecuarios y actores del sector agr\u00edcola nacional han confirmado su participaci\u00f3n en el Encuentro Nacional Agropecuario, programado para este s\u00e1bado en San Francisco de Macor\u00eds.<\/p>\n\n\n\n<p>La actividad ser\u00e1 encabezada por el candidato presidencial del Partido de la Liberaci\u00f3n Dominicana (PLD), Abel Mart\u00ednez, con la presencia del ex presidente de la Rep\u00fablica, Danilo Medina, de quien el sector agropecuario nacional se siente agradecido con los programas de Visitas Sorpresa, ejecutado en su gesti\u00f3n gubernamental.<\/p>\n\n\n\n<p>El equipo agropecuario de la candidatura presidencial de Abel Mart\u00ednez es el organizador del acto con el respaldo de las estructuras agr\u00edcolas del Partido de la Liberaci\u00f3n y movimientos de apoyo que aglutinan productores y profesionales del agro.<\/p>\n\n\n\n<p>Las instalaciones de La Ciudad Agropecuaria en San Francisco de Macor\u00eds en la provincia Duarte es el escenario para el Encuentro Nacional Agropecuario, programado para iniciar a las 3.00 p.m.<\/p>\n\n\n\n<p>En ese acto se firmar\u00e1 el \u201cPacto por la Rentabilidad Agropecuaria\u201d en el que se resume el compromiso de la pr\u00f3xima gesti\u00f3n de Gobierno, encabezada por Abel Mart\u00ednez de recuperar la producci\u00f3n agr\u00edcola nacional diezmada por la masiva importaci\u00f3n alimentos de producci\u00f3n local, la improvisaci\u00f3n y maltrato a los profesionales agropecuarios.<\/p>\n","protected":false},"excerpt":{"rendered":"<p>Productores y profesionales agropecuarios firmar\u00e1n con Abel Mart\u00ednez, candidato presidencial del PLD, el \u201cPacto por la Rentabilidad Agropecuaria\u201d. Productores agr\u00edcolas, ganaderos, piscicultores, profesionales agropecuarios y actores del sector agr\u00edcola nacional&hellip;<\/p>\n","protected":false},"author":3,"featured_media":83021,"comment_status":"open","ping_status":"open","sticky":false,"template":"","format":"standard","meta":{"content-type":"","jetpack_post_was_ever_published":false,"_jetpack_newsletter_access":"","_jetpack_dont_email_post_to_subs":false,"_jetpack_newsletter_tier_id":0,"_jetpack_memberships_contains_paywalled_content":false,"_jetpack_memberships_contains_paid_content":false,"footnotes":""},"categories":[25],"tags":[2086],"class_list":["post-83020","post","type-post","status-publish","format-standard","has-post-thumbnail","hentry","category-portada","tag-encuentro"],"jetpack_featured_media_url":"https:\/\/lasprimeras.com.do\/wp-content\/uploads\/2024\/05\/6a0c8a05-4f4b-48f5-a1d9-1ad180753c4a-24.jpg","jetpack-related-posts":[{"id":83429,"url":"https:\/\/lasprimeras.com.do\/index.php\/2024\/05\/15\/abel-martinez-reafirma-compromiso-con-productores-y-rentabilidad-del-campo\/","url_meta":{"origin":83020,"position":0},"title":"Abel Mart\u00ednez reafirma compromiso con productores y rentabilidad del campo","author":"Nelson Feliz","date":"15 de mayo de 2024","format":false,"excerpt":"El candidato presidencial del Partido de la Liberaci\u00f3n Dominicana (PLD), Abel Mart\u00ednez, felicit\u00f3 a los productores y productoras dominicanas, a prop\u00f3sito de celebrarse este 15 de mayo el D\u00eda del Agricultor. En ese sentido, Abel Mart\u00ednez reafirm\u00f3 su compromiso con la rentabilidad del campo y el apoyo en su Gobierno\u2026","rel":"","context":"En \u00abPORTADA\u00bb","block_context":{"text":"PORTADA","link":"https:\/\/lasprimeras.com.do\/index.php\/category\/portada\/"},"img":{"alt_text":"Abel Mart\u00ednez","src":"https:\/\/i0.wp.com\/lasprimeras.com.do\/wp-content\/uploads\/2024\/05\/Abel-Martinez-PLD.jpg?resize=350%2C200&ssl=1","width":350,"height":200,"srcset":"https:\/\/i0.wp.com\/lasprimeras.com.do\/wp-content\/uploads\/2024\/05\/Abel-Martinez-PLD.jpg?resize=350%2C200&ssl=1 1x, https:\/\/i0.wp.com\/lasprimeras.com.do\/wp-content\/uploads\/2024\/05\/Abel-Martinez-PLD.jpg?resize=525%2C300&ssl=1 1.5x"},"classes":[]},{"id":68804,"url":"https:\/\/lasprimeras.com.do\/index.php\/2023\/11\/27\/abel-martinez-presentara-plan-de-recuperacion-de-la-agropecuaria\/","url_meta":{"origin":83020,"position":1},"title":"Abel Mart\u00ednez presentar\u00e1 plan de recuperaci\u00f3n de la agropecuaria","author":"Nelson Feliz","date":"27 de noviembre de 2023","format":false,"excerpt":"El candidato presidencial del Partido de la Liberaci\u00f3n Dominicana (PLD), Abel Mart\u00ednez, presentar\u00e1 este martes su propuesta para la Transformaci\u00f3n de la Agropecuaria Nacional para hacer frente al descalabro del sector, fruto de las deficiencias del Gobierno y el maltrato a productores, profesionales y labriegos. Desde sus inicios, el gobierno\u2026","rel":"","context":"En \u00abPORTADA\u00bb","block_context":{"text":"PORTADA","link":"https:\/\/lasprimeras.com.do\/index.php\/category\/portada\/"},"img":{"alt_text":"Abel Mart\u00ednez","src":"https:\/\/i0.wp.com\/lasprimeras.com.do\/wp-content\/uploads\/2023\/11\/Abel-Martinez-2-1.jpg?resize=350%2C200&ssl=1","width":350,"height":200,"srcset":"https:\/\/i0.wp.com\/lasprimeras.com.do\/wp-content\/uploads\/2023\/11\/Abel-Martinez-2-1.jpg?resize=350%2C200&ssl=1 1x, https:\/\/i0.wp.com\/lasprimeras.com.do\/wp-content\/uploads\/2023\/11\/Abel-Martinez-2-1.jpg?resize=525%2C300&ssl=1 1.5x, https:\/\/i0.wp.com\/lasprimeras.com.do\/wp-content\/uploads\/2023\/11\/Abel-Martinez-2-1.jpg?resize=700%2C400&ssl=1 2x"},"classes":[]},{"id":69104,"url":"https:\/\/lasprimeras.com.do\/index.php\/2023\/11\/29\/emilio-toribio-dice-sector-agropecuario-esta-abandonado-y-deteriorado\/","url_meta":{"origin":83020,"position":2},"title":"Emilio Toribio dice sector agropecuario est\u00e1 abandonado y deteriorado","author":"Nelson Feliz","date":"29 de noviembre de 2023","format":false,"excerpt":"El Coordinador Nacional del Sector Agropecuario de la campa\u00f1a del Partido de la Liberaci\u00f3n Dominicana, Emilio Toribio Olivo, afirm\u00f3 que la soluci\u00f3n al abandono y deterioro del sector agropecuario en que lo ha sumido este gobierno, se encuentra en las medidas anunciadas por el candidato presidencial Abel Mart\u00ednez en su\u2026","rel":"","context":"En \u00abSin categor\u00eda\u00bb","block_context":{"text":"Sin categor\u00eda","link":"https:\/\/lasprimeras.com.do\/index.php\/category\/sin-categoria\/"},"img":{"alt_text":"Emilio Toribio Olivo","src":"https:\/\/i0.wp.com\/lasprimeras.com.do\/wp-content\/uploads\/2023\/11\/Emilio-Toribio-Olivo.jpg?resize=350%2C200&ssl=1","width":350,"height":200,"srcset":"https:\/\/i0.wp.com\/lasprimeras.com.do\/wp-content\/uploads\/2023\/11\/Emilio-Toribio-Olivo.jpg?resize=350%2C200&ssl=1 1x, https:\/\/i0.wp.com\/lasprimeras.com.do\/wp-content\/uploads\/2023\/11\/Emilio-Toribio-Olivo.jpg?resize=525%2C300&ssl=1 1.5x"},"classes":[]},{"id":123124,"url":"https:\/\/lasprimeras.com.do\/index.php\/2026\/02\/25\/gobierno-del-prm-ignora-la-importancia-de-los-profesionales-agropecuarios\/","url_meta":{"origin":83020,"position":3},"title":"Gobierno del PRM ignora la importancia de los profesionales agropecuarios","author":"Nelson Feliz","date":"25 de febrero de 2026","format":false,"excerpt":"Danilo Medina brinda el respaldo del Partido de la Liberaci\u00f3n Dominicana (PLD) a los reclamos de la Asociaci\u00f3n Nacional de Profesionales Agr\u00edcolas (ANPA). El Presidente del Partido de la Liberaci\u00f3n Dominicana (PLD), Danilo Medina, declar\u00f3 que esa organizaci\u00f3n pol\u00edtica brinda su inquebrantable respaldo a la Asociaci\u00f3n Nacional de Profesionales Agr\u00edcolas\u2026","rel":"","context":"En \u00abSin categor\u00eda\u00bb","block_context":{"text":"Sin categor\u00eda","link":"https:\/\/lasprimeras.com.do\/index.php\/category\/sin-categoria\/"},"img":{"alt_text":"","src":"https:\/\/i0.wp.com\/lasprimeras.com.do\/wp-content\/uploads\/2026\/02\/profesionales-agropecuarios.jpg?resize=350%2C200&ssl=1","width":350,"height":200,"srcset":"https:\/\/i0.wp.com\/lasprimeras.com.do\/wp-content\/uploads\/2026\/02\/profesionales-agropecuarios.jpg?resize=350%2C200&ssl=1 1x, https:\/\/i0.wp.com\/lasprimeras.com.do\/wp-content\/uploads\/2026\/02\/profesionales-agropecuarios.jpg?resize=525%2C300&ssl=1 1.5x, https:\/\/i0.wp.com\/lasprimeras.com.do\/wp-content\/uploads\/2026\/02\/profesionales-agropecuarios.jpg?resize=700%2C400&ssl=1 2x"},"classes":[]},{"id":104884,"url":"https:\/\/lasprimeras.com.do\/index.php\/2025\/07\/28\/francisco-javier-garcia-este-gobierno-no-cumple-y-el-campo-dominicano-lo-esta-pagando\/","url_meta":{"origin":83020,"position":4},"title":"Francisco Javier Garc\u00eda: \u201cEste gobierno no cumple, y el campo dominicano lo est\u00e1 pagando\u201d","author":"Nelson Feliz","date":"28 de julio de 2025","format":false,"excerpt":"\u201cEn nuestro gobierno vamos a blindar el sector agropecuario\u00a8. El aspirante presidencial del Partido de la Liberaci\u00f3n Dominicana (PLD), Francisco Javier Garc\u00eda, arremeti\u00f3 contra la gesti\u00f3n del Partido Revolucionario Moderno (PRM), acusando al gobierno de abandonar al sector agropecuario y de gobernar con promesas vac\u00edas mientras los productores enfrentan una\u2026","rel":"","context":"En \u00abPOLITICA\u00bb","block_context":{"text":"POLITICA","link":"https:\/\/lasprimeras.com.do\/index.php\/category\/politica\/"},"img":{"alt_text":"","src":"https:\/\/i0.wp.com\/lasprimeras.com.do\/wp-content\/uploads\/2025\/07\/Francisco-Javier-Garcia.jpg?resize=350%2C200&ssl=1","width":350,"height":200,"srcset":"https:\/\/i0.wp.com\/lasprimeras.com.do\/wp-content\/uploads\/2025\/07\/Francisco-Javier-Garcia.jpg?resize=350%2C200&ssl=1 1x, https:\/\/i0.wp.com\/lasprimeras.com.do\/wp-content\/uploads\/2025\/07\/Francisco-Javier-Garcia.jpg?resize=525%2C300&ssl=1 1.5x, https:\/\/i0.wp.com\/lasprimeras.com.do\/wp-content\/uploads\/2025\/07\/Francisco-Javier-Garcia.jpg?resize=700%2C400&ssl=1 2x"},"classes":[]},{"id":108660,"url":"https:\/\/lasprimeras.com.do\/index.php\/2025\/09\/09\/sanchez-roard-enfrenta-grave-crisis-agropecuaria-en-el-dia-mundial-de-la-agricultura\/","url_meta":{"origin":83020,"position":5},"title":"S\u00e1nchez Roa:RD enfrenta grave crisis agropecuaria en el &#8220;D\u00eda Mundial de la Agricultura&#8221;","author":"Nelson Feliz","date":"9 de septiembre de 2025","format":false,"excerpt":"La conmemoraci\u00f3n del D\u00eda Mundial de la Agricultura encuentra a la Rep\u00fablica Dominicana atravesando por \u201cla crisis m\u00e1s profunda de su historia en el sector agropecuario, marcada por fuertes alzas en los precios de los alimentos, importaciones desmedidas y la quiebra de miles de productores\u201d. La aseveraci\u00f3n es del ex\u2026","rel":"","context":"En \u00abECONOM\u00cdA\u00bb","block_context":{"text":"ECONOM\u00cdA","link":"https:\/\/lasprimeras.com.do\/index.php\/category\/economia\/"},"img":{"alt_text":"","src":"https:\/\/i0.wp.com\/lasprimeras.com.do\/wp-content\/uploads\/2025\/09\/Adriano-Sanchez-Roa.jpg?resize=350%2C200&ssl=1","width":350,"height":200,"srcset":"https:\/\/i0.wp.com\/lasprimeras.com.do\/wp-content\/uploads\/2025\/09\/Adriano-Sanchez-Roa.jpg?resize=350%2C200&ssl=1 1x, https:\/\/i0.wp.com\/lasprimeras.com.do\/wp-content\/uploads\/2025\/09\/Adriano-Sanchez-Roa.jpg?resize=525%2C300&ssl=1 1.5x, https:\/\/i0.wp.com\/lasprimeras.com.do\/wp-content\/uploads\/2025\/09\/Adriano-Sanchez-Roa.jpg?resize=700%2C400&ssl=1 2x"},"classes":[]}],"jetpack_sharing_enabled":true,"_links":{"self":[{"href":"https:\/\/lasprimeras.com.do\/index.php\/wp-json\/wp\/v2\/posts\/83020","targetHints":{"allow":["GET"]}}],"collection":[{"href":"https:\/\/lasprimeras.com.do\/index.php\/wp-json\/wp\/v2\/posts"}],"about":[{"href":"https:\/\/lasprimeras.com.do\/index.php\/wp-json\/wp\/v2\/types\/post"}],"author":[{"embeddable":true,"href":"https:\/\/lasprimeras.com.do\/index.php\/wp-json\/wp\/v2\/users\/3"}],"replies":[{"embeddable":true,"href":"https:\/\/lasprimeras.com.do\/index.php\/wp-json\/wp\/v2\/comments?post=83020"}],"version-history":[{"count":1,"href":"https:\/\/lasprimeras.com.do\/index.php\/wp-json\/wp\/v2\/posts\/83020\/revisions"}],"predecessor-version":[{"id":83022,"href":"https:\/\/lasprimeras.com.do\/index.php\/wp-json\/wp\/v2\/posts\/83020\/revisions\/83022"}],"wp:featuredmedia":[{"embeddable":true,"href":"https:\/\/lasprimeras.com.do\/index.php\/wp-json\/wp\/v2\/media\/83021"}],"wp:attachment":[{"href":"https:\/\/lasprimeras.com.do\/index.php\/wp-json\/wp\/v2\/media?parent=83020"}],"wp:term":[{"taxonomy":"category","embeddable":true,"href":"https:\/\/lasprimeras.com.do\/index.php\/wp-json\/wp\/v2\/categories?post=83020"},{"taxonomy":"post_tag","embeddable":true,"href":"https:\/\/lasprimeras.com.do\/index.php\/wp-json\/wp\/v2\/tags?post=83020"}],"curies":[{"name":"wp","href":"https:\/\/api.w.org\/{rel}","templated":true}]}}