{"id":83023,"date":"2024-05-10T11:57:25","date_gmt":"2024-05-10T15:57:25","guid":{"rendered":"https:\/\/lasprimeras.com.do\/?p=83023"},"modified":"2024-05-10T11:57:26","modified_gmt":"2024-05-10T15:57:26","slug":"roberto-angel-encabezo-junto-al-candidato-a-senador-pedro-tineo-una-gran-marcha-en-monte-plata","status":"publish","type":"post","link":"https:\/\/lasprimeras.com.do\/index.php\/2024\/05\/10\/roberto-angel-encabezo-junto-al-candidato-a-senador-pedro-tineo-una-gran-marcha-en-monte-plata\/","title":{"rendered":"Roberto \u00c1ngel encabez\u00f3 junto al candidato a senador, Pedro Tineo, una gran marcha en Monte Plata"},"content":{"rendered":"\n<p>MONTE PLATA. &#8211; El destacado dirigente pol\u00edtico Roberto \u00c1ngel Salcedo asegur\u00f3 que con la unidad del Partido Revolucionario Moderno (PRM), la alianza que encabeza y el liderazgo del presidente Luis Abinader la victoria electoral en esta provincia &#8220;es un hecho&#8221; que se har\u00e1 realidad el domingo 19 de mayo.<\/p>\n\n\n\n<p>En un emotivo discurso durante un mano a mano realizado en la ciudad de Monte Plata, Roberto \u00c1ngel dijo que al contactar a dirigentes del partido y ver la participaci\u00f3n, la entrega y el fervor de los perremeistas en las actividades y los trabajos electorales, se puede afirmar que en esta provincia el triunfo de Abinader, el PRM y los partidos aliados ser\u00e1 &#8220;a nivel de pela que va&#8221;.<\/p>\n\n\n\n<p>El miembro de la Direcci\u00f3n Ejecutiva del PRM, que particip\u00f3 en los actos pol\u00edticos de apoyo al candidato a senador, Pedro Tineo, y los aspirantes a diputados John Contreras, Yafreisi de los Santos y Yafreisi De Jes\u00fas, cit\u00f3 como elementos claves para ganar arrolladoramente en Monte Plata y todo el pa\u00eds, la unidad monol\u00edtica del Partido, la fortaleza de la m\u00e1s grande coalici\u00f3n de partidos y movimientos pol\u00edticos que encabeza y el fuerte liderazgo del presidente Luis Abinader.<\/p>\n\n\n\n<p>Roberto \u00c1ngel atribuy\u00f3 ese liderazgo del mandatario a la confianza que genera en el pueblo dominicano, las elevadas inversiones que lleva a cabo en la provincia y todo el pa\u00eds, as\u00ed como el gobierno de cambios, de transparencia y transformaciones que realiza desde agosto del 2020, cuando inici\u00f3 su administraci\u00f3n.<\/p>\n\n\n\n<p>Tras indicar todos esos aspectos, Roberto \u00c1ngel dijo a los dirigentes, militantes y simpatizantes perremeistas y de partidos aliados que sobre ellos recae una gran responsabilidad, que es seguir &#8220;sin parar&#8221; los trabajos con la gente para llenar las urnas de votos el d\u00eda de las votaciones, para convertir la intenci\u00f3n y el anhelo del pueblo dominicano, de que Abinader contin\u00fae dirigiendo los destinos del pa\u00eds otros cuatro a\u00f1os.<\/p>\n\n\n\n<p>Manifest\u00f3 que los resultados de las encuestas son m\u00e1s que motivadores, pero que solo son expresiones de intenciones del electorado que se deben convertir en votos y convertir a Luis Abinader como el presidente elegido con la mayor votaci\u00f3n en la historia pol\u00edtica y democr\u00e1tica de Rep\u00fablica Dominicana que, podr\u00eda superar el 70 por ciento.<\/p>\n\n\n\n<p>El alto dirigente perremeista tambi\u00e9n encabez\u00f3 sendas asambleas en locales del PRM en los municipios Yamas\u00e1 y Peralvillo. Y tras concluir la realizada en la ciudad de Monte Plata, bajo algarab\u00edas de los militantes y simpatizantes, recorri\u00f3 varios sectores junto a Pedro Tineo y los candidatos a diputados en un desbordante mano a mano, que a su paso recibieron los saludos y expresiones de respaldo al presidente Luis Abinader de parte de los mun\u00edcipes.<\/p>\n\n\n\n<p>Roberto \u00c1ngel viene recorriendo todo el pa\u00eds en promoci\u00f3n de la reelecci\u00f3n del presidente Luis Abinader y a los candidatos del PRM y partidos aliados al Senado de la Rep\u00fablica y a la C\u00e1mara de Diputados.<\/p>\n","protected":false},"excerpt":{"rendered":"<p>MONTE PLATA. &#8211; El destacado dirigente pol\u00edtico Roberto \u00c1ngel Salcedo asegur\u00f3 que con la unidad del Partido Revolucionario Moderno (PRM), la alianza que encabeza y el liderazgo del presidente Luis&hellip;<\/p>\n","protected":false},"author":3,"featured_media":83024,"comment_status":"open","ping_status":"open","sticky":false,"template":"","format":"standard","meta":{"content-type":"","jetpack_post_was_ever_published":false,"_jetpack_newsletter_access":"","_jetpack_dont_email_post_to_subs":false,"_jetpack_newsletter_tier_id":0,"_jetpack_memberships_contains_paywalled_content":false,"_jetpack_memberships_contains_paid_content":false,"footnotes":""},"categories":[25],"tags":[6202],"class_list":["post-83023","post","type-post","status-publish","format-standard","has-post-thumbnail","hentry","category-portada","tag-roberto-angel-salcedo-2"],"jetpack_featured_media_url":"https:\/\/lasprimeras.com.do\/wp-content\/uploads\/2024\/05\/WhatsApp-Image-2024-05-10-at-11.42.19-AM-1.jpeg","jetpack-related-posts":[{"id":81341,"url":"https:\/\/lasprimeras.com.do\/index.php\/2024\/04\/19\/roberto-angel-peravia-garantiza-triunfo-de-abinader-y-julito-como-senador\/","url_meta":{"origin":83023,"position":0},"title":"Roberto \u00c1ngel: \u201cPeravia garantiza triunfo de Abinader y Julito como Senador\u201d","author":"Nelson Feliz","date":"19 de abril de 2024","format":false,"excerpt":"Encabeza asamblea con dirigencia del PRM en Ban\u00ed, y mano a mano en el distrito Villa Fundaci\u00f3n, de respaldo al candidato a senador y a las diputaciones en la provincia. El miembro de la Direcci\u00f3n Ejecutiva del Partido Revolucionario Moderno (PRM), Roberto \u00c1ngel Salcedo, asegur\u00f3 este viernes que el presidente\u2026","rel":"","context":"En \u00abPORTADA\u00bb","block_context":{"text":"PORTADA","link":"https:\/\/lasprimeras.com.do\/index.php\/category\/portada\/"},"img":{"alt_text":"Roberto \u00c1ngel Salcedo","src":"https:\/\/i0.wp.com\/lasprimeras.com.do\/wp-content\/uploads\/2024\/04\/Roberto-Angel-Salcedo-9.jpg?resize=350%2C200&ssl=1","width":350,"height":200,"srcset":"https:\/\/i0.wp.com\/lasprimeras.com.do\/wp-content\/uploads\/2024\/04\/Roberto-Angel-Salcedo-9.jpg?resize=350%2C200&ssl=1 1x, https:\/\/i0.wp.com\/lasprimeras.com.do\/wp-content\/uploads\/2024\/04\/Roberto-Angel-Salcedo-9.jpg?resize=525%2C300&ssl=1 1.5x, https:\/\/i0.wp.com\/lasprimeras.com.do\/wp-content\/uploads\/2024\/04\/Roberto-Angel-Salcedo-9.jpg?resize=700%2C400&ssl=1 2x"},"classes":[]},{"id":75609,"url":"https:\/\/lasprimeras.com.do\/index.php\/2024\/02\/02\/roberto-angel-la-verdadera-alianza-es-la-de-luis-abinader-y-el-prm-con-el-pueblo-dominicano\/","url_meta":{"origin":83023,"position":1},"title":"Roberto \u00c1ngel: \u201cLa verdadera alianza es la de Luis Abinader y el PRM con el pueblo dominicano\u201d","author":"Nelson Feliz","date":"2 de febrero de 2024","format":false,"excerpt":"El alto dirigente pol\u00edtico sostiene encuentros con dirigencia del PRM en Bonao y otras localidades de Bonao, Monse\u00f1or Nouel. El miembro de la Direcci\u00f3n Ejecutiva del Partido Revolucionario Moderno (PRM), Roberto \u00c1ngel Salcedo, afirm\u00f3 este viernes que \u201cLa verdadera alianza es la de Luis Abinader y el PRM con el\u2026","rel":"","context":"En \u00abPORTADA\u00bb","block_context":{"text":"PORTADA","link":"https:\/\/lasprimeras.com.do\/index.php\/category\/portada\/"},"img":{"alt_text":"Roberto \u00c1ngel Salcedo","src":"https:\/\/i0.wp.com\/lasprimeras.com.do\/wp-content\/uploads\/2024\/02\/Roberto-Angel-Salcedo-12.jpg?resize=350%2C200&ssl=1","width":350,"height":200,"srcset":"https:\/\/i0.wp.com\/lasprimeras.com.do\/wp-content\/uploads\/2024\/02\/Roberto-Angel-Salcedo-12.jpg?resize=350%2C200&ssl=1 1x, https:\/\/i0.wp.com\/lasprimeras.com.do\/wp-content\/uploads\/2024\/02\/Roberto-Angel-Salcedo-12.jpg?resize=525%2C300&ssl=1 1.5x, https:\/\/i0.wp.com\/lasprimeras.com.do\/wp-content\/uploads\/2024\/02\/Roberto-Angel-Salcedo-12.jpg?resize=700%2C400&ssl=1 2x"},"classes":[]},{"id":76431,"url":"https:\/\/lasprimeras.com.do\/index.php\/2024\/02\/10\/roberto-angel-santiago-y-puerto-plata-confirmaran-el-18-de-febrero-que-son-bastiones-del-prm\/","url_meta":{"origin":83023,"position":2},"title":"Roberto \u00c1ngel: \u201cSantiago y Puerto Plata confirmar\u00e1n el 18 de febrero que son bastiones del PRM\u201d","author":"Nelson Feliz","date":"10 de febrero de 2024","format":false,"excerpt":"El alto dirigente pol\u00edtico se reuni\u00f3 con candidatos de Tamboril y Jacagua, en Santiago, y encabez\u00f3 una marcha caravana para respaldar a aspirantes municipales de Luper\u00f3n, en Puerto Plata El dirigente pol\u00edtico y miembro de la Direcci\u00f3n Ejecutiva del Partido Revolucionario Moderno (PRM) Roberto \u00c1ngel Salcedo afirm\u00f3 este s\u00e1bado que\u2026","rel":"","context":"En \u00abPORTADA\u00bb","block_context":{"text":"PORTADA","link":"https:\/\/lasprimeras.com.do\/index.php\/category\/portada\/"},"img":{"alt_text":"Roberto \u00c1ngel Salcedo","src":"https:\/\/i0.wp.com\/lasprimeras.com.do\/wp-content\/uploads\/2024\/02\/Roberto-Angel-Salcedo-7.jpg?resize=350%2C200&ssl=1","width":350,"height":200,"srcset":"https:\/\/i0.wp.com\/lasprimeras.com.do\/wp-content\/uploads\/2024\/02\/Roberto-Angel-Salcedo-7.jpg?resize=350%2C200&ssl=1 1x, https:\/\/i0.wp.com\/lasprimeras.com.do\/wp-content\/uploads\/2024\/02\/Roberto-Angel-Salcedo-7.jpg?resize=525%2C300&ssl=1 1.5x, https:\/\/i0.wp.com\/lasprimeras.com.do\/wp-content\/uploads\/2024\/02\/Roberto-Angel-Salcedo-7.jpg?resize=700%2C400&ssl=1 2x"},"classes":[]},{"id":76028,"url":"https:\/\/lasprimeras.com.do\/index.php\/2024\/02\/06\/roberto-angel-vaticina-oposicion-recibira-una-pela-municipal-el-18-de-febrero\/","url_meta":{"origin":83023,"position":3},"title":"Roberto \u00c1ngel vaticina oposici\u00f3n recibir\u00e1 una \u201cpela municipal\u201d el 18 de febrero","author":"Nelson Feliz","date":"6 de febrero de 2024","format":false,"excerpt":"Durante mano a mano de apoyo a Junior Santos en Los Alcarrizos, manifest\u00f3 que con su unidad y fortaleza el PRM tiene ganadas del 70 al 75 por ciento de las alcald\u00edas. El miembro de la Direcci\u00f3n Ejecutiva del Partido Revolucionario Moderno (PRM), Roberto \u00c1ngel Salcedo, pronostic\u00f3 que los partidos\u2026","rel":"","context":"En \u00abPORTADA\u00bb","block_context":{"text":"PORTADA","link":"https:\/\/lasprimeras.com.do\/index.php\/category\/portada\/"},"img":{"alt_text":"Roberto \u00c1ngel Salcedo","src":"https:\/\/i0.wp.com\/lasprimeras.com.do\/wp-content\/uploads\/2024\/02\/Robertico-Angel-Salcedo-1.jpg?resize=350%2C200&ssl=1","width":350,"height":200,"srcset":"https:\/\/i0.wp.com\/lasprimeras.com.do\/wp-content\/uploads\/2024\/02\/Robertico-Angel-Salcedo-1.jpg?resize=350%2C200&ssl=1 1x, https:\/\/i0.wp.com\/lasprimeras.com.do\/wp-content\/uploads\/2024\/02\/Robertico-Angel-Salcedo-1.jpg?resize=525%2C300&ssl=1 1.5x, https:\/\/i0.wp.com\/lasprimeras.com.do\/wp-content\/uploads\/2024\/02\/Robertico-Angel-Salcedo-1.jpg?resize=700%2C400&ssl=1 2x"},"classes":[]},{"id":81404,"url":"https:\/\/lasprimeras.com.do\/index.php\/2024\/04\/20\/roberto-angel-afirma-que-sjm-y-elias-pina-respaldaran-a-abinader-y-el-prm\/","url_meta":{"origin":83023,"position":4},"title":"Roberto \u00c1ngel afirma que SJM y El\u00edas Pi\u00f1a respaldar\u00e1n a Abinader y el PRM","author":"Nelson Feliz","date":"20 de abril de 2024","format":false,"excerpt":"Cumple amplia agenda pol\u00edtica en ambas provincias para consolidar el voto por la reelecci\u00f3n de Abinader y ganar la mayor\u00eda en el Senado y la C\u00e1mara de Diputados. Por Martin Restituyo El miembro de la Direcci\u00f3n Ejecutiva del Partido Revolucionario Moderno (PRM), Roberto \u00c1ngel Salcedo, vaticin\u00f3 este s\u00e1bado que por\u2026","rel":"","context":"En \u00abPORTADA\u00bb","block_context":{"text":"PORTADA","link":"https:\/\/lasprimeras.com.do\/index.php\/category\/portada\/"},"img":{"alt_text":"Roberto \u00c1ngel Salcedo","src":"https:\/\/i0.wp.com\/lasprimeras.com.do\/wp-content\/uploads\/2024\/04\/Roberto-Angel-Salcedo-12.jpg?resize=350%2C200&ssl=1","width":350,"height":200,"srcset":"https:\/\/i0.wp.com\/lasprimeras.com.do\/wp-content\/uploads\/2024\/04\/Roberto-Angel-Salcedo-12.jpg?resize=350%2C200&ssl=1 1x, https:\/\/i0.wp.com\/lasprimeras.com.do\/wp-content\/uploads\/2024\/04\/Roberto-Angel-Salcedo-12.jpg?resize=525%2C300&ssl=1 1.5x"},"classes":[]},{"id":60371,"url":"https:\/\/lasprimeras.com.do\/index.php\/2023\/09\/13\/roberto-angel-afirma-politica-social-de-abinader-es-efectiva-y-permanente-en-monte-plata-y-el-pais\/","url_meta":{"origin":83023,"position":5},"title":"Roberto \u00c1ngel afirma pol\u00edtica social de Abinader es efectiva y permanente en Monte Plata y el pa\u00eds","author":"Nelson Feliz","date":"13 de septiembre de 2023","format":false,"excerpt":"Los Proyectos Estrat\u00e9gicos y Especiales de la Presidencia desarrollan tres d\u00edas de jornadas de inclusi\u00f3n social en comunidades de Sabana Grande de Boy\u00e1, Peralvillo y Yamas\u00e1 El director de Proyectos Estrat\u00e9gicos y Especiales de la Presidencia, Roberto \u00c1ngel Salcedo, afirm\u00f3 este mi\u00e9rcoles que la pol\u00edtica social del presidente Luis Abinader\u2026","rel":"","context":"En \u00abPORTADA\u00bb","block_context":{"text":"PORTADA","link":"https:\/\/lasprimeras.com.do\/index.php\/category\/portada\/"},"img":{"alt_text":"Roberto \u00c1ngel Salcedo","src":"https:\/\/i0.wp.com\/lasprimeras.com.do\/wp-content\/uploads\/2023\/09\/Roberto-Angel-Salcedo-2-2.jpg?resize=350%2C200&ssl=1","width":350,"height":200,"srcset":"https:\/\/i0.wp.com\/lasprimeras.com.do\/wp-content\/uploads\/2023\/09\/Roberto-Angel-Salcedo-2-2.jpg?resize=350%2C200&ssl=1 1x, https:\/\/i0.wp.com\/lasprimeras.com.do\/wp-content\/uploads\/2023\/09\/Roberto-Angel-Salcedo-2-2.jpg?resize=525%2C300&ssl=1 1.5x, https:\/\/i0.wp.com\/lasprimeras.com.do\/wp-content\/uploads\/2023\/09\/Roberto-Angel-Salcedo-2-2.jpg?resize=700%2C400&ssl=1 2x"},"classes":[]}],"jetpack_sharing_enabled":true,"_links":{"self":[{"href":"https:\/\/lasprimeras.com.do\/index.php\/wp-json\/wp\/v2\/posts\/83023","targetHints":{"allow":["GET"]}}],"collection":[{"href":"https:\/\/lasprimeras.com.do\/index.php\/wp-json\/wp\/v2\/posts"}],"about":[{"href":"https:\/\/lasprimeras.com.do\/index.php\/wp-json\/wp\/v2\/types\/post"}],"author":[{"embeddable":true,"href":"https:\/\/lasprimeras.com.do\/index.php\/wp-json\/wp\/v2\/users\/3"}],"replies":[{"embeddable":true,"href":"https:\/\/lasprimeras.com.do\/index.php\/wp-json\/wp\/v2\/comments?post=83023"}],"version-history":[{"count":1,"href":"https:\/\/lasprimeras.com.do\/index.php\/wp-json\/wp\/v2\/posts\/83023\/revisions"}],"predecessor-version":[{"id":83025,"href":"https:\/\/lasprimeras.com.do\/index.php\/wp-json\/wp\/v2\/posts\/83023\/revisions\/83025"}],"wp:featuredmedia":[{"embeddable":true,"href":"https:\/\/lasprimeras.com.do\/index.php\/wp-json\/wp\/v2\/media\/83024"}],"wp:attachment":[{"href":"https:\/\/lasprimeras.com.do\/index.php\/wp-json\/wp\/v2\/media?parent=83023"}],"wp:term":[{"taxonomy":"category","embeddable":true,"href":"https:\/\/lasprimeras.com.do\/index.php\/wp-json\/wp\/v2\/categories?post=83023"},{"taxonomy":"post_tag","embeddable":true,"href":"https:\/\/lasprimeras.com.do\/index.php\/wp-json\/wp\/v2\/tags?post=83023"}],"curies":[{"name":"wp","href":"https:\/\/api.w.org\/{rel}","templated":true}]}}