{"id":83026,"date":"2024-05-10T11:59:04","date_gmt":"2024-05-10T15:59:04","guid":{"rendered":"https:\/\/lasprimeras.com.do\/?p=83026"},"modified":"2024-05-10T11:59:07","modified_gmt":"2024-05-10T15:59:07","slug":"iglesia-de-jesucristo-y-defensa-civil-colaboran-juntos-para-enfrentar-la-temporada-ciclonica","status":"publish","type":"post","link":"https:\/\/lasprimeras.com.do\/index.php\/2024\/05\/10\/iglesia-de-jesucristo-y-defensa-civil-colaboran-juntos-para-enfrentar-la-temporada-ciclonica\/","title":{"rendered":"Iglesia de Jesucristo y Defensa Civil colaboran juntos para enfrentar la temporada cicl\u00f3nica"},"content":{"rendered":"\n<p>Santo Domingo, RD. &#8211; En un esfuerzo por fortalecer la preparaci\u00f3n y concientizaci\u00f3n ante situaciones de emergencia, La Iglesia de Jesucristo de los Santos de los \u00daltimos D\u00edas y la Defensa Civil se han unido para liderar iniciativas durante el mes de mayo que permitan orientar de cara a la temporada cicl\u00f3nica.<\/p>\n\n\n\n<p>Representantes de la Iglesia se reunieron con el cuerpo rector nacional de la Defensa Civil, encabezado por el subdirector nacional Bernardo Rodr\u00edguez y el director nacional de Operaciones de Emergencias y Gesti\u00f3n de Riesgos, Delf\u00edn Rodr\u00edguez.<\/p>\n\n\n\n<p>En este encuentro se exploraron formas de colaboraci\u00f3n para brindar un servicio m\u00e1s efectivo a la poblaci\u00f3n dominicana durante la temporada cicl\u00f3nica, a trav\u00e9s de actividades de concientizaci\u00f3n y educaci\u00f3n orientadas hacia la prevenci\u00f3n. En este sentido, la Iglesia pone a disposici\u00f3n 203 de sus capillas a lo largo del pa\u00eds para ofrecer charlas, capacitaciones y talleres con estos fines.<\/p>\n\n\n\n<p>Bernardo Rodr\u00edguez, subdirector nacional de la Defensa Civil, expres\u00f3 su gratitud por el apoyo de la Iglesia al ofrecer sus instalaciones para la realizaci\u00f3n de charlas y talleres.<\/p>\n\n\n\n<p>Estas actividades tienen como objetivo educar tanto a los miembros de la Iglesia como a las comunidades circundantes sobre las medidas preventivas necesarias para enfrentar los desaf\u00edos que surgen durante la temporada cicl\u00f3nica.<\/p>\n\n\n\n<p>Por su parte, Delf\u00edn Rodr\u00edguez, director nacional de Operaciones de Emergencias, destac\u00f3 la dedicaci\u00f3n de la Iglesia hacia estos temas y su compromiso con la ayuda a los m\u00e1s necesitados y vulnerables en momentos de crisis.<\/p>\n\n\n\n<p>La Iglesia de Jesucristo de los Santos de los \u00daltimos D\u00edas ha designado el mes de mayo como el mes de preparaci\u00f3n para emergencias, bajo la campa\u00f1a &#8220;Preparados en todo momento&#8221;.<\/p>\n\n\n\n<p>Invita a todos sus miembros y a la sociedad civil a tomar medidas concretas para estar mejor preparados ante posibles desastres naturales. Como parte de esta iniciativa, se ha compartido una gu\u00eda de pautas con herramientas para la preparaci\u00f3n ante emergencias a nivel comunitario, individual y familiar.<\/p>\n\n\n\n<p>&#8220;La Iglesia de Jesucristo de los Santos de los \u00daltimos D\u00edas reafirma su compromiso con la seguridad y el bienestar de la comunidad dominicana, y continuar\u00e1 trabajando en estrecha colaboraci\u00f3n con las autoridades y organizaciones pertinentes para fortalecer el apoyo ante situaciones de emergencia&#8221;, indic\u00f3 Antonio Lizardo, Director de Relaciones del \u00c1rea del Caribe.<\/p>\n\n\n\n<p>Para m\u00e1s informaci\u00f3n sobre la campa\u00f1a &#8220;Preparados en todo momento&#8221; y las actividades relacionadas, se invita al p\u00fablico a seguir sus canales sociales @iglesiadejesucristo.caribe.<\/p>\n\n\n\n<p><\/p>\n","protected":false},"excerpt":{"rendered":"<p>Santo Domingo, RD. &#8211; En un esfuerzo por fortalecer la preparaci\u00f3n y concientizaci\u00f3n ante situaciones de emergencia, La Iglesia de Jesucristo de los Santos de los \u00daltimos D\u00edas y la&hellip;<\/p>\n","protected":false},"author":3,"featured_media":83027,"comment_status":"open","ping_status":"open","sticky":false,"template":"","format":"standard","meta":{"content-type":"","jetpack_post_was_ever_published":false,"_jetpack_newsletter_access":"","_jetpack_dont_email_post_to_subs":false,"_jetpack_newsletter_tier_id":0,"_jetpack_memberships_contains_paywalled_content":false,"_jetpack_memberships_contains_paid_content":false,"footnotes":""},"categories":[35],"tags":[3922],"class_list":["post-83026","post","type-post","status-publish","format-standard","has-post-thumbnail","hentry","category-nacionales","tag-defensa-civil"],"jetpack_featured_media_url":"https:\/\/lasprimeras.com.do\/wp-content\/uploads\/2024\/05\/WhatsApp-Image-2024-05-10-at-11.43.08-AM.jpeg","jetpack-related-posts":[{"id":99864,"url":"https:\/\/lasprimeras.com.do\/index.php\/2025\/05\/28\/defensa-civil-y-proinfancia-firman-acuerdo-de-cooperacion-de-cara-a-la-temporada-ciclonica-2025\/","url_meta":{"origin":83026,"position":0},"title":"Defensa Civil y Proinfancia firman acuerdo de cooperaci\u00f3n de cara a la Temporada Cicl\u00f3nica 2025","author":"Nelson Feliz","date":"28 de mayo de 2025","format":false,"excerpt":"La Defensa Civil y el Centro de Promoci\u00f3n de la Atenci\u00f3n Integral a la Infancia (Proinfancia) firmaron este d\u00eda un acuerdo de cooperaci\u00f3n entre ambas entidades de cara a la temporada de huracanes 2025. El convenio fue firmado por los titulares de las entidades, Juan Salas, de Defensa Civil y\u2026","rel":"","context":"En \u00abNACIONALES\u00bb","block_context":{"text":"NACIONALES","link":"https:\/\/lasprimeras.com.do\/index.php\/category\/nacionales\/"},"img":{"alt_text":"","src":"https:\/\/i0.wp.com\/lasprimeras.com.do\/wp-content\/uploads\/2025\/05\/foto2.jpg?resize=350%2C200&ssl=1","width":350,"height":200,"srcset":"https:\/\/i0.wp.com\/lasprimeras.com.do\/wp-content\/uploads\/2025\/05\/foto2.jpg?resize=350%2C200&ssl=1 1x, https:\/\/i0.wp.com\/lasprimeras.com.do\/wp-content\/uploads\/2025\/05\/foto2.jpg?resize=525%2C300&ssl=1 1.5x, https:\/\/i0.wp.com\/lasprimeras.com.do\/wp-content\/uploads\/2025\/05\/foto2.jpg?resize=700%2C400&ssl=1 2x"},"classes":[]},{"id":98644,"url":"https:\/\/lasprimeras.com.do\/index.php\/2025\/05\/09\/rd-lidera-lanzamiento-de-la-temporada-ciclonica-2025-para-centroamerica-y-el-caribe\/","url_meta":{"origin":83026,"position":1},"title":"RD lidera lanzamiento de la Temporada Cicl\u00f3nica 2025 para Centroam\u00e9rica y el Caribe","author":"Nelson Feliz","date":"9 de mayo de 2025","format":false,"excerpt":"En calidad de presidente Pro-T\u00e9mpore del Centro de Coordinaci\u00f3n para la Prevenci\u00f3n de los Desastres en Am\u00e9rica Central y Rep\u00fablica Dominicana (CEPREDENAC), Juan Salas encabez\u00f3 el acto de apertura del lanzamiento regional del operativo para la Temporada Cicl\u00f3nica 2025. El evento se realiz\u00f3 los d\u00edas 7 y 8 de mayo,\u2026","rel":"","context":"En \u00abNACIONALES\u00bb","block_context":{"text":"NACIONALES","link":"https:\/\/lasprimeras.com.do\/index.php\/category\/nacionales\/"},"img":{"alt_text":"","src":"https:\/\/i0.wp.com\/lasprimeras.com.do\/wp-content\/uploads\/2025\/05\/juan-salas.jpg?resize=350%2C200&ssl=1","width":350,"height":200,"srcset":"https:\/\/i0.wp.com\/lasprimeras.com.do\/wp-content\/uploads\/2025\/05\/juan-salas.jpg?resize=350%2C200&ssl=1 1x, https:\/\/i0.wp.com\/lasprimeras.com.do\/wp-content\/uploads\/2025\/05\/juan-salas.jpg?resize=525%2C300&ssl=1 1.5x, https:\/\/i0.wp.com\/lasprimeras.com.do\/wp-content\/uploads\/2025\/05\/juan-salas.jpg?resize=700%2C400&ssl=1 2x"},"classes":[]},{"id":53066,"url":"https:\/\/lasprimeras.com.do\/index.php\/2023\/06\/23\/cne-analiza-las-proyecciones-de-la-temporada-ciclonica\/","url_meta":{"origin":83026,"position":2},"title":"CNE analiza las proyecciones de la temporada cicl\u00f3nica","author":"Nelson Feliz","date":"23 de junio de 2023","format":false,"excerpt":"La Comisi\u00f3n Nacional de Emergencias (CNE) se reuni\u00f3 en virtud del inicio de la temporada cicl\u00f3nica 2023, con el objetivo de analizar las proyecciones de la tormenta tropical Bret y las condiciones de las instituciones que integran el sistema nacional de respuesta. El encuentro se corresponde con la reuni\u00f3n ordinaria\u2026","rel":"","context":"En \u00abNACIONALES\u00bb","block_context":{"text":"NACIONALES","link":"https:\/\/lasprimeras.com.do\/index.php\/category\/nacionales\/"},"img":{"alt_text":"Comisi\u00f3n Nacional de Emergencias","src":"https:\/\/i0.wp.com\/lasprimeras.com.do\/wp-content\/uploads\/2023\/06\/CNE.jpg?resize=350%2C200&ssl=1","width":350,"height":200,"srcset":"https:\/\/i0.wp.com\/lasprimeras.com.do\/wp-content\/uploads\/2023\/06\/CNE.jpg?resize=350%2C200&ssl=1 1x, https:\/\/i0.wp.com\/lasprimeras.com.do\/wp-content\/uploads\/2023\/06\/CNE.jpg?resize=525%2C300&ssl=1 1.5x, https:\/\/i0.wp.com\/lasprimeras.com.do\/wp-content\/uploads\/2023\/06\/CNE.jpg?resize=700%2C400&ssl=1 2x"},"classes":[]},{"id":67718,"url":"https:\/\/lasprimeras.com.do\/index.php\/2023\/11\/17\/defensa-civil-informa-que-cinco-turistas-estan-desaparecidos-en-loma-de-bahoruco\/","url_meta":{"origin":83026,"position":3},"title":"Defensa Civil informa que cinco turistas est\u00e1n desaparecidos en Loma de Bahoruco","author":"BIMARY DE JES\u00daS Matos","date":"17 de noviembre de 2023","format":false,"excerpt":"Santo Domingo.-El jefe de Operaciones de la Defensa Civil, Delf\u00edn Antonio Rodr\u00edguez, inform\u00f3 este viernes que cinco turistas se encuentran desaparecidos en la Loma de Bahoruco. Rodr\u00edguez indic\u00f3 que, por el momento, tanto la Defensa Civil como la Polic\u00eda Tur\u00edstica (Politur) y el Ej\u00e9rcito Nacional, mantienen la b\u00fasqueda de los\u2026","rel":"","context":"En \u00abPORTADA\u00bb","block_context":{"text":"PORTADA","link":"https:\/\/lasprimeras.com.do\/index.php\/category\/portada\/"},"img":{"alt_text":"","src":"https:\/\/i0.wp.com\/lasprimeras.com.do\/wp-content\/uploads\/2023\/11\/WhatsApp-Image-2023-11-16-at-9.41.50-PM-4.jpeg?resize=350%2C200&ssl=1","width":350,"height":200,"srcset":"https:\/\/i0.wp.com\/lasprimeras.com.do\/wp-content\/uploads\/2023\/11\/WhatsApp-Image-2023-11-16-at-9.41.50-PM-4.jpeg?resize=350%2C200&ssl=1 1x, https:\/\/i0.wp.com\/lasprimeras.com.do\/wp-content\/uploads\/2023\/11\/WhatsApp-Image-2023-11-16-at-9.41.50-PM-4.jpeg?resize=525%2C300&ssl=1 1.5x"},"classes":[]},{"id":100600,"url":"https:\/\/lasprimeras.com.do\/index.php\/2025\/06\/09\/alcaldia-sc-activa-plan-emergencia-y-refuerza-medidas-de-prevencion-por-temporada-ciclonica-2025\/","url_meta":{"origin":83026,"position":4},"title":"Alcald\u00eda SC activa Plan Emergencia y refuerza medidas de Prevenci\u00f3n por Temporada Cicl\u00f3nica 2025","author":"Nelson Feliz","date":"9 de junio de 2025","format":false,"excerpt":"En preparaci\u00f3n para la temporada cicl\u00f3nica 2025, la Alcald\u00eda de San Crist\u00f3bal activ\u00f3 su Plan de Emergencia con el objetivo de proteger a la poblaci\u00f3n y reducir riesgos ante posibles eventos meteorol\u00f3gicos en esta \"Temporada Cicl\u00f3nica\", que se ha identificado como una de las m\u00e1s activas de los \u00faltimos a\u00f1os.\u2026","rel":"","context":"En \u00abNACIONALES\u00bb","block_context":{"text":"NACIONALES","link":"https:\/\/lasprimeras.com.do\/index.php\/category\/nacionales\/"},"img":{"alt_text":"Nelson De la Rosa","src":"https:\/\/i0.wp.com\/lasprimeras.com.do\/wp-content\/uploads\/2025\/06\/Nelson-De-la-Rosa.jpg?resize=350%2C200&ssl=1","width":350,"height":200,"srcset":"https:\/\/i0.wp.com\/lasprimeras.com.do\/wp-content\/uploads\/2025\/06\/Nelson-De-la-Rosa.jpg?resize=350%2C200&ssl=1 1x, https:\/\/i0.wp.com\/lasprimeras.com.do\/wp-content\/uploads\/2025\/06\/Nelson-De-la-Rosa.jpg?resize=525%2C300&ssl=1 1.5x, https:\/\/i0.wp.com\/lasprimeras.com.do\/wp-content\/uploads\/2025\/06\/Nelson-De-la-Rosa.jpg?resize=700%2C400&ssl=1 2x"},"classes":[]},{"id":112395,"url":"https:\/\/lasprimeras.com.do\/index.php\/2025\/10\/22\/cne-y-defensa-civil-reciben-respaldo-regional-ante-paso-de-la-tormenta-melissa\/","url_meta":{"origin":83026,"position":5},"title":"CNE y Defensa Civil reciben respaldo regional ante paso de la tormenta Melissa","author":"Nelson Feliz","date":"22 de octubre de 2025","format":false,"excerpt":"La Comisi\u00f3n Nacional de Emergencias (CNE) y la Defensa Civil Dominicana recibieron la visita de Rymer P\u00e9rez, enlace estrat\u00e9gico entre la Rep\u00fablica Dominicana y el Centro de Coordinaci\u00f3n para la Prevenci\u00f3n de los Desastres en Am\u00e9rica Central y Rep\u00fablica Dominicana, con el objetivo de dar seguimiento a la trayectoria de\u2026","rel":"","context":"En \u00abNACIONALES\u00bb","block_context":{"text":"NACIONALES","link":"https:\/\/lasprimeras.com.do\/index.php\/category\/nacionales\/"},"img":{"alt_text":"","src":"https:\/\/i0.wp.com\/lasprimeras.com.do\/wp-content\/uploads\/2025\/10\/foto-prensa.jpg?resize=350%2C200&ssl=1","width":350,"height":200,"srcset":"https:\/\/i0.wp.com\/lasprimeras.com.do\/wp-content\/uploads\/2025\/10\/foto-prensa.jpg?resize=350%2C200&ssl=1 1x, https:\/\/i0.wp.com\/lasprimeras.com.do\/wp-content\/uploads\/2025\/10\/foto-prensa.jpg?resize=525%2C300&ssl=1 1.5x, https:\/\/i0.wp.com\/lasprimeras.com.do\/wp-content\/uploads\/2025\/10\/foto-prensa.jpg?resize=700%2C400&ssl=1 2x"},"classes":[]}],"jetpack_sharing_enabled":true,"_links":{"self":[{"href":"https:\/\/lasprimeras.com.do\/index.php\/wp-json\/wp\/v2\/posts\/83026","targetHints":{"allow":["GET"]}}],"collection":[{"href":"https:\/\/lasprimeras.com.do\/index.php\/wp-json\/wp\/v2\/posts"}],"about":[{"href":"https:\/\/lasprimeras.com.do\/index.php\/wp-json\/wp\/v2\/types\/post"}],"author":[{"embeddable":true,"href":"https:\/\/lasprimeras.com.do\/index.php\/wp-json\/wp\/v2\/users\/3"}],"replies":[{"embeddable":true,"href":"https:\/\/lasprimeras.com.do\/index.php\/wp-json\/wp\/v2\/comments?post=83026"}],"version-history":[{"count":1,"href":"https:\/\/lasprimeras.com.do\/index.php\/wp-json\/wp\/v2\/posts\/83026\/revisions"}],"predecessor-version":[{"id":83028,"href":"https:\/\/lasprimeras.com.do\/index.php\/wp-json\/wp\/v2\/posts\/83026\/revisions\/83028"}],"wp:featuredmedia":[{"embeddable":true,"href":"https:\/\/lasprimeras.com.do\/index.php\/wp-json\/wp\/v2\/media\/83027"}],"wp:attachment":[{"href":"https:\/\/lasprimeras.com.do\/index.php\/wp-json\/wp\/v2\/media?parent=83026"}],"wp:term":[{"taxonomy":"category","embeddable":true,"href":"https:\/\/lasprimeras.com.do\/index.php\/wp-json\/wp\/v2\/categories?post=83026"},{"taxonomy":"post_tag","embeddable":true,"href":"https:\/\/lasprimeras.com.do\/index.php\/wp-json\/wp\/v2\/tags?post=83026"}],"curies":[{"name":"wp","href":"https:\/\/api.w.org\/{rel}","templated":true}]}}