{"id":83029,"date":"2024-05-10T12:01:08","date_gmt":"2024-05-10T16:01:08","guid":{"rendered":"https:\/\/lasprimeras.com.do\/?p=83029"},"modified":"2024-05-10T12:01:11","modified_gmt":"2024-05-10T16:01:11","slug":"infotep-salud-publica-y-pma-certifican-43-participantes-capacitados-para-prevencion-de-la-malnutricion","status":"publish","type":"post","link":"https:\/\/lasprimeras.com.do\/index.php\/2024\/05\/10\/infotep-salud-publica-y-pma-certifican-43-participantes-capacitados-para-prevencion-de-la-malnutricion\/","title":{"rendered":"INFOTEP, Salud P\u00fablica y PMA certifican 43 participantes capacitados para prevenci\u00f3n de la malnutrici\u00f3n"},"content":{"rendered":"\n<p>Santo Domingo. -El Instituto Nacional de Formaci\u00f3n T\u00e9cnico Profesional (INFOTEP), el Ministerio de Salud P\u00fablica y el Programa Mundial de Alimentos para las Naciones Unidas, (PMA), certificaron a 43 participantes del Diplomado en Alimentaci\u00f3n y Nutrici\u00f3n para el fortalecimiento de las capacidades del personal t\u00e9cnico del sistema de salud y del sistema de protecci\u00f3n social.<\/p>\n\n\n\n<p>La directora de Innovaci\u00f3n y Desarrollo del INFOTEP, Maura Corpor\u00e1n, resalt\u00f3 que, con este programa, mediante el cual se ponen a disposici\u00f3n del pa\u00eds estos 43 nuevos t\u00e9cnicos profesionales en Alimentaci\u00f3n y Nutrici\u00f3n, se fortalecen las pol\u00edticas de prevenci\u00f3n de la malnutrici\u00f3n en la poblaci\u00f3n dominicana.<\/p>\n\n\n\n<p>\u201cLos pueblos muestran su avance y desarrollo por los indicadores y logros en salud, seguridad y educaci\u00f3n, pero en el primer orden y prioridad de una sociedad y pa\u00eds, est\u00e1 su alimentaci\u00f3n\u201d expres\u00f3 Corpor\u00e1n.<\/p>\n\n\n\n<p>El doctor Ricardo El\u00edas Melgen, director de salud de la poblaci\u00f3n, del Ministerio de Salud P\u00fablica, destac\u00f3 que el Diplomado de Alimentaci\u00f3n y Nutrici\u00f3n, desde su lanzamiento, ha impactado positivamente la salud de las comunidades, desarrollando y multiplicando capacidades en el recurso humano de las instituciones, desde tomadores de decisiones hasta facilitadores de consejer\u00eda nutricional en el nivel local.<\/p>\n\n\n\n<p>De su lado, Gabriela Alvarado, representante en pa\u00eds del PMA destac\u00f3 que diplomado integra aspectos b\u00e1sicos de Seguridad Alimentaria y Nutricional, desde una perspectiva de derechos, profundizando sobre la importancia de la nutrici\u00f3n por ciclos de vida, su impacto en la salud y la productividad.<\/p>\n\n\n\n<p>\u201cA trav\u00e9s de este diplomado evaluamos la situaci\u00f3n nutricional actual del pa\u00eds, analizando las estrategias de prevenci\u00f3n, oportunidades y brechas existentes, motiv\u00e1ndoles desde un pensamiento cr\u00edtico, a la identificaci\u00f3n de fortalezas del sistema desde sus espacios de trabajo y el ambiente pol\u00edtico y sociocultural con el que interact\u00faan\u201d expres\u00f3.<\/p>\n\n\n\n<p>Ana Carolina B\u00e1ez, Directora de Formulaci\u00f3n y Evaluaci\u00f3n del Instituto de Bienestar Estudiantil (INABIE) indic\u00f3 que los problemas nutricionales representan un importante problema de Salud P\u00fablica en el pa\u00eds y la proyecci\u00f3n de incremento del sobrepeso y la obesidad para la pr\u00f3xima d\u00e9cada, es realmente preocupante.<\/p>\n\n\n\n<p>Por lo que entiende, contar con profesionales como los egresados de este programa, garantizar\u00e1 mejorar la aceptabilidad de los alimentos y reducir los desperdicios en el Programa de Alimentaci\u00f3n Escolar, garantizando el cumplimiento del objetivo principal, que es que los escolares reciban alimentos con la calidad nutricional necesaria.<\/p>\n\n\n\n<p>En nombre de los participantes habl\u00f3 la doctora Anlly Santana quien agradeci\u00f3 al Ministerio de Salud P\u00fablica por seleccionarlos y brindarnos esta oportunidad, as\u00ed como, al Programa Mundial de Alimentos y al INFOTEP por su gran apoyo.<\/p>\n\n\n\n<p>Agradeci\u00f3 tambi\u00e9n a la facilitadora In\u00e9s Abinader por compartir el pan de la ense\u00f1anza con cada uno de los participantes con entusiasmo y dedicaci\u00f3n.<\/p>\n\n\n\n<p>Este Programa, del que ya han egresado m\u00e1s de 50 profesionales, fue impartido en un total de 80 horas de instrucci\u00f3n, y ejecutado de manera eficiente por la facilitadora, In\u00e9s Abinader.<\/p>\n\n\n\n<p>M\u00e1s informaci\u00f3n sobre el programa<\/p>\n\n\n\n<p>El diplomado cont\u00f3 con cuatro m\u00f3dulos: Aspectos generales de nutrici\u00f3n b\u00e1sica, Nutrici\u00f3n seg\u00fan el ciclo de vida, Estrategia de prevenci\u00f3n de la malnutrici\u00f3n y, por \u00faltimo, Pol\u00edticas p\u00fablicas y estrategias en nutrici\u00f3n y seguridad alimentaria.<\/p>\n\n\n\n<p>Cada m\u00f3dulo impartido en esta capacitaci\u00f3n tiene un objetivo espec\u00edfico y fueron los siguientes: Clasificar los nutrientes, sus fuentes alimentarias, requerimientos nutricionales, as\u00ed como los efectos de su deficiencia y exceso en el organismo, seg\u00fan indicaciones dadas.<\/p>\n\n\n\n<p>Comprender las diferencias fisiol\u00f3gicas que determinan las necesidades nutricionales seg\u00fan los cambios en el tama\u00f1o o composici\u00f3n del cuerpo, y aspectos metab\u00f3licos durante el transcurso del ciclo de vida, seg\u00fan explicaciones dadas.<\/p>\n\n\n\n<p>Manejar las estrategias para abordar la malnutrici\u00f3n en cualquiera de sus manifestaciones, facilitando una mejor comprensi\u00f3n de los efectos a lo largo de la vida, motivando pr\u00e1cticas basadas en la l\u00f3gica de que todas las formas de malnutrici\u00f3n comparten factores comunes, seg\u00fan protocolos y procedimientos vigentes.<\/p>\n","protected":false},"excerpt":{"rendered":"<p>Santo Domingo. -El Instituto Nacional de Formaci\u00f3n T\u00e9cnico Profesional (INFOTEP), el Ministerio de Salud P\u00fablica y el Programa Mundial de Alimentos para las Naciones Unidas, (PMA), certificaron a 43 participantes&hellip;<\/p>\n","protected":false},"author":3,"featured_media":83030,"comment_status":"open","ping_status":"open","sticky":false,"template":"","format":"standard","meta":{"content-type":"","jetpack_post_was_ever_published":false,"_jetpack_newsletter_access":"","_jetpack_dont_email_post_to_subs":false,"_jetpack_newsletter_tier_id":0,"_jetpack_memberships_contains_paywalled_content":false,"_jetpack_memberships_contains_paid_content":false,"footnotes":""},"categories":[35],"tags":[1880,1883,2227],"class_list":["post-83029","post","type-post","status-publish","format-standard","has-post-thumbnail","hentry","category-nacionales","tag-infotep","tag-pma","tag-salud-publica"],"jetpack_featured_media_url":"https:\/\/lasprimeras.com.do\/wp-content\/uploads\/2024\/05\/WhatsApp-Image-2024-05-10-at-11.47.55-AM.jpeg","jetpack-related-posts":[{"id":50287,"url":"https:\/\/lasprimeras.com.do\/index.php\/2023\/05\/18\/infotep-ministerio-de-salud-y-pma-certifican-profesionales-en-nutricion-y-alimentacion\/","url_meta":{"origin":83029,"position":0},"title":"INFOTEP, Ministerio de Salud y PMA certifican profesionales en nutrici\u00f3n y alimentaci\u00f3n","author":"prenxa100","date":"18 de mayo de 2023","format":false,"excerpt":"Se trata del segundo grupo de un total de 140. Santo Domingo.-. El Ministerio de Salud P\u00fablica (MISPAS), el Programa Mundial de Alimentos (PMA) para las Naciones Unidas y el Instituto de Formaci\u00f3n T\u00e9cnico Profesional (INFOTEP), certificaron 52 participantes en el diplomado Nutrici\u00f3n y Alimentaci\u00f3n. El programa surge ante la\u2026","rel":"","context":"En \u00abSin categor\u00eda\u00bb","block_context":{"text":"Sin categor\u00eda","link":"https:\/\/lasprimeras.com.do\/index.php\/category\/sin-categoria\/"},"img":{"alt_text":"","src":"","width":0,"height":0},"classes":[]},{"id":106304,"url":"https:\/\/lasprimeras.com.do\/index.php\/2025\/08\/13\/el-infotep-y-el-coe-certifican-a-173-brigadistas-para-fortalecer-la-respuesta-ante-emergencias-a-nivel-nacional\/","url_meta":{"origin":83029,"position":1},"title":"El INFOTEP y el COE certifican a 173 brigadistas para fortalecer la respuesta ante emergencias a nivel nacional","author":"Nelson Feliz","date":"13 de agosto de 2025","format":false,"excerpt":"\u2022 Colaboradores de las principales sedes del INFOTEP recibieron formaci\u00f3n integral para actuar ante emergencias m\u00e9dicas, incendios y fen\u00f3menos naturales. El Instituto Nacional de Formaci\u00f3n T\u00e9cnico Profesional (INFOTEP) dio un paso firme hacia la prevenci\u00f3n y la seguridad, al certificar a 173 colaboradores de sus sedes principales como brigadistas de\u2026","rel":"","context":"En \u00abNACIONALES\u00bb","block_context":{"text":"NACIONALES","link":"https:\/\/lasprimeras.com.do\/index.php\/category\/nacionales\/"},"img":{"alt_text":"","src":"https:\/\/i0.wp.com\/lasprimeras.com.do\/wp-content\/uploads\/2025\/08\/info-1.jpg?resize=350%2C200&ssl=1","width":350,"height":200,"srcset":"https:\/\/i0.wp.com\/lasprimeras.com.do\/wp-content\/uploads\/2025\/08\/info-1.jpg?resize=350%2C200&ssl=1 1x, https:\/\/i0.wp.com\/lasprimeras.com.do\/wp-content\/uploads\/2025\/08\/info-1.jpg?resize=525%2C300&ssl=1 1.5x, https:\/\/i0.wp.com\/lasprimeras.com.do\/wp-content\/uploads\/2025\/08\/info-1.jpg?resize=700%2C400&ssl=1 2x"},"classes":[]},{"id":53855,"url":"https:\/\/lasprimeras.com.do\/index.php\/2023\/07\/02\/infotep-y-directivos-cos-acuerdan-fortalecer-servicios-de-formacion-tecnico-profesional\/","url_meta":{"origin":83029,"position":2},"title":"INFOTEP y directivos COS acuerdan fortalecer servicios de formaci\u00f3n t\u00e9cnico profesional","author":"Nelson Feliz","date":"2 de julio de 2023","format":false,"excerpt":"Por Martin Restituyo El director general del Instituto Nacional de Formaci\u00f3n T\u00e9cnico Profesional (INFOTEP), Rafael Santos Bad\u00eda, sostuvo un encuentro con los directivos de los Centros Operativos del Sistema (COS), para informar las medidas tomadas por la instituci\u00f3n para elevar la calidad los servicios que ofrecen. Los COS son entidades\u2026","rel":"","context":"En \u00abNACIONALES\u00bb","block_context":{"text":"NACIONALES","link":"https:\/\/lasprimeras.com.do\/index.php\/category\/nacionales\/"},"img":{"alt_text":"Rafael Santos Bad\u00eda","src":"https:\/\/i0.wp.com\/lasprimeras.com.do\/wp-content\/uploads\/2023\/07\/Rafael-Santos-Badia.jpg?resize=350%2C200&ssl=1","width":350,"height":200,"srcset":"https:\/\/i0.wp.com\/lasprimeras.com.do\/wp-content\/uploads\/2023\/07\/Rafael-Santos-Badia.jpg?resize=350%2C200&ssl=1 1x, https:\/\/i0.wp.com\/lasprimeras.com.do\/wp-content\/uploads\/2023\/07\/Rafael-Santos-Badia.jpg?resize=525%2C300&ssl=1 1.5x, https:\/\/i0.wp.com\/lasprimeras.com.do\/wp-content\/uploads\/2023\/07\/Rafael-Santos-Badia.jpg?resize=700%2C400&ssl=1 2x"},"classes":[]},{"id":102310,"url":"https:\/\/lasprimeras.com.do\/index.php\/2025\/07\/03\/infotep-entrega-certificados-a-230-dirigentes-de-la-adp-tras-culminar-diplomado\/","url_meta":{"origin":83029,"position":3},"title":"INFOTEP entrega certificados a 230 dirigentes de la ADP tras culminar Diplomado","author":"Nelson Feliz","date":"3 de julio de 2025","format":false,"excerpt":"El Instituto Nacional de Formaci\u00f3n T\u00e9cnico Profesional (INFOTEP) entreg\u00f3 los certificados del \u201cDiplomado Gestores de Procesos Formativos\u201d a 230 maestros y maestras, dirigentes sindicales, de la Asociaci\u00f3n Dominicana de Profesores (ADP). Ahora estos dirigentes sindicales tendr\u00e1n la responsabilidad de multiplicar en cascada la rica experiencia de este diplomado a toda\u2026","rel":"","context":"En \u00abNACIONALES\u00bb","block_context":{"text":"NACIONALES","link":"https:\/\/lasprimeras.com.do\/index.php\/category\/nacionales\/"},"img":{"alt_text":"","src":"https:\/\/i0.wp.com\/lasprimeras.com.do\/wp-content\/uploads\/2025\/07\/INFOTEP-1.jpg?resize=350%2C200&ssl=1","width":350,"height":200,"srcset":"https:\/\/i0.wp.com\/lasprimeras.com.do\/wp-content\/uploads\/2025\/07\/INFOTEP-1.jpg?resize=350%2C200&ssl=1 1x, https:\/\/i0.wp.com\/lasprimeras.com.do\/wp-content\/uploads\/2025\/07\/INFOTEP-1.jpg?resize=525%2C300&ssl=1 1.5x, https:\/\/i0.wp.com\/lasprimeras.com.do\/wp-content\/uploads\/2025\/07\/INFOTEP-1.jpg?resize=700%2C400&ssl=1 2x"},"classes":[]},{"id":52833,"url":"https:\/\/lasprimeras.com.do\/index.php\/2023\/06\/21\/infotep-y-el-cdp-certifican-a-99-trabajadores-de-la-prensa-egresados-de-cuatro-programas-de-formacion\/","url_meta":{"origin":83029,"position":4},"title":"INFOTEP y el CDP certifican a 99 trabajadores de la prensa egresados de cuatro programas de formaci\u00f3n","author":"Nelson Feliz","date":"21 de junio de 2023","format":false,"excerpt":"Por Martin Restituyo El Instituto Nacional de Formaci\u00f3n T\u00e9cnico Profesional (INFOTEP) y el Colegio Dominicano de Periodistas (CDP) entregaron certificados a 99 trabajadores de la prensa egresados de las de los programas Producci\u00f3n y Realizaci\u00f3n de G\u00e9nero Period\u00edstico, Desarrollo de Habilidades Gerenciales, Community Manager y Marketing Digital y Conocimientos B\u00e1sicos\u2026","rel":"","context":"En \u00abNACIONALES\u00bb","block_context":{"text":"NACIONALES","link":"https:\/\/lasprimeras.com.do\/index.php\/category\/nacionales\/"},"img":{"alt_text":"El director general del INFOTEP, Rafael Santos Bad\u00eda","src":"https:\/\/i0.wp.com\/lasprimeras.com.do\/wp-content\/uploads\/2023\/06\/Rafael-Santos-Badia.jpg?resize=350%2C200&ssl=1","width":350,"height":200,"srcset":"https:\/\/i0.wp.com\/lasprimeras.com.do\/wp-content\/uploads\/2023\/06\/Rafael-Santos-Badia.jpg?resize=350%2C200&ssl=1 1x, https:\/\/i0.wp.com\/lasprimeras.com.do\/wp-content\/uploads\/2023\/06\/Rafael-Santos-Badia.jpg?resize=525%2C300&ssl=1 1.5x, https:\/\/i0.wp.com\/lasprimeras.com.do\/wp-content\/uploads\/2023\/06\/Rafael-Santos-Badia.jpg?resize=700%2C400&ssl=1 2x"},"classes":[]},{"id":83368,"url":"https:\/\/lasprimeras.com.do\/index.php\/2024\/05\/15\/infotep-impulsa-desarrollo-profesional-de-trabajadores-zona-franca-en-bonao\/","url_meta":{"origin":83029,"position":5},"title":"INFOTEP impulsa desarrollo profesional de trabajadores Zona Franca en Bonao","author":"Nelson Feliz","date":"15 de mayo de 2024","format":false,"excerpt":"> Entreg\u00f3 certificados a 715 trabajadores de Hanes Brands capacitados en treinta acciones formativas El Instituto Nacional de Formaci\u00f3n T\u00e9cnico Profesional (INFOTEP), entreg\u00f3 715 certificados a colaboradores de la empresa Hanes Brands, ubicada en la Zona Franca Industrial Dos R\u00edos, en Bonao, que completaron capacitaci\u00f3n en treinta diferentes acciones formativas.\u2026","rel":"","context":"En \u00abNACIONALES\u00bb","block_context":{"text":"NACIONALES","link":"https:\/\/lasprimeras.com.do\/index.php\/category\/nacionales\/"},"img":{"alt_text":"INFOTEP","src":"https:\/\/i0.wp.com\/lasprimeras.com.do\/wp-content\/uploads\/2024\/05\/INFOTEP.jpg?resize=350%2C200&ssl=1","width":350,"height":200,"srcset":"https:\/\/i0.wp.com\/lasprimeras.com.do\/wp-content\/uploads\/2024\/05\/INFOTEP.jpg?resize=350%2C200&ssl=1 1x, https:\/\/i0.wp.com\/lasprimeras.com.do\/wp-content\/uploads\/2024\/05\/INFOTEP.jpg?resize=525%2C300&ssl=1 1.5x, https:\/\/i0.wp.com\/lasprimeras.com.do\/wp-content\/uploads\/2024\/05\/INFOTEP.jpg?resize=700%2C400&ssl=1 2x"},"classes":[]}],"jetpack_sharing_enabled":true,"_links":{"self":[{"href":"https:\/\/lasprimeras.com.do\/index.php\/wp-json\/wp\/v2\/posts\/83029","targetHints":{"allow":["GET"]}}],"collection":[{"href":"https:\/\/lasprimeras.com.do\/index.php\/wp-json\/wp\/v2\/posts"}],"about":[{"href":"https:\/\/lasprimeras.com.do\/index.php\/wp-json\/wp\/v2\/types\/post"}],"author":[{"embeddable":true,"href":"https:\/\/lasprimeras.com.do\/index.php\/wp-json\/wp\/v2\/users\/3"}],"replies":[{"embeddable":true,"href":"https:\/\/lasprimeras.com.do\/index.php\/wp-json\/wp\/v2\/comments?post=83029"}],"version-history":[{"count":1,"href":"https:\/\/lasprimeras.com.do\/index.php\/wp-json\/wp\/v2\/posts\/83029\/revisions"}],"predecessor-version":[{"id":83031,"href":"https:\/\/lasprimeras.com.do\/index.php\/wp-json\/wp\/v2\/posts\/83029\/revisions\/83031"}],"wp:featuredmedia":[{"embeddable":true,"href":"https:\/\/lasprimeras.com.do\/index.php\/wp-json\/wp\/v2\/media\/83030"}],"wp:attachment":[{"href":"https:\/\/lasprimeras.com.do\/index.php\/wp-json\/wp\/v2\/media?parent=83029"}],"wp:term":[{"taxonomy":"category","embeddable":true,"href":"https:\/\/lasprimeras.com.do\/index.php\/wp-json\/wp\/v2\/categories?post=83029"},{"taxonomy":"post_tag","embeddable":true,"href":"https:\/\/lasprimeras.com.do\/index.php\/wp-json\/wp\/v2\/tags?post=83029"}],"curies":[{"name":"wp","href":"https:\/\/api.w.org\/{rel}","templated":true}]}}