{"id":83036,"date":"2024-05-10T14:44:55","date_gmt":"2024-05-10T18:44:55","guid":{"rendered":"https:\/\/lasprimeras.com.do\/?p=83036"},"modified":"2024-05-10T14:44:57","modified_gmt":"2024-05-10T18:44:57","slug":"prm-anuncia-realizacion-de-multitudinaria-marcha-caravana-ennueva-york","status":"publish","type":"post","link":"https:\/\/lasprimeras.com.do\/index.php\/2024\/05\/10\/prm-anuncia-realizacion-de-multitudinaria-marcha-caravana-ennueva-york\/","title":{"rendered":"PRM anuncia realizaci\u00f3n de multitudinaria Marcha Caravana enNueva York"},"content":{"rendered":"\n<p>Nueva York.- El Partido Revolucionario Moderno (PRM) y las organizaciones aliadas anunciaron para el pr\u00f3ximo domingo 12 de mayo, la realizaci\u00f3n de una multitudinaria Marcha Caravana que iniciar\u00e1 a las\u00a0 11:00 de la ma\u00f1ana desde la 135th street y Broadway hasta la 191th street y Saint Nicholas,Manhattan<\/p>\n\n\n\n<p><br>En un documento de prensa enviado a esta sala de redacci\u00f3n por el coordinador general adjunto del Comando de Campa\u00f1a del PRM en Nueva York, Javier Fuentes, invitaron a la comunidad<br>dominicana radicada en esta urbe, a participar en la multitudinaria marcha caravana, que busca ratificar en el poder por cuatro a\u00f1os<br>m\u00e1s, al actual presidente de la Rep\u00fablica, Luis Abinader.<\/p>\n\n\n\n<p>Llamaron a la dirigencia, militancia y simpatizantes del PRM a estar  presentes activamente como una muestra de apoyo a la gesti\u00f3n administrativa de gobierno que efect\u00faa el presidente Abinader.<\/p>\n\n\n\n<p>Manifestaron que el gobierno que encabeza Abinader ha sido el que m\u00e1s programas y proyectos ha realizado a favor de la comunidad<br>dominicana en el exterior.<\/p>\n\n\n\n<p>Puso como ejemplos la extraordinaria labor realizada por Index, SeNaSa, las instalaciones de las oficinas del Banco de Reservas, la<br>ampliaci\u00f3n y realizaci\u00f3n de los programas de Infotec y el plan Vivienda Familia Feliz, entre otros.<\/p>\n\n\n\n<p><br>Asimismo, exhortaron a la poblaci\u00f3n de aqu\u00ed y de all\u00e1 a reconocer y recordar que la simpat\u00eda hay que convertirla en voto, aunque las<br>encuestas nos est\u00e9n dando como favoritos.\u00a0<\/p>\n\n\n\n<p>\u201cNo podemos dormirnos, por el contrario debemos levantarnos temprano y acudir a los centros este pr\u00f3ximo 19 de mayo para confirmar que el cambio sigue con Luis Abinader como presidente\u201d, destaca el documento.\u00a0<\/p>\n\n\n\n<p>Puntualizaron que la Gran Marcha Caravana ser\u00e1 una confirmaci\u00f3n de que ganaran en primera vuelta con amplios resultados favorables<br>no solo en lo presidencial sino en lo congresual en lo que tiene que<br>ver con los tres candidatos a diputado de Ultramar.<\/p>\n\n\n\n<p><\/p>\n","protected":false},"excerpt":{"rendered":"<p>Nueva York.- El Partido Revolucionario Moderno (PRM) y las organizaciones aliadas anunciaron para el pr\u00f3ximo domingo 12 de mayo, la realizaci\u00f3n de una multitudinaria Marcha Caravana que iniciar\u00e1 a las\u00a0&hellip;<\/p>\n","protected":false},"author":3,"featured_media":83037,"comment_status":"open","ping_status":"open","sticky":false,"template":"","format":"standard","meta":{"content-type":"","jetpack_post_was_ever_published":false,"_jetpack_newsletter_access":"","_jetpack_dont_email_post_to_subs":false,"_jetpack_newsletter_tier_id":0,"_jetpack_memberships_contains_paywalled_content":false,"_jetpack_memberships_contains_paid_content":false,"footnotes":""},"categories":[1],"tags":[31],"class_list":["post-83036","post","type-post","status-publish","format-standard","has-post-thumbnail","hentry","category-sin-categoria","tag-prm"],"jetpack_featured_media_url":"https:\/\/lasprimeras.com.do\/wp-content\/uploads\/2024\/05\/IMG-20240510-WA0069.jpg","jetpack-related-posts":[{"id":116489,"url":"https:\/\/lasprimeras.com.do\/index.php\/2025\/12\/01\/pavon-dice-multitudinaria-marcha-de-la-fp-despeja-el-camino-para-el-regreso-de-lf-al-poder\/","url_meta":{"origin":83036,"position":0},"title":"Pav\u00f3n dice multitudinaria marcha de la FP despeja el camino para el regreso de LF al poder","author":"Nelson Feliz","date":"1 de diciembre de 2025","format":false,"excerpt":"El empresario V\u00edctor Pav\u00f3n sostuvo que con el contundente \u00e9xito de la multitudinaria marcha realizada por la Fuerza del Pueblo y Leonel Fern\u00e1ndez, los sectores populares y la clase media del pa\u00eds demostraron con sus participaci\u00f3n desbordante que quieren y anhelan sacar del Palacio Nacional al Partido Revolucionario Moderno (PRM)\u2026","rel":"","context":"En \u00abPOLITICA\u00bb","block_context":{"text":"POLITICA","link":"https:\/\/lasprimeras.com.do\/index.php\/category\/politica\/"},"img":{"alt_text":"","src":"https:\/\/i0.wp.com\/lasprimeras.com.do\/wp-content\/uploads\/2025\/12\/Victor-Pavon.jpg?resize=350%2C200&ssl=1","width":350,"height":200,"srcset":"https:\/\/i0.wp.com\/lasprimeras.com.do\/wp-content\/uploads\/2025\/12\/Victor-Pavon.jpg?resize=350%2C200&ssl=1 1x, https:\/\/i0.wp.com\/lasprimeras.com.do\/wp-content\/uploads\/2025\/12\/Victor-Pavon.jpg?resize=525%2C300&ssl=1 1.5x, https:\/\/i0.wp.com\/lasprimeras.com.do\/wp-content\/uploads\/2025\/12\/Victor-Pavon.jpg?resize=700%2C400&ssl=1 2x"},"classes":[]},{"id":81448,"url":"https:\/\/lasprimeras.com.do\/index.php\/2024\/04\/20\/abinader-encabeza-multitudinarias-caravanas-en-valverde-santiago-rodriguez-y-dajabon\/","url_meta":{"origin":83036,"position":1},"title":"Abinader encabeza multitudinarias caravanas en Valverde, Santiago Rodr\u00edguez y Dajab\u00f3n","author":"Nelson Feliz","date":"20 de abril de 2024","format":false,"excerpt":"El candidato presidencial el Partido Revolucionario Moderno (PRM), Luis Abinader, estuvo en la L\u00ednea Noroeste, encabezando marchas caravanas en el municipio de Esperanza en Valverde Mao, en el municipio de Sabaneta de Santiago Rodr\u00edguez y en el municipio Dajab\u00f3n. El recorrido por la L\u00ednea Noroeste lo inici\u00f3 el l\u00edder del\u2026","rel":"","context":"En \u00abPORTADA\u00bb","block_context":{"text":"PORTADA","link":"https:\/\/lasprimeras.com.do\/index.php\/category\/portada\/"},"img":{"alt_text":"marcha caravana","src":"https:\/\/i0.wp.com\/lasprimeras.com.do\/wp-content\/uploads\/2024\/04\/marcha-caravana-1.jpg?resize=350%2C200&ssl=1","width":350,"height":200,"srcset":"https:\/\/i0.wp.com\/lasprimeras.com.do\/wp-content\/uploads\/2024\/04\/marcha-caravana-1.jpg?resize=350%2C200&ssl=1 1x, https:\/\/i0.wp.com\/lasprimeras.com.do\/wp-content\/uploads\/2024\/04\/marcha-caravana-1.jpg?resize=525%2C300&ssl=1 1.5x"},"classes":[]},{"id":73244,"url":"https:\/\/lasprimeras.com.do\/index.php\/2024\/01\/08\/prm-y-aliados-movilizan-miles-de-personas-en-una-marcha-caravana\/","url_meta":{"origin":83036,"position":2},"title":"PRM y aliados movilizan miles de personas en una marcha-caravana","author":"BIMARY DE JES\u00daS Matos","date":"8 de enero de 2024","format":false,"excerpt":"SANTO DOMINGO.- El gubernamental Partido Revolucionario Moderno (PRM) moviliz\u00f3 este domingo a miles de personas en los municipios Santo Domingo Norte y Este con multitudinarias marchas-caravanas encabezadas por su candidato presidencial Luis Abinader, con las cuales inici\u00f3 su campa\u00f1a de cara a las elecciones municipales de febrero. Los perreme\u00edstas y\u2026","rel":"","context":"En \u00abSin categor\u00eda\u00bb","block_context":{"text":"Sin categor\u00eda","link":"https:\/\/lasprimeras.com.do\/index.php\/category\/sin-categoria\/"},"img":{"alt_text":"","src":"https:\/\/i0.wp.com\/lasprimeras.com.do\/wp-content\/uploads\/2024\/01\/Presidente-Abinader-inaugura-7-obras-en-Monsenor-Nouel-y-La-Vega.jpg?resize=350%2C200&ssl=1","width":350,"height":200,"srcset":"https:\/\/i0.wp.com\/lasprimeras.com.do\/wp-content\/uploads\/2024\/01\/Presidente-Abinader-inaugura-7-obras-en-Monsenor-Nouel-y-La-Vega.jpg?resize=350%2C200&ssl=1 1x, https:\/\/i0.wp.com\/lasprimeras.com.do\/wp-content\/uploads\/2024\/01\/Presidente-Abinader-inaugura-7-obras-en-Monsenor-Nouel-y-La-Vega.jpg?resize=525%2C300&ssl=1 1.5x"},"classes":[]},{"id":74242,"url":"https:\/\/lasprimeras.com.do\/index.php\/2024\/01\/20\/abinader-encabeza-dos-multitudinarias-caravanas-en-el-este\/","url_meta":{"origin":83036,"position":3},"title":"Abinader encabeza dos multitudinarias caravanas en el Este","author":"Nelson Feliz","date":"20 de enero de 2024","format":false,"excerpt":"Candidato presidencial del PRM participa en actividades de apoyo a candidatos municipales de Monte Plata y Hato Mayor. El candidato presidencial por el Partido Revolucionario Moderno (PRM), Luis Abinader, encabez\u00f3 este s\u00e1bado actividades en apoyo a los candidatos municipales en Monte Plata y Hato Mayor. En una demostraci\u00f3n de fuerza,\u2026","rel":"","context":"En \u00abPORTADA\u00bb","block_context":{"text":"PORTADA","link":"https:\/\/lasprimeras.com.do\/index.php\/category\/portada\/"},"img":{"alt_text":"Luis Abinader","src":"https:\/\/i0.wp.com\/lasprimeras.com.do\/wp-content\/uploads\/2024\/01\/Luis-Abinader-02.jpg?resize=350%2C200&ssl=1","width":350,"height":200,"srcset":"https:\/\/i0.wp.com\/lasprimeras.com.do\/wp-content\/uploads\/2024\/01\/Luis-Abinader-02.jpg?resize=350%2C200&ssl=1 1x, https:\/\/i0.wp.com\/lasprimeras.com.do\/wp-content\/uploads\/2024\/01\/Luis-Abinader-02.jpg?resize=525%2C300&ssl=1 1.5x, https:\/\/i0.wp.com\/lasprimeras.com.do\/wp-content\/uploads\/2024\/01\/Luis-Abinader-02.jpg?resize=700%2C400&ssl=1 2x"},"classes":[]},{"id":74936,"url":"https:\/\/lasprimeras.com.do\/index.php\/2024\/01\/27\/abinader-encabeza-caravanas-en-villa-altagracia-haina-y-san-cristobal\/","url_meta":{"origin":83036,"position":4},"title":"Abinader encabeza caravanas en Villa Altagracia, Haina y San Crist\u00f3bal","author":"Nelson Feliz","date":"27 de enero de 2024","format":false,"excerpt":"El l\u00edder PRM recorri\u00f3 esas demarcaciones apoyando candidatos municipales perreme\u00edstas para las elecciones del 18 de febrero. El candidato presidencial del Partido Revolucionario Moderno (PRM) Luis Abinader encabez\u00f3 hoy multitudinarias caravanas en Villa Altagracia, Quita Sue\u00f1o, Haina y San Crist\u00f3bal en respaldo a los candidatos municipales de esa demarcaci\u00f3n. El\u2026","rel":"","context":"En \u00abPORTADA\u00bb","block_context":{"text":"PORTADA","link":"https:\/\/lasprimeras.com.do\/index.php\/category\/portada\/"},"img":{"alt_text":"Luis Abinader","src":"https:\/\/i0.wp.com\/lasprimeras.com.do\/wp-content\/uploads\/2024\/01\/Luis-Abinader-2-1.jpg?resize=350%2C200&ssl=1","width":350,"height":200,"srcset":"https:\/\/i0.wp.com\/lasprimeras.com.do\/wp-content\/uploads\/2024\/01\/Luis-Abinader-2-1.jpg?resize=350%2C200&ssl=1 1x, https:\/\/i0.wp.com\/lasprimeras.com.do\/wp-content\/uploads\/2024\/01\/Luis-Abinader-2-1.jpg?resize=525%2C300&ssl=1 1.5x"},"classes":[]},{"id":76431,"url":"https:\/\/lasprimeras.com.do\/index.php\/2024\/02\/10\/roberto-angel-santiago-y-puerto-plata-confirmaran-el-18-de-febrero-que-son-bastiones-del-prm\/","url_meta":{"origin":83036,"position":5},"title":"Roberto \u00c1ngel: \u201cSantiago y Puerto Plata confirmar\u00e1n el 18 de febrero que son bastiones del PRM\u201d","author":"Nelson Feliz","date":"10 de febrero de 2024","format":false,"excerpt":"El alto dirigente pol\u00edtico se reuni\u00f3 con candidatos de Tamboril y Jacagua, en Santiago, y encabez\u00f3 una marcha caravana para respaldar a aspirantes municipales de Luper\u00f3n, en Puerto Plata El dirigente pol\u00edtico y miembro de la Direcci\u00f3n Ejecutiva del Partido Revolucionario Moderno (PRM) Roberto \u00c1ngel Salcedo afirm\u00f3 este s\u00e1bado que\u2026","rel":"","context":"En \u00abPORTADA\u00bb","block_context":{"text":"PORTADA","link":"https:\/\/lasprimeras.com.do\/index.php\/category\/portada\/"},"img":{"alt_text":"Roberto \u00c1ngel Salcedo","src":"https:\/\/i0.wp.com\/lasprimeras.com.do\/wp-content\/uploads\/2024\/02\/Roberto-Angel-Salcedo-7.jpg?resize=350%2C200&ssl=1","width":350,"height":200,"srcset":"https:\/\/i0.wp.com\/lasprimeras.com.do\/wp-content\/uploads\/2024\/02\/Roberto-Angel-Salcedo-7.jpg?resize=350%2C200&ssl=1 1x, https:\/\/i0.wp.com\/lasprimeras.com.do\/wp-content\/uploads\/2024\/02\/Roberto-Angel-Salcedo-7.jpg?resize=525%2C300&ssl=1 1.5x, https:\/\/i0.wp.com\/lasprimeras.com.do\/wp-content\/uploads\/2024\/02\/Roberto-Angel-Salcedo-7.jpg?resize=700%2C400&ssl=1 2x"},"classes":[]}],"jetpack_sharing_enabled":true,"_links":{"self":[{"href":"https:\/\/lasprimeras.com.do\/index.php\/wp-json\/wp\/v2\/posts\/83036","targetHints":{"allow":["GET"]}}],"collection":[{"href":"https:\/\/lasprimeras.com.do\/index.php\/wp-json\/wp\/v2\/posts"}],"about":[{"href":"https:\/\/lasprimeras.com.do\/index.php\/wp-json\/wp\/v2\/types\/post"}],"author":[{"embeddable":true,"href":"https:\/\/lasprimeras.com.do\/index.php\/wp-json\/wp\/v2\/users\/3"}],"replies":[{"embeddable":true,"href":"https:\/\/lasprimeras.com.do\/index.php\/wp-json\/wp\/v2\/comments?post=83036"}],"version-history":[{"count":1,"href":"https:\/\/lasprimeras.com.do\/index.php\/wp-json\/wp\/v2\/posts\/83036\/revisions"}],"predecessor-version":[{"id":83038,"href":"https:\/\/lasprimeras.com.do\/index.php\/wp-json\/wp\/v2\/posts\/83036\/revisions\/83038"}],"wp:featuredmedia":[{"embeddable":true,"href":"https:\/\/lasprimeras.com.do\/index.php\/wp-json\/wp\/v2\/media\/83037"}],"wp:attachment":[{"href":"https:\/\/lasprimeras.com.do\/index.php\/wp-json\/wp\/v2\/media?parent=83036"}],"wp:term":[{"taxonomy":"category","embeddable":true,"href":"https:\/\/lasprimeras.com.do\/index.php\/wp-json\/wp\/v2\/categories?post=83036"},{"taxonomy":"post_tag","embeddable":true,"href":"https:\/\/lasprimeras.com.do\/index.php\/wp-json\/wp\/v2\/tags?post=83036"}],"curies":[{"name":"wp","href":"https:\/\/api.w.org\/{rel}","templated":true}]}}