{"id":83039,"date":"2024-05-10T14:49:29","date_gmt":"2024-05-10T18:49:29","guid":{"rendered":"https:\/\/lasprimeras.com.do\/?p=83039"},"modified":"2024-05-10T14:49:31","modified_gmt":"2024-05-10T18:49:31","slug":"escondidas-en-cajas-de-regalos-ocupan-cuatro-laminas-de-cocaina-en-el-aila","status":"publish","type":"post","link":"https:\/\/lasprimeras.com.do\/index.php\/2024\/05\/10\/escondidas-en-cajas-de-regalos-ocupan-cuatro-laminas-de-cocaina-en-el-aila\/","title":{"rendered":"Escondidas en cajas de regalos ocupan cuatro l\u00e1minas de coca\u00edna en el AILA"},"content":{"rendered":"\n<p>Santo Domingo.- Agentes de la Direcci\u00f3n Nacional de Control de Drogas (DNCD) y miembros del Cuerpo Especializado de Seguridad Aeroportuaria, coordinados por el Ministerio P\u00fablico, ocuparon cuatro l\u00e1minas de coca\u00edna, camufladas en cajas envueltas en papel de regalos, durante un operativo de inspecci\u00f3n realizado en el Aeropuerto Internacional de las Am\u00e9ricas, JFPG.<\/p>\n\n\n\n<p>Los agentes y militares, asistidos por unidades caninas, detectaron sustancias extra\u00f1as en el interior de dos cajas de cart\u00f3n, con prendas de vestir, libros y otras pertenencias, procediendo de inmediato a aplicar el protocolo de inspecci\u00f3n.<\/p>\n\n\n\n<p>Coordinados por el Ministerio P\u00fablico, se procedi\u00f3 a abrir los paquetes, descubriendo un doble fondo en la parte baja, conteniendo cuatro l\u00e1minas de la sustancia, con un peso superior a los 300 gramos, seg\u00fan el Instituto Nacional de Ciencias Forenses (INACIF).<\/p>\n\n\n\n<p>Seg\u00fan el manifiesto, las cajas, ser\u00edan enviadas a trav\u00e9s de un env\u00edo internacional, por un hombre con supuesto domicilio en los Jardines del Quinto Centenario, municipio Santo Domingo Este, y la recibir\u00eda un individuo residente en un edificio de apartamentos en Ackerstrasse, Suiza.<\/p>\n\n\n\n<p>Las autoridades siguen alerta a estas modalidades del narcotr\u00e1fico internacional, que tratan de burlar los controles de vigilancia y seguridad, para traficar con sustancias controladas a trav\u00e9s de los aeropuertos y puertos del pa\u00eds.<\/p>\n\n\n\n<p><\/p>\n","protected":false},"excerpt":{"rendered":"<p>Santo Domingo.- Agentes de la Direcci\u00f3n Nacional de Control de Drogas (DNCD) y miembros del Cuerpo Especializado de Seguridad Aeroportuaria, coordinados por el Ministerio P\u00fablico, ocuparon cuatro l\u00e1minas de coca\u00edna,&hellip;<\/p>\n","protected":false},"author":3,"featured_media":83040,"comment_status":"open","ping_status":"open","sticky":false,"template":"","format":"standard","meta":{"content-type":"","jetpack_post_was_ever_published":false,"_jetpack_newsletter_access":"","_jetpack_dont_email_post_to_subs":false,"_jetpack_newsletter_tier_id":0,"_jetpack_memberships_contains_paywalled_content":false,"_jetpack_memberships_contains_paid_content":false,"footnotes":""},"categories":[25],"tags":[226],"class_list":["post-83039","post","type-post","status-publish","format-standard","has-post-thumbnail","hentry","category-portada","tag-aila"],"jetpack_featured_media_url":"https:\/\/lasprimeras.com.do\/wp-content\/uploads\/2024\/05\/IMG-20240510-WA0071.jpg","jetpack-related-posts":[{"id":99536,"url":"https:\/\/lasprimeras.com.do\/index.php\/2025\/05\/22\/dncd-se-incauta-19-laminas-presumiblemente-cocaina-en-el-aila\/","url_meta":{"origin":83039,"position":0},"title":"DNCD se incauta 19 l\u00e1minas presumiblemente coca\u00edna en el AILA","author":"Nelson Feliz","date":"22 de mayo de 2025","format":false,"excerpt":"Agentes de la Direcci\u00f3n Nacional de Control de Drogas (DNCD) y miembros del Ministerio P\u00fablico, incautaron 19 l\u00e1minas presumiblemente coca\u00edna, camufladas en el interior de un traje de buzo, durante labores de inspecci\u00f3n conjunta realizadas en el aeropuerto Internacional de Las Am\u00e9ricas, JFPG. Las unidades actuantes, en el marco del\u2026","rel":"","context":"En \u00abMILITARES\u00bb","block_context":{"text":"MILITARES","link":"https:\/\/lasprimeras.com.do\/index.php\/category\/militares\/"},"img":{"alt_text":"","src":"https:\/\/i0.wp.com\/lasprimeras.com.do\/wp-content\/uploads\/2025\/05\/DNCD-1-1.jpg?resize=350%2C200&ssl=1","width":350,"height":200,"srcset":"https:\/\/i0.wp.com\/lasprimeras.com.do\/wp-content\/uploads\/2025\/05\/DNCD-1-1.jpg?resize=350%2C200&ssl=1 1x, https:\/\/i0.wp.com\/lasprimeras.com.do\/wp-content\/uploads\/2025\/05\/DNCD-1-1.jpg?resize=525%2C300&ssl=1 1.5x, https:\/\/i0.wp.com\/lasprimeras.com.do\/wp-content\/uploads\/2025\/05\/DNCD-1-1.jpg?resize=700%2C400&ssl=1 2x"},"classes":[]},{"id":126471,"url":"https:\/\/lasprimeras.com.do\/index.php\/2026\/04\/02\/dncd-ocupa-12-laminas-de-presunta-cocaina-en-el-aila\/","url_meta":{"origin":83039,"position":1},"title":"DNCD ocupa 12 l\u00e1minas de presunta coca\u00edna en el AILA","author":"Nelson Feliz","date":"2 de abril de 2026","format":false,"excerpt":"El decomiso se produjo luego que una unidad canina detect\u00f3 una alerta positiva de sustancias narc\u00f3ticas dentro de los paquetes Un total de 12 l\u00e1minas de presunta coca\u00edna, fueron ocupadas por agentes de la Direccion Nacional de Control de Drogas (DNCD) y miembros del Cuerpo Especializado de Seguridad Aeroportuaria (CESAC)\u2026","rel":"","context":"En \u00abMILITARES\u00bb","block_context":{"text":"MILITARES","link":"https:\/\/lasprimeras.com.do\/index.php\/category\/militares\/"},"img":{"alt_text":"","src":"https:\/\/i0.wp.com\/lasprimeras.com.do\/wp-content\/uploads\/2026\/04\/dncd-1.jpg?resize=350%2C200&ssl=1","width":350,"height":200,"srcset":"https:\/\/i0.wp.com\/lasprimeras.com.do\/wp-content\/uploads\/2026\/04\/dncd-1.jpg?resize=350%2C200&ssl=1 1x, https:\/\/i0.wp.com\/lasprimeras.com.do\/wp-content\/uploads\/2026\/04\/dncd-1.jpg?resize=525%2C300&ssl=1 1.5x, https:\/\/i0.wp.com\/lasprimeras.com.do\/wp-content\/uploads\/2026\/04\/dncd-1.jpg?resize=700%2C400&ssl=1 2x"},"classes":[]},{"id":103661,"url":"https:\/\/lasprimeras.com.do\/index.php\/2025\/07\/17\/dncd-se-incautaron-75-laminas-presumiblemente-cocaina-camufladas-en-cajas-de-tabaco\/","url_meta":{"origin":83039,"position":2},"title":"DNCD se incautaron 75 l\u00e1minas presumiblemente coca\u00edna camufladas en cajas de tabaco","author":"Nelson Feliz","date":"17 de julio de 2025","format":false,"excerpt":"El decomiso se hizo en el AILA y se enmarca dentro del reforzamiento de los operativos de interdicci\u00f3n. Agentes de la Direcci\u00f3n Nacional de Control de Drogas (DNCD) y miembros del Cuerpo Especializado de Seguridad Aeroportuaria (CESAC), apoyados por la Direcci\u00f3n de Aduanas (DGA) y coordinados por el Ministerio P\u00fablico,\u2026","rel":"","context":"En \u00abMILITARES\u00bb","block_context":{"text":"MILITARES","link":"https:\/\/lasprimeras.com.do\/index.php\/category\/militares\/"},"img":{"alt_text":"","src":"https:\/\/i0.wp.com\/lasprimeras.com.do\/wp-content\/uploads\/2025\/07\/dncd-1-1.jpg?resize=350%2C200&ssl=1","width":350,"height":200,"srcset":"https:\/\/i0.wp.com\/lasprimeras.com.do\/wp-content\/uploads\/2025\/07\/dncd-1-1.jpg?resize=350%2C200&ssl=1 1x, https:\/\/i0.wp.com\/lasprimeras.com.do\/wp-content\/uploads\/2025\/07\/dncd-1-1.jpg?resize=525%2C300&ssl=1 1.5x, https:\/\/i0.wp.com\/lasprimeras.com.do\/wp-content\/uploads\/2025\/07\/dncd-1-1.jpg?resize=700%2C400&ssl=1 2x"},"classes":[]},{"id":106714,"url":"https:\/\/lasprimeras.com.do\/index.php\/2025\/08\/18\/detienen-extranjero-intento-viajar-a-espana-con-tres-laminas-de-cocaina-en-una-maleta\/","url_meta":{"origin":83039,"position":3},"title":"Detienen extranjero intent\u00f3 viajar a Espa\u00f1a con tres l\u00e1minas de coca\u00edna en una maleta","author":"Nelson Feliz","date":"18 de agosto de 2025","format":false,"excerpt":"La detenci\u00f3n del ciudadano espa\u00f1ol se produjo en el AILA y es parte del reforzamiento de las operaciones de interdicci\u00f3n. Un ciudadano espa\u00f1ol fue detenido por agentes de la Direcci\u00f3n Nacional de Control de Drogas (DNCD) y miembros del Cuerpo Especializado de Seguridad Aeroportuaria, (CESAC), en el Aeropuerto Internacional de\u2026","rel":"","context":"En \u00abMILITARES\u00bb","block_context":{"text":"MILITARES","link":"https:\/\/lasprimeras.com.do\/index.php\/category\/militares\/"},"img":{"alt_text":"","src":"https:\/\/i0.wp.com\/lasprimeras.com.do\/wp-content\/uploads\/2025\/08\/una-1.jpg?resize=350%2C200&ssl=1","width":350,"height":200,"srcset":"https:\/\/i0.wp.com\/lasprimeras.com.do\/wp-content\/uploads\/2025\/08\/una-1.jpg?resize=350%2C200&ssl=1 1x, https:\/\/i0.wp.com\/lasprimeras.com.do\/wp-content\/uploads\/2025\/08\/una-1.jpg?resize=525%2C300&ssl=1 1.5x, https:\/\/i0.wp.com\/lasprimeras.com.do\/wp-content\/uploads\/2025\/08\/una-1.jpg?resize=700%2C400&ssl=1 2x"},"classes":[]},{"id":71514,"url":"https:\/\/lasprimeras.com.do\/index.php\/2023\/12\/20\/ocupan-56-paquetes-de-cocaina-en-carga-de-cocos-en-el-aila\/","url_meta":{"origin":83039,"position":4},"title":"Ocupan 56 paquetes de coca\u00edna en carga de cocos en el AILA","author":"BIMARY DE JES\u00daS Matos","date":"20 de diciembre de 2023","format":false,"excerpt":"Santo Domingo.- La Direcci\u00f3n Nacional de Control de Drogas (DNCD), miembros del Cuerpo Especializado de Seguridad Aeroportuaria e Inspectores de Aduanas, coordinados por miembros del Ministerio P\u00fablico, incautaron 56 paquetes presumiblemente coca\u00edna, durante un operativo de inspecci\u00f3n, desarrollado en el Aeropuerto Internacional de las Am\u00e9ricas, JFPG. Los agentes antinarc\u00f3ticos y\u2026","rel":"","context":"En \u00abNACIONALES\u00bb","block_context":{"text":"NACIONALES","link":"https:\/\/lasprimeras.com.do\/index.php\/category\/nacionales\/"},"img":{"alt_text":"","src":"https:\/\/i0.wp.com\/lasprimeras.com.do\/wp-content\/uploads\/2023\/12\/Noticias-19.webp?resize=350%2C200&ssl=1","width":350,"height":200,"srcset":"https:\/\/i0.wp.com\/lasprimeras.com.do\/wp-content\/uploads\/2023\/12\/Noticias-19.webp?resize=350%2C200&ssl=1 1x, https:\/\/i0.wp.com\/lasprimeras.com.do\/wp-content\/uploads\/2023\/12\/Noticias-19.webp?resize=525%2C300&ssl=1 1.5x"},"classes":[]},{"id":104772,"url":"https:\/\/lasprimeras.com.do\/index.php\/2025\/07\/27\/incautan-18-laminas-de-cocaina-camufladas-en-cuadros-de-carton-en-el-aila\/","url_meta":{"origin":83039,"position":5},"title":"Incautan 18 l\u00e1minas de coca\u00edna camufladas en cuadros de cart\u00f3n en el AILA","author":"Nelson Feliz","date":"27 de julio de 2025","format":false,"excerpt":"Agentes de la Direcci\u00f3n Nacional de Control de Drogas (DNCD), junto con miembros del Cuerpo Especializado de Seguridad Aeroportuaria (Cesac), incautaron 18 l\u00e1minas de coca\u00edna camufladas en igual n\u00famero de cuadros de cart\u00f3n que ser\u00edan enviados a R\u00f3terdam, Pa\u00edses Bajos. La droga fue detectada durante labores de inspecci\u00f3n realizadas en\u2026","rel":"","context":"En \u00abMILITARES\u00bb","block_context":{"text":"MILITARES","link":"https:\/\/lasprimeras.com.do\/index.php\/category\/militares\/"},"img":{"alt_text":"","src":"https:\/\/i0.wp.com\/lasprimeras.com.do\/wp-content\/uploads\/2025\/07\/drogas-1.jpg?resize=350%2C200&ssl=1","width":350,"height":200,"srcset":"https:\/\/i0.wp.com\/lasprimeras.com.do\/wp-content\/uploads\/2025\/07\/drogas-1.jpg?resize=350%2C200&ssl=1 1x, https:\/\/i0.wp.com\/lasprimeras.com.do\/wp-content\/uploads\/2025\/07\/drogas-1.jpg?resize=525%2C300&ssl=1 1.5x, https:\/\/i0.wp.com\/lasprimeras.com.do\/wp-content\/uploads\/2025\/07\/drogas-1.jpg?resize=700%2C400&ssl=1 2x"},"classes":[]}],"jetpack_sharing_enabled":true,"_links":{"self":[{"href":"https:\/\/lasprimeras.com.do\/index.php\/wp-json\/wp\/v2\/posts\/83039","targetHints":{"allow":["GET"]}}],"collection":[{"href":"https:\/\/lasprimeras.com.do\/index.php\/wp-json\/wp\/v2\/posts"}],"about":[{"href":"https:\/\/lasprimeras.com.do\/index.php\/wp-json\/wp\/v2\/types\/post"}],"author":[{"embeddable":true,"href":"https:\/\/lasprimeras.com.do\/index.php\/wp-json\/wp\/v2\/users\/3"}],"replies":[{"embeddable":true,"href":"https:\/\/lasprimeras.com.do\/index.php\/wp-json\/wp\/v2\/comments?post=83039"}],"version-history":[{"count":1,"href":"https:\/\/lasprimeras.com.do\/index.php\/wp-json\/wp\/v2\/posts\/83039\/revisions"}],"predecessor-version":[{"id":83041,"href":"https:\/\/lasprimeras.com.do\/index.php\/wp-json\/wp\/v2\/posts\/83039\/revisions\/83041"}],"wp:featuredmedia":[{"embeddable":true,"href":"https:\/\/lasprimeras.com.do\/index.php\/wp-json\/wp\/v2\/media\/83040"}],"wp:attachment":[{"href":"https:\/\/lasprimeras.com.do\/index.php\/wp-json\/wp\/v2\/media?parent=83039"}],"wp:term":[{"taxonomy":"category","embeddable":true,"href":"https:\/\/lasprimeras.com.do\/index.php\/wp-json\/wp\/v2\/categories?post=83039"},{"taxonomy":"post_tag","embeddable":true,"href":"https:\/\/lasprimeras.com.do\/index.php\/wp-json\/wp\/v2\/tags?post=83039"}],"curies":[{"name":"wp","href":"https:\/\/api.w.org\/{rel}","templated":true}]}}