{"id":83046,"date":"2024-05-10T21:16:46","date_gmt":"2024-05-11T01:16:46","guid":{"rendered":"https:\/\/lasprimeras.com.do\/?p=83046"},"modified":"2024-05-10T21:16:48","modified_gmt":"2024-05-11T01:16:48","slug":"alianza-rescate-rd-pide-que-sean-sustuidos-los-presidentes-de-1510-colegios-electorales","status":"publish","type":"post","link":"https:\/\/lasprimeras.com.do\/index.php\/2024\/05\/10\/alianza-rescate-rd-pide-que-sean-sustuidos-los-presidentes-de-1510-colegios-electorales\/","title":{"rendered":"Alianza Rescate RD pide que sean sustuidos los presidentes de 1,510 colegios electorales"},"content":{"rendered":"\n<p>Faltando nueve d\u00edas para la celebraci\u00f3n de las elecciones presidenciales y congresuales, la Alianza Rescate RD, conformada por los partidos de oposici\u00f3n Revolucionario Dominicano (PRD), de la Liberaci\u00f3n Dominicana (PLD) y Fuerza del Pueblo (FP), insisti\u00f3 en que la Junta Central Electoral (JCE) sustituya al director de la Polic\u00eda Militar Electoral y a los presidentes y secretarios de 1,510 colegios electorales, debido a las supuestas &#8220;acciones antidemocr\u00e1ticas&#8221; que ocurrieron bajo sus funciones en los comicios municipales de febrero.<\/p>\n\n\n\n<p>Este viernes, la alianza opositora envi\u00f3 una comunicaci\u00f3n al organismo comicial en el que le reclama su falta de respuesta al Pliego de Garant\u00edas para la Transparencia de las Elecciones de mayo que deposit\u00f3 tras las elecciones municipales, en la que le exige la toma de varias medidas para que no se repita las situaciones del pasado proceso.<\/p>\n\n\n\n<p>Adem\u00e1s de la insistente solicitud de sustituci\u00f3n del director de la Polic\u00eda Militar Electoral, mayor general Juan Jos\u00e9 Ota\u00f1o Jim\u00e9nez, los opositores consideraron que los presidentes y secretarios de 1,510 colegios electorales que tuvieron un &#8220;p\u00e9simo&#8221; desempe\u00f1o en las municipales no deben administrar y dirigir de nuevo, al establecer que presentaron resultados descuadrados en las relaciones de votaciones de sus respectivos colegios, con m\u00e1s votos emitidos en un nivel de elecci\u00f3n que en otro.<\/p>\n\n\n\n<p>Por otro lado, la Alianza Rescate RD volvi\u00f3 a denunciar que el Partido Revolucionario Moderno (PRM) ha instalado comandos de campa\u00f1a frente a recintos electorales, la realizaci\u00f3n de rifas involucrando el voto de los electores a cambio de electrom\u00e9tricos, hasta un carro por parte del aliado al PRM, Rogelio Genao.<\/p>\n\n\n\n<p>Tambi\u00e9n que supuestamente la Distribuidora de Electricidad del Este (Edeeste) realiza un &#8220;operativo especial&#8221; en Villa Liberaci\u00f3n este viernes promoviendo facilidades para la tarjeta Bono Luz y saldo de dudas y la distribuci\u00f3n de alimentos por parte del Plan Social de la Presidencia en Sabaneta, provincia Santiago Rodr\u00edguez.<\/p>\n\n\n\n<p>Indic\u00f3 que tiene evidencias de cada una estas denuncias y las entreg\u00f3 anexa en el documento al organismo comicial.<\/p>\n\n\n\n<p>Visibilidad de impugnaciones<\/p>\n\n\n\n<p>Sobre las impugnaciones efectuadas en los colegios electorales, las organizaciones pol\u00edticas solicitaron al \u00f3rgano electoral que emita una resoluci\u00f3n en la que explique el procedimiento de impugnaci\u00f3n y la forma en que se debe hacer constar ante las juntas electorales correspondientes y que se instruya a los coordinadores de recintos (incluidos los facilitadores que hagan este rol) para que entreguen a las juntas electorales un reporte informando sobre los colegios electorales que han sido impugnados.<\/p>\n\n\n\n<p>Los aliados hicieron hincapi\u00e9 en que su prop\u00f3sito es que no se vuelvan a repetir &#8220;las parcialidades que sucedieron en las elecciones de 18 de febrero&#8221;.<\/p>\n","protected":false},"excerpt":{"rendered":"<p>Faltando nueve d\u00edas para la celebraci\u00f3n de las elecciones presidenciales y congresuales, la Alianza Rescate RD, conformada por los partidos de oposici\u00f3n Revolucionario Dominicano (PRD), de la Liberaci\u00f3n Dominicana (PLD)&hellip;<\/p>\n","protected":false},"author":2,"featured_media":83047,"comment_status":"open","ping_status":"open","sticky":false,"template":"","format":"standard","meta":{"content-type":"","jetpack_post_was_ever_published":false,"_jetpack_newsletter_access":"","_jetpack_dont_email_post_to_subs":false,"_jetpack_newsletter_tier_id":0,"_jetpack_memberships_contains_paywalled_content":false,"_jetpack_memberships_contains_paid_content":false,"footnotes":""},"categories":[25],"tags":[9346,12119,3538,12871],"class_list":["post-83046","post","type-post","status-publish","format-standard","has-post-thumbnail","hentry","category-portada","tag-alianza-rescate-rd","tag-colegios-electorales","tag-presidentes","tag-sustuidos"],"jetpack_featured_media_url":"https:\/\/lasprimeras.com.do\/wp-content\/uploads\/2024\/05\/Alianza-Rescate-RD.jpg","jetpack-related-posts":[{"id":83123,"url":"https:\/\/lasprimeras.com.do\/index.php\/2024\/05\/11\/danilo-diaz-garantias-de-transparencia-en-elecciones\/","url_meta":{"origin":83046,"position":0},"title":"Danilo D\u00edaz: Garant\u00edas de transparencia en elecciones","author":"Nelson Feliz","date":"11 de mayo de 2024","format":false,"excerpt":"El PLD y alianza Rescate RD lo que procuran es evitar los hechos bochornosos que empa\u00f1aron las elecciones de febrero, explica Danilo Diaz. El delegado del Partido de la Liberaci\u00f3n Dominicana (PLD) ante la Junta Central Electoral, Danilo D\u00edaz, refrend\u00f3 la demanda de la coalici\u00f3n opositora Rescate RD a la\u2026","rel":"","context":"En \u00abPORTADA\u00bb","block_context":{"text":"PORTADA","link":"https:\/\/lasprimeras.com.do\/index.php\/category\/portada\/"},"img":{"alt_text":"Danilo D\u00edaz","src":"https:\/\/i0.wp.com\/lasprimeras.com.do\/wp-content\/uploads\/2024\/05\/Danilo-Diaz.jpg?resize=350%2C200&ssl=1","width":350,"height":200,"srcset":"https:\/\/i0.wp.com\/lasprimeras.com.do\/wp-content\/uploads\/2024\/05\/Danilo-Diaz.jpg?resize=350%2C200&ssl=1 1x, https:\/\/i0.wp.com\/lasprimeras.com.do\/wp-content\/uploads\/2024\/05\/Danilo-Diaz.jpg?resize=525%2C300&ssl=1 1.5x, https:\/\/i0.wp.com\/lasprimeras.com.do\/wp-content\/uploads\/2024\/05\/Danilo-Diaz.jpg?resize=700%2C400&ssl=1 2x"},"classes":[]},{"id":66550,"url":"https:\/\/lasprimeras.com.do\/index.php\/2023\/11\/07\/danilo-diaz-anunciara-acuerdos-arribados-de-la-alianza-electoral-rescate-rd\/","url_meta":{"origin":83046,"position":1},"title":"Danilo Diaz anunciara acuerdos arribados de la Alianza Electoral Rescate RD","author":"Nelson Feliz","date":"7 de noviembre de 2023","format":false,"excerpt":"El miembro del Comit\u00e9 Pol\u00edtico del Partido de la Liberaci\u00f3n Dominicana (PLD) Danilo D\u00edaz, confirm\u00f3 que en las pr\u00f3ximas horas se informar\u00e1 sobre los acuerdos arribados en la ampliaci\u00f3n del Pacto de Alianza Electoral Rescate RD, adelantando que el vocero seleccionado para hacer el anuncio oficial es el presidente del\u2026","rel":"","context":"En \u00abPORTADA\u00bb","block_context":{"text":"PORTADA","link":"https:\/\/lasprimeras.com.do\/index.php\/category\/portada\/"},"img":{"alt_text":"Danilo Diaz","src":"https:\/\/i0.wp.com\/lasprimeras.com.do\/wp-content\/uploads\/2023\/11\/Danilo-Diaz.jpg?resize=350%2C200&ssl=1","width":350,"height":200,"srcset":"https:\/\/i0.wp.com\/lasprimeras.com.do\/wp-content\/uploads\/2023\/11\/Danilo-Diaz.jpg?resize=350%2C200&ssl=1 1x, https:\/\/i0.wp.com\/lasprimeras.com.do\/wp-content\/uploads\/2023\/11\/Danilo-Diaz.jpg?resize=525%2C300&ssl=1 1.5x"},"classes":[]},{"id":69475,"url":"https:\/\/lasprimeras.com.do\/index.php\/2023\/12\/03\/leonel-felicita-a-trajano-potentini-por-elecciones-del-card-faltando-votos-por-computar\/","url_meta":{"origin":83046,"position":2},"title":"Leonel felicita a Trajano Potentini por elecciones del CARD faltando votos por computar","author":"Nelson Feliz","date":"3 de diciembre de 2023","format":false,"excerpt":"Con apenas el 56 % de los votos computados de las elecciones del Colegio de Abogados de la Rep\u00fablica Dominicana (CARD), el expresidente de la Rep\u00fablica Leonel Fern\u00e1ndez, felicit\u00f3 hoy a Trajano Vidal Potentini, declar\u00e1ndolo ganador del comicio gremial. Contrario a lo expresado por el Partido Revolucionario Moderno (PRM) de\u2026","rel":"","context":"En \u00abPORTADA\u00bb","block_context":{"text":"PORTADA","link":"https:\/\/lasprimeras.com.do\/index.php\/category\/portada\/"},"img":{"alt_text":"Leonel Fernandez","src":"https:\/\/i0.wp.com\/lasprimeras.com.do\/wp-content\/uploads\/2023\/10\/Leonel-Fernandez-5.jpg?resize=350%2C200&ssl=1","width":350,"height":200,"srcset":"https:\/\/i0.wp.com\/lasprimeras.com.do\/wp-content\/uploads\/2023\/10\/Leonel-Fernandez-5.jpg?resize=350%2C200&ssl=1 1x, https:\/\/i0.wp.com\/lasprimeras.com.do\/wp-content\/uploads\/2023\/10\/Leonel-Fernandez-5.jpg?resize=525%2C300&ssl=1 1.5x, https:\/\/i0.wp.com\/lasprimeras.com.do\/wp-content\/uploads\/2023\/10\/Leonel-Fernandez-5.jpg?resize=700%2C400&ssl=1 2x"},"classes":[]},{"id":67140,"url":"https:\/\/lasprimeras.com.do\/index.php\/2023\/11\/13\/rescate-rd-la-alianza-mas-amplia-de-la-historia-electoral-en-la-etapa-democratica\/","url_meta":{"origin":83046,"position":3},"title":"Rescate RD, la alianza m\u00e1s amplia de la historia electoral en la etapa democr\u00e1tica","author":"BIMARY DE JES\u00daS Matos","date":"13 de noviembre de 2023","format":false,"excerpt":"Santo Domingo.-La recientemente anunciada alianza denominada Rescate RD suscrita entre tres partidos mayoritarios de cuatro que tiene el sistema, el PRD, PLD y FP, es el acuerdo electoral m\u00e1s amplio en la historia democr\u00e1tica del pa\u00eds porque abarca tres niveles de elecci\u00f3n, presidencial, congresual y municipal. La historia pol\u00edtica de\u2026","rel":"","context":"En \u00abSin categor\u00eda\u00bb","block_context":{"text":"Sin categor\u00eda","link":"https:\/\/lasprimeras.com.do\/index.php\/category\/sin-categoria\/"},"img":{"alt_text":"","src":"https:\/\/i0.wp.com\/lasprimeras.com.do\/wp-content\/uploads\/2023\/11\/valentin-16.jpg?resize=350%2C200&ssl=1","width":350,"height":200,"srcset":"https:\/\/i0.wp.com\/lasprimeras.com.do\/wp-content\/uploads\/2023\/11\/valentin-16.jpg?resize=350%2C200&ssl=1 1x, https:\/\/i0.wp.com\/lasprimeras.com.do\/wp-content\/uploads\/2023\/11\/valentin-16.jpg?resize=525%2C300&ssl=1 1.5x"},"classes":[]},{"id":69519,"url":"https:\/\/lasprimeras.com.do\/index.php\/2023\/12\/03\/miguel-vargas-llama-poblacion-a-votar-por-alianza-rescate-rd\/","url_meta":{"origin":83046,"position":4},"title":"Miguel Vargas llama poblaci\u00f3n a votar por Alianza Rescate RD","author":"Nelson Feliz","date":"3 de diciembre de 2023","format":false,"excerpt":"El presidente y candidato presidencial del Partido Revolucionario Dominicano (PRD), Miguel Vargas, llam\u00f3 a la poblaci\u00f3n dominicana a votar masivamente por los candidatos de la \u201cAlianza Opositora Rescate RD\u201d, para cambiar el rumbo del pa\u00eds a partir del 2024. Vargas Maldonado hizo ese llamado durante un recorrido por la provincia\u2026","rel":"","context":"En \u00abPORTADA\u00bb","block_context":{"text":"PORTADA","link":"https:\/\/lasprimeras.com.do\/index.php\/category\/portada\/"},"img":{"alt_text":"Miguel Vargas","src":"https:\/\/i0.wp.com\/lasprimeras.com.do\/wp-content\/uploads\/2023\/12\/Miguel-Vargas.jpg?resize=350%2C200&ssl=1","width":350,"height":200,"srcset":"https:\/\/i0.wp.com\/lasprimeras.com.do\/wp-content\/uploads\/2023\/12\/Miguel-Vargas.jpg?resize=350%2C200&ssl=1 1x, https:\/\/i0.wp.com\/lasprimeras.com.do\/wp-content\/uploads\/2023\/12\/Miguel-Vargas.jpg?resize=525%2C300&ssl=1 1.5x, https:\/\/i0.wp.com\/lasprimeras.com.do\/wp-content\/uploads\/2023\/12\/Miguel-Vargas.jpg?resize=700%2C400&ssl=1 2x"},"classes":[]},{"id":66825,"url":"https:\/\/lasprimeras.com.do\/index.php\/2023\/11\/10\/anuncio-de-ampliacion-de-alianza-rescate-rd-se-hara-manana-a-las-1100-de-la-manana\/","url_meta":{"origin":83046,"position":5},"title":"Anuncio de ampliaci\u00f3n de Alianza Rescate RD se har\u00e1 ma\u00f1ana a las 11:00 de la ma\u00f1ana","author":"BIMARY DE JES\u00daS Matos","date":"10 de noviembre de 2023","format":false,"excerpt":"Santo Domingo.-El anuncio de ampliaci\u00f3n de la \u00abAlianza Rescate RD\u00bb, conformada por los partidos de la Liberaci\u00f3n Dominicana (PLD), Revolucionario Dominicano (PRD) y Fuerza del Pueblo (FP) se realizar\u00e1 ma\u00f1ana a las 11:00 de la ma\u00f1ana. Un comunicado de prensa se\u00f1ala que la sub Comisi\u00f3n de Negociaci\u00f3n de la Comisi\u00f3n\u2026","rel":"","context":"En \u00abSin categor\u00eda\u00bb","block_context":{"text":"Sin categor\u00eda","link":"https:\/\/lasprimeras.com.do\/index.php\/category\/sin-categoria\/"},"img":{"alt_text":"","src":"https:\/\/i0.wp.com\/lasprimeras.com.do\/wp-content\/uploads\/2023\/11\/WhatsApp-Image-2023-11-09-at-9.16.24-PM-2.jpeg?resize=350%2C200&ssl=1","width":350,"height":200,"srcset":"https:\/\/i0.wp.com\/lasprimeras.com.do\/wp-content\/uploads\/2023\/11\/WhatsApp-Image-2023-11-09-at-9.16.24-PM-2.jpeg?resize=350%2C200&ssl=1 1x, https:\/\/i0.wp.com\/lasprimeras.com.do\/wp-content\/uploads\/2023\/11\/WhatsApp-Image-2023-11-09-at-9.16.24-PM-2.jpeg?resize=525%2C300&ssl=1 1.5x"},"classes":[]}],"jetpack_sharing_enabled":true,"_links":{"self":[{"href":"https:\/\/lasprimeras.com.do\/index.php\/wp-json\/wp\/v2\/posts\/83046","targetHints":{"allow":["GET"]}}],"collection":[{"href":"https:\/\/lasprimeras.com.do\/index.php\/wp-json\/wp\/v2\/posts"}],"about":[{"href":"https:\/\/lasprimeras.com.do\/index.php\/wp-json\/wp\/v2\/types\/post"}],"author":[{"embeddable":true,"href":"https:\/\/lasprimeras.com.do\/index.php\/wp-json\/wp\/v2\/users\/2"}],"replies":[{"embeddable":true,"href":"https:\/\/lasprimeras.com.do\/index.php\/wp-json\/wp\/v2\/comments?post=83046"}],"version-history":[{"count":1,"href":"https:\/\/lasprimeras.com.do\/index.php\/wp-json\/wp\/v2\/posts\/83046\/revisions"}],"predecessor-version":[{"id":83048,"href":"https:\/\/lasprimeras.com.do\/index.php\/wp-json\/wp\/v2\/posts\/83046\/revisions\/83048"}],"wp:featuredmedia":[{"embeddable":true,"href":"https:\/\/lasprimeras.com.do\/index.php\/wp-json\/wp\/v2\/media\/83047"}],"wp:attachment":[{"href":"https:\/\/lasprimeras.com.do\/index.php\/wp-json\/wp\/v2\/media?parent=83046"}],"wp:term":[{"taxonomy":"category","embeddable":true,"href":"https:\/\/lasprimeras.com.do\/index.php\/wp-json\/wp\/v2\/categories?post=83046"},{"taxonomy":"post_tag","embeddable":true,"href":"https:\/\/lasprimeras.com.do\/index.php\/wp-json\/wp\/v2\/tags?post=83046"}],"curies":[{"name":"wp","href":"https:\/\/api.w.org\/{rel}","templated":true}]}}