{"id":83052,"date":"2024-05-10T21:37:23","date_gmt":"2024-05-11T01:37:23","guid":{"rendered":"https:\/\/lasprimeras.com.do\/?p=83052"},"modified":"2024-05-10T21:37:24","modified_gmt":"2024-05-11T01:37:24","slug":"rafael-alburquerque-declina-dos-cargos-en-fuerza-del-pueblo-y-los-ocupara-rafael-paz","status":"publish","type":"post","link":"https:\/\/lasprimeras.com.do\/index.php\/2024\/05\/10\/rafael-alburquerque-declina-dos-cargos-en-fuerza-del-pueblo-y-los-ocupara-rafael-paz\/","title":{"rendered":"Rafael Alburquerque declina dos cargos en Fuerza del Pueblo y los ocupar\u00e1 Rafael Paz"},"content":{"rendered":"\n<p>Rafael Paz asume desde este viernes la posici\u00f3n de presidente del Distrito Nacional del partido Fuerza del Pueblo, as\u00ed como coordinador de campa\u00f1a en la misma demarcaci\u00f3n.<\/p>\n\n\n\n<p>El pol\u00edtico qued\u00f3 fuera de la boleta electoral luego de que el Tribunal Superior Electoral (TSE) excluyera su candidatura a diputado por la circunscripci\u00f3n 1 del Distrito Nacional por violentar lo que establece la ley electoral sobre la cuota de g\u00e9nero, y la Junta Central Electoral (JCE) no inscribiera su nombre en la boleta electoral definitiva, en cumplimiento con la sentencia del TSE.<\/p>\n\n\n\n<p>Los cargos que ejercer\u00e1 desde este viernes eran responsabilidad del exvicepresidente de la Rep\u00fablica y alto dirigente de la Fuerza del Pueblo, Rafael Alburquerque, quien anunci\u00f3 que declinaba de las posiciones y recomendaba a Paz para ocuparlas.<\/p>\n\n\n\n<p>El jurista y exministro de Trabajo explic\u00f3 que tom\u00f3 la decisi\u00f3n debido a que tiene que dedicar m\u00e1s tiempo a \u201cvarias tareas estrat\u00e9gicas de la campa\u00f1a presidencial\u201d de Leonel Fern\u00e1ndez.<\/p>\n\n\n\n<p>\u201cEn virtud de que en este tramo final de la campa\u00f1a estar\u00e9 concentrado en varias tareas estrat\u00e9gicas de la campa\u00f1a presidencial y congresual que requieren de mi dedicaci\u00f3n, he decidido declinar mi posici\u00f3n como presidente del Distrito Nacional y Coordinador de Campa\u00f1a en el Distrito Nacional y he recomendado al presidente Fern\u00e1ndez y a la direcci\u00f3n pol\u00edtica que sea designado el compa\u00f1ero Rafael Paz\u201d, inform\u00f3.<\/p>\n\n\n\n<p>Alburquerque dio a conocer la informaci\u00f3n en su cuenta de X colgando una fotograf\u00eda junto a Paz.<\/p>\n\n\n\n<p>Alburquerque se\u00f1al\u00f3 que Paz asumir\u00eda las funciones, &#8220;de manera inmediata&#8221;.<\/p>\n\n\n\n<p>Tambi\u00e9n dijo confiar en sus cualidades para desempe\u00f1ar las nuevas funciones.<\/p>\n\n\n\n<p>&#8220;Confiamos en que el compa\u00f1ero Paz posee las capacidades necesarias para desempe\u00f1ar este rol y tiene el nivel de compromiso partidario para defender adecuadamente los intereses de nuestra organizaci\u00f3n pol\u00edtica&#8221;, acot\u00f3 Alburquerque.<\/p>\n\n\n\n<p>Una candidatura accidentada<\/p>\n\n\n\n<p>Antes de ser rechazada oficialmente por la JCE, la candidatura de Rafael Paz por la diputaci\u00f3n de la circunscripci\u00f3n uno del Distrito Nacional enfrent\u00f3 varios obst\u00e1culos, originados en que la obtuvo presuntamente por una reserva del partido.<\/p>\n\n\n\n<p>Andy Morales someti\u00f3 un recurso ante el TSE alegando que gan\u00f3 esa plaza en las encuestas que hizo la organizaci\u00f3n y obtuvo un fallo favorable.<\/p>\n\n\n\n<p>Luego de esto, la Fuerza del Pueblo insisti\u00f3 en inscribir a Paz como candidato a la referida plaza, lo que llev\u00f3 a la JCE a darle un plazo para que recompusiera su boleta electoral en esa demarcaci\u00f3n.<\/p>\n\n\n\n<p>Este viernes decidi\u00f3 imprimir la boleta con los candidatos Andy Morales, Francisco Guill\u00e9n, Robert Mart\u00ednez, Selin\u00e9e M\u00e9ndez, Margarita Feliciano y Katiuska Morel, lo que dej\u00f3 a Paz fuera definitivamente.<\/p>\n","protected":false},"excerpt":{"rendered":"<p>Rafael Paz asume desde este viernes la posici\u00f3n de presidente del Distrito Nacional del partido Fuerza del Pueblo, as\u00ed como coordinador de campa\u00f1a en la misma demarcaci\u00f3n. El pol\u00edtico qued\u00f3&hellip;<\/p>\n","protected":false},"author":2,"featured_media":83053,"comment_status":"open","ping_status":"open","sticky":false,"template":"","format":"standard","meta":{"content-type":"","jetpack_post_was_ever_published":false,"_jetpack_newsletter_access":"","_jetpack_dont_email_post_to_subs":false,"_jetpack_newsletter_tier_id":0,"_jetpack_memberships_contains_paywalled_content":false,"_jetpack_memberships_contains_paid_content":false,"footnotes":""},"categories":[25],"tags":[3545,3440,158,12874,3012,7210],"class_list":["post-83052","post","type-post","status-publish","format-standard","has-post-thumbnail","hentry","category-portada","tag-cargos","tag-declina","tag-fuerza-del-pueblo","tag-ocupara","tag-rafael-alburquerque","tag-rafael-paz"],"jetpack_featured_media_url":"https:\/\/lasprimeras.com.do\/wp-content\/uploads\/2024\/05\/Rafael-Alburquerque.jpg","jetpack-related-posts":[{"id":82240,"url":"https:\/\/lasprimeras.com.do\/index.php\/2024\/04\/30\/jce-deja-fuera-de-boleta-a-rafael-paz-y-otros-candidatos-de-fp-en-circunscripcion-1-dn\/","url_meta":{"origin":83052,"position":0},"title":"JCE deja fuera de boleta a Rafael Paz y otros candidatos de FP, en Circunscripci\u00f3n 1 DN","author":"BIMARY DE JES\u00daS Matos","date":"30 de abril de 2024","format":false,"excerpt":"SANTO DOMINGO.- La Junta Central Electoral (JCE) no acogi\u00f3 la inscripci\u00f3n de candidatos a diputados de la Fuerza del Pueblo en la circunscripci\u00f3n 1 del Distrito Nacional, en vista de que incumple lo ordenado por el Tribunal Superior Electoral. Por lo que otorg\u00f3 un plazo hasta el mi\u00e9rcoles a la\u2026","rel":"","context":"En \u00abSin categor\u00eda\u00bb","block_context":{"text":"Sin categor\u00eda","link":"https:\/\/lasprimeras.com.do\/index.php\/category\/sin-categoria\/"},"img":{"alt_text":"","src":"https:\/\/i0.wp.com\/lasprimeras.com.do\/wp-content\/uploads\/2024\/04\/DSC00247-1.jpg?resize=350%2C200&ssl=1","width":350,"height":200,"srcset":"https:\/\/i0.wp.com\/lasprimeras.com.do\/wp-content\/uploads\/2024\/04\/DSC00247-1.jpg?resize=350%2C200&ssl=1 1x, https:\/\/i0.wp.com\/lasprimeras.com.do\/wp-content\/uploads\/2024\/04\/DSC00247-1.jpg?resize=525%2C300&ssl=1 1.5x, https:\/\/i0.wp.com\/lasprimeras.com.do\/wp-content\/uploads\/2024\/04\/DSC00247-1.jpg?resize=700%2C400&ssl=1 2x, https:\/\/i0.wp.com\/lasprimeras.com.do\/wp-content\/uploads\/2024\/04\/DSC00247-1.jpg?resize=1050%2C600&ssl=1 3x"},"classes":[]},{"id":82838,"url":"https:\/\/lasprimeras.com.do\/index.php\/2024\/05\/08\/rafael-paz-queda-fuera-de-la-boleta-de-la-fuerza-del-pueblo-incluyen-selinee-mendez\/","url_meta":{"origin":83052,"position":1},"title":"Rafael Paz queda fuera de la boleta de la Fuerza del Pueblo; incluyen Selin\u00e9e M\u00e9ndez","author":"BIMARY DE JES\u00daS Matos","date":"8 de mayo de 2024","format":false,"excerpt":"RD.-Rafael Paz qued\u00f3 fuera de la boleta de los candidatos a diputados por la circunscripci\u00f3n 1 del Distrito Nacional por el partido Fuerza del Pueblo. En cambio, la Junta Central Electoral si incluy\u00f3 a Selin\u00e9e M\u00e9ndez en la boleta reorganizada de candidatos a diputados por la organizaci\u00f3n pol\u00edtica. La boleta\u2026","rel":"","context":"En \u00abSin categor\u00eda\u00bb","block_context":{"text":"Sin categor\u00eda","link":"https:\/\/lasprimeras.com.do\/index.php\/category\/sin-categoria\/"},"img":{"alt_text":"","src":"https:\/\/i0.wp.com\/lasprimeras.com.do\/wp-content\/uploads\/2024\/05\/6a0c8a05-4f4b-48f5-a1d9-1ad180753c4a-9.webp?resize=350%2C200&ssl=1","width":350,"height":200,"srcset":"https:\/\/i0.wp.com\/lasprimeras.com.do\/wp-content\/uploads\/2024\/05\/6a0c8a05-4f4b-48f5-a1d9-1ad180753c4a-9.webp?resize=350%2C200&ssl=1 1x, https:\/\/i0.wp.com\/lasprimeras.com.do\/wp-content\/uploads\/2024\/05\/6a0c8a05-4f4b-48f5-a1d9-1ad180753c4a-9.webp?resize=525%2C300&ssl=1 1.5x, https:\/\/i0.wp.com\/lasprimeras.com.do\/wp-content\/uploads\/2024\/05\/6a0c8a05-4f4b-48f5-a1d9-1ad180753c4a-9.webp?resize=700%2C400&ssl=1 2x"},"classes":[]},{"id":82559,"url":"https:\/\/lasprimeras.com.do\/index.php\/2024\/05\/05\/rafael-paz-defiende-su-candidaturadice-sera-el-mas-votado\/","url_meta":{"origin":83052,"position":2},"title":"Rafael Paz defiende su candidatura;dice ser\u00e1 el m\u00e1s votado","author":"Esteffany Vargas","date":"5 de mayo de 2024","format":false,"excerpt":"Paz tambi\u00e9n abord\u00f3 los reclamos y objeciones que puedan surgir en torno a su candidatura, asegurando que est\u00e1 dispuesto a solucionarlos dentro del cuadro institucional y legal. En medio de las recientes discusiones en torno a su candidatura a diputado por la circunscripci\u00f3n uno del Distrito Nacional, por el partido\u2026","rel":"","context":"En \u00abSin categor\u00eda\u00bb","block_context":{"text":"Sin categor\u00eda","link":"https:\/\/lasprimeras.com.do\/index.php\/category\/sin-categoria\/"},"img":{"alt_text":"Rafael Paz","src":"https:\/\/i0.wp.com\/lasprimeras.com.do\/wp-content\/uploads\/2024\/05\/Rafael-Paz.jpg?resize=350%2C200&ssl=1","width":350,"height":200,"srcset":"https:\/\/i0.wp.com\/lasprimeras.com.do\/wp-content\/uploads\/2024\/05\/Rafael-Paz.jpg?resize=350%2C200&ssl=1 1x, https:\/\/i0.wp.com\/lasprimeras.com.do\/wp-content\/uploads\/2024\/05\/Rafael-Paz.jpg?resize=525%2C300&ssl=1 1.5x, https:\/\/i0.wp.com\/lasprimeras.com.do\/wp-content\/uploads\/2024\/05\/Rafael-Paz.jpg?resize=700%2C400&ssl=1 2x"},"classes":[]},{"id":80995,"url":"https:\/\/lasprimeras.com.do\/index.php\/2024\/04\/15\/leonel-califica-de-nula-sentencia-del-tse-que-excluye-candidatos-a-diputados-de-la-fuerza-del-pueblo\/","url_meta":{"origin":83052,"position":3},"title":"Leonel califica de \u00abnula\u00bb sentencia del TSE que excluye candidatos a diputados de la Fuerza del Pueblo","author":"BIMARY DE JES\u00daS Matos","date":"15 de abril de 2024","format":false,"excerpt":"Santo Domingo.- El expresidente de la Rep\u00fablica, Leonel Fern\u00e1ndez calific\u00f3 este lunes de nula la reciente sentencia del Tribunal Superior Electoral, en la que fueron excluidos de la boleta cuatro candidatos a diputados de la Fuerza del Pueblo de la Circunscripci\u00f3n Uno del Distrito Nacional. Con esto, dijo se viola\u2026","rel":"","context":"En \u00abSin categor\u00eda\u00bb","block_context":{"text":"Sin categor\u00eda","link":"https:\/\/lasprimeras.com.do\/index.php\/category\/sin-categoria\/"},"img":{"alt_text":"","src":"https:\/\/i0.wp.com\/lasprimeras.com.do\/wp-content\/uploads\/2024\/04\/WhatsApp-Image-2024-04-15-at-8.14.52-AM-1-1.jpeg?resize=350%2C200&ssl=1","width":350,"height":200,"srcset":"https:\/\/i0.wp.com\/lasprimeras.com.do\/wp-content\/uploads\/2024\/04\/WhatsApp-Image-2024-04-15-at-8.14.52-AM-1-1.jpeg?resize=350%2C200&ssl=1 1x, https:\/\/i0.wp.com\/lasprimeras.com.do\/wp-content\/uploads\/2024\/04\/WhatsApp-Image-2024-04-15-at-8.14.52-AM-1-1.jpeg?resize=525%2C300&ssl=1 1.5x"},"classes":[]},{"id":110957,"url":"https:\/\/lasprimeras.com.do\/index.php\/2025\/10\/02\/rafael-alburquerque-dice-reforma-codigo-laboral-encarecera-propina-en-pedidos-de-comida\/","url_meta":{"origin":83052,"position":4},"title":"Rafael Alburquerque dice reforma C\u00f3digo Laboral encarecer\u00e1 propina en pedidos de comida","author":"Nelson Feliz","date":"2 de octubre de 2025","format":false,"excerpt":"El exvicepresidente de la Rep\u00fablica y experto en derecho laboral, Rafael Alburquerque, advirti\u00f3 que la reciente modificaci\u00f3n al C\u00f3digo de Trabajo aprobada por el Senado implicar\u00e1 un aumento del 10 % en el costo de los pedidos de comida a domicilio, debido a la inclusi\u00f3n de una propina obligatoria para\u2026","rel":"","context":"En \u00abPOLITICA\u00bb","block_context":{"text":"POLITICA","link":"https:\/\/lasprimeras.com.do\/index.php\/category\/politica\/"},"img":{"alt_text":"Rafael Alburquerque","src":"https:\/\/i0.wp.com\/lasprimeras.com.do\/wp-content\/uploads\/2024\/02\/Rafael-Alburquerque.jpg?resize=350%2C200&ssl=1","width":350,"height":200,"srcset":"https:\/\/i0.wp.com\/lasprimeras.com.do\/wp-content\/uploads\/2024\/02\/Rafael-Alburquerque.jpg?resize=350%2C200&ssl=1 1x, https:\/\/i0.wp.com\/lasprimeras.com.do\/wp-content\/uploads\/2024\/02\/Rafael-Alburquerque.jpg?resize=525%2C300&ssl=1 1.5x, https:\/\/i0.wp.com\/lasprimeras.com.do\/wp-content\/uploads\/2024\/02\/Rafael-Alburquerque.jpg?resize=700%2C400&ssl=1 2x"},"classes":[]},{"id":59765,"url":"https:\/\/lasprimeras.com.do\/index.php\/2023\/09\/07\/rafael-paz-carlos-guzman-y-noris-medina-seran-lanzados-como-precandidatos-por-la-fp-en-alcaldias-del-dn-sdn-y-barahona\/","url_meta":{"origin":83052,"position":5},"title":"Rafael Paz, Carlos Guzm\u00e1n y Noris Medina ser\u00e1n lanzados como precandidatos por la FP en alcald\u00edas del DN, SDN y Barahona","author":"Nelson Feliz","date":"7 de septiembre de 2023","format":false,"excerpt":"La Direcci\u00f3n Pol\u00edtica del partido Fuerza del Pueblo fij\u00f3 para este s\u00e1bado 9 de septiembre el lanzamiento de las precandidaturas a alcald\u00edas de Carlos Guzm\u00e1n, en Santo Domingo Norte y, de Noris Medina, en Santa Cruz de Barahona; mientras que, el acto de Rafael Paz ser\u00e1 a fin de este\u2026","rel":"","context":"En \u00abPORTADA\u00bb","block_context":{"text":"PORTADA","link":"https:\/\/lasprimeras.com.do\/index.php\/category\/portada\/"},"img":{"alt_text":"Rafael Paz, Carlos Guzm\u00e1n y Noris Medina","src":"https:\/\/i0.wp.com\/lasprimeras.com.do\/wp-content\/uploads\/2023\/09\/Rafael-Paz-Carlos-Guzman-y-Noris-Medina.jpg?resize=350%2C200&ssl=1","width":350,"height":200,"srcset":"https:\/\/i0.wp.com\/lasprimeras.com.do\/wp-content\/uploads\/2023\/09\/Rafael-Paz-Carlos-Guzman-y-Noris-Medina.jpg?resize=350%2C200&ssl=1 1x, https:\/\/i0.wp.com\/lasprimeras.com.do\/wp-content\/uploads\/2023\/09\/Rafael-Paz-Carlos-Guzman-y-Noris-Medina.jpg?resize=525%2C300&ssl=1 1.5x, https:\/\/i0.wp.com\/lasprimeras.com.do\/wp-content\/uploads\/2023\/09\/Rafael-Paz-Carlos-Guzman-y-Noris-Medina.jpg?resize=700%2C400&ssl=1 2x"},"classes":[]}],"jetpack_sharing_enabled":true,"_links":{"self":[{"href":"https:\/\/lasprimeras.com.do\/index.php\/wp-json\/wp\/v2\/posts\/83052","targetHints":{"allow":["GET"]}}],"collection":[{"href":"https:\/\/lasprimeras.com.do\/index.php\/wp-json\/wp\/v2\/posts"}],"about":[{"href":"https:\/\/lasprimeras.com.do\/index.php\/wp-json\/wp\/v2\/types\/post"}],"author":[{"embeddable":true,"href":"https:\/\/lasprimeras.com.do\/index.php\/wp-json\/wp\/v2\/users\/2"}],"replies":[{"embeddable":true,"href":"https:\/\/lasprimeras.com.do\/index.php\/wp-json\/wp\/v2\/comments?post=83052"}],"version-history":[{"count":1,"href":"https:\/\/lasprimeras.com.do\/index.php\/wp-json\/wp\/v2\/posts\/83052\/revisions"}],"predecessor-version":[{"id":83054,"href":"https:\/\/lasprimeras.com.do\/index.php\/wp-json\/wp\/v2\/posts\/83052\/revisions\/83054"}],"wp:featuredmedia":[{"embeddable":true,"href":"https:\/\/lasprimeras.com.do\/index.php\/wp-json\/wp\/v2\/media\/83053"}],"wp:attachment":[{"href":"https:\/\/lasprimeras.com.do\/index.php\/wp-json\/wp\/v2\/media?parent=83052"}],"wp:term":[{"taxonomy":"category","embeddable":true,"href":"https:\/\/lasprimeras.com.do\/index.php\/wp-json\/wp\/v2\/categories?post=83052"},{"taxonomy":"post_tag","embeddable":true,"href":"https:\/\/lasprimeras.com.do\/index.php\/wp-json\/wp\/v2\/tags?post=83052"}],"curies":[{"name":"wp","href":"https:\/\/api.w.org\/{rel}","templated":true}]}}