{"id":83055,"date":"2024-05-10T21:44:33","date_gmt":"2024-05-11T01:44:33","guid":{"rendered":"https:\/\/lasprimeras.com.do\/?p=83055"},"modified":"2024-05-10T21:44:34","modified_gmt":"2024-05-11T01:44:34","slug":"ee-uu-emite-una-alerta-de-tormenta-geomagnetica-severa-por-primera-vez-en-dos-decadas","status":"publish","type":"post","link":"https:\/\/lasprimeras.com.do\/index.php\/2024\/05\/10\/ee-uu-emite-una-alerta-de-tormenta-geomagnetica-severa-por-primera-vez-en-dos-decadas\/","title":{"rendered":"EE.UU. emite una alerta de tormenta geomagn\u00e9tica severa por primera vez en dos d\u00e9cadas"},"content":{"rendered":"\n<p><strong>Estas tormentas tienen el potencial de interferir con las comunicaciones, la red de energ\u00eda el\u00e9ctrica, la navegaci\u00f3n y las operaciones de radio y de sat\u00e9lites<\/strong><\/p>\n\n\n\n<p>Washington, EFE &#8211; Una tormenta geomagn\u00e9tica, causada por una serie de erupciones solares y que podr\u00eda ser la m\u00e1s severa desde 2005, alcanzar\u00e1 la Tierra este viernes al anochecer, seg\u00fan inform\u00f3 la Oficina Nacional de Administraci\u00f3n Oce\u00e1nica y Atmosf\u00e9rica (NOAA, en ingl\u00e9s).<\/p>\n\n\n\n<p>&#8220;Tenemos por delante un acontecimiento muy, muy raro&#8221;, dijo en una conferencia de prensa Shawn Dahl, coordinador en el Centro de Predicci\u00f3n del Clima Espacial (SWPC, en ingl\u00e9s) en Boulder, Colorado.<\/p>\n\n\n\n<p>Los vientos solares que se mueven directamente hacia la Tierra a casi 800 kil\u00f3metros por segundo alcanzar\u00e1n el planeta hacia las 20:00 hora del este (24:00 GMT).<\/p>\n\n\n\n<p>&#8220;Hemos notificado a los operadores de infraestructura cr\u00edtica, incluidas las comunicaciones, los sat\u00e9lites y las plantas de energ\u00eda el\u00e9ctrica&#8221;, a\u00f1adi\u00f3 el funcionario.<\/p>\n\n\n\n<p>SWPC ha alertado tambi\u00e9n a la Agencia de Gesti\u00f3n de Emergencias (FEMA), pero no espera &#8220;un colapso pasivo catastr\u00f3fico&#8221;.<\/p>\n\n\n\n<p>Las tormentas geomagn\u00e9ticas, explic\u00f3 el portavoz, pueden tener impacto en la infraestructura orbital terrestre y en la superficie de la Tierra con el potencial de interferir con las comunicaciones, la red de energ\u00eda el\u00e9ctrica, la navegaci\u00f3n y las operaciones de radio y de sat\u00e9lites.<\/p>\n\n\n\n<p>La serie de erupciones comenz\u00f3 el 8 de mayo y las condiciones para la tormenta persista podr\u00edan durar todo el fin de semana.<\/p>\n\n\n\n<p>&#8220;Una gran mancha solar ha producido erupciones desde moderadas a muy fuertes desde el mi\u00e9rcoles&#8221;, se\u00f1al\u00f3 la agencia. &#8220;Al menos cinco de esas erupciones estuvieron asociadas con eyecciones de masa de la corona solar que parecen dirigidas hacia la Tierra&#8221;.<\/p>\n\n\n\n<p>Estas eyecciones son explosiones de plasma y campos magn\u00e9ticos en la corona solar que causan tormentas geomagn\u00e9ticas cuando ocurren en direcci\u00f3n a la Tierra, explic\u00f3 NOAA.<\/p>\n\n\n\n<p>La gran mancha solar ha lanzado una secuencia asombrosa de cinco eyecciones de masa solar hacia la Tierra, seg\u00fan la plataforma Spacewather.com, que estima que, si se tratara de un hurac\u00e1n, ser\u00eda de categor\u00eda 4.<\/p>\n","protected":false},"excerpt":{"rendered":"<p>Estas tormentas tienen el potencial de interferir con las comunicaciones, la red de energ\u00eda el\u00e9ctrica, la navegaci\u00f3n y las operaciones de radio y de sat\u00e9lites Washington, EFE &#8211; Una tormenta&hellip;<\/p>\n","protected":false},"author":2,"featured_media":83056,"comment_status":"open","ping_status":"open","sticky":false,"template":"","format":"standard","meta":{"content-type":"","jetpack_post_was_ever_published":false,"_jetpack_newsletter_access":"","_jetpack_dont_email_post_to_subs":false,"_jetpack_newsletter_tier_id":0,"_jetpack_memberships_contains_paywalled_content":false,"_jetpack_memberships_contains_paid_content":false,"footnotes":""},"categories":[1],"tags":[484,12877,206,12875,12876,230],"class_list":["post-83055","post","type-post","status-publish","format-standard","has-post-thumbnail","hentry","category-sin-categoria","tag-alerta","tag-decadas","tag-ee-uu","tag-geomagnetica","tag-primera-vez","tag-tormenta"],"jetpack_featured_media_url":"https:\/\/lasprimeras.com.do\/wp-content\/uploads\/2024\/05\/nieves.jpg","jetpack-related-posts":[{"id":80683,"url":"https:\/\/lasprimeras.com.do\/index.php\/2024\/04\/11\/eeuu-65-millones-de-personas-en-el-este-bajo-amenaza-de-tormenta\/","url_meta":{"origin":83055,"position":0},"title":"EEUU: 65 millones de personas en el este bajo amenaza de tormenta","author":"BIMARY DE JES\u00daS Matos","date":"11 de abril de 2024","format":false,"excerpt":"NUEVA YORK. \u2014 La amenaza de tormenta severa que estuvo afectando al sureste contin\u00faa desplaz\u00e1ndose hacia el este este jueves, donde la alerta se debilita pero se expande para afectar a m\u00e1s de 65 millones de personas desde Florida hasta Nueva York. Se ha emitido una alerta severa de nivel\u2026","rel":"","context":"En \u00abSin categor\u00eda\u00bb","block_context":{"text":"Sin categor\u00eda","link":"https:\/\/lasprimeras.com.do\/index.php\/category\/sin-categoria\/"},"img":{"alt_text":"","src":"https:\/\/i0.wp.com\/lasprimeras.com.do\/wp-content\/uploads\/2024\/04\/mapa-tormenta-abril-11.jpg?resize=350%2C200&ssl=1","width":350,"height":200,"srcset":"https:\/\/i0.wp.com\/lasprimeras.com.do\/wp-content\/uploads\/2024\/04\/mapa-tormenta-abril-11.jpg?resize=350%2C200&ssl=1 1x, https:\/\/i0.wp.com\/lasprimeras.com.do\/wp-content\/uploads\/2024\/04\/mapa-tormenta-abril-11.jpg?resize=525%2C300&ssl=1 1.5x, https:\/\/i0.wp.com\/lasprimeras.com.do\/wp-content\/uploads\/2024\/04\/mapa-tormenta-abril-11.jpg?resize=700%2C400&ssl=1 2x"},"classes":[]},{"id":82727,"url":"https:\/\/lasprimeras.com.do\/index.php\/2024\/05\/07\/declaran-alerta-por-tornados-en-el-estado-de-oklahoma-ee-uu\/","url_meta":{"origin":83055,"position":1},"title":"Declaran alerta por tornados en el estado de Oklahoma EE.UU.","author":"BIMARY DE JES\u00daS Matos","date":"7 de mayo de 2024","format":false,"excerpt":"Nueva York.\u2013 El estado de Oklahoma (centro-sur de Estados Unidos) fue declarado este lunes por la noche en alerta por \u00abgraves y potencialmente mortales\u00bb tornados, inform\u00f3 el Servicio Nacional de Meteorolog\u00eda de EE.UU. (NWS, en ingl\u00e9s). \u00abEl foco severo se est\u00e1 moviendo ahora hacia \u00e1reas con un riesgo alto\/moderado (\u2026)\u2026","rel":"","context":"En \u00abSin categor\u00eda\u00bb","block_context":{"text":"Sin categor\u00eda","link":"https:\/\/lasprimeras.com.do\/index.php\/category\/sin-categoria\/"},"img":{"alt_text":"","src":"https:\/\/i0.wp.com\/lasprimeras.com.do\/wp-content\/uploads\/2024\/05\/6a0c8a05-4f4b-48f5-a1d9-1ad180753c4a-5.webp?resize=350%2C200&ssl=1","width":350,"height":200,"srcset":"https:\/\/i0.wp.com\/lasprimeras.com.do\/wp-content\/uploads\/2024\/05\/6a0c8a05-4f4b-48f5-a1d9-1ad180753c4a-5.webp?resize=350%2C200&ssl=1 1x, https:\/\/i0.wp.com\/lasprimeras.com.do\/wp-content\/uploads\/2024\/05\/6a0c8a05-4f4b-48f5-a1d9-1ad180753c4a-5.webp?resize=525%2C300&ssl=1 1.5x, https:\/\/i0.wp.com\/lasprimeras.com.do\/wp-content\/uploads\/2024\/05\/6a0c8a05-4f4b-48f5-a1d9-1ad180753c4a-5.webp?resize=700%2C400&ssl=1 2x, https:\/\/i0.wp.com\/lasprimeras.com.do\/wp-content\/uploads\/2024\/05\/6a0c8a05-4f4b-48f5-a1d9-1ad180753c4a-5.webp?resize=1050%2C600&ssl=1 3x, https:\/\/i0.wp.com\/lasprimeras.com.do\/wp-content\/uploads\/2024\/05\/6a0c8a05-4f4b-48f5-a1d9-1ad180753c4a-5.webp?resize=1400%2C800&ssl=1 4x"},"classes":[]},{"id":73905,"url":"https:\/\/lasprimeras.com.do\/index.php\/2024\/01\/17\/mas-de-100-millones-de-personas-en-ee-uu-estan-bajo-alerta-por-tormenta-invernal\/","url_meta":{"origin":83055,"position":2},"title":"M\u00e1s de 100 millones de personas en EE.UU. est\u00e1n bajo alerta por tormenta invernal","author":"BIMARY DE JES\u00daS Matos","date":"17 de enero de 2024","format":false,"excerpt":"Washington.- El Servicio Meteorol\u00f3gico Nacional (NWS) estadounidense advirti\u00f3 este mi\u00e9rcoles sobre temperaturas muy bajas en 26 estados, donde m\u00e1s de 100 millones de residentes afectados por nevadas, aguardan una segunda tormenta invernal. Una segunda tormenta invernal avanza hacia las monta\u00f1as Rocosas y en Colorado se han difundido alertas sobre el\u2026","rel":"","context":"En \u00abSin categor\u00eda\u00bb","block_context":{"text":"Sin categor\u00eda","link":"https:\/\/lasprimeras.com.do\/index.php\/category\/sin-categoria\/"},"img":{"alt_text":"","src":"https:\/\/i0.wp.com\/lasprimeras.com.do\/wp-content\/uploads\/2024\/01\/WhatsApp-Image-2024-01-17-at-10.23.06-AM-1.webp?resize=350%2C200&ssl=1","width":350,"height":200,"srcset":"https:\/\/i0.wp.com\/lasprimeras.com.do\/wp-content\/uploads\/2024\/01\/WhatsApp-Image-2024-01-17-at-10.23.06-AM-1.webp?resize=350%2C200&ssl=1 1x, https:\/\/i0.wp.com\/lasprimeras.com.do\/wp-content\/uploads\/2024\/01\/WhatsApp-Image-2024-01-17-at-10.23.06-AM-1.webp?resize=525%2C300&ssl=1 1.5x"},"classes":[]},{"id":63546,"url":"https:\/\/lasprimeras.com.do\/index.php\/2023\/10\/13\/eeuu-potente-tormenta-azotara-de-costa-a-costa-resto-de-semana\/","url_meta":{"origin":83055,"position":3},"title":"EEUU: Potente tormenta azotar\u00e1 de costa a costa resto de semana","author":"BIMARY DE JES\u00daS Matos","date":"13 de octubre de 2023","format":false,"excerpt":"NUEVA YORK.- Un importante sistema de baja presi\u00f3n sali\u00f3 de las Monta\u00f1as Rocosas este mi\u00e9rcoles y se fortalecer\u00e1 a medida que avance por Estados Unidos durante el resto de esta semana. Detr\u00e1s de este sistema de baja presi\u00f3n, se producen fuertes nevadas en las monta\u00f1as y lluvias en los valles\u2026","rel":"","context":"En \u00abSin categor\u00eda\u00bb","block_context":{"text":"Sin categor\u00eda","link":"https:\/\/lasprimeras.com.do\/index.php\/category\/sin-categoria\/"},"img":{"alt_text":"","src":"https:\/\/i0.wp.com\/lasprimeras.com.do\/wp-content\/uploads\/2023\/10\/WhatsApp-Image-2023-10-11-at-8.43.54-PM-5.jpeg?resize=350%2C200&ssl=1","width":350,"height":200,"srcset":"https:\/\/i0.wp.com\/lasprimeras.com.do\/wp-content\/uploads\/2023\/10\/WhatsApp-Image-2023-10-11-at-8.43.54-PM-5.jpeg?resize=350%2C200&ssl=1 1x, https:\/\/i0.wp.com\/lasprimeras.com.do\/wp-content\/uploads\/2023\/10\/WhatsApp-Image-2023-10-11-at-8.43.54-PM-5.jpeg?resize=525%2C300&ssl=1 1.5x, https:\/\/i0.wp.com\/lasprimeras.com.do\/wp-content\/uploads\/2023\/10\/WhatsApp-Image-2023-10-11-at-8.43.54-PM-5.jpeg?resize=700%2C400&ssl=1 2x"},"classes":[]},{"id":86975,"url":"https:\/\/lasprimeras.com.do\/index.php\/2024\/08\/04\/alerta-por-tormenta-tropical-debby-impactara-mexico\/","url_meta":{"origin":83055,"position":4},"title":"Alerta por Tormenta Tropical \u2018Debby\u2019; \u00bfImpactar\u00e1 M\u00e9xico?","author":"Nelson Feliz","date":"4 de agosto de 2024","format":false,"excerpt":"El Centro Nacional de Huracanes inform\u00f3 que la depresi\u00f3n tropical se convirti\u00f3 en tormenta tropical 'Debby' el s\u00e1bado a las 17:00 horas. Por Karla Palacio El s\u00e1bado, la tormenta tropical \u2018Debby\u2019 se form\u00f3 en el sureste del Golfo de M\u00e9xico, lo que ha generado una serie de alertas debido a\u2026","rel":"","context":"En \u00abSin categor\u00eda\u00bb","block_context":{"text":"Sin categor\u00eda","link":"https:\/\/lasprimeras.com.do\/index.php\/category\/sin-categoria\/"},"img":{"alt_text":"","src":"https:\/\/i0.wp.com\/lasprimeras.com.do\/wp-content\/uploads\/2024\/08\/huracan.png?resize=350%2C200&ssl=1","width":350,"height":200,"srcset":"https:\/\/i0.wp.com\/lasprimeras.com.do\/wp-content\/uploads\/2024\/08\/huracan.png?resize=350%2C200&ssl=1 1x, https:\/\/i0.wp.com\/lasprimeras.com.do\/wp-content\/uploads\/2024\/08\/huracan.png?resize=525%2C300&ssl=1 1.5x, https:\/\/i0.wp.com\/lasprimeras.com.do\/wp-content\/uploads\/2024\/08\/huracan.png?resize=700%2C400&ssl=1 2x"},"classes":[]},{"id":99828,"url":"https:\/\/lasprimeras.com.do\/index.php\/2025\/05\/27\/primera-tormenta-tropical-alvin-podria-tocar-usa-en-esta-semana-dominicanos-comienza-a-prepararse\/","url_meta":{"origin":83055,"position":5},"title":"Primera tormenta tropical Alvin podr\u00eda tocar USA en esta semana; dominicanos comienza a prepararse","author":"Nelson Feliz","date":"27 de mayo de 2025","format":false,"excerpt":"Por Ram\u00f3n Mercedes NUEVA YORK.- La primera tormenta tropical podr\u00eda formarse esta semana frente a las costas de M\u00e9xico y a la vez ser\u00eda la primera en tocar suelo estadounidense a trav\u00e9s del estado de Florida. De confirmarse su evoluci\u00f3n, Alvin ser\u00eda el primer cicl\u00f3n nombrado de la temporada en\u2026","rel":"","context":"En \u00abINTERNACIONALES\u00bb","block_context":{"text":"INTERNACIONALES","link":"https:\/\/lasprimeras.com.do\/index.php\/category\/sin-categoria\/internacionales\/"},"img":{"alt_text":"","src":"https:\/\/i0.wp.com\/lasprimeras.com.do\/wp-content\/uploads\/2025\/05\/WhatsApp-Image-2025-05-27-at-6.32.06-AM-2.jpeg?resize=350%2C200&ssl=1","width":350,"height":200,"srcset":"https:\/\/i0.wp.com\/lasprimeras.com.do\/wp-content\/uploads\/2025\/05\/WhatsApp-Image-2025-05-27-at-6.32.06-AM-2.jpeg?resize=350%2C200&ssl=1 1x, https:\/\/i0.wp.com\/lasprimeras.com.do\/wp-content\/uploads\/2025\/05\/WhatsApp-Image-2025-05-27-at-6.32.06-AM-2.jpeg?resize=525%2C300&ssl=1 1.5x, https:\/\/i0.wp.com\/lasprimeras.com.do\/wp-content\/uploads\/2025\/05\/WhatsApp-Image-2025-05-27-at-6.32.06-AM-2.jpeg?resize=700%2C400&ssl=1 2x"},"classes":[]}],"jetpack_sharing_enabled":true,"_links":{"self":[{"href":"https:\/\/lasprimeras.com.do\/index.php\/wp-json\/wp\/v2\/posts\/83055","targetHints":{"allow":["GET"]}}],"collection":[{"href":"https:\/\/lasprimeras.com.do\/index.php\/wp-json\/wp\/v2\/posts"}],"about":[{"href":"https:\/\/lasprimeras.com.do\/index.php\/wp-json\/wp\/v2\/types\/post"}],"author":[{"embeddable":true,"href":"https:\/\/lasprimeras.com.do\/index.php\/wp-json\/wp\/v2\/users\/2"}],"replies":[{"embeddable":true,"href":"https:\/\/lasprimeras.com.do\/index.php\/wp-json\/wp\/v2\/comments?post=83055"}],"version-history":[{"count":1,"href":"https:\/\/lasprimeras.com.do\/index.php\/wp-json\/wp\/v2\/posts\/83055\/revisions"}],"predecessor-version":[{"id":83057,"href":"https:\/\/lasprimeras.com.do\/index.php\/wp-json\/wp\/v2\/posts\/83055\/revisions\/83057"}],"wp:featuredmedia":[{"embeddable":true,"href":"https:\/\/lasprimeras.com.do\/index.php\/wp-json\/wp\/v2\/media\/83056"}],"wp:attachment":[{"href":"https:\/\/lasprimeras.com.do\/index.php\/wp-json\/wp\/v2\/media?parent=83055"}],"wp:term":[{"taxonomy":"category","embeddable":true,"href":"https:\/\/lasprimeras.com.do\/index.php\/wp-json\/wp\/v2\/categories?post=83055"},{"taxonomy":"post_tag","embeddable":true,"href":"https:\/\/lasprimeras.com.do\/index.php\/wp-json\/wp\/v2\/tags?post=83055"}],"curies":[{"name":"wp","href":"https:\/\/api.w.org\/{rel}","templated":true}]}}