{"id":83058,"date":"2024-05-10T21:51:37","date_gmt":"2024-05-11T01:51:37","guid":{"rendered":"https:\/\/lasprimeras.com.do\/?p=83058"},"modified":"2024-05-10T21:51:38","modified_gmt":"2024-05-11T01:51:38","slug":"jose-laluz-sella-respaldo-a-la-reeleccion-del-presidente-luis-abinader","status":"publish","type":"post","link":"https:\/\/lasprimeras.com.do\/index.php\/2024\/05\/10\/jose-laluz-sella-respaldo-a-la-reeleccion-del-presidente-luis-abinader\/","title":{"rendered":"Jos\u00e9 Laluz sella respaldo a la reelecci\u00f3n del presidente Luis Abinader"},"content":{"rendered":"\n<p><strong>&#8220;Para m\u00ed, el presidente es un buen presidente. Tiene una caracter\u00edstica, que es la valoraci\u00f3n de su trabajo&#8221;, expres\u00f3 el comunicador y exdiputado-<\/strong><\/p>\n\n\n\n<p>El exdiputado del Partido de la Liberaci\u00f3n Dominicana (PLD) y comunicador Jos\u00e9 Laluz endos\u00f3 este viernes su respaldo a la reelecci\u00f3n presidencial de Luis Abinader, en un acto en el que prometi\u00f3 aportar al tren gubernamental en materia de seguridad ciudadana.<\/p>\n\n\n\n<p>&#8220;Me pongo a la disposici\u00f3n suya se\u00f1or presidente, porque todo este buen ambiente que se siente en el pa\u00eds y la ventaja que le dan las encuestas y la estabilidad macroecon\u00f3mica no ser\u00edan suficientes si no nos ponemos a trabajar por el triunfo&#8221;, expres\u00f3 Laluz.<\/p>\n\n\n\n<p>El comentarista radial tambi\u00e9n manifest\u00f3 que Abinader es un hombre que escucha. Que le escucha a \u00e9l y a cualquiera. Est\u00e1 fue una de las cinco razones expuestas del porqu\u00e9 pasa a apoyar al mandatario.<\/p>\n\n\n\n<p>Tambi\u00e9n cit\u00f3 que la marca PRM tiene prestigio, por lo que vincularse al presidente Abinader le agrega valor.<\/p>\n\n\n\n<p>&#8220;Para m\u00ed el presidente es un buen presidente. Tiene una caracter\u00edstica, que es la valoraci\u00f3n de su trabajo&#8221;, expres\u00f3 durante el acto celebrado en el hotel JW Mariot de la avenida Winston Churchill.<\/p>\n\n\n\n<p>LaLuz fue expulsado en 2022 del Partido de la Liberaci\u00f3n Dominicana (PLD), por alegadamente expresar conceptos contrarios a la organizaci\u00f3n pol\u00edtica a trav\u00e9s de los medios de comunicaci\u00f3n.<\/p>\n\n\n\n<p>El presidente de la Rep\u00fablica, al tiempo de invitarle, no solo apoyar su reelecci\u00f3n, sino tambi\u00e9n a formalizar su inscripci\u00f3n en el Partido Revolucionario Moderno (PRM) exhort\u00f3 a Laluz a seguir siendo cr\u00edtico para que ayude a identificar d\u00f3nde est\u00e1n los errores, en sus funciones.<\/p>\n\n\n\n<p>&#8220;Eres una persona que sabe cu\u00e1les son las olas convenientes para el desarrollo de nuestro pa\u00eds, las sabes interpretar, y cuando estuvimos en la acera del frente por muchos a\u00f1os, siempre reconociste lo positivo del lado nuestro cuando lo hac\u00edamos y, por eso eres una persona independiente, y qu\u00e9 bueno que vienes aqu\u00ed, porque aqu\u00ed aceptamos a los independientes&#8221;.<\/p>\n\n\n\n<p>Luis Abinader<br>Presidente de la Rep\u00fablica.<\/p>\n","protected":false},"excerpt":{"rendered":"<p>&#8220;Para m\u00ed, el presidente es un buen presidente. Tiene una caracter\u00edstica, que es la valoraci\u00f3n de su trabajo&#8221;, expres\u00f3 el comunicador y exdiputado- El exdiputado del Partido de la Liberaci\u00f3n&hellip;<\/p>\n","protected":false},"author":2,"featured_media":83059,"comment_status":"open","ping_status":"open","sticky":false,"template":"","format":"standard","meta":{"content-type":"","jetpack_post_was_ever_published":false,"_jetpack_newsletter_access":"","_jetpack_dont_email_post_to_subs":false,"_jetpack_newsletter_tier_id":0,"_jetpack_memberships_contains_paywalled_content":false,"_jetpack_memberships_contains_paid_content":false,"footnotes":""},"categories":[25],"tags":[12878,67,935,2004,4536],"class_list":["post-83058","post","type-post","status-publish","format-standard","has-post-thumbnail","hentry","category-portada","tag-jose-laluz","tag-luis-abinader","tag-presidente","tag-reeleccion","tag-respaldo"],"jetpack_featured_media_url":"https:\/\/lasprimeras.com.do\/wp-content\/uploads\/2024\/05\/Jose-Laluz.jpg","jetpack-related-posts":[{"id":71261,"url":"https:\/\/lasprimeras.com.do\/index.php\/2023\/12\/18\/presidente-abinader-asistira-a-la-inauguracion-de-la-moderna-cabina-de-zol-106-5-fm\/","url_meta":{"origin":83058,"position":0},"title":"Presidente Abinader asistir\u00e1 a la inauguraci\u00f3n de la moderna Cabina de Zol 106.5 FM\u00a0","author":"Nelson Feliz","date":"18 de diciembre de 2023","format":false,"excerpt":"El presidente de la Rep\u00fablica, Luis Abinader asistir\u00e1 la ma\u00f1ana de este martes a la inauguraci\u00f3n de la nueva y moderna cabina de la emisora Zol 106.5 FM, de donde se transmite el programa \u201cEl Sol de la Ma\u00f1ana\u201d. El mandatario estar\u00e1 acompa\u00f1ando al empresario radiodifusor Antonio Espaillat y a\u2026","rel":"","context":"En \u00abENTRETENIMIENTO\u00bb","block_context":{"text":"ENTRETENIMIENTO","link":"https:\/\/lasprimeras.com.do\/index.php\/category\/entretenimiento\/"},"img":{"alt_text":"Antonio Espaillat","src":"https:\/\/i0.wp.com\/lasprimeras.com.do\/wp-content\/uploads\/2023\/12\/Antonio.jpg?resize=350%2C200&ssl=1","width":350,"height":200},"classes":[]},{"id":57757,"url":"https:\/\/lasprimeras.com.do\/index.php\/2023\/08\/15\/carlos-arias-respalda-reeleccion-del-presidente-luis-abinader\/","url_meta":{"origin":83058,"position":1},"title":"Carlos Arias respalda reelecci\u00f3n del presidente Luis Abinader.","author":"Nelson Feliz","date":"15 de agosto de 2023","format":false,"excerpt":"Por Roberto P\u00e9rez El aspirante a una diputaci\u00f3n por la Circunscripci\u00f3n Tres de Santiago, Carlos Arias, dijo respaldar la reelecci\u00f3n del presidente Luis Abinader, por cuatro a\u00f1os m\u00e1s, El tambi\u00e9n dirigente perreme\u00edsta, calific\u00f3 como acertada la decisi\u00f3n del mandatario, ya que la mayor\u00eda de los dominicanos estaban pendiente a la\u2026","rel":"","context":"En \u00abSin categor\u00eda\u00bb","block_context":{"text":"Sin categor\u00eda","link":"https:\/\/lasprimeras.com.do\/index.php\/category\/sin-categoria\/"},"img":{"alt_text":"Carlos Arias","src":"https:\/\/i0.wp.com\/lasprimeras.com.do\/wp-content\/uploads\/2023\/08\/Carlos-Arias.png?resize=350%2C200&ssl=1","width":350,"height":200,"srcset":"https:\/\/i0.wp.com\/lasprimeras.com.do\/wp-content\/uploads\/2023\/08\/Carlos-Arias.png?resize=350%2C200&ssl=1 1x, https:\/\/i0.wp.com\/lasprimeras.com.do\/wp-content\/uploads\/2023\/08\/Carlos-Arias.png?resize=525%2C300&ssl=1 1.5x"},"classes":[]},{"id":75854,"url":"https:\/\/lasprimeras.com.do\/index.php\/2024\/02\/05\/comunicadores-8-0-de-apoyo-a-la-reeleccion-de-luis-abinader-respalda-candidatos-del-dn\/","url_meta":{"origin":83058,"position":2},"title":"Comunicadores 8.0 de apoyo a la reelecci\u00f3n de Luis Abinader respalda candidatos del DN","author":"Nelson Feliz","date":"5 de febrero de 2024","format":false,"excerpt":"El Movimiento Comunicadores 8.0 Luis Abinader Presidente, encabezado por Nelson Guti\u00e9rrez, se suma al coordinador de campa\u00f1a de la circunscripci\u00f3n #2 del Distrito Nacional, Venancio Alc\u00e1ntara, en respaldo a los candidatos de la capital Carolina Mej\u00eda, Alcaldesa, 4 a\u00f1os m\u00e1s. Alc\u00e1ntara, calific\u00f3 de \"Apote\u00f3sico\" y contundente el respaldo de los\u2026","rel":"","context":"En \u00abSin categor\u00eda\u00bb","block_context":{"text":"Sin categor\u00eda","link":"https:\/\/lasprimeras.com.do\/index.php\/category\/sin-categoria\/"},"img":{"alt_text":"Comunicadores 8.0","src":"https:\/\/i0.wp.com\/lasprimeras.com.do\/wp-content\/uploads\/2024\/02\/Comunicadores-8.0-1.jpg?resize=350%2C200&ssl=1","width":350,"height":200,"srcset":"https:\/\/i0.wp.com\/lasprimeras.com.do\/wp-content\/uploads\/2024\/02\/Comunicadores-8.0-1.jpg?resize=350%2C200&ssl=1 1x, https:\/\/i0.wp.com\/lasprimeras.com.do\/wp-content\/uploads\/2024\/02\/Comunicadores-8.0-1.jpg?resize=525%2C300&ssl=1 1.5x, https:\/\/i0.wp.com\/lasprimeras.com.do\/wp-content\/uploads\/2024\/02\/Comunicadores-8.0-1.jpg?resize=700%2C400&ssl=1 2x"},"classes":[]},{"id":73730,"url":"https:\/\/lasprimeras.com.do\/index.php\/2024\/01\/15\/comunicadores-8-0-se-suman-a-la-reeleccion-de-luis-abinader\/","url_meta":{"origin":83058,"position":3},"title":"Comunicadores 8.0 se suman a la reelecci\u00f3n de Luis Abinader","author":"Nelson Feliz","date":"15 de enero de 2024","format":false,"excerpt":"El Movimiento Comunicadores 8.0 continu\u00f3 su jornada de crecimiento, sumando periodistas, periodistas del \u00e1rea digital, comunicadores, locutores, reporteros gr\u00e1ficos, fot\u00f3grafos, productores de radio y televisi\u00f3n, editores, Disc Jockey y otros profesionales del \u00e1rea a nivel nacional, al proyecto de reelecci\u00f3n del presidente Luis Abinader 2024-2028. El Coordinador Nacional del proyecto,\u2026","rel":"","context":"En \u00abSin categor\u00eda\u00bb","block_context":{"text":"Sin categor\u00eda","link":"https:\/\/lasprimeras.com.do\/index.php\/category\/sin-categoria\/"},"img":{"alt_text":"Nelson Guti\u00e9rrez","src":"https:\/\/i0.wp.com\/lasprimeras.com.do\/wp-content\/uploads\/2024\/01\/Nelson-Gutierrez.jpg?resize=350%2C200&ssl=1","width":350,"height":200,"srcset":"https:\/\/i0.wp.com\/lasprimeras.com.do\/wp-content\/uploads\/2024\/01\/Nelson-Gutierrez.jpg?resize=350%2C200&ssl=1 1x, https:\/\/i0.wp.com\/lasprimeras.com.do\/wp-content\/uploads\/2024\/01\/Nelson-Gutierrez.jpg?resize=525%2C300&ssl=1 1.5x"},"classes":[]},{"id":83602,"url":"https:\/\/lasprimeras.com.do\/index.php\/2024\/05\/19\/abel-martinez-llama-al-presidente-abinader-para-felicitarlo\/","url_meta":{"origin":83058,"position":4},"title":"Abel Mart\u00ednez llama al presidente Abinader para felicitarlo","author":"Nelson Feliz","date":"19 de mayo de 2024","format":false,"excerpt":"\u201cPresidente, buenas noches\u2026 todo bien, todo bien, viendo los resultados de la Junta y bueno, la llamada para desearle suerte\", dijo Abel a Abinader. El candidato presidencial por el Partido de la Liberaci\u00f3n Dominicana (PLD), Abel Mart\u00ednez, llam\u00f3 al presidente Luis Abinader para felicitarlo por los primeros resultados de las\u2026","rel":"","context":"En \u00abPORTADA\u00bb","block_context":{"text":"PORTADA","link":"https:\/\/lasprimeras.com.do\/index.php\/category\/portada\/"},"img":{"alt_text":"Abel Mart\u00ednez llama a Abinader despu\u00e9s de las elecciones","src":"https:\/\/i0.wp.com\/lasprimeras.com.do\/wp-content\/uploads\/2024\/05\/Abel-Martinez-llama-a-Abinader-despues-de-las-elecciones.jpg?resize=350%2C200&ssl=1","width":350,"height":200,"srcset":"https:\/\/i0.wp.com\/lasprimeras.com.do\/wp-content\/uploads\/2024\/05\/Abel-Martinez-llama-a-Abinader-despues-de-las-elecciones.jpg?resize=350%2C200&ssl=1 1x, https:\/\/i0.wp.com\/lasprimeras.com.do\/wp-content\/uploads\/2024\/05\/Abel-Martinez-llama-a-Abinader-despues-de-las-elecciones.jpg?resize=525%2C300&ssl=1 1.5x, https:\/\/i0.wp.com\/lasprimeras.com.do\/wp-content\/uploads\/2024\/05\/Abel-Martinez-llama-a-Abinader-despues-de-las-elecciones.jpg?resize=700%2C400&ssl=1 2x"},"classes":[]},{"id":82252,"url":"https:\/\/lasprimeras.com.do\/index.php\/2024\/04\/30\/cntu-y-rd-en-movimiento-respaldan-la-reeleccion-del-presidente-luis-abinader\/","url_meta":{"origin":83058,"position":5},"title":"CNTU y RD en Movimiento respaldan la reelecci\u00f3n del presidente\u00a0Luis Abinader","author":"Nelson Feliz","date":"30 de abril de 2024","format":false,"excerpt":"El representante de la Central Nacional del Transporte Unificado (CNTU), William P\u00e9rez Figuereo, declar\u00f3 hoy que el movimiento pol\u00edtico \u201cRD en Movimiento\u201d, tiene como objetivo principal aglutinar un gran n\u00famero de votos a favor del presidente Luis Abinader, para que nuestro pa\u00eds contin\u00fae en v\u00eda desarrollo. P\u00e9rez Figuereo, se\u00f1ala que\u2026","rel":"","context":"En \u00abPORTADA\u00bb","block_context":{"text":"PORTADA","link":"https:\/\/lasprimeras.com.do\/index.php\/category\/portada\/"},"img":{"alt_text":"William P\u00e9rez Figuereo","src":"https:\/\/i0.wp.com\/lasprimeras.com.do\/wp-content\/uploads\/2024\/04\/William-Perez-Figuereo-1.jpg?resize=350%2C200&ssl=1","width":350,"height":200,"srcset":"https:\/\/i0.wp.com\/lasprimeras.com.do\/wp-content\/uploads\/2024\/04\/William-Perez-Figuereo-1.jpg?resize=350%2C200&ssl=1 1x, https:\/\/i0.wp.com\/lasprimeras.com.do\/wp-content\/uploads\/2024\/04\/William-Perez-Figuereo-1.jpg?resize=525%2C300&ssl=1 1.5x"},"classes":[]}],"jetpack_sharing_enabled":true,"_links":{"self":[{"href":"https:\/\/lasprimeras.com.do\/index.php\/wp-json\/wp\/v2\/posts\/83058","targetHints":{"allow":["GET"]}}],"collection":[{"href":"https:\/\/lasprimeras.com.do\/index.php\/wp-json\/wp\/v2\/posts"}],"about":[{"href":"https:\/\/lasprimeras.com.do\/index.php\/wp-json\/wp\/v2\/types\/post"}],"author":[{"embeddable":true,"href":"https:\/\/lasprimeras.com.do\/index.php\/wp-json\/wp\/v2\/users\/2"}],"replies":[{"embeddable":true,"href":"https:\/\/lasprimeras.com.do\/index.php\/wp-json\/wp\/v2\/comments?post=83058"}],"version-history":[{"count":1,"href":"https:\/\/lasprimeras.com.do\/index.php\/wp-json\/wp\/v2\/posts\/83058\/revisions"}],"predecessor-version":[{"id":83060,"href":"https:\/\/lasprimeras.com.do\/index.php\/wp-json\/wp\/v2\/posts\/83058\/revisions\/83060"}],"wp:featuredmedia":[{"embeddable":true,"href":"https:\/\/lasprimeras.com.do\/index.php\/wp-json\/wp\/v2\/media\/83059"}],"wp:attachment":[{"href":"https:\/\/lasprimeras.com.do\/index.php\/wp-json\/wp\/v2\/media?parent=83058"}],"wp:term":[{"taxonomy":"category","embeddable":true,"href":"https:\/\/lasprimeras.com.do\/index.php\/wp-json\/wp\/v2\/categories?post=83058"},{"taxonomy":"post_tag","embeddable":true,"href":"https:\/\/lasprimeras.com.do\/index.php\/wp-json\/wp\/v2\/tags?post=83058"}],"curies":[{"name":"wp","href":"https:\/\/api.w.org\/{rel}","templated":true}]}}