{"id":83064,"date":"2024-05-10T22:16:11","date_gmt":"2024-05-11T02:16:11","guid":{"rendered":"https:\/\/lasprimeras.com.do\/?p=83064"},"modified":"2024-05-10T22:16:12","modified_gmt":"2024-05-11T02:16:12","slug":"luis-el-gallo-pide-organismo-internacionales-se-enfoquen-en-la-crisis-de-haiti-2","status":"publish","type":"post","link":"https:\/\/lasprimeras.com.do\/index.php\/2024\/05\/10\/luis-el-gallo-pide-organismo-internacionales-se-enfoquen-en-la-crisis-de-haiti-2\/","title":{"rendered":"Luis \u201cEl Gallo\u201d pide organismo internacionales se enfoquen en la crisis de Hait\u00ed"},"content":{"rendered":"\n<p>El presidente de la Uni\u00f3n Dem\u00f3crata Cristiana \u2013-UDC-, Luis Acosta Moreta, Luis \u201cEl Gallo\u201d, pidi\u00f3 hoy la amplia colaboraci\u00f3n e integraci\u00f3n de la comunidad internacional para que haga frente a la crisis haitiana, sin que tirar el problema sobre las espaldas del pueblo dominicano..<\/p>\n\n\n\n<p>Apunt\u00f3 que la ola de violencia que hay en Hait\u00ed apunta ser\u00e1 enfrentada por una intervenci\u00f3n militar, que se har\u00e1 frente a las pandillas y grupos armados, utilizando la presi\u00f3n de las armas.<\/p>\n\n\n\n<p>Dijo que es una responsabilidad de las grandes potencias el ir de frente al problema haitiano, porque fueron ellas mismas la que la crearon. Hait\u00ed necesita una evoluci\u00f3n social y pol\u00edtica y esa acci\u00f3n debe ser impulsada por la Organizaci\u00f3n de las Naciones Unidas y las grandes potencias.<\/p>\n\n\n\n<p>Lo que no podr\u00eda ser tolerable, bajo ninguna de las circunstancia, es que se establezcan en territorio dominicano campamentos de refugiados haitianos.<\/p>\n\n\n\n<p>Advirti\u00f3 que una cosa es la simple asistencia econ\u00f3mica y humanitaria para brindar ayuda al pueblo haitiano, y otra que siga la l\u00ednea de establecer campamentos de refugiados. Bajo ninguna circunstancia los dominicanos aceptan que se establezcan campamentos de refugiados en el pa\u00eds.<\/p>\n\n\n\n<p>Agreg\u00f3 que las soluciones de los problemas haitianos tienen que llegar y ser asimilados por el pueblo haitiano, no fue, ni es, ni ser\u00e1 una obligaci\u00f3n del pueblo dominicano, Son las grandes potencias y los organismos internacionales los que tienen la obligaci\u00f3n de ir en la b\u00fasqueda de la soluci\u00f3n de los males de esa depauperada sociedad.<\/p>\n\n\n\n<p>Se impone al d\u00eda de hoy que las partes haitianas lleguen a un estado de concertaci\u00f3n y di\u00e1logo, porque a pesar de la intervenci\u00f3n militar, solo los pueblos tienen y son due\u00f1os de su destino.<\/p>\n\n\n\n<p>A\u00f1adi\u00f3 que las provocaciones haitianas desde que comenz\u00f3 el auge de las pandillas no han finalizado, y eso se pone de manifiesto con el represamiento del r\u00edo Masacre, hecho que ha sido ignorado por la comunidad internacional.<\/p>\n\n\n\n<p>Hoy, hay que poner atenci\u00f3n, a que no se produzca un desborde de refugiados haitianos que pueda traer choques en el \u00e1rea fronteriza, que desde la Rep\u00fablica Dominicana se encuentran bloqueadas por acci\u00f3n directa de las gloriosas Fuerzas Armadas.<\/p>\n","protected":false},"excerpt":{"rendered":"<p>El presidente de la Uni\u00f3n Dem\u00f3crata Cristiana \u2013-UDC-, Luis Acosta Moreta, Luis \u201cEl Gallo\u201d, pidi\u00f3 hoy la amplia colaboraci\u00f3n e integraci\u00f3n de la comunidad internacional para que haga frente a&hellip;<\/p>\n","protected":false},"author":2,"featured_media":83065,"comment_status":"open","ping_status":"open","sticky":false,"template":"","format":"standard","meta":{"content-type":"","jetpack_post_was_ever_published":false,"_jetpack_newsletter_access":"","_jetpack_dont_email_post_to_subs":false,"_jetpack_newsletter_tier_id":0,"_jetpack_memberships_contains_paywalled_content":false,"_jetpack_memberships_contains_paid_content":false,"footnotes":""},"categories":[1],"tags":[216,1590,217,1207,3551,1208,12879,2447],"class_list":["post-83064","post","type-post","status-publish","format-standard","has-post-thumbnail","hentry","category-sin-categoria","tag-crisis","tag-dominicanas","tag-haiti","tag-haitianas","tag-internacionales","tag-luis-el-gallo","tag-organismo","tag-soluciones"],"jetpack_featured_media_url":"https:\/\/lasprimeras.com.do\/wp-content\/uploads\/2024\/05\/Abinader.jpg","jetpack-related-posts":[{"id":105715,"url":"https:\/\/lasprimeras.com.do\/index.php\/2025\/08\/06\/luis-el-gallo-pide-a-rd-alerta-maxima-ante-la-ampliacion-de-la-crisis-haitiana\/","url_meta":{"origin":83064,"position":0},"title":"Luis \u201cEl Gallo\u201d pide a RD alerta m\u00e1xima ante la ampliaci\u00f3n de la crisis haitiana","author":"Nelson Feliz","date":"6 de agosto de 2025","format":false,"excerpt":"El presidente de la Uni\u00f3n Dem\u00f3crata Cristiana \u2013UDC-, Luis Acosta Moreta, Luis \u201cEl Gallo\u201d, pidi\u00f3 hoy que el pa\u00eds se mantenga en alerta m\u00e1xima, cuando se acrecienta la guerra civil de baja intensidad de Hait\u00ed, que ha llevado hasta el cierre de la embajada norteamericana. Enfatiz\u00f3 que el momento es\u2026","rel":"","context":"En \u00abPOLITICA\u00bb","block_context":{"text":"POLITICA","link":"https:\/\/lasprimeras.com.do\/index.php\/category\/politica\/"},"img":{"alt_text":"Luis Acosta Moreta","src":"https:\/\/i0.wp.com\/lasprimeras.com.do\/wp-content\/uploads\/2025\/07\/Luis-Acosta-Moreta.png?resize=350%2C200&ssl=1","width":350,"height":200},"classes":[]},{"id":124784,"url":"https:\/\/lasprimeras.com.do\/index.php\/2026\/03\/16\/luis-el-gallo-dominicanos-deben-apartarse-de-la-crisis-haitiana\/","url_meta":{"origin":83064,"position":1},"title":"Luis \u201cEl Gallo\u201d: Dominicanos deben apartarse de la crisis haitiana","author":"Nelson Feliz","date":"16 de marzo de 2026","format":false,"excerpt":"El presidente de la Uni\u00f3n Dem\u00f3\u00e7rata Cristiana \u2013UDC-, Luis Acosta Moreta, \u201cLuis El Gallo\u201d, consider\u00f3 hoy que los dominicanos se deben mantener apartados de la crisis interna de Hait\u00ed, y seguir aplicando la pol\u00edtica de deportaci\u00f3n de migrantes indocumentados. Dijo que cualquier conversaci\u00f3n que tenga lugar entre las autoridades haitianas\u2026","rel":"","context":"En \u00abPOLITICA\u00bb","block_context":{"text":"POLITICA","link":"https:\/\/lasprimeras.com.do\/index.php\/category\/politica\/"},"img":{"alt_text":"Luis Acosta Moreta","src":"https:\/\/i0.wp.com\/lasprimeras.com.do\/wp-content\/uploads\/2025\/07\/Luis-Acosta-Moreta.png?resize=350%2C200&ssl=1","width":350,"height":200},"classes":[]},{"id":83014,"url":"https:\/\/lasprimeras.com.do\/index.php\/2024\/05\/10\/luis-el-gallo-pide-organismo-internacionales-se-enfoquen-en-la-crisis-de-haiti\/","url_meta":{"origin":83064,"position":2},"title":"Luis \u201cEl Gallo\u201d pide organismo internacionales se enfoquen en la crisis de Hait\u00ed","author":"BIMARY DE JES\u00daS Matos","date":"10 de mayo de 2024","format":false,"excerpt":"RD.-El presidente de la Uni\u00f3n Dem\u00f3crata Cristiana \u2013-UDC-, Luis Acosta Moreta, Luis \u201cEl Gallo\u201d, pidi\u00f3 hoy la amplia colaboraci\u00f3n e integraci\u00f3n de la comunidad internacional para que haga frente a la crisis haitiana, sin que tirar el problema sobre las espaldas del pueblo dominicano.. Apunt\u00f3 que la ola de violencia\u2026","rel":"","context":"En \u00abNACIONALES\u00bb","block_context":{"text":"NACIONALES","link":"https:\/\/lasprimeras.com.do\/index.php\/category\/nacionales\/"},"img":{"alt_text":"","src":"https:\/\/i0.wp.com\/lasprimeras.com.do\/wp-content\/uploads\/2024\/05\/IMG-20240510-WA0008.jpg?resize=350%2C200&ssl=1","width":350,"height":200,"srcset":"https:\/\/i0.wp.com\/lasprimeras.com.do\/wp-content\/uploads\/2024\/05\/IMG-20240510-WA0008.jpg?resize=350%2C200&ssl=1 1x, https:\/\/i0.wp.com\/lasprimeras.com.do\/wp-content\/uploads\/2024\/05\/IMG-20240510-WA0008.jpg?resize=525%2C300&ssl=1 1.5x, https:\/\/i0.wp.com\/lasprimeras.com.do\/wp-content\/uploads\/2024\/05\/IMG-20240510-WA0008.jpg?resize=700%2C400&ssl=1 2x"},"classes":[]},{"id":115275,"url":"https:\/\/lasprimeras.com.do\/index.php\/2025\/11\/20\/luis-el-gallo-rechaza-denuncias-de-amnistia-internacional-y-senala-son-viles-mentiras\/","url_meta":{"origin":83064,"position":3},"title":"Luis \u201cEl Gallo\u201d rechaza denuncias de Amnist\u00eda Internacional y se\u00f1ala son viles mentiras","author":"Nelson Feliz","date":"20 de noviembre de 2025","format":false,"excerpt":"El presidente de la Uni\u00f3n Dem\u00f3crata Cristiana -UDC-, Luis Acosta Moreta, Luis \u201cEl Gallo\u201d, rechaz\u00f3 hoy por mentirosas y viles las denuncias de Amnist\u00eda Internacional de que en el pa\u00eds se da a las parturientas haitianas un trato racista, discriminatorio y violador de los derechos humanos. Dijo que por el\u2026","rel":"","context":"En \u00abPOLITICA\u00bb","block_context":{"text":"POLITICA","link":"https:\/\/lasprimeras.com.do\/index.php\/category\/politica\/"},"img":{"alt_text":"","src":"https:\/\/i0.wp.com\/lasprimeras.com.do\/wp-content\/uploads\/2025\/11\/Luis-Acosta-Moreta.jpeg?resize=350%2C200&ssl=1","width":350,"height":200,"srcset":"https:\/\/i0.wp.com\/lasprimeras.com.do\/wp-content\/uploads\/2025\/11\/Luis-Acosta-Moreta.jpeg?resize=350%2C200&ssl=1 1x, https:\/\/i0.wp.com\/lasprimeras.com.do\/wp-content\/uploads\/2025\/11\/Luis-Acosta-Moreta.jpeg?resize=525%2C300&ssl=1 1.5x, https:\/\/i0.wp.com\/lasprimeras.com.do\/wp-content\/uploads\/2025\/11\/Luis-Acosta-Moreta.jpeg?resize=700%2C400&ssl=1 2x"},"classes":[]},{"id":110091,"url":"https:\/\/lasprimeras.com.do\/index.php\/2025\/09\/25\/udc-respalda-a-presidente-abinader-al-pedir-comunidad-internacional-acuda-en-auxilio-de-haiti\/","url_meta":{"origin":83064,"position":4},"title":"UDC respalda a presidente Abinader, al pedir comunidad internacional acuda en auxilio de Hait\u00ed","author":"Nelson Feliz","date":"25 de septiembre de 2025","format":false,"excerpt":"El presidente de la Uni\u00f3n Dem\u00f3crata Cristiana \u2013UDC-, Luis Acosta Moreta, Luis \u201cEl Gallo\u201d salud\u00f3 y apoy\u00f3 hoy los pronunciamientos hechos por el presidente Luis Abinader de que una fuerza multinacional es la que debe buscar la paz y la soluci\u00f3n de los problemas haitianos. Tambi\u00e9n se\u00f1al\u00f3 como trascendente la\u2026","rel":"","context":"En \u00abPOLITICA\u00bb","block_context":{"text":"POLITICA","link":"https:\/\/lasprimeras.com.do\/index.php\/category\/politica\/"},"img":{"alt_text":"","src":"https:\/\/i0.wp.com\/lasprimeras.com.do\/wp-content\/uploads\/2025\/09\/Luis-Abinader-3-1.jpg?resize=350%2C200&ssl=1","width":350,"height":200,"srcset":"https:\/\/i0.wp.com\/lasprimeras.com.do\/wp-content\/uploads\/2025\/09\/Luis-Abinader-3-1.jpg?resize=350%2C200&ssl=1 1x, https:\/\/i0.wp.com\/lasprimeras.com.do\/wp-content\/uploads\/2025\/09\/Luis-Abinader-3-1.jpg?resize=525%2C300&ssl=1 1.5x, https:\/\/i0.wp.com\/lasprimeras.com.do\/wp-content\/uploads\/2025\/09\/Luis-Abinader-3-1.jpg?resize=700%2C400&ssl=1 2x"},"classes":[]},{"id":100262,"url":"https:\/\/lasprimeras.com.do\/index.php\/2025\/06\/04\/luis-el-gallo-felicita-a-migracion-por-deportar-a-cientos-de-miles-de-haitianos\/","url_meta":{"origin":83064,"position":5},"title":"Luis \u201cEl Gallo\u201d felicita a Migraci\u00f3n por deportar a cientos de miles de haitianos","author":"Nelson Feliz","date":"4 de junio de 2025","format":false,"excerpt":"El presidente de la Uni\u00f3n Dem\u00f3crata Cristiana \u2013UDC-, Luis Acosta Moreta, Luis \u201cEl Gallo\u201d, dio hoy su respaldo a la Direcci\u00f3n General de Migraci\u00f3n, por el excelente trabajo que realiza con la deportaci\u00f3n de indocumentados. Destac\u00f3 que el vicealmirante Luis Rafael Lee Ballester ejecuta una gran labor al frente de\u2026","rel":"","context":"En \u00abPOLITICA\u00bb","block_context":{"text":"POLITICA","link":"https:\/\/lasprimeras.com.do\/index.php\/category\/politica\/"},"img":{"alt_text":"Luis Acosta Moreta","src":"https:\/\/i0.wp.com\/lasprimeras.com.do\/wp-content\/uploads\/2025\/06\/Luis-Acosta-Moreta.jpg?resize=350%2C200&ssl=1","width":350,"height":200,"srcset":"https:\/\/i0.wp.com\/lasprimeras.com.do\/wp-content\/uploads\/2025\/06\/Luis-Acosta-Moreta.jpg?resize=350%2C200&ssl=1 1x, https:\/\/i0.wp.com\/lasprimeras.com.do\/wp-content\/uploads\/2025\/06\/Luis-Acosta-Moreta.jpg?resize=525%2C300&ssl=1 1.5x, https:\/\/i0.wp.com\/lasprimeras.com.do\/wp-content\/uploads\/2025\/06\/Luis-Acosta-Moreta.jpg?resize=700%2C400&ssl=1 2x"},"classes":[]}],"jetpack_sharing_enabled":true,"_links":{"self":[{"href":"https:\/\/lasprimeras.com.do\/index.php\/wp-json\/wp\/v2\/posts\/83064","targetHints":{"allow":["GET"]}}],"collection":[{"href":"https:\/\/lasprimeras.com.do\/index.php\/wp-json\/wp\/v2\/posts"}],"about":[{"href":"https:\/\/lasprimeras.com.do\/index.php\/wp-json\/wp\/v2\/types\/post"}],"author":[{"embeddable":true,"href":"https:\/\/lasprimeras.com.do\/index.php\/wp-json\/wp\/v2\/users\/2"}],"replies":[{"embeddable":true,"href":"https:\/\/lasprimeras.com.do\/index.php\/wp-json\/wp\/v2\/comments?post=83064"}],"version-history":[{"count":1,"href":"https:\/\/lasprimeras.com.do\/index.php\/wp-json\/wp\/v2\/posts\/83064\/revisions"}],"predecessor-version":[{"id":83066,"href":"https:\/\/lasprimeras.com.do\/index.php\/wp-json\/wp\/v2\/posts\/83064\/revisions\/83066"}],"wp:featuredmedia":[{"embeddable":true,"href":"https:\/\/lasprimeras.com.do\/index.php\/wp-json\/wp\/v2\/media\/83065"}],"wp:attachment":[{"href":"https:\/\/lasprimeras.com.do\/index.php\/wp-json\/wp\/v2\/media?parent=83064"}],"wp:term":[{"taxonomy":"category","embeddable":true,"href":"https:\/\/lasprimeras.com.do\/index.php\/wp-json\/wp\/v2\/categories?post=83064"},{"taxonomy":"post_tag","embeddable":true,"href":"https:\/\/lasprimeras.com.do\/index.php\/wp-json\/wp\/v2\/tags?post=83064"}],"curies":[{"name":"wp","href":"https:\/\/api.w.org\/{rel}","templated":true}]}}