{"id":83070,"date":"2024-05-11T09:13:25","date_gmt":"2024-05-11T13:13:25","guid":{"rendered":"https:\/\/lasprimeras.com.do\/?p=83070"},"modified":"2024-05-11T09:13:26","modified_gmt":"2024-05-11T13:13:26","slug":"el-senor-de-los-cielos-continuara-sin-rafael-amaya","status":"publish","type":"post","link":"https:\/\/lasprimeras.com.do\/index.php\/2024\/05\/11\/el-senor-de-los-cielos-continuara-sin-rafael-amaya\/","title":{"rendered":"&#8220;El se\u00f1or de los cielos&#8221; continuar\u00e1 sin Rafael Amaya"},"content":{"rendered":"\n<p>Rafael Amaya se despide de su personaje ic\u00f3nico, de Aurelio Casillas, el narcotraficante que rein\u00f3 en los cielos durante una d\u00e9cada y que dir\u00e1 adi\u00f3s tras la novena temporada de la serie &#8220;El se\u00f1or de los cielos&#8221;.<\/p>\n\n\n\n<p>Esta \u00faltima temporada en la que aparecer\u00e1 Amaya d\u00e1ndole vida a Aurelio no ser\u00e1 del todo el punto final de la exitosa historia del narco, pues Telemundo ya prepara &#8220;La dinast\u00eda Casillas&#8221;, que seg\u00fan &#8220;People&#8221; se trata de la continuaci\u00f3n de la saga con una nueva generaci\u00f3n.<\/p>\n\n\n\n<p>De acuerdo a la cadena de televisi\u00f3n, en esta continuaci\u00f3n de la exitosa franquicia &#8220;Rutila (Carmen Aub), Ismael (Iv\u00e1n Arana) y los herederos de los Casillas est\u00e1n listos para demostrar que el legado familiar, que encabezaba Aurelio Casillas, corre por sus venas.<\/p>\n\n\n\n<p>Esta dinast\u00eda integrada por los hijos de Casillas enfrentar\u00e1n a los enemigos de su padre, quienes acechan y buscan venganza y poder: &#8220;En La dinast\u00eda Casillas, la adrenalina alcanza nuevas alturas mientras la acci\u00f3n, la intriga y la pasi\u00f3n se entrelazan&#8221;.<\/p>\n\n\n\n<p>+Rafael Amaya se va satisfecho, contento con lo que logr\u00f3 en una d\u00e9cada con un personaje tan complejo como Aurelio Casillas, alguien que se hizo de la nada y con quien mucha gente se siente identificado, as\u00ed lo reflexion\u00f3 el actor de 47 a\u00f1os nacido en Hermosillo, Sonora.<\/p>\n\n\n\n<p>\u201cHay muchos que se identifican con \u00e9l en lo enoj\u00f3n, en que no tiene filtros. S\u00ed es un hombre de negocios, pero no es que haya estudiado. Es simplemente una persona que creci\u00f3 sin estudios y est\u00e1 saliendo adelante\u201d, dijo en entrevista con EFE.<\/p>\n\n\n\n<p>Amaya reconoce la naturaleza de Aurelio, una pieza clave en la serie que se mantuvo en la c\u00faspide del rating en Estados Unidos.<\/p>\n\n\n\n<p>\u201c\u00c9l es puro, es tan gutural, tan del est\u00f3mago. Es crudo, y todo eso va junto con la verdad. Es como el dolor: se siente instant\u00e1neamente y se reacciona sin pensar. Ese es Aurelio Casillas y es lo que la gente quiere ver\u201d, afirm\u00f3.<\/p>\n\n\n\n<p>Rafael Amaya no s\u00f3lo disfrut\u00f3 de las miles del \u00e9xito con la serie que tuvo en sus filas a actores como Ximena Herrera, Robinson D\u00edaz, Ra\u00fal M\u00e9ndez, Carmen Villalobos, Gabriel Porras, Mauricio Ochmann, Fernanda Castillo, Marlene Favela o Carmen Aub, tambi\u00e9n sufri\u00f3 una crisis de salud que lo oblig\u00f3 a alejarse durante un tiempo.<\/p>\n\n\n\n<p>Fue la octava temporada lo que marc\u00f3 el regreso del actor a la serie despu\u00e9s de que sus problemas de salud lo mantuvieran fuera la mitad de la sexta y gran parte de la s\u00e9ptima.<\/p>\n\n\n\n<p>Actualmente Amaya est\u00e1 enamorado de su m\u00e1nager Maritza Ramos, su novia, la mujer que lo acompa\u00f1a desde hace tres a\u00f1os y a quien el actor llama &#8220;la luz de mis ojos&#8221;; Rafa no descarta que pueda haber boda pronto y tal vez hasta beb\u00e9s, por lo que de la mano de esta parte de su vida, se despide con gratitud del proyecto y de Telemundo.<\/p>\n\n\n\n<p>&#8220;Cerrar mi ciclo con esta novena temporada me llena de mucha satisfacci\u00f3n. Estoy lleno de orgullo por la evoluci\u00f3n del personaje de Aurelio, as\u00ed como de la serie durante los \u00faltimos once a\u00f1os&#8221;, expres\u00f3 hace unos d\u00edas.<\/p>\n\n\n\n<p>En respuesta, la cadena le dedic\u00f3 un emotivo mensaje en el que se enfatiza su talento actoral para haberle dado vida a Aurelio Casillas, un querido y legendario personaje de la serie que est\u00e1 punto de poner punto final.<\/p>\n\n\n\n<p>&#8220;Rafael Amaya ha sido una parte integral de la familia Telemundo y del \u00e9xito de la franquicia de El Se\u00f1or\u2026 por m\u00e1s de una d\u00e9cada. Su continua dedicaci\u00f3n y profesionalismo, combinados con su gran talento, dieron vida a uno de los personajes m\u00e1s queridos y legendarios de estos tiempos. Juntos, le brindamos a nuestra audiencia la serie de ficci\u00f3n m\u00e1s exitosa y de mayor duraci\u00f3n de la televisi\u00f3n hispana. Le deseamos a Rafael lo mejor en sus proyectos futuros y esperamos tener oportunidades para colaborar con \u00e9l nuevamente&#8221;, recupera &#8220;People&#8221;.<\/p>\n","protected":false},"excerpt":{"rendered":"<p>Rafael Amaya se despide de su personaje ic\u00f3nico, de Aurelio Casillas, el narcotraficante que rein\u00f3 en los cielos durante una d\u00e9cada y que dir\u00e1 adi\u00f3s tras la novena temporada de&hellip;<\/p>\n","protected":false},"author":3,"featured_media":83071,"comment_status":"open","ping_status":"open","sticky":false,"template":"","format":"standard","meta":{"content-type":"","jetpack_post_was_ever_published":false,"_jetpack_newsletter_access":"","_jetpack_dont_email_post_to_subs":false,"_jetpack_newsletter_tier_id":0,"_jetpack_memberships_contains_paywalled_content":false,"_jetpack_memberships_contains_paid_content":false,"footnotes":""},"categories":[84],"tags":[12460],"class_list":["post-83070","post","type-post","status-publish","format-standard","has-post-thumbnail","hentry","category-entretenimiento","tag-telenovela"],"jetpack_featured_media_url":"https:\/\/lasprimeras.com.do\/wp-content\/uploads\/2024\/05\/Diseno-sin-titulo-2-2.jpg","jetpack-related-posts":[{"id":78472,"url":"https:\/\/lasprimeras.com.do\/index.php\/2024\/03\/17\/rafael-amaya-aclara-los-rumores-y-revela-si-desea-casarse-con-su-manager\/","url_meta":{"origin":83070,"position":0},"title":"Rafael Amaya aclara los rumores y revela si desea casarse con su m\u00e1nager","author":"Nelson Feliz","date":"17 de marzo de 2024","format":false,"excerpt":"Rafael Amaya declar\u00f3 que est\u00e1 muy contento con su relaci\u00f3n con Maritza Ramos y que ambos est\u00e1n disfrutando de su tiempo juntos. Por ello, aclar\u00f3 si desea llevar su v\u00ednculo amoroso a otro nivel y sin duda respondi\u00f3. Por Cindy Quevedo En una entrevista reciente, Rafael Amaya revel\u00f3 que, si\u2026","rel":"","context":"En \u00abENTRETENIMIENTO\u00bb","block_context":{"text":"ENTRETENIMIENTO","link":"https:\/\/lasprimeras.com.do\/index.php\/category\/entretenimiento\/"},"img":{"alt_text":"Rafael Amaya","src":"https:\/\/i0.wp.com\/lasprimeras.com.do\/wp-content\/uploads\/2024\/03\/Rafael-Amaya.jpg?resize=350%2C200&ssl=1","width":350,"height":200,"srcset":"https:\/\/i0.wp.com\/lasprimeras.com.do\/wp-content\/uploads\/2024\/03\/Rafael-Amaya.jpg?resize=350%2C200&ssl=1 1x, https:\/\/i0.wp.com\/lasprimeras.com.do\/wp-content\/uploads\/2024\/03\/Rafael-Amaya.jpg?resize=525%2C300&ssl=1 1.5x, https:\/\/i0.wp.com\/lasprimeras.com.do\/wp-content\/uploads\/2024\/03\/Rafael-Amaya.jpg?resize=700%2C400&ssl=1 2x"},"classes":[]},{"id":60546,"url":"https:\/\/lasprimeras.com.do\/index.php\/2023\/09\/15\/angie-brooks-vaticina-fp-pasara-a-la-casilla-uno-de-la-boleta-electoral\/","url_meta":{"origin":83070,"position":1},"title":"Angie Brooks vaticina FP pasara a la casilla uno de la boleta electoral","author":"Nelson Feliz","date":"15 de septiembre de 2023","format":false,"excerpt":"La titular de la Secretar\u00eda de la Mujer de la Fuerza del Pueblo (FP), Angie Brooks afirm\u00f3 este jueves que esa organizaci\u00f3n va a pasar a ocupar la casilla n\u00famero uno de la boleta electoral a partir del pr\u00f3ximo 2024. \u201cPasamos de la casilla n\u00famero 18 a ocupar la posici\u00f3n\u2026","rel":"","context":"En \u00abPORTADA\u00bb","block_context":{"text":"PORTADA","link":"https:\/\/lasprimeras.com.do\/index.php\/category\/portada\/"},"img":{"alt_text":"Angie Brooks","src":"https:\/\/i0.wp.com\/lasprimeras.com.do\/wp-content\/uploads\/2023\/09\/Angie-Brooks.jpg?resize=350%2C200&ssl=1","width":350,"height":200,"srcset":"https:\/\/i0.wp.com\/lasprimeras.com.do\/wp-content\/uploads\/2023\/09\/Angie-Brooks.jpg?resize=350%2C200&ssl=1 1x, https:\/\/i0.wp.com\/lasprimeras.com.do\/wp-content\/uploads\/2023\/09\/Angie-Brooks.jpg?resize=525%2C300&ssl=1 1.5x, https:\/\/i0.wp.com\/lasprimeras.com.do\/wp-content\/uploads\/2023\/09\/Angie-Brooks.jpg?resize=700%2C400&ssl=1 2x"},"classes":[]},{"id":111862,"url":"https:\/\/lasprimeras.com.do\/index.php\/2025\/10\/14\/ramfis-tse-manipula-sentencia-para-subir-ped-de-casilla-7-a-la-19-nada-nos-impedira-ser-candidato-en-2028\/","url_meta":{"origin":83070,"position":2},"title":"Ramfis: TSE manipula sentencia para subir PED de casilla 7 a la 19; nada nos impedir\u00e1 ser candidato en 2028","author":"Nelson Feliz","date":"14 de octubre de 2025","format":false,"excerpt":"https:\/\/www.youtube.com\/watch?v=CzUMb3HwLyw Por Ram\u00f3n Mercedes NUEVA YORK.- \u00abNosotros ganamos, conforme la ley electoral, la casilla n\u00famero 7 para el proceso electoral del 2028, pero viendo el crecimiento y fortalecimiento del partido, el Tribunal Superior Electoral (TSE) manipul\u00f3 una sentencia para arrebatarnos esa casilla y subirnos al 19\u00bb, denunci\u00f3 en esta ciudad\u2026","rel":"","context":"En \u00abLA VOZ DE LA DIASPORA\u00bb","block_context":{"text":"LA VOZ DE LA DIASPORA","link":"https:\/\/lasprimeras.com.do\/index.php\/category\/la-voz-de-la-diaspora\/"},"img":{"alt_text":"Ramfis Dom\u00ednguez Trujillo","src":"https:\/\/i0.wp.com\/lasprimeras.com.do\/wp-content\/uploads\/2023\/08\/ranfis.jpeg?resize=350%2C200&ssl=1","width":350,"height":200,"srcset":"https:\/\/i0.wp.com\/lasprimeras.com.do\/wp-content\/uploads\/2023\/08\/ranfis.jpeg?resize=350%2C200&ssl=1 1x, https:\/\/i0.wp.com\/lasprimeras.com.do\/wp-content\/uploads\/2023\/08\/ranfis.jpeg?resize=525%2C300&ssl=1 1.5x, https:\/\/i0.wp.com\/lasprimeras.com.do\/wp-content\/uploads\/2023\/08\/ranfis.jpeg?resize=700%2C400&ssl=1 2x"},"classes":[]},{"id":80304,"url":"https:\/\/lasprimeras.com.do\/index.php\/2024\/04\/07\/isabella-castillo-habla-de-su-experiencia-trabajando-con-thali-garcia-en-la-misma-telenovela\/","url_meta":{"origin":83070,"position":3},"title":"Isabella Castillo habla de su experiencia trabajando con Thal\u00ed Garc\u00eda en la misma telenovela","author":"Nelson Feliz","date":"7 de abril de 2024","format":false,"excerpt":"Thal\u00ed Garc\u00eda sigue siendo tema de conversaci\u00f3n despu\u00e9s de haber hecho p\u00fablicas graves acusaciones en contra de Telemundo. Por ello, le consultaron a Isabella Castillo c\u00f3mo fue estar a su lado despu\u00e9s de estar juntas en 'El Se\u00f1or de los Cielos' Por Cindy Quevedo Aunque fue en el mes de\u2026","rel":"","context":"En \u00abENTRETENIMIENTO\u00bb","block_context":{"text":"ENTRETENIMIENTO","link":"https:\/\/lasprimeras.com.do\/index.php\/category\/entretenimiento\/"},"img":{"alt_text":"Isabella Castillo","src":"https:\/\/i0.wp.com\/lasprimeras.com.do\/wp-content\/uploads\/2024\/04\/Isabella-Castillo.jpg?resize=350%2C200&ssl=1","width":350,"height":200,"srcset":"https:\/\/i0.wp.com\/lasprimeras.com.do\/wp-content\/uploads\/2024\/04\/Isabella-Castillo.jpg?resize=350%2C200&ssl=1 1x, https:\/\/i0.wp.com\/lasprimeras.com.do\/wp-content\/uploads\/2024\/04\/Isabella-Castillo.jpg?resize=525%2C300&ssl=1 1.5x"},"classes":[]},{"id":126376,"url":"https:\/\/lasprimeras.com.do\/index.php\/2026\/03\/30\/apresan-fiscal-aurelio-valdez-alcantara-en-flagrante-delito-supuestamente-al-recibir-10-mil-dolares\/","url_meta":{"origin":83070,"position":4},"title":"Apresan fiscal Aurelio Valdez Alc\u00e1ntara en flagrante delito supuestamente al recibir 10 mil d\u00f3lares","author":"Nelson Feliz","date":"30 de marzo de 2026","format":false,"excerpt":"Por Abdias Estrella . La Procuradur\u00eda Especializada de Persecuci\u00f3n de la Corrupci\u00f3n Administrativa (Pepca), apreso a fiscal Aurelio Valdez Alc\u00e1ntara ,quien fue sorprendido recibiendo soborno de m\u00e1s de 500 mil pesos dominicanos de Roberto Antonio Canaan ( acusado de corrupci\u00f3n en el caso SENASA). El imputado ex acusador del Pepca\u2026","rel":"","context":"En \u00abJUSTICIA\u00bb","block_context":{"text":"JUSTICIA","link":"https:\/\/lasprimeras.com.do\/index.php\/category\/justicia\/"},"img":{"alt_text":"","src":"https:\/\/i0.wp.com\/lasprimeras.com.do\/wp-content\/uploads\/2026\/04\/IMG-20260331-WA1564.jpg?resize=350%2C200&ssl=1","width":350,"height":200,"srcset":"https:\/\/i0.wp.com\/lasprimeras.com.do\/wp-content\/uploads\/2026\/04\/IMG-20260331-WA1564.jpg?resize=350%2C200&ssl=1 1x, https:\/\/i0.wp.com\/lasprimeras.com.do\/wp-content\/uploads\/2026\/04\/IMG-20260331-WA1564.jpg?resize=525%2C300&ssl=1 1.5x, https:\/\/i0.wp.com\/lasprimeras.com.do\/wp-content\/uploads\/2026\/04\/IMG-20260331-WA1564.jpg?resize=700%2C400&ssl=1 2x"},"classes":[]},{"id":74239,"url":"https:\/\/lasprimeras.com.do\/index.php\/2024\/01\/20\/luis-alberto-que-sigan-dando-saquito-de-arroz-que-ya-el-pueblo-hablo-el-18-de-febrero-marcaran-la-casilla-2\/","url_meta":{"origin":83070,"position":5},"title":"Luis Alberto: &#8220;Que sigan dando saquito de arroz, que ya el pueblo habl\u00f3, el 18 de febrero marcar\u00e1n la casilla 2\u201d","author":"Nelson Feliz","date":"20 de enero de 2024","format":false,"excerpt":"Afirma ganar\u00e1 elecciones en SDE con m\u00e1s del 55% de los votos. El candidato del Partido de la Liberaci\u00f3n Dominicana a la alcald\u00eda de Santo Domingo Este, Luis Alberto Tejeda, manifest\u00f3 este s\u00e1bado que ganar\u00e1\u00a0 las elecciones municipales con el 55% de los votos. \"Ya el pueblo habl\u00f3, esto es\u2026","rel":"","context":"En \u00abPORTADA\u00bb","block_context":{"text":"PORTADA","link":"https:\/\/lasprimeras.com.do\/index.php\/category\/portada\/"},"img":{"alt_text":"Luis Alberto Tejeda","src":"https:\/\/i0.wp.com\/lasprimeras.com.do\/wp-content\/uploads\/2024\/01\/Luis-Alberto-Tejeda-1-1.jpg?resize=350%2C200&ssl=1","width":350,"height":200,"srcset":"https:\/\/i0.wp.com\/lasprimeras.com.do\/wp-content\/uploads\/2024\/01\/Luis-Alberto-Tejeda-1-1.jpg?resize=350%2C200&ssl=1 1x, https:\/\/i0.wp.com\/lasprimeras.com.do\/wp-content\/uploads\/2024\/01\/Luis-Alberto-Tejeda-1-1.jpg?resize=525%2C300&ssl=1 1.5x, https:\/\/i0.wp.com\/lasprimeras.com.do\/wp-content\/uploads\/2024\/01\/Luis-Alberto-Tejeda-1-1.jpg?resize=700%2C400&ssl=1 2x"},"classes":[]}],"jetpack_sharing_enabled":true,"_links":{"self":[{"href":"https:\/\/lasprimeras.com.do\/index.php\/wp-json\/wp\/v2\/posts\/83070","targetHints":{"allow":["GET"]}}],"collection":[{"href":"https:\/\/lasprimeras.com.do\/index.php\/wp-json\/wp\/v2\/posts"}],"about":[{"href":"https:\/\/lasprimeras.com.do\/index.php\/wp-json\/wp\/v2\/types\/post"}],"author":[{"embeddable":true,"href":"https:\/\/lasprimeras.com.do\/index.php\/wp-json\/wp\/v2\/users\/3"}],"replies":[{"embeddable":true,"href":"https:\/\/lasprimeras.com.do\/index.php\/wp-json\/wp\/v2\/comments?post=83070"}],"version-history":[{"count":1,"href":"https:\/\/lasprimeras.com.do\/index.php\/wp-json\/wp\/v2\/posts\/83070\/revisions"}],"predecessor-version":[{"id":83072,"href":"https:\/\/lasprimeras.com.do\/index.php\/wp-json\/wp\/v2\/posts\/83070\/revisions\/83072"}],"wp:featuredmedia":[{"embeddable":true,"href":"https:\/\/lasprimeras.com.do\/index.php\/wp-json\/wp\/v2\/media\/83071"}],"wp:attachment":[{"href":"https:\/\/lasprimeras.com.do\/index.php\/wp-json\/wp\/v2\/media?parent=83070"}],"wp:term":[{"taxonomy":"category","embeddable":true,"href":"https:\/\/lasprimeras.com.do\/index.php\/wp-json\/wp\/v2\/categories?post=83070"},{"taxonomy":"post_tag","embeddable":true,"href":"https:\/\/lasprimeras.com.do\/index.php\/wp-json\/wp\/v2\/tags?post=83070"}],"curies":[{"name":"wp","href":"https:\/\/api.w.org\/{rel}","templated":true}]}}